{"id":4757,"date":"2025-10-08T05:09:51","date_gmt":"2025-10-08T05:09:51","guid":{"rendered":"https:\/\/stourm.news\/?p=4757"},"modified":"2025-10-08T07:39:28","modified_gmt":"2025-10-08T07:39:28","slug":"nantes-un-adolescent-poignarde-pour-avoir-resiste-au-vol-de-son-portable","status":"publish","type":"post","link":"https:\/\/stourm.news\/?p=4757","title":{"rendered":"Nantes : un adolescent poignard\u00e9 pour avoir r\u00e9sist\u00e9 au vol de son portable"},"content":{"rendered":"<p style=\"text-align: justify;\">Selon <strong><a href=\"https:\/\/www.lefigaro.fr\/nantes\/nantes-un-adolescent-poignarde-pour-avoir-resiste-au-vol-de-son-portable-20251007\">Le Figaro<\/a><\/strong>, lundi 6 octobre vers 12h30, un adolescent de 16 ans a \u00e9t\u00e9 gri\u00e8vement bless\u00e9 dans un bus de la Semitan sur l&rsquo;\u00eele de Naoned (Nantes). Plusieurs individus ont tent\u00e9 de lui d\u00e9rober son t\u00e9l\u00e9phone portable. Face \u00e0 sa r\u00e9sistance, la victime a \u00e9t\u00e9 poignard\u00e9e \u00e0 plusieurs reprises aux bras, jambes et dos.<\/p>\n<p style=\"text-align: justify;\">Le bus a \u00e9t\u00e9 immobilis\u00e9 deux heures pour les investigations de la police judiciaire, qui examine les vid\u00e9os de surveillance. Le pronostic vital de l&rsquo;adolescent n&rsquo;est pas engag\u00e9. Les agresseurs, dont le nombre exact reste ind\u00e9termin\u00e9, sont activement recherch\u00e9s.<\/p>\n<p style=\"text-align: justify;\">Une source syndicale de la Semitan alerte : \u00ab Les d\u00e9linquants semblent de plus en plus fr\u00e9quemment arm\u00e9s \u00e0 l&rsquo;int\u00e9rieur des transports en commun. \u00bb<\/p>\n<p style=\"text-align: right;\"><strong>Ewen Broc&rsquo;han<\/strong><\/p>\n","protected":false},"excerpt":{"rendered":"<p>Selon Le Figaro, lundi 6 octobre vers 12h30, un adolescent de 16 ans a \u00e9t\u00e9 gri\u00e8vement bless\u00e9 dans un bus de la Semitan sur l&rsquo;\u00eele de Naoned (Nantes). Plusieurs individus ont tent\u00e9 de lui d\u00e9rober son t\u00e9l\u00e9phone portable. Face \u00e0 sa r\u00e9sistance, la victime a \u00e9t\u00e9 poignard\u00e9e \u00e0 plusieurs reprises aux bras, jambes et dos. [&hellip;]<\/p>\n","protected":false},"author":1,"featured_media":4758,"comment_status":"open","ping_status":"open","sticky":false,"template":"","format":"standard","meta":{"sb_editor_width":"","footnotes":""},"categories":[31,42,62],"tags":[],"class_list":["post-4757","post","type-post","status-publish","format-standard","has-post-thumbnail","hentry","category-agression","category-loire-atlantique","category-revue-de-presse"],"relative_dates":{"created":"7 mois ago","modified":"7 mois ago"},"yoast_head":"<!-- This site is optimized with the Yoast SEO plugin v26.3 - https:\/\/yoast.com\/wordpress\/plugins\/seo\/ -->\n<title>Nantes : un adolescent poignard\u00e9 pour avoir r\u00e9sist\u00e9 au vol de son portable - STOURM<\/title>\n<meta name=\"robots\" content=\"index, follow, max-snippet:-1, max-image-preview:large, max-video-preview:-1\" \/>\n<link rel=\"canonical\" href=\"https:\/\/stourm.news\/?p=4757\" \/>\n<meta property=\"og:locale\" content=\"fr_FR\" \/>\n<meta property=\"og:type\" content=\"article\" \/>\n<meta property=\"og:title\" content=\"Nantes : un adolescent poignard\u00e9 pour avoir r\u00e9sist\u00e9 au vol de son portable - STOURM\" \/>\n<meta property=\"og:description\" content=\"Selon Le Figaro, lundi 6 octobre vers 12h30, un adolescent de 16 ans a \u00e9t\u00e9 gri\u00e8vement bless\u00e9 dans un bus de la Semitan sur l&rsquo;\u00eele de Naoned (Nantes). Plusieurs individus ont tent\u00e9 de lui d\u00e9rober son t\u00e9l\u00e9phone portable. Face \u00e0 sa r\u00e9sistance, la victime a \u00e9t\u00e9 poignard\u00e9e \u00e0 plusieurs reprises aux bras, jambes et dos. [&hellip;]\" \/>\n<meta property=\"og:url\" content=\"https:\/\/stourm.news\/?p=4757\" \/>\n<meta property=\"og:site_name\" content=\"STOURM\" \/>\n<meta property=\"article:publisher\" content=\"https:\/\/www.facebook.com\/stourmnews\/\" \/>\n<meta property=\"article:published_time\" content=\"2025-10-08T05:09:51+00:00\" \/>\n<meta property=\"article:modified_time\" content=\"2025-10-08T07:39:28+00:00\" \/>\n<meta property=\"og:image\" content=\"https:\/\/stourm.news\/wp-content\/uploads\/2025\/10\/Incentro_n\u00b0355_a_Duchesse_par_Cramos.jpg\" \/>\n\t<meta property=\"og:image:width\" content=\"1200\" \/>\n\t<meta property=\"og:image:height\" content=\"800\" \/>\n\t<meta property=\"og:image:type\" content=\"image\/jpeg\" \/>\n<meta name=\"author\" content=\"La r\u00e9daction\" \/>\n<meta name=\"twitter:card\" content=\"summary_large_image\" \/>\n<meta name=\"twitter:label1\" content=\"\u00c9crit par\" \/>\n\t<meta name=\"twitter:data1\" content=\"La r\u00e9daction\" \/>\n\t<meta name=\"twitter:label2\" content=\"Dur\u00e9e de lecture estim\u00e9e\" \/>\n\t<meta name=\"twitter:data2\" content=\"1 minute\" \/>\n<script type=\"application\/ld+json\" class=\"yoast-schema-graph\">{\"@context\":\"https:\/\/schema.org\",\"@graph\":[{\"@type\":\"Article\",\"@id\":\"https:\/\/stourm.news\/?p=4757#article\",\"isPartOf\":{\"@id\":\"https:\/\/stourm.news\/?p=4757\"},\"author\":{\"name\":\"La r\u00e9daction\",\"@id\":\"https:\/\/stourm.news\/#\/schema\/person\/c3e1dc65988632e190969234ef046cf9\"},\"headline\":\"Nantes : un adolescent poignard\u00e9 pour avoir r\u00e9sist\u00e9 au vol de son portable\",\"datePublished\":\"2025-10-08T05:09:51+00:00\",\"dateModified\":\"2025-10-08T07:39:28+00:00\",\"mainEntityOfPage\":{\"@id\":\"https:\/\/stourm.news\/?p=4757\"},\"wordCount\":144,\"commentCount\":0,\"publisher\":{\"@id\":\"https:\/\/stourm.news\/#organization\"},\"image\":{\"@id\":\"https:\/\/stourm.news\/?p=4757#primaryimage\"},\"thumbnailUrl\":\"https:\/\/stourm.news\/wp-content\/uploads\/2025\/10\/Incentro_n\u00b0355_a_Duchesse_par_Cramos.jpg\",\"articleSection\":[\"Agression\",\"Loire-Atlantique\",\"Revue de presse\"],\"inLanguage\":\"fr-FR\",\"potentialAction\":[{\"@type\":\"CommentAction\",\"name\":\"Comment\",\"target\":[\"https:\/\/stourm.news\/?p=4757#respond\"]}]},{\"@type\":\"WebPage\",\"@id\":\"https:\/\/stourm.news\/?p=4757\",\"url\":\"https:\/\/stourm.news\/?p=4757\",\"name\":\"Nantes : un adolescent poignard\u00e9 pour avoir r\u00e9sist\u00e9 au vol de son portable - STOURM\",\"isPartOf\":{\"@id\":\"https:\/\/stourm.news\/#website\"},\"primaryImageOfPage\":{\"@id\":\"https:\/\/stourm.news\/?p=4757#primaryimage\"},\"image\":{\"@id\":\"https:\/\/stourm.news\/?p=4757#primaryimage\"},\"thumbnailUrl\":\"https:\/\/stourm.news\/wp-content\/uploads\/2025\/10\/Incentro_n\u00b0355_a_Duchesse_par_Cramos.jpg\",\"datePublished\":\"2025-10-08T05:09:51+00:00\",\"dateModified\":\"2025-10-08T07:39:28+00:00\",\"breadcrumb\":{\"@id\":\"https:\/\/stourm.news\/?p=4757#breadcrumb\"},\"inLanguage\":\"fr-FR\",\"potentialAction\":[{\"@type\":\"ReadAction\",\"target\":[\"https:\/\/stourm.news\/?p=4757\"]}]},{\"@type\":\"ImageObject\",\"inLanguage\":\"fr-FR\",\"@id\":\"https:\/\/stourm.news\/?p=4757#primaryimage\",\"url\":\"https:\/\/stourm.news\/wp-content\/uploads\/2025\/10\/Incentro_n\u00b0355_a_Duchesse_par_Cramos.jpg\",\"contentUrl\":\"https:\/\/stourm.news\/wp-content\/uploads\/2025\/10\/Incentro_n\u00b0355_a_Duchesse_par_Cramos.jpg\",\"width\":1200,\"height\":800},{\"@type\":\"BreadcrumbList\",\"@id\":\"https:\/\/stourm.news\/?p=4757#breadcrumb\",\"itemListElement\":[{\"@type\":\"ListItem\",\"position\":1,\"name\":\"Accueil\",\"item\":\"https:\/\/stourm.news\/\"},{\"@type\":\"ListItem\",\"position\":2,\"name\":\"Nantes : un adolescent poignard\u00e9 pour avoir r\u00e9sist\u00e9 au vol de son portable\"}]},{\"@type\":\"WebSite\",\"@id\":\"https:\/\/stourm.news\/#website\",\"url\":\"https:\/\/stourm.news\/\",\"name\":\"Stourm\",\"description\":\"Kazetenn Strollad Broadel Breizh\",\"publisher\":{\"@id\":\"https:\/\/stourm.news\/#organization\"},\"potentialAction\":[{\"@type\":\"SearchAction\",\"target\":{\"@type\":\"EntryPoint\",\"urlTemplate\":\"https:\/\/stourm.news\/?s={search_term_string}\"},\"query-input\":{\"@type\":\"PropertyValueSpecification\",\"valueRequired\":true,\"valueName\":\"search_term_string\"}}],\"inLanguage\":\"fr-FR\"},{\"@type\":\"Organization\",\"@id\":\"https:\/\/stourm.news\/#organization\",\"name\":\"Stourm\",\"url\":\"https:\/\/stourm.news\/\",\"logo\":{\"@type\":\"ImageObject\",\"inLanguage\":\"fr-FR\",\"@id\":\"https:\/\/stourm.news\/#\/schema\/logo\/image\/\",\"url\":\"https:\/\/stourm.news\/wp-content\/uploads\/2025\/11\/cropped-Capture-decran-2025-11-28-a-15.19.07.png\",\"contentUrl\":\"https:\/\/stourm.news\/wp-content\/uploads\/2025\/11\/cropped-Capture-decran-2025-11-28-a-15.19.07.png\",\"width\":1855,\"height\":383,\"caption\":\"Stourm\"},\"image\":{\"@id\":\"https:\/\/stourm.news\/#\/schema\/logo\/image\/\"},\"sameAs\":[\"https:\/\/www.facebook.com\/stourmnews\/\"]},{\"@type\":\"Person\",\"@id\":\"https:\/\/stourm.news\/#\/schema\/person\/c3e1dc65988632e190969234ef046cf9\",\"name\":\"La r\u00e9daction\",\"image\":{\"@type\":\"ImageObject\",\"inLanguage\":\"fr-FR\",\"@id\":\"https:\/\/stourm.news\/#\/schema\/person\/image\/\",\"url\":\"https:\/\/secure.gravatar.com\/avatar\/7463443f194b6b5fb706b074ca0ef59a0cfcfd720cb47764b0ec5a952ce422b3?s=96&d=mm&r=g\",\"contentUrl\":\"https:\/\/secure.gravatar.com\/avatar\/7463443f194b6b5fb706b074ca0ef59a0cfcfd720cb47764b0ec5a952ce422b3?s=96&d=mm&r=g\",\"caption\":\"La r\u00e9daction\"},\"sameAs\":[\"https:\/\/stourm.news\"],\"url\":\"https:\/\/stourm.news\/?author=1\"}]}<\/script>\n<!-- \/ Yoast SEO plugin. -->","yoast_head_json":{"title":"Nantes : un adolescent poignard\u00e9 pour avoir r\u00e9sist\u00e9 au vol de son portable - STOURM","robots":{"index":"index","follow":"follow","max-snippet":"max-snippet:-1","max-image-preview":"max-image-preview:large","max-video-preview":"max-video-preview:-1"},"canonical":"https:\/\/stourm.news\/?p=4757","og_locale":"fr_FR","og_type":"article","og_title":"Nantes : un adolescent poignard\u00e9 pour avoir r\u00e9sist\u00e9 au vol de son portable - STOURM","og_description":"Selon Le Figaro, lundi 6 octobre vers 12h30, un adolescent de 16 ans a \u00e9t\u00e9 gri\u00e8vement bless\u00e9 dans un bus de la Semitan sur l&rsquo;\u00eele de Naoned (Nantes). Plusieurs individus ont tent\u00e9 de lui d\u00e9rober son t\u00e9l\u00e9phone portable. Face \u00e0 sa r\u00e9sistance, la victime a \u00e9t\u00e9 poignard\u00e9e \u00e0 plusieurs reprises aux bras, jambes et dos. [&hellip;]","og_url":"https:\/\/stourm.news\/?p=4757","og_site_name":"STOURM","article_publisher":"https:\/\/www.facebook.com\/stourmnews\/","article_published_time":"2025-10-08T05:09:51+00:00","article_modified_time":"2025-10-08T07:39:28+00:00","og_image":[{"width":1200,"height":800,"url":"https:\/\/stourm.news\/wp-content\/uploads\/2025\/10\/Incentro_n\u00b0355_a_Duchesse_par_Cramos.jpg","type":"image\/jpeg"}],"author":"La r\u00e9daction","twitter_card":"summary_large_image","twitter_misc":{"\u00c9crit par":"La r\u00e9daction","Dur\u00e9e de lecture estim\u00e9e":"1 minute"},"schema":{"@context":"https:\/\/schema.org","@graph":[{"@type":"Article","@id":"https:\/\/stourm.news\/?p=4757#article","isPartOf":{"@id":"https:\/\/stourm.news\/?p=4757"},"author":{"name":"La r\u00e9daction","@id":"https:\/\/stourm.news\/#\/schema\/person\/c3e1dc65988632e190969234ef046cf9"},"headline":"Nantes : un adolescent poignard\u00e9 pour avoir r\u00e9sist\u00e9 au vol de son portable","datePublished":"2025-10-08T05:09:51+00:00","dateModified":"2025-10-08T07:39:28+00:00","mainEntityOfPage":{"@id":"https:\/\/stourm.news\/?p=4757"},"wordCount":144,"commentCount":0,"publisher":{"@id":"https:\/\/stourm.news\/#organization"},"image":{"@id":"https:\/\/stourm.news\/?p=4757#primaryimage"},"thumbnailUrl":"https:\/\/stourm.news\/wp-content\/uploads\/2025\/10\/Incentro_n\u00b0355_a_Duchesse_par_Cramos.jpg","articleSection":["Agression","Loire-Atlantique","Revue de presse"],"inLanguage":"fr-FR","potentialAction":[{"@type":"CommentAction","name":"Comment","target":["https:\/\/stourm.news\/?p=4757#respond"]}]},{"@type":"WebPage","@id":"https:\/\/stourm.news\/?p=4757","url":"https:\/\/stourm.news\/?p=4757","name":"Nantes : un adolescent poignard\u00e9 pour avoir r\u00e9sist\u00e9 au vol de son portable - STOURM","isPartOf":{"@id":"https:\/\/stourm.news\/#website"},"primaryImageOfPage":{"@id":"https:\/\/stourm.news\/?p=4757#primaryimage"},"image":{"@id":"https:\/\/stourm.news\/?p=4757#primaryimage"},"thumbnailUrl":"https:\/\/stourm.news\/wp-content\/uploads\/2025\/10\/Incentro_n\u00b0355_a_Duchesse_par_Cramos.jpg","datePublished":"2025-10-08T05:09:51+00:00","dateModified":"2025-10-08T07:39:28+00:00","breadcrumb":{"@id":"https:\/\/stourm.news\/?p=4757#breadcrumb"},"inLanguage":"fr-FR","potentialAction":[{"@type":"ReadAction","target":["https:\/\/stourm.news\/?p=4757"]}]},{"@type":"ImageObject","inLanguage":"fr-FR","@id":"https:\/\/stourm.news\/?p=4757#primaryimage","url":"https:\/\/stourm.news\/wp-content\/uploads\/2025\/10\/Incentro_n\u00b0355_a_Duchesse_par_Cramos.jpg","contentUrl":"https:\/\/stourm.news\/wp-content\/uploads\/2025\/10\/Incentro_n\u00b0355_a_Duchesse_par_Cramos.jpg","width":1200,"height":800},{"@type":"BreadcrumbList","@id":"https:\/\/stourm.news\/?p=4757#breadcrumb","itemListElement":[{"@type":"ListItem","position":1,"name":"Accueil","item":"https:\/\/stourm.news\/"},{"@type":"ListItem","position":2,"name":"Nantes : un adolescent poignard\u00e9 pour avoir r\u00e9sist\u00e9 au vol de son portable"}]},{"@type":"WebSite","@id":"https:\/\/stourm.news\/#website","url":"https:\/\/stourm.news\/","name":"Stourm","description":"Kazetenn Strollad Broadel Breizh","publisher":{"@id":"https:\/\/stourm.news\/#organization"},"potentialAction":[{"@type":"SearchAction","target":{"@type":"EntryPoint","urlTemplate":"https:\/\/stourm.news\/?s={search_term_string}"},"query-input":{"@type":"PropertyValueSpecification","valueRequired":true,"valueName":"search_term_string"}}],"inLanguage":"fr-FR"},{"@type":"Organization","@id":"https:\/\/stourm.news\/#organization","name":"Stourm","url":"https:\/\/stourm.news\/","logo":{"@type":"ImageObject","inLanguage":"fr-FR","@id":"https:\/\/stourm.news\/#\/schema\/logo\/image\/","url":"https:\/\/stourm.news\/wp-content\/uploads\/2025\/11\/cropped-Capture-decran-2025-11-28-a-15.19.07.png","contentUrl":"https:\/\/stourm.news\/wp-content\/uploads\/2025\/11\/cropped-Capture-decran-2025-11-28-a-15.19.07.png","width":1855,"height":383,"caption":"Stourm"},"image":{"@id":"https:\/\/stourm.news\/#\/schema\/logo\/image\/"},"sameAs":["https:\/\/www.facebook.com\/stourmnews\/"]},{"@type":"Person","@id":"https:\/\/stourm.news\/#\/schema\/person\/c3e1dc65988632e190969234ef046cf9","name":"La r\u00e9daction","image":{"@type":"ImageObject","inLanguage":"fr-FR","@id":"https:\/\/stourm.news\/#\/schema\/person\/image\/","url":"https:\/\/secure.gravatar.com\/avatar\/7463443f194b6b5fb706b074ca0ef59a0cfcfd720cb47764b0ec5a952ce422b3?s=96&d=mm&r=g","contentUrl":"https:\/\/secure.gravatar.com\/avatar\/7463443f194b6b5fb706b074ca0ef59a0cfcfd720cb47764b0ec5a952ce422b3?s=96&d=mm&r=g","caption":"La r\u00e9daction"},"sameAs":["https:\/\/stourm.news"],"url":"https:\/\/stourm.news\/?author=1"}]}},"_links":{"self":[{"href":"https:\/\/stourm.news\/index.php?rest_route=\/wp\/v2\/posts\/4757","targetHints":{"allow":["GET"]}}],"collection":[{"href":"https:\/\/stourm.news\/index.php?rest_route=\/wp\/v2\/posts"}],"about":[{"href":"https:\/\/stourm.news\/index.php?rest_route=\/wp\/v2\/types\/post"}],"author":[{"embeddable":true,"href":"https:\/\/stourm.news\/index.php?rest_route=\/wp\/v2\/users\/1"}],"replies":[{"embeddable":true,"href":"https:\/\/stourm.news\/index.php?rest_route=%2Fwp%2Fv2%2Fcomments&post=4757"}],"version-history":[{"count":1,"href":"https:\/\/stourm.news\/index.php?rest_route=\/wp\/v2\/posts\/4757\/revisions"}],"predecessor-version":[{"id":4759,"href":"https:\/\/stourm.news\/index.php?rest_route=\/wp\/v2\/posts\/4757\/revisions\/4759"}],"wp:featuredmedia":[{"embeddable":true,"href":"https:\/\/stourm.news\/index.php?rest_route=\/wp\/v2\/media\/4758"}],"wp:attachment":[{"href":"https:\/\/stourm.news\/index.php?rest_route=%2Fwp%2Fv2%2Fmedia&parent=4757"}],"wp:term":[{"taxonomy":"category","embeddable":true,"href":"https:\/\/stourm.news\/index.php?rest_route=%2Fwp%2Fv2%2Fcategories&post=4757"},{"taxonomy":"post_tag","embeddable":true,"href":"https:\/\/stourm.news\/index.php?rest_route=%2Fwp%2Fv2%2Ftags&post=4757"}],"curies":[{"name":"wp","href":"https:\/\/api.w.org\/{rel}","templated":true}]}}