{"id":4765,"date":"2025-10-08T05:39:13","date_gmt":"2025-10-08T05:39:13","guid":{"rendered":"https:\/\/stourm.news\/?p=4765"},"modified":"2025-10-08T05:39:13","modified_gmt":"2025-10-08T05:39:13","slug":"le-braquage-avorte-du-centre-fort-loomis-a-lorient-le-petit-turc-et-ses-9-complices-devant-le-tribunal","status":"publish","type":"post","link":"https:\/\/stourm.news\/?p=4765","title":{"rendered":"Le braquage avort\u00e9 du centre-fort Loomis, \u00e0 Lorient : le \u00ab\u00a0Petit Turc\u00a0\u00bb et ses 9 complices devant le tribunal"},"content":{"rendered":"<p style=\"text-align: justify;\">Ce mercredi, dix hommes comparaissent devant la juridiction interr\u00e9gionale sp\u00e9cialis\u00e9e de Rennes pour tentative de vol aggrav\u00e9 et association de malfaiteurs rapporte <strong><a href=\"https:\/\/www.letelegramme.fr\/bretagne\/le-braquage-avorte-du-centre-fort-loomis-a-lorient-devant-le-tribunal-ce-mercredi-6904954.php\">Le T\u00e9l\u00e9gramme<\/a><\/strong>.<\/p>\n<p style=\"text-align: justify;\">Le 5 mars 2023, ils ont tent\u00e9 de braquer le centre-fort Loomis \u00e0 Lorient, contenant environ 30 millions d\u2019euros. Vers 22h, les malfaiteurs, apr\u00e8s sept mois de pr\u00e9paration, ont perc\u00e9 un mur adjacent pour atteindre les coffres, mais une alarme a fait \u00e9chouer l\u2019op\u00e9ration. La police judiciaire et l\u2019OCLCO, gr\u00e2ce \u00e0 des \u00e9coutes, surveillances et une trace ADN, ont identifi\u00e9 le groupe, majoritairement originaire d\u2019Argenteuil, dans la r\u00e9gion francilienne, avec un membre li\u00e9 aux stup\u00e9fiants.<\/p>\n<p style=\"text-align: justify;\">\u00ab\u00a0Le Petit Turc\u00a0\u00bb, figure cl\u00e9 du r\u00e9seau, est particuli\u00e8rement scrut\u00e9. Arr\u00eat\u00e9s le 29 ao\u00fbt 2023, les suspects risquent de lourdes peines.<\/p>\n<p style=\"text-align: right;\"><strong>Ewen Broc&rsquo;han<\/strong><\/p>\n","protected":false},"excerpt":{"rendered":"<p>Ce mercredi, dix hommes comparaissent devant la juridiction interr\u00e9gionale sp\u00e9cialis\u00e9e de Rennes pour tentative de vol aggrav\u00e9 et association de malfaiteurs rapporte Le T\u00e9l\u00e9gramme. Le 5 mars 2023, ils ont tent\u00e9 de braquer le centre-fort Loomis \u00e0 Lorient, contenant environ 30 millions d\u2019euros. Vers 22h, les malfaiteurs, apr\u00e8s sept mois de pr\u00e9paration, ont perc\u00e9 un [&hellip;]<\/p>\n","protected":false},"author":1,"featured_media":4766,"comment_status":"open","ping_status":"open","sticky":false,"template":"","format":"standard","meta":{"sb_editor_width":"","footnotes":""},"categories":[52,40,62],"tags":[],"class_list":["post-4765","post","type-post","status-publish","format-standard","has-post-thumbnail","hentry","category-faits-divers","category-morbihan","category-revue-de-presse"],"relative_dates":{"created":"7 mois ago","modified":"7 mois ago"},"yoast_head":"<!-- This site is optimized with the Yoast SEO plugin v26.3 - https:\/\/yoast.com\/wordpress\/plugins\/seo\/ -->\n<title>Le braquage avort\u00e9 du centre-fort Loomis, \u00e0 Lorient : le &quot;Petit Turc&quot; et ses 9 complices devant le tribunal - STOURM<\/title>\n<meta name=\"robots\" content=\"index, follow, max-snippet:-1, max-image-preview:large, max-video-preview:-1\" \/>\n<link rel=\"canonical\" href=\"https:\/\/stourm.news\/?p=4765\" \/>\n<meta property=\"og:locale\" content=\"fr_FR\" \/>\n<meta property=\"og:type\" content=\"article\" \/>\n<meta property=\"og:title\" content=\"Le braquage avort\u00e9 du centre-fort Loomis, \u00e0 Lorient : le &quot;Petit Turc&quot; et ses 9 complices devant le tribunal - STOURM\" \/>\n<meta property=\"og:description\" content=\"Ce mercredi, dix hommes comparaissent devant la juridiction interr\u00e9gionale sp\u00e9cialis\u00e9e de Rennes pour tentative de vol aggrav\u00e9 et association de malfaiteurs rapporte Le T\u00e9l\u00e9gramme. Le 5 mars 2023, ils ont tent\u00e9 de braquer le centre-fort Loomis \u00e0 Lorient, contenant environ 30 millions d\u2019euros. Vers 22h, les malfaiteurs, apr\u00e8s sept mois de pr\u00e9paration, ont perc\u00e9 un [&hellip;]\" \/>\n<meta property=\"og:url\" content=\"https:\/\/stourm.news\/?p=4765\" \/>\n<meta property=\"og:site_name\" content=\"STOURM\" \/>\n<meta property=\"article:publisher\" content=\"https:\/\/www.facebook.com\/stourmnews\/\" \/>\n<meta property=\"article:published_time\" content=\"2025-10-08T05:39:13+00:00\" \/>\n<meta property=\"og:image\" content=\"https:\/\/stourm.news\/wp-content\/uploads\/2025\/10\/Capture-decran-2025-10-08-a-14.38.41.png\" \/>\n\t<meta property=\"og:image:width\" content=\"1346\" \/>\n\t<meta property=\"og:image:height\" content=\"840\" \/>\n\t<meta property=\"og:image:type\" content=\"image\/png\" \/>\n<meta name=\"author\" content=\"La r\u00e9daction\" \/>\n<meta name=\"twitter:card\" content=\"summary_large_image\" \/>\n<meta name=\"twitter:label1\" content=\"\u00c9crit par\" \/>\n\t<meta name=\"twitter:data1\" content=\"La r\u00e9daction\" \/>\n\t<meta name=\"twitter:label2\" content=\"Dur\u00e9e de lecture estim\u00e9e\" \/>\n\t<meta name=\"twitter:data2\" content=\"1 minute\" \/>\n<script type=\"application\/ld+json\" class=\"yoast-schema-graph\">{\"@context\":\"https:\/\/schema.org\",\"@graph\":[{\"@type\":\"Article\",\"@id\":\"https:\/\/stourm.news\/?p=4765#article\",\"isPartOf\":{\"@id\":\"https:\/\/stourm.news\/?p=4765\"},\"author\":{\"name\":\"La r\u00e9daction\",\"@id\":\"https:\/\/stourm.news\/#\/schema\/person\/c3e1dc65988632e190969234ef046cf9\"},\"headline\":\"Le braquage avort\u00e9 du centre-fort Loomis, \u00e0 Lorient : le \u00ab\u00a0Petit Turc\u00a0\u00bb et ses 9 complices devant le tribunal\",\"datePublished\":\"2025-10-08T05:39:13+00:00\",\"mainEntityOfPage\":{\"@id\":\"https:\/\/stourm.news\/?p=4765\"},\"wordCount\":152,\"commentCount\":0,\"publisher\":{\"@id\":\"https:\/\/stourm.news\/#organization\"},\"image\":{\"@id\":\"https:\/\/stourm.news\/?p=4765#primaryimage\"},\"thumbnailUrl\":\"https:\/\/stourm.news\/wp-content\/uploads\/2025\/10\/Capture-decran-2025-10-08-a-14.38.41.png\",\"articleSection\":[\"Faits divers\",\"Morbihan\",\"Revue de presse\"],\"inLanguage\":\"fr-FR\",\"potentialAction\":[{\"@type\":\"CommentAction\",\"name\":\"Comment\",\"target\":[\"https:\/\/stourm.news\/?p=4765#respond\"]}]},{\"@type\":\"WebPage\",\"@id\":\"https:\/\/stourm.news\/?p=4765\",\"url\":\"https:\/\/stourm.news\/?p=4765\",\"name\":\"Le braquage avort\u00e9 du centre-fort Loomis, \u00e0 Lorient : le \\\"Petit Turc\\\" et ses 9 complices devant le tribunal - STOURM\",\"isPartOf\":{\"@id\":\"https:\/\/stourm.news\/#website\"},\"primaryImageOfPage\":{\"@id\":\"https:\/\/stourm.news\/?p=4765#primaryimage\"},\"image\":{\"@id\":\"https:\/\/stourm.news\/?p=4765#primaryimage\"},\"thumbnailUrl\":\"https:\/\/stourm.news\/wp-content\/uploads\/2025\/10\/Capture-decran-2025-10-08-a-14.38.41.png\",\"datePublished\":\"2025-10-08T05:39:13+00:00\",\"breadcrumb\":{\"@id\":\"https:\/\/stourm.news\/?p=4765#breadcrumb\"},\"inLanguage\":\"fr-FR\",\"potentialAction\":[{\"@type\":\"ReadAction\",\"target\":[\"https:\/\/stourm.news\/?p=4765\"]}]},{\"@type\":\"ImageObject\",\"inLanguage\":\"fr-FR\",\"@id\":\"https:\/\/stourm.news\/?p=4765#primaryimage\",\"url\":\"https:\/\/stourm.news\/wp-content\/uploads\/2025\/10\/Capture-decran-2025-10-08-a-14.38.41.png\",\"contentUrl\":\"https:\/\/stourm.news\/wp-content\/uploads\/2025\/10\/Capture-decran-2025-10-08-a-14.38.41.png\",\"width\":1346,\"height\":840},{\"@type\":\"BreadcrumbList\",\"@id\":\"https:\/\/stourm.news\/?p=4765#breadcrumb\",\"itemListElement\":[{\"@type\":\"ListItem\",\"position\":1,\"name\":\"Accueil\",\"item\":\"https:\/\/stourm.news\/\"},{\"@type\":\"ListItem\",\"position\":2,\"name\":\"Le braquage avort\u00e9 du centre-fort Loomis, \u00e0 Lorient : le \u00ab\u00a0Petit Turc\u00a0\u00bb et ses 9 complices devant le tribunal\"}]},{\"@type\":\"WebSite\",\"@id\":\"https:\/\/stourm.news\/#website\",\"url\":\"https:\/\/stourm.news\/\",\"name\":\"Stourm\",\"description\":\"Kazetenn Strollad Broadel Breizh\",\"publisher\":{\"@id\":\"https:\/\/stourm.news\/#organization\"},\"potentialAction\":[{\"@type\":\"SearchAction\",\"target\":{\"@type\":\"EntryPoint\",\"urlTemplate\":\"https:\/\/stourm.news\/?s={search_term_string}\"},\"query-input\":{\"@type\":\"PropertyValueSpecification\",\"valueRequired\":true,\"valueName\":\"search_term_string\"}}],\"inLanguage\":\"fr-FR\"},{\"@type\":\"Organization\",\"@id\":\"https:\/\/stourm.news\/#organization\",\"name\":\"Stourm\",\"url\":\"https:\/\/stourm.news\/\",\"logo\":{\"@type\":\"ImageObject\",\"inLanguage\":\"fr-FR\",\"@id\":\"https:\/\/stourm.news\/#\/schema\/logo\/image\/\",\"url\":\"https:\/\/stourm.news\/wp-content\/uploads\/2025\/11\/cropped-Capture-decran-2025-11-28-a-15.19.07.png\",\"contentUrl\":\"https:\/\/stourm.news\/wp-content\/uploads\/2025\/11\/cropped-Capture-decran-2025-11-28-a-15.19.07.png\",\"width\":1855,\"height\":383,\"caption\":\"Stourm\"},\"image\":{\"@id\":\"https:\/\/stourm.news\/#\/schema\/logo\/image\/\"},\"sameAs\":[\"https:\/\/www.facebook.com\/stourmnews\/\"]},{\"@type\":\"Person\",\"@id\":\"https:\/\/stourm.news\/#\/schema\/person\/c3e1dc65988632e190969234ef046cf9\",\"name\":\"La r\u00e9daction\",\"image\":{\"@type\":\"ImageObject\",\"inLanguage\":\"fr-FR\",\"@id\":\"https:\/\/stourm.news\/#\/schema\/person\/image\/\",\"url\":\"https:\/\/secure.gravatar.com\/avatar\/7463443f194b6b5fb706b074ca0ef59a0cfcfd720cb47764b0ec5a952ce422b3?s=96&d=mm&r=g\",\"contentUrl\":\"https:\/\/secure.gravatar.com\/avatar\/7463443f194b6b5fb706b074ca0ef59a0cfcfd720cb47764b0ec5a952ce422b3?s=96&d=mm&r=g\",\"caption\":\"La r\u00e9daction\"},\"sameAs\":[\"https:\/\/stourm.news\"],\"url\":\"https:\/\/stourm.news\/?author=1\"}]}<\/script>\n<!-- \/ Yoast SEO plugin. -->","yoast_head_json":{"title":"Le braquage avort\u00e9 du centre-fort Loomis, \u00e0 Lorient : le \"Petit Turc\" et ses 9 complices devant le tribunal - STOURM","robots":{"index":"index","follow":"follow","max-snippet":"max-snippet:-1","max-image-preview":"max-image-preview:large","max-video-preview":"max-video-preview:-1"},"canonical":"https:\/\/stourm.news\/?p=4765","og_locale":"fr_FR","og_type":"article","og_title":"Le braquage avort\u00e9 du centre-fort Loomis, \u00e0 Lorient : le \"Petit Turc\" et ses 9 complices devant le tribunal - STOURM","og_description":"Ce mercredi, dix hommes comparaissent devant la juridiction interr\u00e9gionale sp\u00e9cialis\u00e9e de Rennes pour tentative de vol aggrav\u00e9 et association de malfaiteurs rapporte Le T\u00e9l\u00e9gramme. Le 5 mars 2023, ils ont tent\u00e9 de braquer le centre-fort Loomis \u00e0 Lorient, contenant environ 30 millions d\u2019euros. Vers 22h, les malfaiteurs, apr\u00e8s sept mois de pr\u00e9paration, ont perc\u00e9 un [&hellip;]","og_url":"https:\/\/stourm.news\/?p=4765","og_site_name":"STOURM","article_publisher":"https:\/\/www.facebook.com\/stourmnews\/","article_published_time":"2025-10-08T05:39:13+00:00","og_image":[{"width":1346,"height":840,"url":"https:\/\/stourm.news\/wp-content\/uploads\/2025\/10\/Capture-decran-2025-10-08-a-14.38.41.png","type":"image\/png"}],"author":"La r\u00e9daction","twitter_card":"summary_large_image","twitter_misc":{"\u00c9crit par":"La r\u00e9daction","Dur\u00e9e de lecture estim\u00e9e":"1 minute"},"schema":{"@context":"https:\/\/schema.org","@graph":[{"@type":"Article","@id":"https:\/\/stourm.news\/?p=4765#article","isPartOf":{"@id":"https:\/\/stourm.news\/?p=4765"},"author":{"name":"La r\u00e9daction","@id":"https:\/\/stourm.news\/#\/schema\/person\/c3e1dc65988632e190969234ef046cf9"},"headline":"Le braquage avort\u00e9 du centre-fort Loomis, \u00e0 Lorient : le \u00ab\u00a0Petit Turc\u00a0\u00bb et ses 9 complices devant le tribunal","datePublished":"2025-10-08T05:39:13+00:00","mainEntityOfPage":{"@id":"https:\/\/stourm.news\/?p=4765"},"wordCount":152,"commentCount":0,"publisher":{"@id":"https:\/\/stourm.news\/#organization"},"image":{"@id":"https:\/\/stourm.news\/?p=4765#primaryimage"},"thumbnailUrl":"https:\/\/stourm.news\/wp-content\/uploads\/2025\/10\/Capture-decran-2025-10-08-a-14.38.41.png","articleSection":["Faits divers","Morbihan","Revue de presse"],"inLanguage":"fr-FR","potentialAction":[{"@type":"CommentAction","name":"Comment","target":["https:\/\/stourm.news\/?p=4765#respond"]}]},{"@type":"WebPage","@id":"https:\/\/stourm.news\/?p=4765","url":"https:\/\/stourm.news\/?p=4765","name":"Le braquage avort\u00e9 du centre-fort Loomis, \u00e0 Lorient : le \"Petit Turc\" et ses 9 complices devant le tribunal - STOURM","isPartOf":{"@id":"https:\/\/stourm.news\/#website"},"primaryImageOfPage":{"@id":"https:\/\/stourm.news\/?p=4765#primaryimage"},"image":{"@id":"https:\/\/stourm.news\/?p=4765#primaryimage"},"thumbnailUrl":"https:\/\/stourm.news\/wp-content\/uploads\/2025\/10\/Capture-decran-2025-10-08-a-14.38.41.png","datePublished":"2025-10-08T05:39:13+00:00","breadcrumb":{"@id":"https:\/\/stourm.news\/?p=4765#breadcrumb"},"inLanguage":"fr-FR","potentialAction":[{"@type":"ReadAction","target":["https:\/\/stourm.news\/?p=4765"]}]},{"@type":"ImageObject","inLanguage":"fr-FR","@id":"https:\/\/stourm.news\/?p=4765#primaryimage","url":"https:\/\/stourm.news\/wp-content\/uploads\/2025\/10\/Capture-decran-2025-10-08-a-14.38.41.png","contentUrl":"https:\/\/stourm.news\/wp-content\/uploads\/2025\/10\/Capture-decran-2025-10-08-a-14.38.41.png","width":1346,"height":840},{"@type":"BreadcrumbList","@id":"https:\/\/stourm.news\/?p=4765#breadcrumb","itemListElement":[{"@type":"ListItem","position":1,"name":"Accueil","item":"https:\/\/stourm.news\/"},{"@type":"ListItem","position":2,"name":"Le braquage avort\u00e9 du centre-fort Loomis, \u00e0 Lorient : le \u00ab\u00a0Petit Turc\u00a0\u00bb et ses 9 complices devant le tribunal"}]},{"@type":"WebSite","@id":"https:\/\/stourm.news\/#website","url":"https:\/\/stourm.news\/","name":"Stourm","description":"Kazetenn Strollad Broadel Breizh","publisher":{"@id":"https:\/\/stourm.news\/#organization"},"potentialAction":[{"@type":"SearchAction","target":{"@type":"EntryPoint","urlTemplate":"https:\/\/stourm.news\/?s={search_term_string}"},"query-input":{"@type":"PropertyValueSpecification","valueRequired":true,"valueName":"search_term_string"}}],"inLanguage":"fr-FR"},{"@type":"Organization","@id":"https:\/\/stourm.news\/#organization","name":"Stourm","url":"https:\/\/stourm.news\/","logo":{"@type":"ImageObject","inLanguage":"fr-FR","@id":"https:\/\/stourm.news\/#\/schema\/logo\/image\/","url":"https:\/\/stourm.news\/wp-content\/uploads\/2025\/11\/cropped-Capture-decran-2025-11-28-a-15.19.07.png","contentUrl":"https:\/\/stourm.news\/wp-content\/uploads\/2025\/11\/cropped-Capture-decran-2025-11-28-a-15.19.07.png","width":1855,"height":383,"caption":"Stourm"},"image":{"@id":"https:\/\/stourm.news\/#\/schema\/logo\/image\/"},"sameAs":["https:\/\/www.facebook.com\/stourmnews\/"]},{"@type":"Person","@id":"https:\/\/stourm.news\/#\/schema\/person\/c3e1dc65988632e190969234ef046cf9","name":"La r\u00e9daction","image":{"@type":"ImageObject","inLanguage":"fr-FR","@id":"https:\/\/stourm.news\/#\/schema\/person\/image\/","url":"https:\/\/secure.gravatar.com\/avatar\/7463443f194b6b5fb706b074ca0ef59a0cfcfd720cb47764b0ec5a952ce422b3?s=96&d=mm&r=g","contentUrl":"https:\/\/secure.gravatar.com\/avatar\/7463443f194b6b5fb706b074ca0ef59a0cfcfd720cb47764b0ec5a952ce422b3?s=96&d=mm&r=g","caption":"La r\u00e9daction"},"sameAs":["https:\/\/stourm.news"],"url":"https:\/\/stourm.news\/?author=1"}]}},"_links":{"self":[{"href":"https:\/\/stourm.news\/index.php?rest_route=\/wp\/v2\/posts\/4765","targetHints":{"allow":["GET"]}}],"collection":[{"href":"https:\/\/stourm.news\/index.php?rest_route=\/wp\/v2\/posts"}],"about":[{"href":"https:\/\/stourm.news\/index.php?rest_route=\/wp\/v2\/types\/post"}],"author":[{"embeddable":true,"href":"https:\/\/stourm.news\/index.php?rest_route=\/wp\/v2\/users\/1"}],"replies":[{"embeddable":true,"href":"https:\/\/stourm.news\/index.php?rest_route=%2Fwp%2Fv2%2Fcomments&post=4765"}],"version-history":[{"count":1,"href":"https:\/\/stourm.news\/index.php?rest_route=\/wp\/v2\/posts\/4765\/revisions"}],"predecessor-version":[{"id":4767,"href":"https:\/\/stourm.news\/index.php?rest_route=\/wp\/v2\/posts\/4765\/revisions\/4767"}],"wp:featuredmedia":[{"embeddable":true,"href":"https:\/\/stourm.news\/index.php?rest_route=\/wp\/v2\/media\/4766"}],"wp:attachment":[{"href":"https:\/\/stourm.news\/index.php?rest_route=%2Fwp%2Fv2%2Fmedia&parent=4765"}],"wp:term":[{"taxonomy":"category","embeddable":true,"href":"https:\/\/stourm.news\/index.php?rest_route=%2Fwp%2Fv2%2Fcategories&post=4765"},{"taxonomy":"post_tag","embeddable":true,"href":"https:\/\/stourm.news\/index.php?rest_route=%2Fwp%2Fv2%2Ftags&post=4765"}],"curies":[{"name":"wp","href":"https:\/\/api.w.org\/{rel}","templated":true}]}}