{"id":4777,"date":"2025-10-11T05:15:56","date_gmt":"2025-10-11T05:15:56","guid":{"rendered":"https:\/\/stourm.news\/?p=4777"},"modified":"2025-10-11T05:15:56","modified_gmt":"2025-10-11T05:15:56","slug":"sant-malou-saint-malo-des-mineurs-roulent-a-vive-allure-et-percutent-une-voiture-de-police-dans-le-quartier-multiculturel-de-la-decouverte","status":"publish","type":"post","link":"https:\/\/stourm.news\/?p=4777","title":{"rendered":"Sant-Malo\u00f9 (Saint-Malo) : des mineurs roulent \u00e0 vive allure et percutent une voiture de police dans le quartier multiculturel de La D\u00e9couverte"},"content":{"rendered":"<p style=\"text-align: justify;\">\u00c0 Sant-Malo\u00f9 (Saint-Malo), dans la nuit du 9 au 10 octobre 2025, une course-poursuite impliquant des individus mineurs \u00e0 bord d\u2019un v\u00e9hicule a conduit \u00e0 une collision avec une voiture de police. Selon l\u2019article publi\u00e9 par <strong><a href=\"https:\/\/actu.fr\/bretagne\/saint-malo_35288\/saint-malo-des-mineurs-roulent-a-vive-allure-et-percutent-une-voiture-de-police_63285422.html\">Actu.fr<\/a><\/strong> le 10 octobre 2025, les faits se sont d\u00e9roul\u00e9s vers 1 h 30 du matin dans le quartier multiculturel de la D\u00e9couverte.<\/p>\n<p style=\"text-align: justify;\">Les forces de l\u2019ordre ont rep\u00e9r\u00e9 un v\u00e9hicule roulant \u00e0 vive allure. Refusant d\u2019obtemp\u00e9rer aux injonctions des policiers, les occupants, des mineurs, ont tent\u00e9 de prendre la fuite. Au cours de la poursuite, leur voiture a percut\u00e9 un v\u00e9hicule de police, causant des d\u00e9g\u00e2ts mat\u00e9riels mais sans faire de bless\u00e9s graves. Les mineurs ont \u00e9t\u00e9 interpell\u00e9s peu apr\u00e8s l\u2019incident.<\/p>\n<p style=\"text-align: justify;\">L\u2019enqu\u00eate, confi\u00e9e au commissariat de Sant-Malo\u00f9, vise \u00e0 \u00e9tablir les circonstances exactes de l\u2019\u00e9v\u00e9nement et les responsabilit\u00e9s des jeunes impliqu\u00e9s.<\/p>\n<p style=\"text-align: right;\"><strong>Ewen Broc&rsquo;han<\/strong><\/p>\n","protected":false},"excerpt":{"rendered":"<p>\u00c0 Sant-Malo\u00f9 (Saint-Malo), dans la nuit du 9 au 10 octobre 2025, une course-poursuite impliquant des individus mineurs \u00e0 bord d\u2019un v\u00e9hicule a conduit \u00e0 une collision avec une voiture de police. Selon l\u2019article publi\u00e9 par Actu.fr le 10 octobre 2025, les faits se sont d\u00e9roul\u00e9s vers 1 h 30 du matin dans le quartier [&hellip;]<\/p>\n","protected":false},"author":1,"featured_media":4778,"comment_status":"open","ping_status":"open","sticky":false,"template":"","format":"standard","meta":{"sb_editor_width":"","footnotes":""},"categories":[52,41,62],"tags":[],"class_list":["post-4777","post","type-post","status-publish","format-standard","has-post-thumbnail","hentry","category-faits-divers","category-ille-et-vilaine","category-revue-de-presse"],"relative_dates":{"created":"7 mois ago","modified":"7 mois ago"},"yoast_head":"<!-- This site is optimized with the Yoast SEO plugin v26.3 - https:\/\/yoast.com\/wordpress\/plugins\/seo\/ -->\n<title>Sant-Malo\u00f9 (Saint-Malo) : des mineurs roulent \u00e0 vive allure et percutent une voiture de police dans le quartier multiculturel de La D\u00e9couverte - STOURM<\/title>\n<meta name=\"robots\" content=\"index, follow, max-snippet:-1, max-image-preview:large, max-video-preview:-1\" \/>\n<link rel=\"canonical\" href=\"https:\/\/stourm.news\/?p=4777\" \/>\n<meta property=\"og:locale\" content=\"fr_FR\" \/>\n<meta property=\"og:type\" content=\"article\" \/>\n<meta property=\"og:title\" content=\"Sant-Malo\u00f9 (Saint-Malo) : des mineurs roulent \u00e0 vive allure et percutent une voiture de police dans le quartier multiculturel de La D\u00e9couverte - STOURM\" \/>\n<meta property=\"og:description\" content=\"\u00c0 Sant-Malo\u00f9 (Saint-Malo), dans la nuit du 9 au 10 octobre 2025, une course-poursuite impliquant des individus mineurs \u00e0 bord d\u2019un v\u00e9hicule a conduit \u00e0 une collision avec une voiture de police. Selon l\u2019article publi\u00e9 par Actu.fr le 10 octobre 2025, les faits se sont d\u00e9roul\u00e9s vers 1 h 30 du matin dans le quartier [&hellip;]\" \/>\n<meta property=\"og:url\" content=\"https:\/\/stourm.news\/?p=4777\" \/>\n<meta property=\"og:site_name\" content=\"STOURM\" \/>\n<meta property=\"article:publisher\" content=\"https:\/\/www.facebook.com\/stourmnews\/\" \/>\n<meta property=\"article:published_time\" content=\"2025-10-11T05:15:56+00:00\" \/>\n<meta property=\"og:image\" content=\"https:\/\/stourm.news\/wp-content\/uploads\/2025\/10\/decouverte_locatif-800x532-1.webp\" \/>\n\t<meta property=\"og:image:width\" content=\"800\" \/>\n\t<meta property=\"og:image:height\" content=\"532\" \/>\n\t<meta property=\"og:image:type\" content=\"image\/webp\" \/>\n<meta name=\"author\" content=\"La r\u00e9daction\" \/>\n<meta name=\"twitter:card\" content=\"summary_large_image\" \/>\n<meta name=\"twitter:label1\" content=\"\u00c9crit par\" \/>\n\t<meta name=\"twitter:data1\" content=\"La r\u00e9daction\" \/>\n\t<meta name=\"twitter:label2\" content=\"Dur\u00e9e de lecture estim\u00e9e\" \/>\n\t<meta name=\"twitter:data2\" content=\"1 minute\" \/>\n<script type=\"application\/ld+json\" class=\"yoast-schema-graph\">{\"@context\":\"https:\/\/schema.org\",\"@graph\":[{\"@type\":\"Article\",\"@id\":\"https:\/\/stourm.news\/?p=4777#article\",\"isPartOf\":{\"@id\":\"https:\/\/stourm.news\/?p=4777\"},\"author\":{\"name\":\"La r\u00e9daction\",\"@id\":\"https:\/\/stourm.news\/#\/schema\/person\/c3e1dc65988632e190969234ef046cf9\"},\"headline\":\"Sant-Malo\u00f9 (Saint-Malo) : des mineurs roulent \u00e0 vive allure et percutent une voiture de police dans le quartier multiculturel de La D\u00e9couverte\",\"datePublished\":\"2025-10-11T05:15:56+00:00\",\"mainEntityOfPage\":{\"@id\":\"https:\/\/stourm.news\/?p=4777\"},\"wordCount\":177,\"commentCount\":0,\"publisher\":{\"@id\":\"https:\/\/stourm.news\/#organization\"},\"image\":{\"@id\":\"https:\/\/stourm.news\/?p=4777#primaryimage\"},\"thumbnailUrl\":\"https:\/\/stourm.news\/wp-content\/uploads\/2025\/10\/decouverte_locatif-800x532-1.webp\",\"articleSection\":[\"Faits divers\",\"Ille-et-Vilaine\",\"Revue de presse\"],\"inLanguage\":\"fr-FR\",\"potentialAction\":[{\"@type\":\"CommentAction\",\"name\":\"Comment\",\"target\":[\"https:\/\/stourm.news\/?p=4777#respond\"]}]},{\"@type\":\"WebPage\",\"@id\":\"https:\/\/stourm.news\/?p=4777\",\"url\":\"https:\/\/stourm.news\/?p=4777\",\"name\":\"Sant-Malo\u00f9 (Saint-Malo) : des mineurs roulent \u00e0 vive allure et percutent une voiture de police dans le quartier multiculturel de La D\u00e9couverte - STOURM\",\"isPartOf\":{\"@id\":\"https:\/\/stourm.news\/#website\"},\"primaryImageOfPage\":{\"@id\":\"https:\/\/stourm.news\/?p=4777#primaryimage\"},\"image\":{\"@id\":\"https:\/\/stourm.news\/?p=4777#primaryimage\"},\"thumbnailUrl\":\"https:\/\/stourm.news\/wp-content\/uploads\/2025\/10\/decouverte_locatif-800x532-1.webp\",\"datePublished\":\"2025-10-11T05:15:56+00:00\",\"breadcrumb\":{\"@id\":\"https:\/\/stourm.news\/?p=4777#breadcrumb\"},\"inLanguage\":\"fr-FR\",\"potentialAction\":[{\"@type\":\"ReadAction\",\"target\":[\"https:\/\/stourm.news\/?p=4777\"]}]},{\"@type\":\"ImageObject\",\"inLanguage\":\"fr-FR\",\"@id\":\"https:\/\/stourm.news\/?p=4777#primaryimage\",\"url\":\"https:\/\/stourm.news\/wp-content\/uploads\/2025\/10\/decouverte_locatif-800x532-1.webp\",\"contentUrl\":\"https:\/\/stourm.news\/wp-content\/uploads\/2025\/10\/decouverte_locatif-800x532-1.webp\",\"width\":800,\"height\":532},{\"@type\":\"BreadcrumbList\",\"@id\":\"https:\/\/stourm.news\/?p=4777#breadcrumb\",\"itemListElement\":[{\"@type\":\"ListItem\",\"position\":1,\"name\":\"Accueil\",\"item\":\"https:\/\/stourm.news\/\"},{\"@type\":\"ListItem\",\"position\":2,\"name\":\"Sant-Malo\u00f9 (Saint-Malo) : des mineurs roulent \u00e0 vive allure et percutent une voiture de police dans le quartier multiculturel de La D\u00e9couverte\"}]},{\"@type\":\"WebSite\",\"@id\":\"https:\/\/stourm.news\/#website\",\"url\":\"https:\/\/stourm.news\/\",\"name\":\"Stourm\",\"description\":\"Kazetenn Strollad Broadel Breizh\",\"publisher\":{\"@id\":\"https:\/\/stourm.news\/#organization\"},\"potentialAction\":[{\"@type\":\"SearchAction\",\"target\":{\"@type\":\"EntryPoint\",\"urlTemplate\":\"https:\/\/stourm.news\/?s={search_term_string}\"},\"query-input\":{\"@type\":\"PropertyValueSpecification\",\"valueRequired\":true,\"valueName\":\"search_term_string\"}}],\"inLanguage\":\"fr-FR\"},{\"@type\":\"Organization\",\"@id\":\"https:\/\/stourm.news\/#organization\",\"name\":\"Stourm\",\"url\":\"https:\/\/stourm.news\/\",\"logo\":{\"@type\":\"ImageObject\",\"inLanguage\":\"fr-FR\",\"@id\":\"https:\/\/stourm.news\/#\/schema\/logo\/image\/\",\"url\":\"https:\/\/stourm.news\/wp-content\/uploads\/2025\/11\/cropped-Capture-decran-2025-11-28-a-15.19.07.png\",\"contentUrl\":\"https:\/\/stourm.news\/wp-content\/uploads\/2025\/11\/cropped-Capture-decran-2025-11-28-a-15.19.07.png\",\"width\":1855,\"height\":383,\"caption\":\"Stourm\"},\"image\":{\"@id\":\"https:\/\/stourm.news\/#\/schema\/logo\/image\/\"},\"sameAs\":[\"https:\/\/www.facebook.com\/stourmnews\/\"]},{\"@type\":\"Person\",\"@id\":\"https:\/\/stourm.news\/#\/schema\/person\/c3e1dc65988632e190969234ef046cf9\",\"name\":\"La r\u00e9daction\",\"image\":{\"@type\":\"ImageObject\",\"inLanguage\":\"fr-FR\",\"@id\":\"https:\/\/stourm.news\/#\/schema\/person\/image\/\",\"url\":\"https:\/\/secure.gravatar.com\/avatar\/7463443f194b6b5fb706b074ca0ef59a0cfcfd720cb47764b0ec5a952ce422b3?s=96&d=mm&r=g\",\"contentUrl\":\"https:\/\/secure.gravatar.com\/avatar\/7463443f194b6b5fb706b074ca0ef59a0cfcfd720cb47764b0ec5a952ce422b3?s=96&d=mm&r=g\",\"caption\":\"La r\u00e9daction\"},\"sameAs\":[\"https:\/\/stourm.news\"],\"url\":\"https:\/\/stourm.news\/?author=1\"}]}<\/script>\n<!-- \/ Yoast SEO plugin. -->","yoast_head_json":{"title":"Sant-Malo\u00f9 (Saint-Malo) : des mineurs roulent \u00e0 vive allure et percutent une voiture de police dans le quartier multiculturel de La D\u00e9couverte - STOURM","robots":{"index":"index","follow":"follow","max-snippet":"max-snippet:-1","max-image-preview":"max-image-preview:large","max-video-preview":"max-video-preview:-1"},"canonical":"https:\/\/stourm.news\/?p=4777","og_locale":"fr_FR","og_type":"article","og_title":"Sant-Malo\u00f9 (Saint-Malo) : des mineurs roulent \u00e0 vive allure et percutent une voiture de police dans le quartier multiculturel de La D\u00e9couverte - STOURM","og_description":"\u00c0 Sant-Malo\u00f9 (Saint-Malo), dans la nuit du 9 au 10 octobre 2025, une course-poursuite impliquant des individus mineurs \u00e0 bord d\u2019un v\u00e9hicule a conduit \u00e0 une collision avec une voiture de police. Selon l\u2019article publi\u00e9 par Actu.fr le 10 octobre 2025, les faits se sont d\u00e9roul\u00e9s vers 1 h 30 du matin dans le quartier [&hellip;]","og_url":"https:\/\/stourm.news\/?p=4777","og_site_name":"STOURM","article_publisher":"https:\/\/www.facebook.com\/stourmnews\/","article_published_time":"2025-10-11T05:15:56+00:00","og_image":[{"width":800,"height":532,"url":"https:\/\/stourm.news\/wp-content\/uploads\/2025\/10\/decouverte_locatif-800x532-1.webp","type":"image\/webp"}],"author":"La r\u00e9daction","twitter_card":"summary_large_image","twitter_misc":{"\u00c9crit par":"La r\u00e9daction","Dur\u00e9e de lecture estim\u00e9e":"1 minute"},"schema":{"@context":"https:\/\/schema.org","@graph":[{"@type":"Article","@id":"https:\/\/stourm.news\/?p=4777#article","isPartOf":{"@id":"https:\/\/stourm.news\/?p=4777"},"author":{"name":"La r\u00e9daction","@id":"https:\/\/stourm.news\/#\/schema\/person\/c3e1dc65988632e190969234ef046cf9"},"headline":"Sant-Malo\u00f9 (Saint-Malo) : des mineurs roulent \u00e0 vive allure et percutent une voiture de police dans le quartier multiculturel de La D\u00e9couverte","datePublished":"2025-10-11T05:15:56+00:00","mainEntityOfPage":{"@id":"https:\/\/stourm.news\/?p=4777"},"wordCount":177,"commentCount":0,"publisher":{"@id":"https:\/\/stourm.news\/#organization"},"image":{"@id":"https:\/\/stourm.news\/?p=4777#primaryimage"},"thumbnailUrl":"https:\/\/stourm.news\/wp-content\/uploads\/2025\/10\/decouverte_locatif-800x532-1.webp","articleSection":["Faits divers","Ille-et-Vilaine","Revue de presse"],"inLanguage":"fr-FR","potentialAction":[{"@type":"CommentAction","name":"Comment","target":["https:\/\/stourm.news\/?p=4777#respond"]}]},{"@type":"WebPage","@id":"https:\/\/stourm.news\/?p=4777","url":"https:\/\/stourm.news\/?p=4777","name":"Sant-Malo\u00f9 (Saint-Malo) : des mineurs roulent \u00e0 vive allure et percutent une voiture de police dans le quartier multiculturel de La D\u00e9couverte - STOURM","isPartOf":{"@id":"https:\/\/stourm.news\/#website"},"primaryImageOfPage":{"@id":"https:\/\/stourm.news\/?p=4777#primaryimage"},"image":{"@id":"https:\/\/stourm.news\/?p=4777#primaryimage"},"thumbnailUrl":"https:\/\/stourm.news\/wp-content\/uploads\/2025\/10\/decouverte_locatif-800x532-1.webp","datePublished":"2025-10-11T05:15:56+00:00","breadcrumb":{"@id":"https:\/\/stourm.news\/?p=4777#breadcrumb"},"inLanguage":"fr-FR","potentialAction":[{"@type":"ReadAction","target":["https:\/\/stourm.news\/?p=4777"]}]},{"@type":"ImageObject","inLanguage":"fr-FR","@id":"https:\/\/stourm.news\/?p=4777#primaryimage","url":"https:\/\/stourm.news\/wp-content\/uploads\/2025\/10\/decouverte_locatif-800x532-1.webp","contentUrl":"https:\/\/stourm.news\/wp-content\/uploads\/2025\/10\/decouverte_locatif-800x532-1.webp","width":800,"height":532},{"@type":"BreadcrumbList","@id":"https:\/\/stourm.news\/?p=4777#breadcrumb","itemListElement":[{"@type":"ListItem","position":1,"name":"Accueil","item":"https:\/\/stourm.news\/"},{"@type":"ListItem","position":2,"name":"Sant-Malo\u00f9 (Saint-Malo) : des mineurs roulent \u00e0 vive allure et percutent une voiture de police dans le quartier multiculturel de La D\u00e9couverte"}]},{"@type":"WebSite","@id":"https:\/\/stourm.news\/#website","url":"https:\/\/stourm.news\/","name":"Stourm","description":"Kazetenn Strollad Broadel Breizh","publisher":{"@id":"https:\/\/stourm.news\/#organization"},"potentialAction":[{"@type":"SearchAction","target":{"@type":"EntryPoint","urlTemplate":"https:\/\/stourm.news\/?s={search_term_string}"},"query-input":{"@type":"PropertyValueSpecification","valueRequired":true,"valueName":"search_term_string"}}],"inLanguage":"fr-FR"},{"@type":"Organization","@id":"https:\/\/stourm.news\/#organization","name":"Stourm","url":"https:\/\/stourm.news\/","logo":{"@type":"ImageObject","inLanguage":"fr-FR","@id":"https:\/\/stourm.news\/#\/schema\/logo\/image\/","url":"https:\/\/stourm.news\/wp-content\/uploads\/2025\/11\/cropped-Capture-decran-2025-11-28-a-15.19.07.png","contentUrl":"https:\/\/stourm.news\/wp-content\/uploads\/2025\/11\/cropped-Capture-decran-2025-11-28-a-15.19.07.png","width":1855,"height":383,"caption":"Stourm"},"image":{"@id":"https:\/\/stourm.news\/#\/schema\/logo\/image\/"},"sameAs":["https:\/\/www.facebook.com\/stourmnews\/"]},{"@type":"Person","@id":"https:\/\/stourm.news\/#\/schema\/person\/c3e1dc65988632e190969234ef046cf9","name":"La r\u00e9daction","image":{"@type":"ImageObject","inLanguage":"fr-FR","@id":"https:\/\/stourm.news\/#\/schema\/person\/image\/","url":"https:\/\/secure.gravatar.com\/avatar\/7463443f194b6b5fb706b074ca0ef59a0cfcfd720cb47764b0ec5a952ce422b3?s=96&d=mm&r=g","contentUrl":"https:\/\/secure.gravatar.com\/avatar\/7463443f194b6b5fb706b074ca0ef59a0cfcfd720cb47764b0ec5a952ce422b3?s=96&d=mm&r=g","caption":"La r\u00e9daction"},"sameAs":["https:\/\/stourm.news"],"url":"https:\/\/stourm.news\/?author=1"}]}},"_links":{"self":[{"href":"https:\/\/stourm.news\/index.php?rest_route=\/wp\/v2\/posts\/4777","targetHints":{"allow":["GET"]}}],"collection":[{"href":"https:\/\/stourm.news\/index.php?rest_route=\/wp\/v2\/posts"}],"about":[{"href":"https:\/\/stourm.news\/index.php?rest_route=\/wp\/v2\/types\/post"}],"author":[{"embeddable":true,"href":"https:\/\/stourm.news\/index.php?rest_route=\/wp\/v2\/users\/1"}],"replies":[{"embeddable":true,"href":"https:\/\/stourm.news\/index.php?rest_route=%2Fwp%2Fv2%2Fcomments&post=4777"}],"version-history":[{"count":1,"href":"https:\/\/stourm.news\/index.php?rest_route=\/wp\/v2\/posts\/4777\/revisions"}],"predecessor-version":[{"id":4779,"href":"https:\/\/stourm.news\/index.php?rest_route=\/wp\/v2\/posts\/4777\/revisions\/4779"}],"wp:featuredmedia":[{"embeddable":true,"href":"https:\/\/stourm.news\/index.php?rest_route=\/wp\/v2\/media\/4778"}],"wp:attachment":[{"href":"https:\/\/stourm.news\/index.php?rest_route=%2Fwp%2Fv2%2Fmedia&parent=4777"}],"wp:term":[{"taxonomy":"category","embeddable":true,"href":"https:\/\/stourm.news\/index.php?rest_route=%2Fwp%2Fv2%2Fcategories&post=4777"},{"taxonomy":"post_tag","embeddable":true,"href":"https:\/\/stourm.news\/index.php?rest_route=%2Fwp%2Fv2%2Ftags&post=4777"}],"curies":[{"name":"wp","href":"https:\/\/api.w.org\/{rel}","templated":true}]}}