{"id":4780,"date":"2025-10-11T05:22:58","date_gmt":"2025-10-11T05:22:58","guid":{"rendered":"https:\/\/stourm.news\/?p=4780"},"modified":"2025-10-11T05:22:58","modified_gmt":"2025-10-11T05:22:58","slug":"dinan-un-malgache-de-38-ans-condamne-pour-le-viol-dune-bretonne","status":"publish","type":"post","link":"https:\/\/stourm.news\/?p=4780","title":{"rendered":"Dinan : un Malgache de 38 ans condamn\u00e9 pour le viol d&rsquo;une Bretonne"},"content":{"rendered":"<p style=\"text-align: justify;\">D&rsquo;apr\u00e8s<strong> <a href=\"https:\/\/www.letelegramme.fr\/bretagne\/elle-etait-la-allongee-et-comateuse-il-a-saisi-lopportunite-pour-un-viol-silencieux-un-dinanais-condamne-a-onze-ans-de-reclusion-6907046.php\">Le T\u00e9l\u00e9gramme<\/a><\/strong>, Anthony Kiroffo, originaire de Madagascar, a \u00e9t\u00e9 condamn\u00e9 \u00e0 onze ans de prison par la Cour d\u2019assises des C\u00f4tes-d\u2019Armor pour un viol perp\u00e9tr\u00e9 en 2017 \u00e0 Dinan. Les jur\u00e9s, sceptiques face aux pr\u00e9tentions d\u2019amn\u00e9sie de l\u2019accus\u00e9, ont estim\u00e9 que le trentenaire avait abus\u00e9 de la victime bretonne, alors qu\u2019elle \u00e9tait plong\u00e9e dans un sommeil profond.<\/p>\n<p style=\"text-align: right;\"><strong>Ewen Broc&rsquo;han<\/strong><\/p>\n","protected":false},"excerpt":{"rendered":"<p>D&rsquo;apr\u00e8s Le T\u00e9l\u00e9gramme, Anthony Kiroffo, originaire de Madagascar, a \u00e9t\u00e9 condamn\u00e9 \u00e0 onze ans de prison par la Cour d\u2019assises des C\u00f4tes-d\u2019Armor pour un viol perp\u00e9tr\u00e9 en 2017 \u00e0 Dinan. Les jur\u00e9s, sceptiques face aux pr\u00e9tentions d\u2019amn\u00e9sie de l\u2019accus\u00e9, ont estim\u00e9 que le trentenaire avait abus\u00e9 de la victime bretonne, alors qu\u2019elle \u00e9tait plong\u00e9e dans [&hellip;]<\/p>\n","protected":false},"author":1,"featured_media":4781,"comment_status":"open","ping_status":"open","sticky":false,"template":"","format":"standard","meta":{"sb_editor_width":"","footnotes":""},"categories":[39,33,62,30],"tags":[],"class_list":["post-4780","post","type-post","status-publish","format-standard","has-post-thumbnail","hentry","category-cotes-darmor","category-immigration","category-revue-de-presse","category-viol"],"relative_dates":{"created":"7 mois ago","modified":"7 mois ago"},"yoast_head":"<!-- This site is optimized with the Yoast SEO plugin v26.3 - https:\/\/yoast.com\/wordpress\/plugins\/seo\/ -->\n<title>Dinan : un Malgache de 38 ans condamn\u00e9 pour le viol d&#039;une Bretonne - STOURM<\/title>\n<meta name=\"robots\" content=\"index, follow, max-snippet:-1, max-image-preview:large, max-video-preview:-1\" \/>\n<link rel=\"canonical\" href=\"https:\/\/stourm.news\/?p=4780\" \/>\n<meta property=\"og:locale\" content=\"fr_FR\" \/>\n<meta property=\"og:type\" content=\"article\" \/>\n<meta property=\"og:title\" content=\"Dinan : un Malgache de 38 ans condamn\u00e9 pour le viol d&#039;une Bretonne - STOURM\" \/>\n<meta property=\"og:description\" content=\"D&rsquo;apr\u00e8s Le T\u00e9l\u00e9gramme, Anthony Kiroffo, originaire de Madagascar, a \u00e9t\u00e9 condamn\u00e9 \u00e0 onze ans de prison par la Cour d\u2019assises des C\u00f4tes-d\u2019Armor pour un viol perp\u00e9tr\u00e9 en 2017 \u00e0 Dinan. Les jur\u00e9s, sceptiques face aux pr\u00e9tentions d\u2019amn\u00e9sie de l\u2019accus\u00e9, ont estim\u00e9 que le trentenaire avait abus\u00e9 de la victime bretonne, alors qu\u2019elle \u00e9tait plong\u00e9e dans [&hellip;]\" \/>\n<meta property=\"og:url\" content=\"https:\/\/stourm.news\/?p=4780\" \/>\n<meta property=\"og:site_name\" content=\"STOURM\" \/>\n<meta property=\"article:publisher\" content=\"https:\/\/www.facebook.com\/stourmnews\/\" \/>\n<meta property=\"article:published_time\" content=\"2025-10-11T05:22:58+00:00\" \/>\n<meta property=\"og:image\" content=\"https:\/\/stourm.news\/wp-content\/uploads\/2025\/10\/dinan-place-merciers.jpg\" \/>\n\t<meta property=\"og:image:width\" content=\"1500\" \/>\n\t<meta property=\"og:image:height\" content=\"1000\" \/>\n\t<meta property=\"og:image:type\" content=\"image\/jpeg\" \/>\n<meta name=\"author\" content=\"La r\u00e9daction\" \/>\n<meta name=\"twitter:card\" content=\"summary_large_image\" \/>\n<meta name=\"twitter:label1\" content=\"\u00c9crit par\" \/>\n\t<meta name=\"twitter:data1\" content=\"La r\u00e9daction\" \/>\n\t<meta name=\"twitter:label2\" content=\"Dur\u00e9e de lecture estim\u00e9e\" \/>\n\t<meta name=\"twitter:data2\" content=\"1 minute\" \/>\n<script type=\"application\/ld+json\" class=\"yoast-schema-graph\">{\"@context\":\"https:\/\/schema.org\",\"@graph\":[{\"@type\":\"Article\",\"@id\":\"https:\/\/stourm.news\/?p=4780#article\",\"isPartOf\":{\"@id\":\"https:\/\/stourm.news\/?p=4780\"},\"author\":{\"name\":\"La r\u00e9daction\",\"@id\":\"https:\/\/stourm.news\/#\/schema\/person\/c3e1dc65988632e190969234ef046cf9\"},\"headline\":\"Dinan : un Malgache de 38 ans condamn\u00e9 pour le viol d&rsquo;une Bretonne\",\"datePublished\":\"2025-10-11T05:22:58+00:00\",\"mainEntityOfPage\":{\"@id\":\"https:\/\/stourm.news\/?p=4780\"},\"wordCount\":85,\"commentCount\":0,\"publisher\":{\"@id\":\"https:\/\/stourm.news\/#organization\"},\"image\":{\"@id\":\"https:\/\/stourm.news\/?p=4780#primaryimage\"},\"thumbnailUrl\":\"https:\/\/stourm.news\/wp-content\/uploads\/2025\/10\/dinan-place-merciers.jpg\",\"articleSection\":[\"C\u00f4tes d'Armor\",\"Immigration\",\"Revue de presse\",\"Viol\"],\"inLanguage\":\"fr-FR\",\"potentialAction\":[{\"@type\":\"CommentAction\",\"name\":\"Comment\",\"target\":[\"https:\/\/stourm.news\/?p=4780#respond\"]}]},{\"@type\":\"WebPage\",\"@id\":\"https:\/\/stourm.news\/?p=4780\",\"url\":\"https:\/\/stourm.news\/?p=4780\",\"name\":\"Dinan : un Malgache de 38 ans condamn\u00e9 pour le viol d'une Bretonne - STOURM\",\"isPartOf\":{\"@id\":\"https:\/\/stourm.news\/#website\"},\"primaryImageOfPage\":{\"@id\":\"https:\/\/stourm.news\/?p=4780#primaryimage\"},\"image\":{\"@id\":\"https:\/\/stourm.news\/?p=4780#primaryimage\"},\"thumbnailUrl\":\"https:\/\/stourm.news\/wp-content\/uploads\/2025\/10\/dinan-place-merciers.jpg\",\"datePublished\":\"2025-10-11T05:22:58+00:00\",\"breadcrumb\":{\"@id\":\"https:\/\/stourm.news\/?p=4780#breadcrumb\"},\"inLanguage\":\"fr-FR\",\"potentialAction\":[{\"@type\":\"ReadAction\",\"target\":[\"https:\/\/stourm.news\/?p=4780\"]}]},{\"@type\":\"ImageObject\",\"inLanguage\":\"fr-FR\",\"@id\":\"https:\/\/stourm.news\/?p=4780#primaryimage\",\"url\":\"https:\/\/stourm.news\/wp-content\/uploads\/2025\/10\/dinan-place-merciers.jpg\",\"contentUrl\":\"https:\/\/stourm.news\/wp-content\/uploads\/2025\/10\/dinan-place-merciers.jpg\",\"width\":1500,\"height\":1000},{\"@type\":\"BreadcrumbList\",\"@id\":\"https:\/\/stourm.news\/?p=4780#breadcrumb\",\"itemListElement\":[{\"@type\":\"ListItem\",\"position\":1,\"name\":\"Accueil\",\"item\":\"https:\/\/stourm.news\/\"},{\"@type\":\"ListItem\",\"position\":2,\"name\":\"Dinan : un Malgache de 38 ans condamn\u00e9 pour le viol d&rsquo;une Bretonne\"}]},{\"@type\":\"WebSite\",\"@id\":\"https:\/\/stourm.news\/#website\",\"url\":\"https:\/\/stourm.news\/\",\"name\":\"Stourm\",\"description\":\"Kazetenn Strollad Broadel Breizh\",\"publisher\":{\"@id\":\"https:\/\/stourm.news\/#organization\"},\"potentialAction\":[{\"@type\":\"SearchAction\",\"target\":{\"@type\":\"EntryPoint\",\"urlTemplate\":\"https:\/\/stourm.news\/?s={search_term_string}\"},\"query-input\":{\"@type\":\"PropertyValueSpecification\",\"valueRequired\":true,\"valueName\":\"search_term_string\"}}],\"inLanguage\":\"fr-FR\"},{\"@type\":\"Organization\",\"@id\":\"https:\/\/stourm.news\/#organization\",\"name\":\"Stourm\",\"url\":\"https:\/\/stourm.news\/\",\"logo\":{\"@type\":\"ImageObject\",\"inLanguage\":\"fr-FR\",\"@id\":\"https:\/\/stourm.news\/#\/schema\/logo\/image\/\",\"url\":\"https:\/\/stourm.news\/wp-content\/uploads\/2025\/11\/cropped-Capture-decran-2025-11-28-a-15.19.07.png\",\"contentUrl\":\"https:\/\/stourm.news\/wp-content\/uploads\/2025\/11\/cropped-Capture-decran-2025-11-28-a-15.19.07.png\",\"width\":1855,\"height\":383,\"caption\":\"Stourm\"},\"image\":{\"@id\":\"https:\/\/stourm.news\/#\/schema\/logo\/image\/\"},\"sameAs\":[\"https:\/\/www.facebook.com\/stourmnews\/\"]},{\"@type\":\"Person\",\"@id\":\"https:\/\/stourm.news\/#\/schema\/person\/c3e1dc65988632e190969234ef046cf9\",\"name\":\"La r\u00e9daction\",\"image\":{\"@type\":\"ImageObject\",\"inLanguage\":\"fr-FR\",\"@id\":\"https:\/\/stourm.news\/#\/schema\/person\/image\/\",\"url\":\"https:\/\/secure.gravatar.com\/avatar\/7463443f194b6b5fb706b074ca0ef59a0cfcfd720cb47764b0ec5a952ce422b3?s=96&d=mm&r=g\",\"contentUrl\":\"https:\/\/secure.gravatar.com\/avatar\/7463443f194b6b5fb706b074ca0ef59a0cfcfd720cb47764b0ec5a952ce422b3?s=96&d=mm&r=g\",\"caption\":\"La r\u00e9daction\"},\"sameAs\":[\"https:\/\/stourm.news\"],\"url\":\"https:\/\/stourm.news\/?author=1\"}]}<\/script>\n<!-- \/ Yoast SEO plugin. -->","yoast_head_json":{"title":"Dinan : un Malgache de 38 ans condamn\u00e9 pour le viol d'une Bretonne - STOURM","robots":{"index":"index","follow":"follow","max-snippet":"max-snippet:-1","max-image-preview":"max-image-preview:large","max-video-preview":"max-video-preview:-1"},"canonical":"https:\/\/stourm.news\/?p=4780","og_locale":"fr_FR","og_type":"article","og_title":"Dinan : un Malgache de 38 ans condamn\u00e9 pour le viol d'une Bretonne - STOURM","og_description":"D&rsquo;apr\u00e8s Le T\u00e9l\u00e9gramme, Anthony Kiroffo, originaire de Madagascar, a \u00e9t\u00e9 condamn\u00e9 \u00e0 onze ans de prison par la Cour d\u2019assises des C\u00f4tes-d\u2019Armor pour un viol perp\u00e9tr\u00e9 en 2017 \u00e0 Dinan. Les jur\u00e9s, sceptiques face aux pr\u00e9tentions d\u2019amn\u00e9sie de l\u2019accus\u00e9, ont estim\u00e9 que le trentenaire avait abus\u00e9 de la victime bretonne, alors qu\u2019elle \u00e9tait plong\u00e9e dans [&hellip;]","og_url":"https:\/\/stourm.news\/?p=4780","og_site_name":"STOURM","article_publisher":"https:\/\/www.facebook.com\/stourmnews\/","article_published_time":"2025-10-11T05:22:58+00:00","og_image":[{"width":1500,"height":1000,"url":"https:\/\/stourm.news\/wp-content\/uploads\/2025\/10\/dinan-place-merciers.jpg","type":"image\/jpeg"}],"author":"La r\u00e9daction","twitter_card":"summary_large_image","twitter_misc":{"\u00c9crit par":"La r\u00e9daction","Dur\u00e9e de lecture estim\u00e9e":"1 minute"},"schema":{"@context":"https:\/\/schema.org","@graph":[{"@type":"Article","@id":"https:\/\/stourm.news\/?p=4780#article","isPartOf":{"@id":"https:\/\/stourm.news\/?p=4780"},"author":{"name":"La r\u00e9daction","@id":"https:\/\/stourm.news\/#\/schema\/person\/c3e1dc65988632e190969234ef046cf9"},"headline":"Dinan : un Malgache de 38 ans condamn\u00e9 pour le viol d&rsquo;une Bretonne","datePublished":"2025-10-11T05:22:58+00:00","mainEntityOfPage":{"@id":"https:\/\/stourm.news\/?p=4780"},"wordCount":85,"commentCount":0,"publisher":{"@id":"https:\/\/stourm.news\/#organization"},"image":{"@id":"https:\/\/stourm.news\/?p=4780#primaryimage"},"thumbnailUrl":"https:\/\/stourm.news\/wp-content\/uploads\/2025\/10\/dinan-place-merciers.jpg","articleSection":["C\u00f4tes d'Armor","Immigration","Revue de presse","Viol"],"inLanguage":"fr-FR","potentialAction":[{"@type":"CommentAction","name":"Comment","target":["https:\/\/stourm.news\/?p=4780#respond"]}]},{"@type":"WebPage","@id":"https:\/\/stourm.news\/?p=4780","url":"https:\/\/stourm.news\/?p=4780","name":"Dinan : un Malgache de 38 ans condamn\u00e9 pour le viol d'une Bretonne - STOURM","isPartOf":{"@id":"https:\/\/stourm.news\/#website"},"primaryImageOfPage":{"@id":"https:\/\/stourm.news\/?p=4780#primaryimage"},"image":{"@id":"https:\/\/stourm.news\/?p=4780#primaryimage"},"thumbnailUrl":"https:\/\/stourm.news\/wp-content\/uploads\/2025\/10\/dinan-place-merciers.jpg","datePublished":"2025-10-11T05:22:58+00:00","breadcrumb":{"@id":"https:\/\/stourm.news\/?p=4780#breadcrumb"},"inLanguage":"fr-FR","potentialAction":[{"@type":"ReadAction","target":["https:\/\/stourm.news\/?p=4780"]}]},{"@type":"ImageObject","inLanguage":"fr-FR","@id":"https:\/\/stourm.news\/?p=4780#primaryimage","url":"https:\/\/stourm.news\/wp-content\/uploads\/2025\/10\/dinan-place-merciers.jpg","contentUrl":"https:\/\/stourm.news\/wp-content\/uploads\/2025\/10\/dinan-place-merciers.jpg","width":1500,"height":1000},{"@type":"BreadcrumbList","@id":"https:\/\/stourm.news\/?p=4780#breadcrumb","itemListElement":[{"@type":"ListItem","position":1,"name":"Accueil","item":"https:\/\/stourm.news\/"},{"@type":"ListItem","position":2,"name":"Dinan : un Malgache de 38 ans condamn\u00e9 pour le viol d&rsquo;une Bretonne"}]},{"@type":"WebSite","@id":"https:\/\/stourm.news\/#website","url":"https:\/\/stourm.news\/","name":"Stourm","description":"Kazetenn Strollad Broadel Breizh","publisher":{"@id":"https:\/\/stourm.news\/#organization"},"potentialAction":[{"@type":"SearchAction","target":{"@type":"EntryPoint","urlTemplate":"https:\/\/stourm.news\/?s={search_term_string}"},"query-input":{"@type":"PropertyValueSpecification","valueRequired":true,"valueName":"search_term_string"}}],"inLanguage":"fr-FR"},{"@type":"Organization","@id":"https:\/\/stourm.news\/#organization","name":"Stourm","url":"https:\/\/stourm.news\/","logo":{"@type":"ImageObject","inLanguage":"fr-FR","@id":"https:\/\/stourm.news\/#\/schema\/logo\/image\/","url":"https:\/\/stourm.news\/wp-content\/uploads\/2025\/11\/cropped-Capture-decran-2025-11-28-a-15.19.07.png","contentUrl":"https:\/\/stourm.news\/wp-content\/uploads\/2025\/11\/cropped-Capture-decran-2025-11-28-a-15.19.07.png","width":1855,"height":383,"caption":"Stourm"},"image":{"@id":"https:\/\/stourm.news\/#\/schema\/logo\/image\/"},"sameAs":["https:\/\/www.facebook.com\/stourmnews\/"]},{"@type":"Person","@id":"https:\/\/stourm.news\/#\/schema\/person\/c3e1dc65988632e190969234ef046cf9","name":"La r\u00e9daction","image":{"@type":"ImageObject","inLanguage":"fr-FR","@id":"https:\/\/stourm.news\/#\/schema\/person\/image\/","url":"https:\/\/secure.gravatar.com\/avatar\/7463443f194b6b5fb706b074ca0ef59a0cfcfd720cb47764b0ec5a952ce422b3?s=96&d=mm&r=g","contentUrl":"https:\/\/secure.gravatar.com\/avatar\/7463443f194b6b5fb706b074ca0ef59a0cfcfd720cb47764b0ec5a952ce422b3?s=96&d=mm&r=g","caption":"La r\u00e9daction"},"sameAs":["https:\/\/stourm.news"],"url":"https:\/\/stourm.news\/?author=1"}]}},"_links":{"self":[{"href":"https:\/\/stourm.news\/index.php?rest_route=\/wp\/v2\/posts\/4780","targetHints":{"allow":["GET"]}}],"collection":[{"href":"https:\/\/stourm.news\/index.php?rest_route=\/wp\/v2\/posts"}],"about":[{"href":"https:\/\/stourm.news\/index.php?rest_route=\/wp\/v2\/types\/post"}],"author":[{"embeddable":true,"href":"https:\/\/stourm.news\/index.php?rest_route=\/wp\/v2\/users\/1"}],"replies":[{"embeddable":true,"href":"https:\/\/stourm.news\/index.php?rest_route=%2Fwp%2Fv2%2Fcomments&post=4780"}],"version-history":[{"count":1,"href":"https:\/\/stourm.news\/index.php?rest_route=\/wp\/v2\/posts\/4780\/revisions"}],"predecessor-version":[{"id":4782,"href":"https:\/\/stourm.news\/index.php?rest_route=\/wp\/v2\/posts\/4780\/revisions\/4782"}],"wp:featuredmedia":[{"embeddable":true,"href":"https:\/\/stourm.news\/index.php?rest_route=\/wp\/v2\/media\/4781"}],"wp:attachment":[{"href":"https:\/\/stourm.news\/index.php?rest_route=%2Fwp%2Fv2%2Fmedia&parent=4780"}],"wp:term":[{"taxonomy":"category","embeddable":true,"href":"https:\/\/stourm.news\/index.php?rest_route=%2Fwp%2Fv2%2Fcategories&post=4780"},{"taxonomy":"post_tag","embeddable":true,"href":"https:\/\/stourm.news\/index.php?rest_route=%2Fwp%2Fv2%2Ftags&post=4780"}],"curies":[{"name":"wp","href":"https:\/\/api.w.org\/{rel}","templated":true}]}}