{"id":4786,"date":"2025-10-11T06:05:45","date_gmt":"2025-10-11T06:05:45","guid":{"rendered":"https:\/\/stourm.news\/?p=4786"},"modified":"2025-10-11T06:05:45","modified_gmt":"2025-10-11T06:05:45","slug":"editorial-pour-un-gouvernement-breton-face-a-la-paralysie-de-la-ve-republique","status":"publish","type":"post","link":"https:\/\/stourm.news\/?p=4786","title":{"rendered":"\u00c9ditorial : pour un gouvernement breton face \u00e0 la paralysie de la Ve R\u00e9publique"},"content":{"rendered":"<p style=\"text-align: justify;\">La France traverse une crise politique profonde. La Ve R\u00e9publique, jadis vant\u00e9e pour sa stabilit\u00e9, montre aujourd\u2019hui ses limites : instabilit\u00e9 gouvernementale, polarisation croissante et incapacit\u00e9 \u00e0 r\u00e9pondre aux d\u00e9fis locaux dans un \u00c9tat hyper centralis\u00e9. Pour la Bretagne, cette paralysie est une opportunit\u00e9 historique de repenser son avenir. Il est temps de revendiquer un v\u00e9ritable gouvernement breton, sur la base d\u2019un mod\u00e8le f\u00e9d\u00e9ral inspir\u00e9 de la Suisse, pour permettre \u00e0 la nation bretonne de s\u2019\u00e9manciper et de r\u00e9pondre \u00e0 ses besoins sp\u00e9cifiques avec agilit\u00e9 et ambition.<\/p>\n<p style=\"text-align: justify;\"><strong>La paralysie de la Ve R\u00e9publique : un frein pour la Bretagne<\/strong><\/p>\n<p style=\"text-align: justify;\">Depuis plusieurs ann\u00e9es, la France est englu\u00e9e dans une crise institutionnelle. Les gouvernements se succ\u00e8dent \u00e0 un rythme effr\u00e9n\u00e9, les r\u00e9formes patinent, et les citoyens bretons, comme ailleurs, ressentent un foss\u00e9 grandissant entre leurs attentes et les d\u00e9cisions prises \u00e0 Paris. La centralisation, h\u00e9ritage d\u2019une monarchie absolue recycl\u00e9e par la R\u00e9publique, \u00e9touffe les initiatives. La Ve R\u00e9publique, avec son pr\u00e9sidentialisme rigide et son administration jacobine, ne permet pas \u00e0 la Bretagne d\u2019exploiter pleinement son potentiel. Les d\u00e9cisions prises \u00e0 des centaines de kilom\u00e8tres ignorent les r\u00e9alit\u00e9s de notre peuple. Face \u00e0 cette paralysie, la Bretagne doit revendiquer une autonomie politique pour reprendre en main son destin.<\/p>\n<p style=\"text-align: justify;\"><strong>Une Bretagne f\u00e9d\u00e9rale sur le mod\u00e8le suisse<\/strong><\/p>\n<p style=\"text-align: justify;\">Imaginons une Bretagne f\u00e9d\u00e9rale, inspir\u00e9e du mod\u00e8le suisse, o\u00f9 l\u2019autonomie des cantons coexiste avec une solidarit\u00e9 nationale. La Suisse, avec ses 26 cantons, d\u00e9montre qu\u2019un syst\u00e8me d\u00e9centralis\u00e9 peut conjuguer efficacit\u00e9, d\u00e9mocratie directe et respect des identit\u00e9s locales. Dans une Bretagne f\u00e9d\u00e9rale, des institutions propres \u2013 un parlement breton \u00e9lu, un gouvernement breton \u2013 auraient autorit\u00e9 sur des domaines cl\u00e9s : \u00e9ducation, culture, \u00e9conomie locale, environnement et am\u00e9nagement du territoire.<\/p>\n<ul>\n<li style=\"text-align: justify;\">\u00c9ducation et culture : Un gouvernement breton pourrait g\u00e9n\u00e9raliser l\u2019enseignement bilingue (breton-fran\u00e7ais) dans les \u00e9coles, renfor\u00e7ant l\u2019identit\u00e9 linguistique tout en pr\u00e9parant les jeunes \u00e0 un monde globalis\u00e9. La Suisse, avec ses quatre langues nationales, montre que le multilinguisme est une richesse, non un fardeau.<\/li>\n<li style=\"text-align: justify;\"><span style=\"font-family: var(--viral-mag-body-family, Poppins); font-size: var(--viral-mag-body-size, 16px); font-style: var(--viral-mag-body-style, normal); letter-spacing: var(--viral-mag-body-letter-spacing, 0); text-transform: var(--viral-mag-body-text-transform, none); text-decoration: var(--viral-mag-body-text-decoration, none);\">\u00c9conomie et innovation : La Bretagne, avec ses ports, son agriculture et ses fili\u00e8res technologiques (comme \u00e0 Lannuon ou Roazhon), pourrait d\u00e9finir une strat\u00e9gie \u00e9conomique adapt\u00e9e. Un mod\u00e8le f\u00e9d\u00e9ral permettrait de r\u00e9investir localement les recettes fiscales, au lieu de les voir absorb\u00e9es par l\u2019\u00c9tat central. Les cantons suisses, comme Zurich ou Gen\u00e8ve, prosp\u00e8rent gr\u00e2ce \u00e0 leur autonomie fiscale et \u00e9conomique.<\/span><\/li>\n<li style=\"text-align: justify;\"><span style=\"font-family: var(--viral-mag-body-family, Poppins); font-size: var(--viral-mag-body-size, 16px); font-style: var(--viral-mag-body-style, normal); letter-spacing: var(--viral-mag-body-letter-spacing, 0); text-transform: var(--viral-mag-body-text-transform, none); text-decoration: var(--viral-mag-body-text-decoration, none);\">D\u00e9mocratie directe : \u00c0 l\u2019image des r\u00e9f\u00e9rendums suisses, un gouvernement breton pourrait impliquer directement les citoyens dans les grandes d\u00e9cisions, renfor\u00e7ant la l\u00e9gitimit\u00e9 des politiques publiques et restaurant la confiance.<\/span><\/li>\n<\/ul>\n<p style=\"text-align: justify;\"><strong>L\u2019\u00e9mancipation de la Bretagne comme nation<\/strong><\/p>\n<p style=\"text-align: justify;\">La Bretagne, nation historique avec sa langue, sa culture et son identit\u00e9 maritime, m\u00e9rite de s\u2019affirmer comme un acteur politique \u00e0 part enti\u00e8re. Cette \u00e9mancipation offrirait \u00e0 la Bretagne la libert\u00e9 de r\u00e9pondre \u00e0 ses d\u00e9fis sp\u00e9cifiques : relancer l\u2019\u00e9conomie des zones rurales, prot\u00e9ger l\u2019environnement face \u00e0 l\u2019\u00e9rosion c\u00f4ti\u00e8re, ou encore promouvoir un tourisme durable qui valorise le patrimoine plut\u00f4t que de l\u2019\u00e9puiser. Elle permettrait aussi de r\u00e9affirmer la Bretagne comme un carrefour europ\u00e9en, ouverte sur l\u2019Atlantique et connect\u00e9e \u00e0 des nations celtes comme l\u2019Irlande ou l\u2019\u00c9cosse.<\/p>\n<p style=\"text-align: justify;\"><strong>Un appel \u00e0 l\u2019action<\/strong><\/p>\n<p style=\"text-align: justify;\">La paralysie de la Ve R\u00e9publique est une alarme. La Bretagne ne peut plus se contenter d\u2019une d\u00e9centralisation timide ou de subventions parisiennes. Un gouvernement breton, dans un cadre f\u00e9d\u00e9ral, est une r\u00e9ponse pragmatique et audacieuse. Il s\u2019agit de reprendre le contr\u00f4le, non pour s\u2019isoler, mais pour construire une Bretagne forte, innovante et fid\u00e8le \u00e0 son histoire. \u00c0 l\u2019image de la Suisse, la Bretagne peut devenir un mod\u00e8le national dynamique. Le temps est venu pour les Bretons de se rassembler, d\u2019exiger un d\u00e9bat public sur leur avenir institutionnel et de porter haut leur vision d\u2019une nation \u00e9mancip\u00e9e.<\/p>\n<p style=\"text-align: right;\"><strong>Budig Gourmaelon<\/strong><\/p>\n","protected":false},"excerpt":{"rendered":"<p>La France traverse une crise politique profonde. La Ve R\u00e9publique, jadis vant\u00e9e pour sa stabilit\u00e9, montre aujourd\u2019hui ses limites : instabilit\u00e9 gouvernementale, polarisation croissante et incapacit\u00e9 \u00e0 r\u00e9pondre aux d\u00e9fis locaux dans un \u00c9tat hyper centralis\u00e9. Pour la Bretagne, cette paralysie est une opportunit\u00e9 historique de repenser son avenir. Il est temps de revendiquer un [&hellip;]<\/p>\n","protected":false},"author":1,"featured_media":4787,"comment_status":"open","ping_status":"open","sticky":false,"template":"","format":"standard","meta":{"sb_editor_width":"","footnotes":""},"categories":[63,65],"tags":[],"class_list":["post-4786","post","type-post","status-publish","format-standard","has-post-thumbnail","hentry","category-editorial","category-principale"],"relative_dates":{"created":"7 mois ago","modified":"7 mois ago"},"yoast_head":"<!-- This site is optimized with the Yoast SEO plugin v26.3 - https:\/\/yoast.com\/wordpress\/plugins\/seo\/ -->\n<title>\u00c9ditorial : pour un gouvernement breton face \u00e0 la paralysie de la Ve R\u00e9publique - STOURM<\/title>\n<meta name=\"robots\" content=\"index, follow, max-snippet:-1, max-image-preview:large, max-video-preview:-1\" \/>\n<link rel=\"canonical\" href=\"https:\/\/stourm.news\/?p=4786\" \/>\n<meta property=\"og:locale\" content=\"fr_FR\" \/>\n<meta property=\"og:type\" content=\"article\" \/>\n<meta property=\"og:title\" content=\"\u00c9ditorial : pour un gouvernement breton face \u00e0 la paralysie de la Ve R\u00e9publique - STOURM\" \/>\n<meta property=\"og:description\" content=\"La France traverse une crise politique profonde. La Ve R\u00e9publique, jadis vant\u00e9e pour sa stabilit\u00e9, montre aujourd\u2019hui ses limites : instabilit\u00e9 gouvernementale, polarisation croissante et incapacit\u00e9 \u00e0 r\u00e9pondre aux d\u00e9fis locaux dans un \u00c9tat hyper centralis\u00e9. Pour la Bretagne, cette paralysie est une opportunit\u00e9 historique de repenser son avenir. Il est temps de revendiquer un [&hellip;]\" \/>\n<meta property=\"og:url\" content=\"https:\/\/stourm.news\/?p=4786\" \/>\n<meta property=\"og:site_name\" content=\"STOURM\" \/>\n<meta property=\"article:publisher\" content=\"https:\/\/www.facebook.com\/stourmnews\/\" \/>\n<meta property=\"article:published_time\" content=\"2025-10-11T06:05:45+00:00\" \/>\n<meta property=\"og:image\" content=\"https:\/\/stourm.news\/wp-content\/uploads\/2025\/10\/president-Emmanuel-Macron-remontant-lundi-9-juillet-galerie-Bustes-chateau-Versailles_0.webp\" \/>\n\t<meta property=\"og:image:width\" content=\"1400\" \/>\n\t<meta property=\"og:image:height\" content=\"886\" \/>\n\t<meta property=\"og:image:type\" content=\"image\/webp\" \/>\n<meta name=\"author\" content=\"La r\u00e9daction\" \/>\n<meta name=\"twitter:card\" content=\"summary_large_image\" \/>\n<meta name=\"twitter:label1\" content=\"\u00c9crit par\" \/>\n\t<meta name=\"twitter:data1\" content=\"La r\u00e9daction\" \/>\n\t<meta name=\"twitter:label2\" content=\"Dur\u00e9e de lecture estim\u00e9e\" \/>\n\t<meta name=\"twitter:data2\" content=\"4 minutes\" \/>\n<script type=\"application\/ld+json\" class=\"yoast-schema-graph\">{\"@context\":\"https:\/\/schema.org\",\"@graph\":[{\"@type\":\"Article\",\"@id\":\"https:\/\/stourm.news\/?p=4786#article\",\"isPartOf\":{\"@id\":\"https:\/\/stourm.news\/?p=4786\"},\"author\":{\"name\":\"La r\u00e9daction\",\"@id\":\"https:\/\/stourm.news\/#\/schema\/person\/c3e1dc65988632e190969234ef046cf9\"},\"headline\":\"\u00c9ditorial : pour un gouvernement breton face \u00e0 la paralysie de la Ve R\u00e9publique\",\"datePublished\":\"2025-10-11T06:05:45+00:00\",\"mainEntityOfPage\":{\"@id\":\"https:\/\/stourm.news\/?p=4786\"},\"wordCount\":708,\"commentCount\":0,\"publisher\":{\"@id\":\"https:\/\/stourm.news\/#organization\"},\"image\":{\"@id\":\"https:\/\/stourm.news\/?p=4786#primaryimage\"},\"thumbnailUrl\":\"https:\/\/stourm.news\/wp-content\/uploads\/2025\/10\/president-Emmanuel-Macron-remontant-lundi-9-juillet-galerie-Bustes-chateau-Versailles_0.webp\",\"articleSection\":[\"Editorial\",\"Principale\"],\"inLanguage\":\"fr-FR\",\"potentialAction\":[{\"@type\":\"CommentAction\",\"name\":\"Comment\",\"target\":[\"https:\/\/stourm.news\/?p=4786#respond\"]}]},{\"@type\":\"WebPage\",\"@id\":\"https:\/\/stourm.news\/?p=4786\",\"url\":\"https:\/\/stourm.news\/?p=4786\",\"name\":\"\u00c9ditorial : pour un gouvernement breton face \u00e0 la paralysie de la Ve R\u00e9publique - STOURM\",\"isPartOf\":{\"@id\":\"https:\/\/stourm.news\/#website\"},\"primaryImageOfPage\":{\"@id\":\"https:\/\/stourm.news\/?p=4786#primaryimage\"},\"image\":{\"@id\":\"https:\/\/stourm.news\/?p=4786#primaryimage\"},\"thumbnailUrl\":\"https:\/\/stourm.news\/wp-content\/uploads\/2025\/10\/president-Emmanuel-Macron-remontant-lundi-9-juillet-galerie-Bustes-chateau-Versailles_0.webp\",\"datePublished\":\"2025-10-11T06:05:45+00:00\",\"breadcrumb\":{\"@id\":\"https:\/\/stourm.news\/?p=4786#breadcrumb\"},\"inLanguage\":\"fr-FR\",\"potentialAction\":[{\"@type\":\"ReadAction\",\"target\":[\"https:\/\/stourm.news\/?p=4786\"]}]},{\"@type\":\"ImageObject\",\"inLanguage\":\"fr-FR\",\"@id\":\"https:\/\/stourm.news\/?p=4786#primaryimage\",\"url\":\"https:\/\/stourm.news\/wp-content\/uploads\/2025\/10\/president-Emmanuel-Macron-remontant-lundi-9-juillet-galerie-Bustes-chateau-Versailles_0.webp\",\"contentUrl\":\"https:\/\/stourm.news\/wp-content\/uploads\/2025\/10\/president-Emmanuel-Macron-remontant-lundi-9-juillet-galerie-Bustes-chateau-Versailles_0.webp\",\"width\":1400,\"height\":886},{\"@type\":\"BreadcrumbList\",\"@id\":\"https:\/\/stourm.news\/?p=4786#breadcrumb\",\"itemListElement\":[{\"@type\":\"ListItem\",\"position\":1,\"name\":\"Accueil\",\"item\":\"https:\/\/stourm.news\/\"},{\"@type\":\"ListItem\",\"position\":2,\"name\":\"\u00c9ditorial : pour un gouvernement breton face \u00e0 la paralysie de la Ve R\u00e9publique\"}]},{\"@type\":\"WebSite\",\"@id\":\"https:\/\/stourm.news\/#website\",\"url\":\"https:\/\/stourm.news\/\",\"name\":\"Stourm\",\"description\":\"Kazetenn Strollad Broadel Breizh\",\"publisher\":{\"@id\":\"https:\/\/stourm.news\/#organization\"},\"potentialAction\":[{\"@type\":\"SearchAction\",\"target\":{\"@type\":\"EntryPoint\",\"urlTemplate\":\"https:\/\/stourm.news\/?s={search_term_string}\"},\"query-input\":{\"@type\":\"PropertyValueSpecification\",\"valueRequired\":true,\"valueName\":\"search_term_string\"}}],\"inLanguage\":\"fr-FR\"},{\"@type\":\"Organization\",\"@id\":\"https:\/\/stourm.news\/#organization\",\"name\":\"Stourm\",\"url\":\"https:\/\/stourm.news\/\",\"logo\":{\"@type\":\"ImageObject\",\"inLanguage\":\"fr-FR\",\"@id\":\"https:\/\/stourm.news\/#\/schema\/logo\/image\/\",\"url\":\"https:\/\/stourm.news\/wp-content\/uploads\/2025\/11\/cropped-Capture-decran-2025-11-28-a-15.19.07.png\",\"contentUrl\":\"https:\/\/stourm.news\/wp-content\/uploads\/2025\/11\/cropped-Capture-decran-2025-11-28-a-15.19.07.png\",\"width\":1855,\"height\":383,\"caption\":\"Stourm\"},\"image\":{\"@id\":\"https:\/\/stourm.news\/#\/schema\/logo\/image\/\"},\"sameAs\":[\"https:\/\/www.facebook.com\/stourmnews\/\"]},{\"@type\":\"Person\",\"@id\":\"https:\/\/stourm.news\/#\/schema\/person\/c3e1dc65988632e190969234ef046cf9\",\"name\":\"La r\u00e9daction\",\"image\":{\"@type\":\"ImageObject\",\"inLanguage\":\"fr-FR\",\"@id\":\"https:\/\/stourm.news\/#\/schema\/person\/image\/\",\"url\":\"https:\/\/secure.gravatar.com\/avatar\/7463443f194b6b5fb706b074ca0ef59a0cfcfd720cb47764b0ec5a952ce422b3?s=96&d=mm&r=g\",\"contentUrl\":\"https:\/\/secure.gravatar.com\/avatar\/7463443f194b6b5fb706b074ca0ef59a0cfcfd720cb47764b0ec5a952ce422b3?s=96&d=mm&r=g\",\"caption\":\"La r\u00e9daction\"},\"sameAs\":[\"https:\/\/stourm.news\"],\"url\":\"https:\/\/stourm.news\/?author=1\"}]}<\/script>\n<!-- \/ Yoast SEO plugin. -->","yoast_head_json":{"title":"\u00c9ditorial : pour un gouvernement breton face \u00e0 la paralysie de la Ve R\u00e9publique - STOURM","robots":{"index":"index","follow":"follow","max-snippet":"max-snippet:-1","max-image-preview":"max-image-preview:large","max-video-preview":"max-video-preview:-1"},"canonical":"https:\/\/stourm.news\/?p=4786","og_locale":"fr_FR","og_type":"article","og_title":"\u00c9ditorial : pour un gouvernement breton face \u00e0 la paralysie de la Ve R\u00e9publique - STOURM","og_description":"La France traverse une crise politique profonde. La Ve R\u00e9publique, jadis vant\u00e9e pour sa stabilit\u00e9, montre aujourd\u2019hui ses limites : instabilit\u00e9 gouvernementale, polarisation croissante et incapacit\u00e9 \u00e0 r\u00e9pondre aux d\u00e9fis locaux dans un \u00c9tat hyper centralis\u00e9. Pour la Bretagne, cette paralysie est une opportunit\u00e9 historique de repenser son avenir. Il est temps de revendiquer un [&hellip;]","og_url":"https:\/\/stourm.news\/?p=4786","og_site_name":"STOURM","article_publisher":"https:\/\/www.facebook.com\/stourmnews\/","article_published_time":"2025-10-11T06:05:45+00:00","og_image":[{"width":1400,"height":886,"url":"https:\/\/stourm.news\/wp-content\/uploads\/2025\/10\/president-Emmanuel-Macron-remontant-lundi-9-juillet-galerie-Bustes-chateau-Versailles_0.webp","type":"image\/webp"}],"author":"La r\u00e9daction","twitter_card":"summary_large_image","twitter_misc":{"\u00c9crit par":"La r\u00e9daction","Dur\u00e9e de lecture estim\u00e9e":"4 minutes"},"schema":{"@context":"https:\/\/schema.org","@graph":[{"@type":"Article","@id":"https:\/\/stourm.news\/?p=4786#article","isPartOf":{"@id":"https:\/\/stourm.news\/?p=4786"},"author":{"name":"La r\u00e9daction","@id":"https:\/\/stourm.news\/#\/schema\/person\/c3e1dc65988632e190969234ef046cf9"},"headline":"\u00c9ditorial : pour un gouvernement breton face \u00e0 la paralysie de la Ve R\u00e9publique","datePublished":"2025-10-11T06:05:45+00:00","mainEntityOfPage":{"@id":"https:\/\/stourm.news\/?p=4786"},"wordCount":708,"commentCount":0,"publisher":{"@id":"https:\/\/stourm.news\/#organization"},"image":{"@id":"https:\/\/stourm.news\/?p=4786#primaryimage"},"thumbnailUrl":"https:\/\/stourm.news\/wp-content\/uploads\/2025\/10\/president-Emmanuel-Macron-remontant-lundi-9-juillet-galerie-Bustes-chateau-Versailles_0.webp","articleSection":["Editorial","Principale"],"inLanguage":"fr-FR","potentialAction":[{"@type":"CommentAction","name":"Comment","target":["https:\/\/stourm.news\/?p=4786#respond"]}]},{"@type":"WebPage","@id":"https:\/\/stourm.news\/?p=4786","url":"https:\/\/stourm.news\/?p=4786","name":"\u00c9ditorial : pour un gouvernement breton face \u00e0 la paralysie de la Ve R\u00e9publique - STOURM","isPartOf":{"@id":"https:\/\/stourm.news\/#website"},"primaryImageOfPage":{"@id":"https:\/\/stourm.news\/?p=4786#primaryimage"},"image":{"@id":"https:\/\/stourm.news\/?p=4786#primaryimage"},"thumbnailUrl":"https:\/\/stourm.news\/wp-content\/uploads\/2025\/10\/president-Emmanuel-Macron-remontant-lundi-9-juillet-galerie-Bustes-chateau-Versailles_0.webp","datePublished":"2025-10-11T06:05:45+00:00","breadcrumb":{"@id":"https:\/\/stourm.news\/?p=4786#breadcrumb"},"inLanguage":"fr-FR","potentialAction":[{"@type":"ReadAction","target":["https:\/\/stourm.news\/?p=4786"]}]},{"@type":"ImageObject","inLanguage":"fr-FR","@id":"https:\/\/stourm.news\/?p=4786#primaryimage","url":"https:\/\/stourm.news\/wp-content\/uploads\/2025\/10\/president-Emmanuel-Macron-remontant-lundi-9-juillet-galerie-Bustes-chateau-Versailles_0.webp","contentUrl":"https:\/\/stourm.news\/wp-content\/uploads\/2025\/10\/president-Emmanuel-Macron-remontant-lundi-9-juillet-galerie-Bustes-chateau-Versailles_0.webp","width":1400,"height":886},{"@type":"BreadcrumbList","@id":"https:\/\/stourm.news\/?p=4786#breadcrumb","itemListElement":[{"@type":"ListItem","position":1,"name":"Accueil","item":"https:\/\/stourm.news\/"},{"@type":"ListItem","position":2,"name":"\u00c9ditorial : pour un gouvernement breton face \u00e0 la paralysie de la Ve R\u00e9publique"}]},{"@type":"WebSite","@id":"https:\/\/stourm.news\/#website","url":"https:\/\/stourm.news\/","name":"Stourm","description":"Kazetenn Strollad Broadel Breizh","publisher":{"@id":"https:\/\/stourm.news\/#organization"},"potentialAction":[{"@type":"SearchAction","target":{"@type":"EntryPoint","urlTemplate":"https:\/\/stourm.news\/?s={search_term_string}"},"query-input":{"@type":"PropertyValueSpecification","valueRequired":true,"valueName":"search_term_string"}}],"inLanguage":"fr-FR"},{"@type":"Organization","@id":"https:\/\/stourm.news\/#organization","name":"Stourm","url":"https:\/\/stourm.news\/","logo":{"@type":"ImageObject","inLanguage":"fr-FR","@id":"https:\/\/stourm.news\/#\/schema\/logo\/image\/","url":"https:\/\/stourm.news\/wp-content\/uploads\/2025\/11\/cropped-Capture-decran-2025-11-28-a-15.19.07.png","contentUrl":"https:\/\/stourm.news\/wp-content\/uploads\/2025\/11\/cropped-Capture-decran-2025-11-28-a-15.19.07.png","width":1855,"height":383,"caption":"Stourm"},"image":{"@id":"https:\/\/stourm.news\/#\/schema\/logo\/image\/"},"sameAs":["https:\/\/www.facebook.com\/stourmnews\/"]},{"@type":"Person","@id":"https:\/\/stourm.news\/#\/schema\/person\/c3e1dc65988632e190969234ef046cf9","name":"La r\u00e9daction","image":{"@type":"ImageObject","inLanguage":"fr-FR","@id":"https:\/\/stourm.news\/#\/schema\/person\/image\/","url":"https:\/\/secure.gravatar.com\/avatar\/7463443f194b6b5fb706b074ca0ef59a0cfcfd720cb47764b0ec5a952ce422b3?s=96&d=mm&r=g","contentUrl":"https:\/\/secure.gravatar.com\/avatar\/7463443f194b6b5fb706b074ca0ef59a0cfcfd720cb47764b0ec5a952ce422b3?s=96&d=mm&r=g","caption":"La r\u00e9daction"},"sameAs":["https:\/\/stourm.news"],"url":"https:\/\/stourm.news\/?author=1"}]}},"_links":{"self":[{"href":"https:\/\/stourm.news\/index.php?rest_route=\/wp\/v2\/posts\/4786","targetHints":{"allow":["GET"]}}],"collection":[{"href":"https:\/\/stourm.news\/index.php?rest_route=\/wp\/v2\/posts"}],"about":[{"href":"https:\/\/stourm.news\/index.php?rest_route=\/wp\/v2\/types\/post"}],"author":[{"embeddable":true,"href":"https:\/\/stourm.news\/index.php?rest_route=\/wp\/v2\/users\/1"}],"replies":[{"embeddable":true,"href":"https:\/\/stourm.news\/index.php?rest_route=%2Fwp%2Fv2%2Fcomments&post=4786"}],"version-history":[{"count":1,"href":"https:\/\/stourm.news\/index.php?rest_route=\/wp\/v2\/posts\/4786\/revisions"}],"predecessor-version":[{"id":4788,"href":"https:\/\/stourm.news\/index.php?rest_route=\/wp\/v2\/posts\/4786\/revisions\/4788"}],"wp:featuredmedia":[{"embeddable":true,"href":"https:\/\/stourm.news\/index.php?rest_route=\/wp\/v2\/media\/4787"}],"wp:attachment":[{"href":"https:\/\/stourm.news\/index.php?rest_route=%2Fwp%2Fv2%2Fmedia&parent=4786"}],"wp:term":[{"taxonomy":"category","embeddable":true,"href":"https:\/\/stourm.news\/index.php?rest_route=%2Fwp%2Fv2%2Fcategories&post=4786"},{"taxonomy":"post_tag","embeddable":true,"href":"https:\/\/stourm.news\/index.php?rest_route=%2Fwp%2Fv2%2Ftags&post=4786"}],"curies":[{"name":"wp","href":"https:\/\/api.w.org\/{rel}","templated":true}]}}