{"id":4794,"date":"2025-10-14T10:53:12","date_gmt":"2025-10-14T10:53:12","guid":{"rendered":"https:\/\/stourm.news\/?p=4794"},"modified":"2025-10-14T10:53:12","modified_gmt":"2025-10-14T10:53:12","slug":"borloo-dynamite-letat-jacobin-et-propose-une-france-federale","status":"publish","type":"post","link":"https:\/\/stourm.news\/?p=4794","title":{"rendered":"Borloo dynamite l&rsquo;\u00c9tat jacobin et propose une France f\u00e9d\u00e9rale"},"content":{"rendered":"<p style=\"text-align: justify;\">\u00c0 74 ans, Jean-Louis Borloo, ancien ministre de l&rsquo;\u00c9cologie sous Nicolas Sarkozy et fondateur de l&rsquo;UDI (Union des d\u00e9mocrates et ind\u00e9pendants) n&rsquo;a pas perdu son app\u00e9tit pour les r\u00e9formes radicales. Il multiplie les interventions pour d\u00e9fendre une id\u00e9e audacieuse : transformer la France en une \u00ab\u00a0R\u00e9publique f\u00e9d\u00e9rale \u00e0 la fran\u00e7aise\u00a0\u00bb. Au c\u0153ur de cette vision, la cr\u00e9ation de parlements r\u00e9gionaux bas\u00e9s sur les provinces historiques, une mesure qu&rsquo;il pr\u00e9sente comme un antidote \u00e0 la centralisation parisienne et \u00e0 la dette galopante.<\/p>\n<p style=\"text-align: justify;\"><strong>Un diagnostic alarmant : la France \u00ab\u00a0d\u00e9sorganis\u00e9e\u00a0\u00bb<\/strong><\/p>\n<p style=\"text-align: justify;\">Jean-Louis Borloo ne m\u00e2che pas ses mots. \u00ab\u00a0La France est le pays le plus \u00e9miett\u00e9 du monde en termes d&rsquo;organisation\u00a0\u00bb, ass\u00e8ne-t-il le 2 octobre 2025 sur Sud Radio, lors d&rsquo;une interview avec Jean-Fran\u00e7ois Achilli. Pour l&rsquo;ancien maire de Valenciennes, le mal est structurel : une superposition de strates administratives \u2013 communes, intercommunalit\u00e9s, d\u00e9partements, r\u00e9gions \u2013 qui g\u00e9n\u00e8re redondances, co\u00fbts exorbitants et inefficacit\u00e9. \u00ab\u00a0Tout le monde fait tout et personne n&rsquo;y comprend rien\u00a0\u00bb, r\u00e9sume-t-il le 9 octobre \u00e0 la convention des intercommunalit\u00e9s \u00e0 Aussonne, pr\u00e8s de Toulouse. Les chiffres qu&rsquo;il avance sont impressionnants : 200 milliards d&rsquo;euros de dettes suppl\u00e9mentaires en deux ans, dus \u00e0 un \u00ab\u00a0effet boule de neige\u00a0\u00bb des structures publiques.<\/p>\n<p style=\"text-align: justify;\">Plus largement, Borloo pointe du doigt un \u00c9tat hyper centralis\u00e9 qui \u00e9touffe les peuples de l&rsquo;Hexagone. \u00ab\u00a0Les co\u00fbts augmentent, mais les r\u00e9sultats s&rsquo;effondrent\u00a0\u00bb, d\u00e9plore-t-il dans une tribune au Paris Match du 13 octobre. Pour lui, ces dysfonctionnements ne sont pas dus \u00e0 un manque de bonne volont\u00e9 \u2013 \u00ab\u00a0tout cela est fait par des gens de bonne foi, honn\u00eates, intelligents et qui travaillent\u00a0\u00bb \u2013, mais \u00e0 un \u00ab\u00a0probl\u00e8me d&rsquo;organisation\u00a0\u00bb. C&rsquo;est dans ce diagnostic que s&rsquo;inscrit sa proposition phare : une f\u00e9d\u00e9ralisation massive, inspir\u00e9e des mod\u00e8les espagnol, italien et allemand. \u00ab\u00a0Il est temps de proposer aux Fran\u00e7ais une R\u00e9publique F\u00e9d\u00e9rale \u00e0 la fran\u00e7aise\u00a0\u00bb, lance-t-il, refusant d&rsquo;attendre la pr\u00e9sidentielle de 2027 pour agir.<\/p>\n<p style=\"text-align: justify;\"><strong>La France f\u00e9d\u00e9rale : un \u00c9tat recentr\u00e9, des provinces autonomes<\/strong><\/p>\n<p style=\"text-align: justify;\">L&rsquo;essence de la vision borloo\u00efste repose sur une r\u00e9partition claire des comp\u00e9tences. L&rsquo;\u00c9tat central se recentrerait sur ses \u00ab\u00a0responsabilit\u00e9s premi\u00e8res\u00a0\u00bb : s\u00e9curit\u00e9 int\u00e9rieure et ext\u00e9rieure, justice, contr\u00f4le migratoire, recherche, espace, mers et oc\u00e9ans. Tout le reste \u2013 soit l&rsquo;essentiel des politiques quotidiennes \u2013 reviendrait aux \u00ab\u00a0provinces\u00a0\u00bb, entit\u00e9s territoriales redessin\u00e9es sur la base des provinces historiques fran\u00e7aises. Adieu aux d\u00e9coupages administratifs actuels, jug\u00e9s artificiels ; place \u00e0 une cartographie ancr\u00e9e dans l&rsquo;histoire : Normandie, Bretagne, Provence, Alsace, etc. Ces provinces ne seraient pas de simples r\u00e9gions \u00e9largies, mais des entit\u00e9s dot\u00e9es d&rsquo;une r\u00e9elle souverainet\u00e9 l\u00e9gislative. Le joyau de cette refondation ? La cr\u00e9ation de \u00ab\u00a0parlements de provinces\u00a0\u00bb. \u00ab\u00a0Les provinces g\u00e8rent tout ce que ne g\u00e8re pas l&rsquo;\u00c9tat\u00a0\u00bb, explique Borloo sur Sud Radio. \u00ab\u00a0Tout ce qui sont les peines et soins, c&rsquo;est-\u00e0-dire les gens, c&rsquo;est les provinces. Il faut aller au bout : un parlement de province qui fait la loi de la province.\u00a0\u00bb<\/p>\n<p style=\"text-align: justify;\">Ces assembl\u00e9es voteraient leurs propres r\u00e8gles, adapt\u00e9es aux r\u00e9alit\u00e9s des diff\u00e9rents pays. Logement social, services sociaux, h\u00f4pitaux locaux, \u00e9cologie, familles, m\u00e8res isol\u00e9es, soutien \u00e0 la jeunesse, orientation professionnelle, sport, culture : autant de domaines o\u00f9 Paris n&rsquo;aurait plus voix au chapitre. \u00ab\u00a0Tant qu\u2019on laissera la norme \u00e0 Paris, on aura toujours ce syst\u00e8me ruineux et inefficace. Les parlements de provinces fonctionneront avec des nouvelles r\u00e8gles que chacun d\u00e9finira\u00a0\u00bb, insistait-il d\u00e9j\u00e0 le 29 ao\u00fbt 2025, lors de l&rsquo;universit\u00e9 d&rsquo;\u00e9t\u00e9 de l&rsquo;UDI \u00e0 Orl\u00e9ans.<\/p>\n<p style=\"text-align: justify;\">En lib\u00e9rant les territoires de la bureaucratie centralis\u00e9e, on restaurerait la confiance des citoyens et on combattrait la dette par une gestion plus efficace assure Borloo. \u00ab\u00a0Nous avons m\u00eame invent\u00e9 le terme de &lsquo;cofinancement&rsquo;, qui est en r\u00e9alit\u00e9 le cache-sexe \u00e9l\u00e9gant de notre pagaille\u00a0\u00bb, ironise-t-il dans Paris Match. Son \u00ab\u00a0big bang de l&rsquo;action publique\u00a0\u00bb vise \u00e0 clarifier qui fait quoi, pour un \u00c9tat all\u00e9g\u00e9 et des provinces dynamiques.<\/p>\n<p style=\"text-align: justify;\"><strong>Un retour sur sc\u00e8ne opportun<\/strong><\/p>\n<p style=\"text-align: justify;\">Ces id\u00e9es ne sortent pas de nulle part. Son intervention \u00e0 Orl\u00e9ans en ao\u00fbt marque un retour public, suivi d&rsquo;un crescendo en octobre : interview radio, discours toulousain, tribune m\u00e9diatique. Pas de calendrier pr\u00e9cis, mais un appel aux \u00e9lus : \u00ab\u00a0Ne pas attendre 2027.\u00a0\u00bb Dans une France paralys\u00e9e, sa proposition pourrait-elle inspirer un consensus ? Un r\u00e9cent sondage d\u00e9montre un puissant mouvement f\u00e9d\u00e9raliste dans l&rsquo;opinion hexagonale, avec <strong><a href=\"https:\/\/www.lefigaro.fr\/politique\/71-des-francais-favorables-a-ce-que-la-france-devienne-federale-selon-un-sondage-20250825\">71% des sond\u00e9s<\/a> <\/strong>se d\u00e9clarant favorable \u00e0 ce que la France soit enfin f\u00e9d\u00e9ralis\u00e9e. Si Matignon lui \u00e9chappe, Borloo aura au moins ouvert le d\u00e9bat sur l&rsquo;\u00e9tat de d\u00e9labrement du syst\u00e8me fran\u00e7ais, aujourd&rsquo;hui en faillite et paralys\u00e9 par sa bureaucratisation et son hyper parisianisme.<\/p>\n<p style=\"text-align: right;\"><strong>Budig Gourmaelon<\/strong><\/p>\n","protected":false},"excerpt":{"rendered":"<p>\u00c0 74 ans, Jean-Louis Borloo, ancien ministre de l&rsquo;\u00c9cologie sous Nicolas Sarkozy et fondateur de l&rsquo;UDI (Union des d\u00e9mocrates et ind\u00e9pendants) n&rsquo;a pas perdu son app\u00e9tit pour les r\u00e9formes radicales. Il multiplie les interventions pour d\u00e9fendre une id\u00e9e audacieuse : transformer la France en une \u00ab\u00a0R\u00e9publique f\u00e9d\u00e9rale \u00e0 la fran\u00e7aise\u00a0\u00bb. Au c\u0153ur de cette vision, [&hellip;]<\/p>\n","protected":false},"author":1,"featured_media":4795,"comment_status":"open","ping_status":"open","sticky":false,"template":"","format":"standard","meta":{"sb_editor_width":"","footnotes":""},"categories":[67,65],"tags":[],"class_list":["post-4794","post","type-post","status-publish","format-standard","has-post-thumbnail","hentry","category-politique","category-principale"],"relative_dates":{"created":"7 mois ago","modified":"7 mois ago"},"yoast_head":"<!-- This site is optimized with the Yoast SEO plugin v26.3 - https:\/\/yoast.com\/wordpress\/plugins\/seo\/ -->\n<title>Borloo dynamite l&#039;\u00c9tat jacobin et propose une France f\u00e9d\u00e9rale - STOURM<\/title>\n<meta name=\"robots\" content=\"index, follow, max-snippet:-1, max-image-preview:large, max-video-preview:-1\" \/>\n<link rel=\"canonical\" href=\"https:\/\/stourm.news\/?p=4794\" \/>\n<meta property=\"og:locale\" content=\"fr_FR\" \/>\n<meta property=\"og:type\" content=\"article\" \/>\n<meta property=\"og:title\" content=\"Borloo dynamite l&#039;\u00c9tat jacobin et propose une France f\u00e9d\u00e9rale - STOURM\" \/>\n<meta property=\"og:description\" content=\"\u00c0 74 ans, Jean-Louis Borloo, ancien ministre de l&rsquo;\u00c9cologie sous Nicolas Sarkozy et fondateur de l&rsquo;UDI (Union des d\u00e9mocrates et ind\u00e9pendants) n&rsquo;a pas perdu son app\u00e9tit pour les r\u00e9formes radicales. Il multiplie les interventions pour d\u00e9fendre une id\u00e9e audacieuse : transformer la France en une \u00ab\u00a0R\u00e9publique f\u00e9d\u00e9rale \u00e0 la fran\u00e7aise\u00a0\u00bb. Au c\u0153ur de cette vision, [&hellip;]\" \/>\n<meta property=\"og:url\" content=\"https:\/\/stourm.news\/?p=4794\" \/>\n<meta property=\"og:site_name\" content=\"STOURM\" \/>\n<meta property=\"article:publisher\" content=\"https:\/\/www.facebook.com\/stourmnews\/\" \/>\n<meta property=\"article:published_time\" content=\"2025-10-14T10:53:12+00:00\" \/>\n<meta property=\"og:image\" content=\"https:\/\/stourm.news\/wp-content\/uploads\/2025\/10\/borloo000_Par6269493_0.jpg\" \/>\n\t<meta property=\"og:image:width\" content=\"1024\" \/>\n\t<meta property=\"og:image:height\" content=\"576\" \/>\n\t<meta property=\"og:image:type\" content=\"image\/jpeg\" \/>\n<meta name=\"author\" content=\"La r\u00e9daction\" \/>\n<meta name=\"twitter:card\" content=\"summary_large_image\" \/>\n<meta name=\"twitter:label1\" content=\"\u00c9crit par\" \/>\n\t<meta name=\"twitter:data1\" content=\"La r\u00e9daction\" \/>\n\t<meta name=\"twitter:label2\" content=\"Dur\u00e9e de lecture estim\u00e9e\" \/>\n\t<meta name=\"twitter:data2\" content=\"4 minutes\" \/>\n<script type=\"application\/ld+json\" class=\"yoast-schema-graph\">{\"@context\":\"https:\/\/schema.org\",\"@graph\":[{\"@type\":\"Article\",\"@id\":\"https:\/\/stourm.news\/?p=4794#article\",\"isPartOf\":{\"@id\":\"https:\/\/stourm.news\/?p=4794\"},\"author\":{\"name\":\"La r\u00e9daction\",\"@id\":\"https:\/\/stourm.news\/#\/schema\/person\/c3e1dc65988632e190969234ef046cf9\"},\"headline\":\"Borloo dynamite l&rsquo;\u00c9tat jacobin et propose une France f\u00e9d\u00e9rale\",\"datePublished\":\"2025-10-14T10:53:12+00:00\",\"mainEntityOfPage\":{\"@id\":\"https:\/\/stourm.news\/?p=4794\"},\"wordCount\":851,\"commentCount\":0,\"publisher\":{\"@id\":\"https:\/\/stourm.news\/#organization\"},\"image\":{\"@id\":\"https:\/\/stourm.news\/?p=4794#primaryimage\"},\"thumbnailUrl\":\"https:\/\/stourm.news\/wp-content\/uploads\/2025\/10\/borloo000_Par6269493_0.jpg\",\"articleSection\":[\"Politique\",\"Principale\"],\"inLanguage\":\"fr-FR\",\"potentialAction\":[{\"@type\":\"CommentAction\",\"name\":\"Comment\",\"target\":[\"https:\/\/stourm.news\/?p=4794#respond\"]}]},{\"@type\":\"WebPage\",\"@id\":\"https:\/\/stourm.news\/?p=4794\",\"url\":\"https:\/\/stourm.news\/?p=4794\",\"name\":\"Borloo dynamite l'\u00c9tat jacobin et propose une France f\u00e9d\u00e9rale - STOURM\",\"isPartOf\":{\"@id\":\"https:\/\/stourm.news\/#website\"},\"primaryImageOfPage\":{\"@id\":\"https:\/\/stourm.news\/?p=4794#primaryimage\"},\"image\":{\"@id\":\"https:\/\/stourm.news\/?p=4794#primaryimage\"},\"thumbnailUrl\":\"https:\/\/stourm.news\/wp-content\/uploads\/2025\/10\/borloo000_Par6269493_0.jpg\",\"datePublished\":\"2025-10-14T10:53:12+00:00\",\"breadcrumb\":{\"@id\":\"https:\/\/stourm.news\/?p=4794#breadcrumb\"},\"inLanguage\":\"fr-FR\",\"potentialAction\":[{\"@type\":\"ReadAction\",\"target\":[\"https:\/\/stourm.news\/?p=4794\"]}]},{\"@type\":\"ImageObject\",\"inLanguage\":\"fr-FR\",\"@id\":\"https:\/\/stourm.news\/?p=4794#primaryimage\",\"url\":\"https:\/\/stourm.news\/wp-content\/uploads\/2025\/10\/borloo000_Par6269493_0.jpg\",\"contentUrl\":\"https:\/\/stourm.news\/wp-content\/uploads\/2025\/10\/borloo000_Par6269493_0.jpg\",\"width\":1024,\"height\":576,\"caption\":\"Former Environment minister and president of the Radical Party Jean-Louis Borloo speaks during the 111th Radical Party (PR) meeting in Paris on May 14, 2011. Radical Party votes to separate with UMP Presidential Party and to join the New Center party national council. AFP PHOTO \/ PIERRE VERDY\"},{\"@type\":\"BreadcrumbList\",\"@id\":\"https:\/\/stourm.news\/?p=4794#breadcrumb\",\"itemListElement\":[{\"@type\":\"ListItem\",\"position\":1,\"name\":\"Accueil\",\"item\":\"https:\/\/stourm.news\/\"},{\"@type\":\"ListItem\",\"position\":2,\"name\":\"Borloo dynamite l&rsquo;\u00c9tat jacobin et propose une France f\u00e9d\u00e9rale\"}]},{\"@type\":\"WebSite\",\"@id\":\"https:\/\/stourm.news\/#website\",\"url\":\"https:\/\/stourm.news\/\",\"name\":\"Stourm\",\"description\":\"Kazetenn Strollad Broadel Breizh\",\"publisher\":{\"@id\":\"https:\/\/stourm.news\/#organization\"},\"potentialAction\":[{\"@type\":\"SearchAction\",\"target\":{\"@type\":\"EntryPoint\",\"urlTemplate\":\"https:\/\/stourm.news\/?s={search_term_string}\"},\"query-input\":{\"@type\":\"PropertyValueSpecification\",\"valueRequired\":true,\"valueName\":\"search_term_string\"}}],\"inLanguage\":\"fr-FR\"},{\"@type\":\"Organization\",\"@id\":\"https:\/\/stourm.news\/#organization\",\"name\":\"Stourm\",\"url\":\"https:\/\/stourm.news\/\",\"logo\":{\"@type\":\"ImageObject\",\"inLanguage\":\"fr-FR\",\"@id\":\"https:\/\/stourm.news\/#\/schema\/logo\/image\/\",\"url\":\"https:\/\/stourm.news\/wp-content\/uploads\/2025\/11\/cropped-Capture-decran-2025-11-28-a-15.19.07.png\",\"contentUrl\":\"https:\/\/stourm.news\/wp-content\/uploads\/2025\/11\/cropped-Capture-decran-2025-11-28-a-15.19.07.png\",\"width\":1855,\"height\":383,\"caption\":\"Stourm\"},\"image\":{\"@id\":\"https:\/\/stourm.news\/#\/schema\/logo\/image\/\"},\"sameAs\":[\"https:\/\/www.facebook.com\/stourmnews\/\"]},{\"@type\":\"Person\",\"@id\":\"https:\/\/stourm.news\/#\/schema\/person\/c3e1dc65988632e190969234ef046cf9\",\"name\":\"La r\u00e9daction\",\"image\":{\"@type\":\"ImageObject\",\"inLanguage\":\"fr-FR\",\"@id\":\"https:\/\/stourm.news\/#\/schema\/person\/image\/\",\"url\":\"https:\/\/secure.gravatar.com\/avatar\/7463443f194b6b5fb706b074ca0ef59a0cfcfd720cb47764b0ec5a952ce422b3?s=96&d=mm&r=g\",\"contentUrl\":\"https:\/\/secure.gravatar.com\/avatar\/7463443f194b6b5fb706b074ca0ef59a0cfcfd720cb47764b0ec5a952ce422b3?s=96&d=mm&r=g\",\"caption\":\"La r\u00e9daction\"},\"sameAs\":[\"https:\/\/stourm.news\"],\"url\":\"https:\/\/stourm.news\/?author=1\"}]}<\/script>\n<!-- \/ Yoast SEO plugin. -->","yoast_head_json":{"title":"Borloo dynamite l'\u00c9tat jacobin et propose une France f\u00e9d\u00e9rale - STOURM","robots":{"index":"index","follow":"follow","max-snippet":"max-snippet:-1","max-image-preview":"max-image-preview:large","max-video-preview":"max-video-preview:-1"},"canonical":"https:\/\/stourm.news\/?p=4794","og_locale":"fr_FR","og_type":"article","og_title":"Borloo dynamite l'\u00c9tat jacobin et propose une France f\u00e9d\u00e9rale - STOURM","og_description":"\u00c0 74 ans, Jean-Louis Borloo, ancien ministre de l&rsquo;\u00c9cologie sous Nicolas Sarkozy et fondateur de l&rsquo;UDI (Union des d\u00e9mocrates et ind\u00e9pendants) n&rsquo;a pas perdu son app\u00e9tit pour les r\u00e9formes radicales. Il multiplie les interventions pour d\u00e9fendre une id\u00e9e audacieuse : transformer la France en une \u00ab\u00a0R\u00e9publique f\u00e9d\u00e9rale \u00e0 la fran\u00e7aise\u00a0\u00bb. Au c\u0153ur de cette vision, [&hellip;]","og_url":"https:\/\/stourm.news\/?p=4794","og_site_name":"STOURM","article_publisher":"https:\/\/www.facebook.com\/stourmnews\/","article_published_time":"2025-10-14T10:53:12+00:00","og_image":[{"width":1024,"height":576,"url":"https:\/\/stourm.news\/wp-content\/uploads\/2025\/10\/borloo000_Par6269493_0.jpg","type":"image\/jpeg"}],"author":"La r\u00e9daction","twitter_card":"summary_large_image","twitter_misc":{"\u00c9crit par":"La r\u00e9daction","Dur\u00e9e de lecture estim\u00e9e":"4 minutes"},"schema":{"@context":"https:\/\/schema.org","@graph":[{"@type":"Article","@id":"https:\/\/stourm.news\/?p=4794#article","isPartOf":{"@id":"https:\/\/stourm.news\/?p=4794"},"author":{"name":"La r\u00e9daction","@id":"https:\/\/stourm.news\/#\/schema\/person\/c3e1dc65988632e190969234ef046cf9"},"headline":"Borloo dynamite l&rsquo;\u00c9tat jacobin et propose une France f\u00e9d\u00e9rale","datePublished":"2025-10-14T10:53:12+00:00","mainEntityOfPage":{"@id":"https:\/\/stourm.news\/?p=4794"},"wordCount":851,"commentCount":0,"publisher":{"@id":"https:\/\/stourm.news\/#organization"},"image":{"@id":"https:\/\/stourm.news\/?p=4794#primaryimage"},"thumbnailUrl":"https:\/\/stourm.news\/wp-content\/uploads\/2025\/10\/borloo000_Par6269493_0.jpg","articleSection":["Politique","Principale"],"inLanguage":"fr-FR","potentialAction":[{"@type":"CommentAction","name":"Comment","target":["https:\/\/stourm.news\/?p=4794#respond"]}]},{"@type":"WebPage","@id":"https:\/\/stourm.news\/?p=4794","url":"https:\/\/stourm.news\/?p=4794","name":"Borloo dynamite l'\u00c9tat jacobin et propose une France f\u00e9d\u00e9rale - STOURM","isPartOf":{"@id":"https:\/\/stourm.news\/#website"},"primaryImageOfPage":{"@id":"https:\/\/stourm.news\/?p=4794#primaryimage"},"image":{"@id":"https:\/\/stourm.news\/?p=4794#primaryimage"},"thumbnailUrl":"https:\/\/stourm.news\/wp-content\/uploads\/2025\/10\/borloo000_Par6269493_0.jpg","datePublished":"2025-10-14T10:53:12+00:00","breadcrumb":{"@id":"https:\/\/stourm.news\/?p=4794#breadcrumb"},"inLanguage":"fr-FR","potentialAction":[{"@type":"ReadAction","target":["https:\/\/stourm.news\/?p=4794"]}]},{"@type":"ImageObject","inLanguage":"fr-FR","@id":"https:\/\/stourm.news\/?p=4794#primaryimage","url":"https:\/\/stourm.news\/wp-content\/uploads\/2025\/10\/borloo000_Par6269493_0.jpg","contentUrl":"https:\/\/stourm.news\/wp-content\/uploads\/2025\/10\/borloo000_Par6269493_0.jpg","width":1024,"height":576,"caption":"Former Environment minister and president of the Radical Party Jean-Louis Borloo speaks during the 111th Radical Party (PR) meeting in Paris on May 14, 2011. Radical Party votes to separate with UMP Presidential Party and to join the New Center party national council. AFP PHOTO \/ PIERRE VERDY"},{"@type":"BreadcrumbList","@id":"https:\/\/stourm.news\/?p=4794#breadcrumb","itemListElement":[{"@type":"ListItem","position":1,"name":"Accueil","item":"https:\/\/stourm.news\/"},{"@type":"ListItem","position":2,"name":"Borloo dynamite l&rsquo;\u00c9tat jacobin et propose une France f\u00e9d\u00e9rale"}]},{"@type":"WebSite","@id":"https:\/\/stourm.news\/#website","url":"https:\/\/stourm.news\/","name":"Stourm","description":"Kazetenn Strollad Broadel Breizh","publisher":{"@id":"https:\/\/stourm.news\/#organization"},"potentialAction":[{"@type":"SearchAction","target":{"@type":"EntryPoint","urlTemplate":"https:\/\/stourm.news\/?s={search_term_string}"},"query-input":{"@type":"PropertyValueSpecification","valueRequired":true,"valueName":"search_term_string"}}],"inLanguage":"fr-FR"},{"@type":"Organization","@id":"https:\/\/stourm.news\/#organization","name":"Stourm","url":"https:\/\/stourm.news\/","logo":{"@type":"ImageObject","inLanguage":"fr-FR","@id":"https:\/\/stourm.news\/#\/schema\/logo\/image\/","url":"https:\/\/stourm.news\/wp-content\/uploads\/2025\/11\/cropped-Capture-decran-2025-11-28-a-15.19.07.png","contentUrl":"https:\/\/stourm.news\/wp-content\/uploads\/2025\/11\/cropped-Capture-decran-2025-11-28-a-15.19.07.png","width":1855,"height":383,"caption":"Stourm"},"image":{"@id":"https:\/\/stourm.news\/#\/schema\/logo\/image\/"},"sameAs":["https:\/\/www.facebook.com\/stourmnews\/"]},{"@type":"Person","@id":"https:\/\/stourm.news\/#\/schema\/person\/c3e1dc65988632e190969234ef046cf9","name":"La r\u00e9daction","image":{"@type":"ImageObject","inLanguage":"fr-FR","@id":"https:\/\/stourm.news\/#\/schema\/person\/image\/","url":"https:\/\/secure.gravatar.com\/avatar\/7463443f194b6b5fb706b074ca0ef59a0cfcfd720cb47764b0ec5a952ce422b3?s=96&d=mm&r=g","contentUrl":"https:\/\/secure.gravatar.com\/avatar\/7463443f194b6b5fb706b074ca0ef59a0cfcfd720cb47764b0ec5a952ce422b3?s=96&d=mm&r=g","caption":"La r\u00e9daction"},"sameAs":["https:\/\/stourm.news"],"url":"https:\/\/stourm.news\/?author=1"}]}},"_links":{"self":[{"href":"https:\/\/stourm.news\/index.php?rest_route=\/wp\/v2\/posts\/4794","targetHints":{"allow":["GET"]}}],"collection":[{"href":"https:\/\/stourm.news\/index.php?rest_route=\/wp\/v2\/posts"}],"about":[{"href":"https:\/\/stourm.news\/index.php?rest_route=\/wp\/v2\/types\/post"}],"author":[{"embeddable":true,"href":"https:\/\/stourm.news\/index.php?rest_route=\/wp\/v2\/users\/1"}],"replies":[{"embeddable":true,"href":"https:\/\/stourm.news\/index.php?rest_route=%2Fwp%2Fv2%2Fcomments&post=4794"}],"version-history":[{"count":1,"href":"https:\/\/stourm.news\/index.php?rest_route=\/wp\/v2\/posts\/4794\/revisions"}],"predecessor-version":[{"id":4796,"href":"https:\/\/stourm.news\/index.php?rest_route=\/wp\/v2\/posts\/4794\/revisions\/4796"}],"wp:featuredmedia":[{"embeddable":true,"href":"https:\/\/stourm.news\/index.php?rest_route=\/wp\/v2\/media\/4795"}],"wp:attachment":[{"href":"https:\/\/stourm.news\/index.php?rest_route=%2Fwp%2Fv2%2Fmedia&parent=4794"}],"wp:term":[{"taxonomy":"category","embeddable":true,"href":"https:\/\/stourm.news\/index.php?rest_route=%2Fwp%2Fv2%2Fcategories&post=4794"},{"taxonomy":"post_tag","embeddable":true,"href":"https:\/\/stourm.news\/index.php?rest_route=%2Fwp%2Fv2%2Ftags&post=4794"}],"curies":[{"name":"wp","href":"https:\/\/api.w.org\/{rel}","templated":true}]}}