{"id":4797,"date":"2025-10-15T08:38:03","date_gmt":"2025-10-15T08:38:03","guid":{"rendered":"https:\/\/stourm.news\/?p=4797"},"modified":"2025-10-15T08:38:03","modified_gmt":"2025-10-15T08:38:03","slug":"vers-lautonomie-bretonne-le-chaos-francais-ouvre-une-opportunite-historique-pour-la-bretagne","status":"publish","type":"post","link":"https:\/\/stourm.news\/?p=4797","title":{"rendered":"Vers l&rsquo;autonomie bretonne : le chaos fran\u00e7ais ouvre une opportunit\u00e9 historique pour la Bretagne"},"content":{"rendered":"<p style=\"text-align: justify;\">Dans un contexte o\u00f9 l&rsquo;\u00c9tat fran\u00e7ais ploie sous le poids de ses contradictions internes, la nation bretonne se trouve \u00e0 un carrefour d\u00e9cisif. Les graves difficult\u00e9s financi\u00e8res qui minent Paris \u2013 une dette publique d\u00e9passant les 3 300 milliards d&rsquo;euros, un d\u00e9ficit budg\u00e9taire chronique fr\u00f4lant les 5 % du PIB selon les projections de la Cour des comptes \u2013 ne sont plus de simples al\u00e9as conjoncturels, mais les sympt\u00f4mes d&rsquo;une paralysie syst\u00e9mique. Ajoutez \u00e0 cela une bureaucratie tentaculaire, h\u00e9rit\u00e9e de la centralisation napol\u00e9onienne, qui \u00e9touffe les initiatives par des strates administratives infinies et des normes uniformes inadapt\u00e9es aux r\u00e9alit\u00e9s des peuples de l&rsquo;Hexagone. Enfin, la balkanisation larv\u00e9e du pays, acc\u00e9l\u00e9r\u00e9e par une immigration de masse, redessine la carte d\u00e9mographique : dans les jeunes g\u00e9n\u00e9rations, les volumes de remplacement atteignent des niveaux alarmants, avec plus de 30 % des naissances issues de l&rsquo;immigration extra-europ\u00e9enne dans certaines zones urbaines, selon les donn\u00e9es de l&rsquo;INSEE.<\/p>\n<p style=\"text-align: justify;\">Ces fractures soci\u00e9tales fragmentent l&rsquo;Hexagone en enclaves culturelles et \u00e9conomiques disjointes. Pour la Bretagne, nation historique aux racines profondes, ces faiblesses centrales ouvrent des opportunit\u00e9s in\u00e9dites pour reconqu\u00e9rir une autonomie substantielle, premier pas vers le retour de son ind\u00e9pendance pleine et enti\u00e8re. L&rsquo;\u00c9tat fran\u00e7ais, engonc\u00e9 dans son jacobinisme s\u00e9culaire, vacille. Sa paralysie bureaucratique n&rsquo;est pas qu&rsquo;administrative : elle est politique et id\u00e9ologique. Les r\u00e9formes promises \u2013 simplification des normes, d\u00e9centralisation r\u00e9elle \u2013 se heurtent \u00e0 un mur de r\u00e9sistances corporatistes et sectorielles qu&rsquo;aucune force politique ne veut surmonter. Les hauts fonctionnaires parisiens, gardiens de ce pouvoir hyper centralis\u00e9, bloquent toute d\u00e9volution significative, craignant pour leurs pr\u00e9rogatives. Pendant ce temps, les pays comme la Bretagne paient le prix : taxation tous azimuts, client\u00e9lisme \u00e0 coups de subventions al\u00e9atoires, infrastructures sous-financ\u00e9es. Les difficult\u00e9s financi\u00e8res aggravent cela : avec une notation cr\u00e9dit d\u00e9grad\u00e9e et des taux d&rsquo;int\u00e9r\u00eat en hausse, l&rsquo;\u00c9tat fran\u00e7ais rogne sur les dotations aux collectivit\u00e9s, for\u00e7ant celles-ci \u00e0 une aust\u00e9rit\u00e9 qui ne dit pas son nom. <span style=\"font-family: var(--viral-mag-body-family, Poppins); font-size: var(--viral-mag-body-size, 16px); font-style: var(--viral-mag-body-style, normal); letter-spacing: var(--viral-mag-body-letter-spacing, 0); text-transform: var(--viral-mag-body-text-transform, none); text-decoration: var(--viral-mag-body-text-decoration, none);\">En Bretagne, o\u00f9 l&rsquo;\u00e9conomie maritime, agroalimentaire et touristique g\u00e9n\u00e8re d\u00e9j\u00e0 une part significative du PIB national, cette pression pourrait transformer la contrainte en levier gr\u00e2ce \u00e0 une gestion autonome des ports de Brest et Lorient et une fiscalit\u00e9 adapt\u00e9e aux sp\u00e9cificit\u00e9s bretonnes, lib\u00e9r\u00e9e des cha\u00eenes parisiennes.<\/span><\/p>\n<p style=\"text-align: justify;\">\u00c0 cette crise s&rsquo;ajoute la balkanisation d\u00e9mographique, qui \u00e9rode le mythe d&rsquo;une France une et indivisible. L&rsquo;immigration de masse, avec ses flux annuels d\u00e9passant les 500 000 entr\u00e9es l\u00e9gales et ill\u00e9gales combin\u00e9es, modifie profond\u00e9ment la composition des jeunes g\u00e9n\u00e9rations. Dans les grandes m\u00e9tropoles, les quartiers sont d\u00e9j\u00e0 communautaris\u00e9s, cr\u00e9ant des enclaves ethniques o\u00f9 l&rsquo;ancienne culture dominante a disparu. Ce remplacement d\u00e9mographique \u2013 un terme cru mais factuel, soutenu par les analyses de d\u00e9mographes comme Mich\u00e8le Tribalat \u2013 n&rsquo;est pas seulement quantitatif ; il est culturel. En Bretagne, cela ravive un sentiment de pr\u00e9servation : pourquoi diluer une identit\u00e9 mill\u00e9naire dans un melting-pot chaotique impos\u00e9 par Paris ? Cette fragmentation affaiblit l&rsquo;\u00c9tat central, rendant obsol\u00e8te son contr\u00f4le sur des nations p\u00e9riph\u00e9riques comme la n\u00f4tre. L&rsquo;opportunit\u00e9 ? N\u00e9gocier, \u00e0 la faveur du marasme croissant, une autonomie fiscale et l\u00e9gislative.<\/p>\n<p style=\"text-align: justify;\">Un coup de force n\u00e9o-jacobin, port\u00e9 par le Rassemblement National (RN) et quelques partis r\u00e9actionnaires, semble in\u00e9vitable mais vou\u00e9 \u00e0 l&rsquo;\u00e9chec. Le RN, nostalgique d&rsquo;un nationalisme h\u00e9rit\u00e9 de 1793, promet de raviver la flamme de Valmy : recentralisation autoritaire avec l&rsquo;abolition des r\u00e9gions administratives, retour \u00e0 une hyper centralisation qui, paradoxalement, ne ferait que renforcer une \u00e9lite parisienne visc\u00e9ralement hostile au RN. Pourtant, ce cycle est en fin de course. Le jacobinisme, n\u00e9 de la Terreur et de la guillotine, a \u00e9puis\u00e9 sa l\u00e9gitimit\u00e9. Les sondages (Ifop, 2023) montrent un soutien croissant aux autonomies r\u00e9gionales chez les jeunes, tandis que le RN, quoique puissant, peine \u00e0 d\u00e9passer un tiers de l&rsquo;\u00e9lectorat au premier tour et fait face \u00e0 une sourde opposition de la part des grands centres urbains fran\u00e7ais. Son programme, fond\u00e9 sur le mythe d&rsquo;un \u00c9tat fort mais impuissant financi\u00e8rement, ignore les r\u00e9alit\u00e9s bretonnes : notre langue, nos droits, notre \u00e9conomie oc\u00e9anique. Un tel coup de force n\u00e9o-jacobin ne ferait qu&rsquo;acc\u00e9l\u00e9rer la d\u00e9sint\u00e9gration, poussant la Bretagne vers une s\u00e9cession douce.<\/p>\n<p style=\"text-align: justify;\">Mieux vaut anticiper : les Bretons doivent utiliser l&rsquo;\u00e9chec pr\u00e9visible de cette illusion pour avancer leurs pions. C&rsquo;est ici qu&rsquo;\u00e9merge la piste alternative, inspir\u00e9e, entre autres, des propositions r\u00e9centes de Jean-Louis Borloo pour une f\u00e9d\u00e9ralisation de l&rsquo;\u00c9tat fran\u00e7ais. La f\u00e9d\u00e9ralisation pourrait s&rsquo;imposer par la force des choses, sous la pression du sous-financement chronique de l&rsquo;\u00c9tat central. Avec des caisses vides, Paris ne pourra plus tenir ses promesses vis-\u00e0-vis des p\u00e9riph\u00e9ries. Les transferts vers les nations comme la Bretagne \u2013 d\u00e9j\u00e0 en baisse de 10 % depuis 2020 \u2013 s&rsquo;ass\u00e9cheront, alimentant le m\u00e9contentement g\u00e9n\u00e9ral et alimentant la volont\u00e9 d&rsquo;une d\u00e9volution forc\u00e9e. Ajoutez les facteurs connexes : gr\u00e8ves r\u00e9currentes, tensions sociales n\u00e9es de l&rsquo;immigration. La Bretagne, avec son PIB par habitant sup\u00e9rieur \u00e0 la moyenne hexagonale, doit se tenir pr\u00eate. Une autonomie fiscale permettrait de retenir une grande part des imp\u00f4ts bretons, investis dans les secteurs strat\u00e9giques de notre \u00e9conomie. Pas de grand soir r\u00e9volutionnaire, mais une \u00e9rosion progressive habilement poursuivie : n\u00e9gociations bilat\u00e9rales, r\u00e9f\u00e9rendums. Les faiblesses fran\u00e7aises \u2013 financi\u00e8res, bureaucratiques, d\u00e9mographiques \u2013 sont nos atouts. L&rsquo;\u00e9chec du mouvement n\u00e9o-jacobin port\u00e9 par le RN ouvrira la br\u00e8che, impos\u00e9e par la n\u00e9cessit\u00e9, et la consolidera. Une ind\u00e9pendance, \u00e9tape par \u00e9tape, en saisissant cette fen\u00eatre historique. Il est temps d&rsquo;agir, avant que le chaos ne nous submerge tous.<\/p>\n<p style=\"text-align: right;\"><strong>Budig Gourmaelon<\/strong><\/p>\n","protected":false},"excerpt":{"rendered":"<p>Dans un contexte o\u00f9 l&rsquo;\u00c9tat fran\u00e7ais ploie sous le poids de ses contradictions internes, la nation bretonne se trouve \u00e0 un carrefour d\u00e9cisif. Les graves difficult\u00e9s financi\u00e8res qui minent Paris \u2013 une dette publique d\u00e9passant les 3 300 milliards d&rsquo;euros, un d\u00e9ficit budg\u00e9taire chronique fr\u00f4lant les 5 % du PIB selon les projections de la [&hellip;]<\/p>\n","protected":false},"author":1,"featured_media":4798,"comment_status":"open","ping_status":"open","sticky":false,"template":"","format":"standard","meta":{"sb_editor_width":"","footnotes":""},"categories":[63,65],"tags":[],"class_list":["post-4797","post","type-post","status-publish","format-standard","has-post-thumbnail","hentry","category-editorial","category-principale"],"relative_dates":{"created":"7 mois ago","modified":"7 mois ago"},"yoast_head":"<!-- This site is optimized with the Yoast SEO plugin v26.3 - https:\/\/yoast.com\/wordpress\/plugins\/seo\/ -->\n<title>Vers l&#039;autonomie bretonne : le chaos fran\u00e7ais ouvre une opportunit\u00e9 historique pour la Bretagne - STOURM<\/title>\n<meta name=\"robots\" content=\"index, follow, max-snippet:-1, max-image-preview:large, max-video-preview:-1\" \/>\n<link rel=\"canonical\" href=\"https:\/\/stourm.news\/?p=4797\" \/>\n<meta property=\"og:locale\" content=\"fr_FR\" \/>\n<meta property=\"og:type\" content=\"article\" \/>\n<meta property=\"og:title\" content=\"Vers l&#039;autonomie bretonne : le chaos fran\u00e7ais ouvre une opportunit\u00e9 historique pour la Bretagne - STOURM\" \/>\n<meta property=\"og:description\" content=\"Dans un contexte o\u00f9 l&rsquo;\u00c9tat fran\u00e7ais ploie sous le poids de ses contradictions internes, la nation bretonne se trouve \u00e0 un carrefour d\u00e9cisif. Les graves difficult\u00e9s financi\u00e8res qui minent Paris \u2013 une dette publique d\u00e9passant les 3 300 milliards d&rsquo;euros, un d\u00e9ficit budg\u00e9taire chronique fr\u00f4lant les 5 % du PIB selon les projections de la [&hellip;]\" \/>\n<meta property=\"og:url\" content=\"https:\/\/stourm.news\/?p=4797\" \/>\n<meta property=\"og:site_name\" content=\"STOURM\" \/>\n<meta property=\"article:publisher\" content=\"https:\/\/www.facebook.com\/stourmnews\/\" \/>\n<meta property=\"article:published_time\" content=\"2025-10-15T08:38:03+00:00\" \/>\n<meta property=\"og:image\" content=\"https:\/\/stourm.news\/wp-content\/uploads\/2025\/10\/1510223-un-drapeau-breton-illustration.jpg\" \/>\n\t<meta property=\"og:image:width\" content=\"2000\" \/>\n\t<meta property=\"og:image:height\" content=\"2000\" \/>\n\t<meta property=\"og:image:type\" content=\"image\/jpeg\" \/>\n<meta name=\"author\" content=\"La r\u00e9daction\" \/>\n<meta name=\"twitter:card\" content=\"summary_large_image\" \/>\n<meta name=\"twitter:label1\" content=\"\u00c9crit par\" \/>\n\t<meta name=\"twitter:data1\" content=\"La r\u00e9daction\" \/>\n\t<meta name=\"twitter:label2\" content=\"Dur\u00e9e de lecture estim\u00e9e\" \/>\n\t<meta name=\"twitter:data2\" content=\"5 minutes\" \/>\n<script type=\"application\/ld+json\" class=\"yoast-schema-graph\">{\"@context\":\"https:\/\/schema.org\",\"@graph\":[{\"@type\":\"Article\",\"@id\":\"https:\/\/stourm.news\/?p=4797#article\",\"isPartOf\":{\"@id\":\"https:\/\/stourm.news\/?p=4797\"},\"author\":{\"name\":\"La r\u00e9daction\",\"@id\":\"https:\/\/stourm.news\/#\/schema\/person\/c3e1dc65988632e190969234ef046cf9\"},\"headline\":\"Vers l&rsquo;autonomie bretonne : le chaos fran\u00e7ais ouvre une opportunit\u00e9 historique pour la Bretagne\",\"datePublished\":\"2025-10-15T08:38:03+00:00\",\"mainEntityOfPage\":{\"@id\":\"https:\/\/stourm.news\/?p=4797\"},\"wordCount\":1040,\"commentCount\":0,\"publisher\":{\"@id\":\"https:\/\/stourm.news\/#organization\"},\"image\":{\"@id\":\"https:\/\/stourm.news\/?p=4797#primaryimage\"},\"thumbnailUrl\":\"https:\/\/stourm.news\/wp-content\/uploads\/2025\/10\/1510223-un-drapeau-breton-illustration.jpg\",\"articleSection\":[\"Editorial\",\"Principale\"],\"inLanguage\":\"fr-FR\",\"potentialAction\":[{\"@type\":\"CommentAction\",\"name\":\"Comment\",\"target\":[\"https:\/\/stourm.news\/?p=4797#respond\"]}]},{\"@type\":\"WebPage\",\"@id\":\"https:\/\/stourm.news\/?p=4797\",\"url\":\"https:\/\/stourm.news\/?p=4797\",\"name\":\"Vers l'autonomie bretonne : le chaos fran\u00e7ais ouvre une opportunit\u00e9 historique pour la Bretagne - STOURM\",\"isPartOf\":{\"@id\":\"https:\/\/stourm.news\/#website\"},\"primaryImageOfPage\":{\"@id\":\"https:\/\/stourm.news\/?p=4797#primaryimage\"},\"image\":{\"@id\":\"https:\/\/stourm.news\/?p=4797#primaryimage\"},\"thumbnailUrl\":\"https:\/\/stourm.news\/wp-content\/uploads\/2025\/10\/1510223-un-drapeau-breton-illustration.jpg\",\"datePublished\":\"2025-10-15T08:38:03+00:00\",\"breadcrumb\":{\"@id\":\"https:\/\/stourm.news\/?p=4797#breadcrumb\"},\"inLanguage\":\"fr-FR\",\"potentialAction\":[{\"@type\":\"ReadAction\",\"target\":[\"https:\/\/stourm.news\/?p=4797\"]}]},{\"@type\":\"ImageObject\",\"inLanguage\":\"fr-FR\",\"@id\":\"https:\/\/stourm.news\/?p=4797#primaryimage\",\"url\":\"https:\/\/stourm.news\/wp-content\/uploads\/2025\/10\/1510223-un-drapeau-breton-illustration.jpg\",\"contentUrl\":\"https:\/\/stourm.news\/wp-content\/uploads\/2025\/10\/1510223-un-drapeau-breton-illustration.jpg\",\"width\":2000,\"height\":2000},{\"@type\":\"BreadcrumbList\",\"@id\":\"https:\/\/stourm.news\/?p=4797#breadcrumb\",\"itemListElement\":[{\"@type\":\"ListItem\",\"position\":1,\"name\":\"Accueil\",\"item\":\"https:\/\/stourm.news\/\"},{\"@type\":\"ListItem\",\"position\":2,\"name\":\"Vers l&rsquo;autonomie bretonne : le chaos fran\u00e7ais ouvre une opportunit\u00e9 historique pour la Bretagne\"}]},{\"@type\":\"WebSite\",\"@id\":\"https:\/\/stourm.news\/#website\",\"url\":\"https:\/\/stourm.news\/\",\"name\":\"Stourm\",\"description\":\"Kazetenn Strollad Broadel Breizh\",\"publisher\":{\"@id\":\"https:\/\/stourm.news\/#organization\"},\"potentialAction\":[{\"@type\":\"SearchAction\",\"target\":{\"@type\":\"EntryPoint\",\"urlTemplate\":\"https:\/\/stourm.news\/?s={search_term_string}\"},\"query-input\":{\"@type\":\"PropertyValueSpecification\",\"valueRequired\":true,\"valueName\":\"search_term_string\"}}],\"inLanguage\":\"fr-FR\"},{\"@type\":\"Organization\",\"@id\":\"https:\/\/stourm.news\/#organization\",\"name\":\"Stourm\",\"url\":\"https:\/\/stourm.news\/\",\"logo\":{\"@type\":\"ImageObject\",\"inLanguage\":\"fr-FR\",\"@id\":\"https:\/\/stourm.news\/#\/schema\/logo\/image\/\",\"url\":\"https:\/\/stourm.news\/wp-content\/uploads\/2025\/11\/cropped-Capture-decran-2025-11-28-a-15.19.07.png\",\"contentUrl\":\"https:\/\/stourm.news\/wp-content\/uploads\/2025\/11\/cropped-Capture-decran-2025-11-28-a-15.19.07.png\",\"width\":1855,\"height\":383,\"caption\":\"Stourm\"},\"image\":{\"@id\":\"https:\/\/stourm.news\/#\/schema\/logo\/image\/\"},\"sameAs\":[\"https:\/\/www.facebook.com\/stourmnews\/\"]},{\"@type\":\"Person\",\"@id\":\"https:\/\/stourm.news\/#\/schema\/person\/c3e1dc65988632e190969234ef046cf9\",\"name\":\"La r\u00e9daction\",\"image\":{\"@type\":\"ImageObject\",\"inLanguage\":\"fr-FR\",\"@id\":\"https:\/\/stourm.news\/#\/schema\/person\/image\/\",\"url\":\"https:\/\/secure.gravatar.com\/avatar\/7463443f194b6b5fb706b074ca0ef59a0cfcfd720cb47764b0ec5a952ce422b3?s=96&d=mm&r=g\",\"contentUrl\":\"https:\/\/secure.gravatar.com\/avatar\/7463443f194b6b5fb706b074ca0ef59a0cfcfd720cb47764b0ec5a952ce422b3?s=96&d=mm&r=g\",\"caption\":\"La r\u00e9daction\"},\"sameAs\":[\"https:\/\/stourm.news\"],\"url\":\"https:\/\/stourm.news\/?author=1\"}]}<\/script>\n<!-- \/ Yoast SEO plugin. -->","yoast_head_json":{"title":"Vers l'autonomie bretonne : le chaos fran\u00e7ais ouvre une opportunit\u00e9 historique pour la Bretagne - STOURM","robots":{"index":"index","follow":"follow","max-snippet":"max-snippet:-1","max-image-preview":"max-image-preview:large","max-video-preview":"max-video-preview:-1"},"canonical":"https:\/\/stourm.news\/?p=4797","og_locale":"fr_FR","og_type":"article","og_title":"Vers l'autonomie bretonne : le chaos fran\u00e7ais ouvre une opportunit\u00e9 historique pour la Bretagne - STOURM","og_description":"Dans un contexte o\u00f9 l&rsquo;\u00c9tat fran\u00e7ais ploie sous le poids de ses contradictions internes, la nation bretonne se trouve \u00e0 un carrefour d\u00e9cisif. Les graves difficult\u00e9s financi\u00e8res qui minent Paris \u2013 une dette publique d\u00e9passant les 3 300 milliards d&rsquo;euros, un d\u00e9ficit budg\u00e9taire chronique fr\u00f4lant les 5 % du PIB selon les projections de la [&hellip;]","og_url":"https:\/\/stourm.news\/?p=4797","og_site_name":"STOURM","article_publisher":"https:\/\/www.facebook.com\/stourmnews\/","article_published_time":"2025-10-15T08:38:03+00:00","og_image":[{"width":2000,"height":2000,"url":"https:\/\/stourm.news\/wp-content\/uploads\/2025\/10\/1510223-un-drapeau-breton-illustration.jpg","type":"image\/jpeg"}],"author":"La r\u00e9daction","twitter_card":"summary_large_image","twitter_misc":{"\u00c9crit par":"La r\u00e9daction","Dur\u00e9e de lecture estim\u00e9e":"5 minutes"},"schema":{"@context":"https:\/\/schema.org","@graph":[{"@type":"Article","@id":"https:\/\/stourm.news\/?p=4797#article","isPartOf":{"@id":"https:\/\/stourm.news\/?p=4797"},"author":{"name":"La r\u00e9daction","@id":"https:\/\/stourm.news\/#\/schema\/person\/c3e1dc65988632e190969234ef046cf9"},"headline":"Vers l&rsquo;autonomie bretonne : le chaos fran\u00e7ais ouvre une opportunit\u00e9 historique pour la Bretagne","datePublished":"2025-10-15T08:38:03+00:00","mainEntityOfPage":{"@id":"https:\/\/stourm.news\/?p=4797"},"wordCount":1040,"commentCount":0,"publisher":{"@id":"https:\/\/stourm.news\/#organization"},"image":{"@id":"https:\/\/stourm.news\/?p=4797#primaryimage"},"thumbnailUrl":"https:\/\/stourm.news\/wp-content\/uploads\/2025\/10\/1510223-un-drapeau-breton-illustration.jpg","articleSection":["Editorial","Principale"],"inLanguage":"fr-FR","potentialAction":[{"@type":"CommentAction","name":"Comment","target":["https:\/\/stourm.news\/?p=4797#respond"]}]},{"@type":"WebPage","@id":"https:\/\/stourm.news\/?p=4797","url":"https:\/\/stourm.news\/?p=4797","name":"Vers l'autonomie bretonne : le chaos fran\u00e7ais ouvre une opportunit\u00e9 historique pour la Bretagne - STOURM","isPartOf":{"@id":"https:\/\/stourm.news\/#website"},"primaryImageOfPage":{"@id":"https:\/\/stourm.news\/?p=4797#primaryimage"},"image":{"@id":"https:\/\/stourm.news\/?p=4797#primaryimage"},"thumbnailUrl":"https:\/\/stourm.news\/wp-content\/uploads\/2025\/10\/1510223-un-drapeau-breton-illustration.jpg","datePublished":"2025-10-15T08:38:03+00:00","breadcrumb":{"@id":"https:\/\/stourm.news\/?p=4797#breadcrumb"},"inLanguage":"fr-FR","potentialAction":[{"@type":"ReadAction","target":["https:\/\/stourm.news\/?p=4797"]}]},{"@type":"ImageObject","inLanguage":"fr-FR","@id":"https:\/\/stourm.news\/?p=4797#primaryimage","url":"https:\/\/stourm.news\/wp-content\/uploads\/2025\/10\/1510223-un-drapeau-breton-illustration.jpg","contentUrl":"https:\/\/stourm.news\/wp-content\/uploads\/2025\/10\/1510223-un-drapeau-breton-illustration.jpg","width":2000,"height":2000},{"@type":"BreadcrumbList","@id":"https:\/\/stourm.news\/?p=4797#breadcrumb","itemListElement":[{"@type":"ListItem","position":1,"name":"Accueil","item":"https:\/\/stourm.news\/"},{"@type":"ListItem","position":2,"name":"Vers l&rsquo;autonomie bretonne : le chaos fran\u00e7ais ouvre une opportunit\u00e9 historique pour la Bretagne"}]},{"@type":"WebSite","@id":"https:\/\/stourm.news\/#website","url":"https:\/\/stourm.news\/","name":"Stourm","description":"Kazetenn Strollad Broadel Breizh","publisher":{"@id":"https:\/\/stourm.news\/#organization"},"potentialAction":[{"@type":"SearchAction","target":{"@type":"EntryPoint","urlTemplate":"https:\/\/stourm.news\/?s={search_term_string}"},"query-input":{"@type":"PropertyValueSpecification","valueRequired":true,"valueName":"search_term_string"}}],"inLanguage":"fr-FR"},{"@type":"Organization","@id":"https:\/\/stourm.news\/#organization","name":"Stourm","url":"https:\/\/stourm.news\/","logo":{"@type":"ImageObject","inLanguage":"fr-FR","@id":"https:\/\/stourm.news\/#\/schema\/logo\/image\/","url":"https:\/\/stourm.news\/wp-content\/uploads\/2025\/11\/cropped-Capture-decran-2025-11-28-a-15.19.07.png","contentUrl":"https:\/\/stourm.news\/wp-content\/uploads\/2025\/11\/cropped-Capture-decran-2025-11-28-a-15.19.07.png","width":1855,"height":383,"caption":"Stourm"},"image":{"@id":"https:\/\/stourm.news\/#\/schema\/logo\/image\/"},"sameAs":["https:\/\/www.facebook.com\/stourmnews\/"]},{"@type":"Person","@id":"https:\/\/stourm.news\/#\/schema\/person\/c3e1dc65988632e190969234ef046cf9","name":"La r\u00e9daction","image":{"@type":"ImageObject","inLanguage":"fr-FR","@id":"https:\/\/stourm.news\/#\/schema\/person\/image\/","url":"https:\/\/secure.gravatar.com\/avatar\/7463443f194b6b5fb706b074ca0ef59a0cfcfd720cb47764b0ec5a952ce422b3?s=96&d=mm&r=g","contentUrl":"https:\/\/secure.gravatar.com\/avatar\/7463443f194b6b5fb706b074ca0ef59a0cfcfd720cb47764b0ec5a952ce422b3?s=96&d=mm&r=g","caption":"La r\u00e9daction"},"sameAs":["https:\/\/stourm.news"],"url":"https:\/\/stourm.news\/?author=1"}]}},"_links":{"self":[{"href":"https:\/\/stourm.news\/index.php?rest_route=\/wp\/v2\/posts\/4797","targetHints":{"allow":["GET"]}}],"collection":[{"href":"https:\/\/stourm.news\/index.php?rest_route=\/wp\/v2\/posts"}],"about":[{"href":"https:\/\/stourm.news\/index.php?rest_route=\/wp\/v2\/types\/post"}],"author":[{"embeddable":true,"href":"https:\/\/stourm.news\/index.php?rest_route=\/wp\/v2\/users\/1"}],"replies":[{"embeddable":true,"href":"https:\/\/stourm.news\/index.php?rest_route=%2Fwp%2Fv2%2Fcomments&post=4797"}],"version-history":[{"count":1,"href":"https:\/\/stourm.news\/index.php?rest_route=\/wp\/v2\/posts\/4797\/revisions"}],"predecessor-version":[{"id":4799,"href":"https:\/\/stourm.news\/index.php?rest_route=\/wp\/v2\/posts\/4797\/revisions\/4799"}],"wp:featuredmedia":[{"embeddable":true,"href":"https:\/\/stourm.news\/index.php?rest_route=\/wp\/v2\/media\/4798"}],"wp:attachment":[{"href":"https:\/\/stourm.news\/index.php?rest_route=%2Fwp%2Fv2%2Fmedia&parent=4797"}],"wp:term":[{"taxonomy":"category","embeddable":true,"href":"https:\/\/stourm.news\/index.php?rest_route=%2Fwp%2Fv2%2Fcategories&post=4797"},{"taxonomy":"post_tag","embeddable":true,"href":"https:\/\/stourm.news\/index.php?rest_route=%2Fwp%2Fv2%2Ftags&post=4797"}],"curies":[{"name":"wp","href":"https:\/\/api.w.org\/{rel}","templated":true}]}}