{"id":4800,"date":"2025-10-15T08:57:13","date_gmt":"2025-10-15T08:57:13","guid":{"rendered":"https:\/\/stourm.news\/?p=4800"},"modified":"2025-10-15T08:57:13","modified_gmt":"2025-10-15T08:57:13","slug":"mobilisation-a-luniversite-de-brest-contre-le-sabotage-des-etudes-celtiques-par-le-gouvernement-de-paris","status":"publish","type":"post","link":"https:\/\/stourm.news\/?p=4800","title":{"rendered":"Mobilisation \u00e0 l&rsquo;universit\u00e9 de Brest contre le sabotage des \u00e9tudes celtiques par le gouvernement de Paris"},"content":{"rendered":"<p style=\"text-align: justify;\"><strong><a href=\"https:\/\/www.letelegramme.fr\/finistere\/brest-29200\/a-brest-une-mobilisation-pour-defendre-le-master-langues-et-cultures-celtiques-en-contact-ce-jeudi-a-lubo-6908647.php\">L&rsquo;article du T\u00e9l\u00e9gramme<\/a> <\/strong>du 15 octobre 2025, intitul\u00e9 \u00ab \u00c0 Brest, une mobilisation pour d\u00e9fendre le master \u2018Langues et cultures celtiques en contact\u2019 ce jeudi \u00e0 l\u2019UBO \u00bb, met en lumi\u00e8re un scandale qui d\u00e9passe de loin les murs de l&rsquo;Universit\u00e9 de Bretagne occidentale (UBO). Il r\u00e9v\u00e8le l&rsquo;agonie programm\u00e9e d&rsquo;un joyau acad\u00e9mique unique en Europe : un master interdisciplinaire d\u00e9di\u00e9 aux langues et cultures celtiques (breton, gallois, irlandais). En suspendant ce programme \u00e0 la rentr\u00e9e 2025 et en le mena\u00e7ant de disparition d\u00e9finitive en 2026 pour \u00ab manque de moyens \u00bb, Paris ach\u00e8ve d&rsquo;\u00e9touffer les \u00e9tudes celtiques.<\/p>\n<p style=\"text-align: justify;\">Critiquons d&rsquo;abord l&rsquo;article lui-m\u00eame. Bien qu&rsquo;informatif, il p\u00e8che par une neutralit\u00e9 complice qui minimise l&rsquo;ampleur de l&rsquo;enjeu. Les enseignants, cit\u00e9s \u00e0 juste titre, d\u00e9plorent un \u00ab g\u00e2chis irr\u00e9parable \u00bb. Ils soulignent comment l&rsquo;UBO, nomm\u00e9e Bretagne occidentale, pourrait se s\u00e9parer d&rsquo;une formation embl\u00e9matique forg\u00e9e par des d\u00e9cennies de liens avec l&rsquo;Irlande et le Pays de Galles, attirant \u00e9tudiants \u00e9trangers. La p\u00e9tition, soutenue par des universitaires outre-Manche et des \u00e9lus locaux, t\u00e9moigne d&rsquo;un sursaut collectif. Pourtant, le T\u00e9l\u00e9gramme s&rsquo;abstient de pointer du doigt les vrais coupables : le minist\u00e8re de l&rsquo;\u00c9ducation fran\u00e7ais. Cette ti\u00e9deur journalistique, typique d&rsquo;une presse corset\u00e9e par les subventions parisiennes, transforme un appel au secours en simple fait divers, occultant le contexte plus large : une politique \u00e9ducative qui, sous couvert d&rsquo;\u00ab optimisation \u00bb, rase les droits culturels et politiques de la nation bretonne et de ses l\u00e9gitimes aspirations.<\/p>\n<p style=\"text-align: justify;\">Le manque de moyens invoqu\u00e9 n&rsquo;est pas fortuit ; c&rsquo;est le r\u00e9sultat d&rsquo;une dotation budg\u00e9taire biais\u00e9e, o\u00f9 les universit\u00e9s p\u00e9riph\u00e9riques comme l&rsquo;UBO re\u00e7oivent des miettes \u2013 moins de 20 % du budget national allou\u00e9 \u00e0 l&rsquo;enseignement sup\u00e9rieur, selon les rapports de la Cour des comptes \u2013 tandis que les Sorbonne et Polytechniques s&#8217;empiffrent. Depuis la r\u00e9forme Parcoursup et les fusions impos\u00e9es par Macron, les masters \u00ab non prioritaires \u00bb comme celui-ci sont les premi\u00e8res victimes. Les enseignants le rappellent : sans recrutement d&rsquo;un sp\u00e9cialiste en gallois ou irlandais, pas d&rsquo;accueil d&rsquo;\u00e9tudiants. C&rsquo;est une strat\u00e9gie d\u00e9lib\u00e9r\u00e9e pour \u00e9radiquer un champ d&rsquo;\u00e9tudes que la Bretagne a arrach\u00e9 \u00e0 l&rsquo;\u00c9tat fran\u00e7ais, align\u00e9 sur un imp\u00e9rialisme francophone qui voit dans le breton un reliquat archa\u00efque et un d\u00e9fi \u00e0 son h\u00e9g\u00e9monie. Le minist\u00e8re, par son inertie, cautionne une francisation forc\u00e9e qui a d\u00e9j\u00e0 r\u00e9duit les locuteurs bretons \u00e0 moins de 100 000 \u00e2mes. Cette n\u00e9gligence n&rsquo;est pas neutre : elle perp\u00e9tue une politique d&rsquo;\u00e9radication, niant \u00e0 la Bretagne son h\u00e9ritage au profit d&rsquo;un r\u00e9cit national forg\u00e9 en 1789, o\u00f9 les nations p\u00e9riph\u00e9riques sont des provinces dociles.<\/p>\n<p style=\"text-align: justify;\">Face \u00e0 cette d\u00e9rive, la solution n&rsquo;est pas dans des p\u00e9titions ou des manifestations sporadiques, mais dans une rupture radicale : la Bretagne doit devenir un \u00c9tat souverain, ma\u00eetre de son enseignement. Une Universit\u00e9 de Bretagne libre, financ\u00e9e par les imp\u00f4ts bretons et des partenariats celtiques directs, o\u00f9 l&rsquo;\u00e9tude des langues et cultures celtiques ne serait pas un tol\u00e9r\u00e9e, mais un pilier institutionnel. Dot\u00e9e de son minist\u00e8re de l&rsquo;\u00c9ducation, la nation bretonne pourrait multiplier les chaires : une en arch\u00e9ologie celtique \u00e0 Vannes, une en linguistique appliqu\u00e9e \u00e0 Rennes, avec des \u00e9changes fluides vers Dublin et Cardiff. Sans la tutelle parisienne, les budgets ne fuiraient plus vers l&rsquo;Hexagone ; ils serviraient \u00e0 num\u00e9riser les manuscrits des nations celtes, \u00e0 former des enseignants bilingues ou plurilingues. Cette souverainet\u00e9 \u00e9ducative est vitale. Le minist\u00e8re fran\u00e7ais de l&rsquo;\u00c9ducation, fossoyeur des nations r\u00e9elles, doit \u00eatre tenu pour responsable. Pour la Bretagne, l&rsquo;heure n&rsquo;est plus aux suppliques : c&rsquo;est celle de l&rsquo;ind\u00e9pendance, lib\u00e9r\u00e9e des cha\u00eenes jacobines. Sans cela, nous perdrons bien plus qu&rsquo;un master ; nous perdrons notre peuple et notre avenir.<\/p>\n<p style=\"text-align: right;\">Olier Kerdrel<\/p>\n","protected":false},"excerpt":{"rendered":"<p>L&rsquo;article du T\u00e9l\u00e9gramme du 15 octobre 2025, intitul\u00e9 \u00ab \u00c0 Brest, une mobilisation pour d\u00e9fendre le master \u2018Langues et cultures celtiques en contact\u2019 ce jeudi \u00e0 l\u2019UBO \u00bb, met en lumi\u00e8re un scandale qui d\u00e9passe de loin les murs de l&rsquo;Universit\u00e9 de Bretagne occidentale (UBO). Il r\u00e9v\u00e8le l&rsquo;agonie programm\u00e9e d&rsquo;un joyau acad\u00e9mique unique en Europe [&hellip;]<\/p>\n","protected":false},"author":1,"featured_media":4801,"comment_status":"open","ping_status":"open","sticky":false,"template":"","format":"standard","meta":{"sb_editor_width":"","footnotes":""},"categories":[58,43,38,88,65],"tags":[],"class_list":["post-4800","post","type-post","status-publish","format-standard","has-post-thumbnail","hentry","category-breizh","category-culture-bretonne","category-finistere","category-interceltisme","category-principale"],"relative_dates":{"created":"7 mois ago","modified":"7 mois ago"},"yoast_head":"<!-- This site is optimized with the Yoast SEO plugin v26.3 - https:\/\/yoast.com\/wordpress\/plugins\/seo\/ -->\n<title>Mobilisation \u00e0 l&#039;universit\u00e9 de Brest contre le sabotage des \u00e9tudes celtiques par le gouvernement de Paris - STOURM<\/title>\n<meta name=\"robots\" content=\"index, follow, max-snippet:-1, max-image-preview:large, max-video-preview:-1\" \/>\n<link rel=\"canonical\" href=\"https:\/\/stourm.news\/?p=4800\" \/>\n<meta property=\"og:locale\" content=\"fr_FR\" \/>\n<meta property=\"og:type\" content=\"article\" \/>\n<meta property=\"og:title\" content=\"Mobilisation \u00e0 l&#039;universit\u00e9 de Brest contre le sabotage des \u00e9tudes celtiques par le gouvernement de Paris - STOURM\" \/>\n<meta property=\"og:description\" content=\"L&rsquo;article du T\u00e9l\u00e9gramme du 15 octobre 2025, intitul\u00e9 \u00ab \u00c0 Brest, une mobilisation pour d\u00e9fendre le master \u2018Langues et cultures celtiques en contact\u2019 ce jeudi \u00e0 l\u2019UBO \u00bb, met en lumi\u00e8re un scandale qui d\u00e9passe de loin les murs de l&rsquo;Universit\u00e9 de Bretagne occidentale (UBO). Il r\u00e9v\u00e8le l&rsquo;agonie programm\u00e9e d&rsquo;un joyau acad\u00e9mique unique en Europe [&hellip;]\" \/>\n<meta property=\"og:url\" content=\"https:\/\/stourm.news\/?p=4800\" \/>\n<meta property=\"og:site_name\" content=\"STOURM\" \/>\n<meta property=\"article:publisher\" content=\"https:\/\/www.facebook.com\/stourmnews\/\" \/>\n<meta property=\"article:published_time\" content=\"2025-10-15T08:57:13+00:00\" \/>\n<meta property=\"og:image\" content=\"https:\/\/stourm.news\/wp-content\/uploads\/2025\/10\/ubo-photo-etablissement-scaled.jpg\" \/>\n\t<meta property=\"og:image:width\" content=\"2560\" \/>\n\t<meta property=\"og:image:height\" content=\"1578\" \/>\n\t<meta property=\"og:image:type\" content=\"image\/jpeg\" \/>\n<meta name=\"author\" content=\"La r\u00e9daction\" \/>\n<meta name=\"twitter:card\" content=\"summary_large_image\" \/>\n<meta name=\"twitter:label1\" content=\"\u00c9crit par\" \/>\n\t<meta name=\"twitter:data1\" content=\"La r\u00e9daction\" \/>\n\t<meta name=\"twitter:label2\" content=\"Dur\u00e9e de lecture estim\u00e9e\" \/>\n\t<meta name=\"twitter:data2\" content=\"3 minutes\" \/>\n<script type=\"application\/ld+json\" class=\"yoast-schema-graph\">{\"@context\":\"https:\/\/schema.org\",\"@graph\":[{\"@type\":\"Article\",\"@id\":\"https:\/\/stourm.news\/?p=4800#article\",\"isPartOf\":{\"@id\":\"https:\/\/stourm.news\/?p=4800\"},\"author\":{\"name\":\"La r\u00e9daction\",\"@id\":\"https:\/\/stourm.news\/#\/schema\/person\/c3e1dc65988632e190969234ef046cf9\"},\"headline\":\"Mobilisation \u00e0 l&rsquo;universit\u00e9 de Brest contre le sabotage des \u00e9tudes celtiques par le gouvernement de Paris\",\"datePublished\":\"2025-10-15T08:57:13+00:00\",\"mainEntityOfPage\":{\"@id\":\"https:\/\/stourm.news\/?p=4800\"},\"wordCount\":697,\"commentCount\":0,\"publisher\":{\"@id\":\"https:\/\/stourm.news\/#organization\"},\"image\":{\"@id\":\"https:\/\/stourm.news\/?p=4800#primaryimage\"},\"thumbnailUrl\":\"https:\/\/stourm.news\/wp-content\/uploads\/2025\/10\/ubo-photo-etablissement-scaled.jpg\",\"articleSection\":[\"Breizh\",\"Culture bretonne\",\"Finist\u00e8re\",\"Interceltisme\",\"Principale\"],\"inLanguage\":\"fr-FR\",\"potentialAction\":[{\"@type\":\"CommentAction\",\"name\":\"Comment\",\"target\":[\"https:\/\/stourm.news\/?p=4800#respond\"]}]},{\"@type\":\"WebPage\",\"@id\":\"https:\/\/stourm.news\/?p=4800\",\"url\":\"https:\/\/stourm.news\/?p=4800\",\"name\":\"Mobilisation \u00e0 l'universit\u00e9 de Brest contre le sabotage des \u00e9tudes celtiques par le gouvernement de Paris - STOURM\",\"isPartOf\":{\"@id\":\"https:\/\/stourm.news\/#website\"},\"primaryImageOfPage\":{\"@id\":\"https:\/\/stourm.news\/?p=4800#primaryimage\"},\"image\":{\"@id\":\"https:\/\/stourm.news\/?p=4800#primaryimage\"},\"thumbnailUrl\":\"https:\/\/stourm.news\/wp-content\/uploads\/2025\/10\/ubo-photo-etablissement-scaled.jpg\",\"datePublished\":\"2025-10-15T08:57:13+00:00\",\"breadcrumb\":{\"@id\":\"https:\/\/stourm.news\/?p=4800#breadcrumb\"},\"inLanguage\":\"fr-FR\",\"potentialAction\":[{\"@type\":\"ReadAction\",\"target\":[\"https:\/\/stourm.news\/?p=4800\"]}]},{\"@type\":\"ImageObject\",\"inLanguage\":\"fr-FR\",\"@id\":\"https:\/\/stourm.news\/?p=4800#primaryimage\",\"url\":\"https:\/\/stourm.news\/wp-content\/uploads\/2025\/10\/ubo-photo-etablissement-scaled.jpg\",\"contentUrl\":\"https:\/\/stourm.news\/wp-content\/uploads\/2025\/10\/ubo-photo-etablissement-scaled.jpg\",\"width\":2560,\"height\":1578},{\"@type\":\"BreadcrumbList\",\"@id\":\"https:\/\/stourm.news\/?p=4800#breadcrumb\",\"itemListElement\":[{\"@type\":\"ListItem\",\"position\":1,\"name\":\"Accueil\",\"item\":\"https:\/\/stourm.news\/\"},{\"@type\":\"ListItem\",\"position\":2,\"name\":\"Mobilisation \u00e0 l&rsquo;universit\u00e9 de Brest contre le sabotage des \u00e9tudes celtiques par le gouvernement de Paris\"}]},{\"@type\":\"WebSite\",\"@id\":\"https:\/\/stourm.news\/#website\",\"url\":\"https:\/\/stourm.news\/\",\"name\":\"Stourm\",\"description\":\"Kazetenn Strollad Broadel Breizh\",\"publisher\":{\"@id\":\"https:\/\/stourm.news\/#organization\"},\"potentialAction\":[{\"@type\":\"SearchAction\",\"target\":{\"@type\":\"EntryPoint\",\"urlTemplate\":\"https:\/\/stourm.news\/?s={search_term_string}\"},\"query-input\":{\"@type\":\"PropertyValueSpecification\",\"valueRequired\":true,\"valueName\":\"search_term_string\"}}],\"inLanguage\":\"fr-FR\"},{\"@type\":\"Organization\",\"@id\":\"https:\/\/stourm.news\/#organization\",\"name\":\"Stourm\",\"url\":\"https:\/\/stourm.news\/\",\"logo\":{\"@type\":\"ImageObject\",\"inLanguage\":\"fr-FR\",\"@id\":\"https:\/\/stourm.news\/#\/schema\/logo\/image\/\",\"url\":\"https:\/\/stourm.news\/wp-content\/uploads\/2025\/11\/cropped-Capture-decran-2025-11-28-a-15.19.07.png\",\"contentUrl\":\"https:\/\/stourm.news\/wp-content\/uploads\/2025\/11\/cropped-Capture-decran-2025-11-28-a-15.19.07.png\",\"width\":1855,\"height\":383,\"caption\":\"Stourm\"},\"image\":{\"@id\":\"https:\/\/stourm.news\/#\/schema\/logo\/image\/\"},\"sameAs\":[\"https:\/\/www.facebook.com\/stourmnews\/\"]},{\"@type\":\"Person\",\"@id\":\"https:\/\/stourm.news\/#\/schema\/person\/c3e1dc65988632e190969234ef046cf9\",\"name\":\"La r\u00e9daction\",\"image\":{\"@type\":\"ImageObject\",\"inLanguage\":\"fr-FR\",\"@id\":\"https:\/\/stourm.news\/#\/schema\/person\/image\/\",\"url\":\"https:\/\/secure.gravatar.com\/avatar\/7463443f194b6b5fb706b074ca0ef59a0cfcfd720cb47764b0ec5a952ce422b3?s=96&d=mm&r=g\",\"contentUrl\":\"https:\/\/secure.gravatar.com\/avatar\/7463443f194b6b5fb706b074ca0ef59a0cfcfd720cb47764b0ec5a952ce422b3?s=96&d=mm&r=g\",\"caption\":\"La r\u00e9daction\"},\"sameAs\":[\"https:\/\/stourm.news\"],\"url\":\"https:\/\/stourm.news\/?author=1\"}]}<\/script>\n<!-- \/ Yoast SEO plugin. -->","yoast_head_json":{"title":"Mobilisation \u00e0 l'universit\u00e9 de Brest contre le sabotage des \u00e9tudes celtiques par le gouvernement de Paris - STOURM","robots":{"index":"index","follow":"follow","max-snippet":"max-snippet:-1","max-image-preview":"max-image-preview:large","max-video-preview":"max-video-preview:-1"},"canonical":"https:\/\/stourm.news\/?p=4800","og_locale":"fr_FR","og_type":"article","og_title":"Mobilisation \u00e0 l'universit\u00e9 de Brest contre le sabotage des \u00e9tudes celtiques par le gouvernement de Paris - STOURM","og_description":"L&rsquo;article du T\u00e9l\u00e9gramme du 15 octobre 2025, intitul\u00e9 \u00ab \u00c0 Brest, une mobilisation pour d\u00e9fendre le master \u2018Langues et cultures celtiques en contact\u2019 ce jeudi \u00e0 l\u2019UBO \u00bb, met en lumi\u00e8re un scandale qui d\u00e9passe de loin les murs de l&rsquo;Universit\u00e9 de Bretagne occidentale (UBO). Il r\u00e9v\u00e8le l&rsquo;agonie programm\u00e9e d&rsquo;un joyau acad\u00e9mique unique en Europe [&hellip;]","og_url":"https:\/\/stourm.news\/?p=4800","og_site_name":"STOURM","article_publisher":"https:\/\/www.facebook.com\/stourmnews\/","article_published_time":"2025-10-15T08:57:13+00:00","og_image":[{"width":2560,"height":1578,"url":"https:\/\/stourm.news\/wp-content\/uploads\/2025\/10\/ubo-photo-etablissement-scaled.jpg","type":"image\/jpeg"}],"author":"La r\u00e9daction","twitter_card":"summary_large_image","twitter_misc":{"\u00c9crit par":"La r\u00e9daction","Dur\u00e9e de lecture estim\u00e9e":"3 minutes"},"schema":{"@context":"https:\/\/schema.org","@graph":[{"@type":"Article","@id":"https:\/\/stourm.news\/?p=4800#article","isPartOf":{"@id":"https:\/\/stourm.news\/?p=4800"},"author":{"name":"La r\u00e9daction","@id":"https:\/\/stourm.news\/#\/schema\/person\/c3e1dc65988632e190969234ef046cf9"},"headline":"Mobilisation \u00e0 l&rsquo;universit\u00e9 de Brest contre le sabotage des \u00e9tudes celtiques par le gouvernement de Paris","datePublished":"2025-10-15T08:57:13+00:00","mainEntityOfPage":{"@id":"https:\/\/stourm.news\/?p=4800"},"wordCount":697,"commentCount":0,"publisher":{"@id":"https:\/\/stourm.news\/#organization"},"image":{"@id":"https:\/\/stourm.news\/?p=4800#primaryimage"},"thumbnailUrl":"https:\/\/stourm.news\/wp-content\/uploads\/2025\/10\/ubo-photo-etablissement-scaled.jpg","articleSection":["Breizh","Culture bretonne","Finist\u00e8re","Interceltisme","Principale"],"inLanguage":"fr-FR","potentialAction":[{"@type":"CommentAction","name":"Comment","target":["https:\/\/stourm.news\/?p=4800#respond"]}]},{"@type":"WebPage","@id":"https:\/\/stourm.news\/?p=4800","url":"https:\/\/stourm.news\/?p=4800","name":"Mobilisation \u00e0 l'universit\u00e9 de Brest contre le sabotage des \u00e9tudes celtiques par le gouvernement de Paris - STOURM","isPartOf":{"@id":"https:\/\/stourm.news\/#website"},"primaryImageOfPage":{"@id":"https:\/\/stourm.news\/?p=4800#primaryimage"},"image":{"@id":"https:\/\/stourm.news\/?p=4800#primaryimage"},"thumbnailUrl":"https:\/\/stourm.news\/wp-content\/uploads\/2025\/10\/ubo-photo-etablissement-scaled.jpg","datePublished":"2025-10-15T08:57:13+00:00","breadcrumb":{"@id":"https:\/\/stourm.news\/?p=4800#breadcrumb"},"inLanguage":"fr-FR","potentialAction":[{"@type":"ReadAction","target":["https:\/\/stourm.news\/?p=4800"]}]},{"@type":"ImageObject","inLanguage":"fr-FR","@id":"https:\/\/stourm.news\/?p=4800#primaryimage","url":"https:\/\/stourm.news\/wp-content\/uploads\/2025\/10\/ubo-photo-etablissement-scaled.jpg","contentUrl":"https:\/\/stourm.news\/wp-content\/uploads\/2025\/10\/ubo-photo-etablissement-scaled.jpg","width":2560,"height":1578},{"@type":"BreadcrumbList","@id":"https:\/\/stourm.news\/?p=4800#breadcrumb","itemListElement":[{"@type":"ListItem","position":1,"name":"Accueil","item":"https:\/\/stourm.news\/"},{"@type":"ListItem","position":2,"name":"Mobilisation \u00e0 l&rsquo;universit\u00e9 de Brest contre le sabotage des \u00e9tudes celtiques par le gouvernement de Paris"}]},{"@type":"WebSite","@id":"https:\/\/stourm.news\/#website","url":"https:\/\/stourm.news\/","name":"Stourm","description":"Kazetenn Strollad Broadel Breizh","publisher":{"@id":"https:\/\/stourm.news\/#organization"},"potentialAction":[{"@type":"SearchAction","target":{"@type":"EntryPoint","urlTemplate":"https:\/\/stourm.news\/?s={search_term_string}"},"query-input":{"@type":"PropertyValueSpecification","valueRequired":true,"valueName":"search_term_string"}}],"inLanguage":"fr-FR"},{"@type":"Organization","@id":"https:\/\/stourm.news\/#organization","name":"Stourm","url":"https:\/\/stourm.news\/","logo":{"@type":"ImageObject","inLanguage":"fr-FR","@id":"https:\/\/stourm.news\/#\/schema\/logo\/image\/","url":"https:\/\/stourm.news\/wp-content\/uploads\/2025\/11\/cropped-Capture-decran-2025-11-28-a-15.19.07.png","contentUrl":"https:\/\/stourm.news\/wp-content\/uploads\/2025\/11\/cropped-Capture-decran-2025-11-28-a-15.19.07.png","width":1855,"height":383,"caption":"Stourm"},"image":{"@id":"https:\/\/stourm.news\/#\/schema\/logo\/image\/"},"sameAs":["https:\/\/www.facebook.com\/stourmnews\/"]},{"@type":"Person","@id":"https:\/\/stourm.news\/#\/schema\/person\/c3e1dc65988632e190969234ef046cf9","name":"La r\u00e9daction","image":{"@type":"ImageObject","inLanguage":"fr-FR","@id":"https:\/\/stourm.news\/#\/schema\/person\/image\/","url":"https:\/\/secure.gravatar.com\/avatar\/7463443f194b6b5fb706b074ca0ef59a0cfcfd720cb47764b0ec5a952ce422b3?s=96&d=mm&r=g","contentUrl":"https:\/\/secure.gravatar.com\/avatar\/7463443f194b6b5fb706b074ca0ef59a0cfcfd720cb47764b0ec5a952ce422b3?s=96&d=mm&r=g","caption":"La r\u00e9daction"},"sameAs":["https:\/\/stourm.news"],"url":"https:\/\/stourm.news\/?author=1"}]}},"_links":{"self":[{"href":"https:\/\/stourm.news\/index.php?rest_route=\/wp\/v2\/posts\/4800","targetHints":{"allow":["GET"]}}],"collection":[{"href":"https:\/\/stourm.news\/index.php?rest_route=\/wp\/v2\/posts"}],"about":[{"href":"https:\/\/stourm.news\/index.php?rest_route=\/wp\/v2\/types\/post"}],"author":[{"embeddable":true,"href":"https:\/\/stourm.news\/index.php?rest_route=\/wp\/v2\/users\/1"}],"replies":[{"embeddable":true,"href":"https:\/\/stourm.news\/index.php?rest_route=%2Fwp%2Fv2%2Fcomments&post=4800"}],"version-history":[{"count":1,"href":"https:\/\/stourm.news\/index.php?rest_route=\/wp\/v2\/posts\/4800\/revisions"}],"predecessor-version":[{"id":4802,"href":"https:\/\/stourm.news\/index.php?rest_route=\/wp\/v2\/posts\/4800\/revisions\/4802"}],"wp:featuredmedia":[{"embeddable":true,"href":"https:\/\/stourm.news\/index.php?rest_route=\/wp\/v2\/media\/4801"}],"wp:attachment":[{"href":"https:\/\/stourm.news\/index.php?rest_route=%2Fwp%2Fv2%2Fmedia&parent=4800"}],"wp:term":[{"taxonomy":"category","embeddable":true,"href":"https:\/\/stourm.news\/index.php?rest_route=%2Fwp%2Fv2%2Fcategories&post=4800"},{"taxonomy":"post_tag","embeddable":true,"href":"https:\/\/stourm.news\/index.php?rest_route=%2Fwp%2Fv2%2Ftags&post=4800"}],"curies":[{"name":"wp","href":"https:\/\/api.w.org\/{rel}","templated":true}]}}