{"id":4817,"date":"2025-10-17T07:06:52","date_gmt":"2025-10-17T07:06:52","guid":{"rendered":"https:\/\/stourm.news\/?p=4817"},"modified":"2025-10-17T07:06:52","modified_gmt":"2025-10-17T07:06:52","slug":"istor-breizh-17-octobre-1253-naissance-de-saint-erwan","status":"publish","type":"post","link":"https:\/\/stourm.news\/?p=4817","title":{"rendered":"Istor Breizh : 17 octobre 1253, naissance de Saint Erwan"},"content":{"rendered":"<p style=\"text-align: justify;\">N\u00e9 le 17 octobre 1253 au manoir de Kermartin, pr\u00e8s de Landreger (Tr\u00e9guier), Erwan Heloury est issu d&rsquo;une famille noble locale. Son p\u00e8re, Heloury Kermartin, est seigneur du Tr\u00e9gor, et sa m\u00e8re, Azo Kelleneg, vient d&rsquo;une lign\u00e9e bretonne bien \u00e9tablie. \u00c0 cette \u00e9poque, la Bretagne est un \u00c9tat ind\u00e9pendant, un duch\u00e9 souverain avec ses propres ducs, lois et institutions. Le Tr\u00e9gor fait partie de ce pays o\u00f9 la langue bretonne est parl\u00e9e partout, et o\u00f9 les gens vivent selon des coutumes anciennes.<\/p>\n<p style=\"text-align: justify;\">Son \u00e9ducation commence \u00e0 Landreger, une ville importante pour l&rsquo;\u00c9glise bretonne. Cette cit\u00e9 abrite une cath\u00e9drale d\u00e9di\u00e9e \u00e0 Sant Tugdual, un des sept saints fondateurs qui ont christianis\u00e9 la Bretagne au Ve si\u00e8cle. Ces figures montrent comment la nation bretonne a r\u00e9pandu le christianisme tout en gardant ses racines culturelles celtiques. \u00c0 Landreger, Erwan \u00e9tudie le latin, la th\u00e9ologie et les bases du droit avec des clercs locaux. En 1267, \u00e0 14 ans, Erwan part pour Paris, sous le roi de France Louis IX. Erwan y suit les arts lib\u00e9raux : grammaire, rh\u00e9torique, logique, arithm\u00e9tique, g\u00e9om\u00e9trie, astronomie et musique. Ces \u00e9tudes renforcent son sens critique, utile pour la justice plus tard.<\/p>\n<p style=\"text-align: justify;\">En 1277, il va \u00e0 Orl\u00e9ans pour \u00e9tudier le droit civil et canonique. Orl\u00e9ans est connue pour ses \u00e9coles de droit, o\u00f9 des Bretons apprennent des lois qui peuvent s&rsquo;appliquer dans leur \u00c9tat. Erwan ma\u00eetrise le D\u00e9cret de Gratien, un texte cl\u00e9 du droit de l&rsquo;\u00c9glise, et le droit romain adapt\u00e9 aux coutumes locales. Il vit simplement, aide d&rsquo;autres \u00e9tudiants bretons pauvres et refuse les plaisirs de la vie \u00e9tudiante. Pendant ces ann\u00e9es, la Bretagne reste un duch\u00e9 puissant sous Jean Ier le Roux.<\/p>\n<p style=\"text-align: justify;\">De retour en Bretagne vers 1280, Erwan est ordonn\u00e9 pr\u00eatre en 1284 par l&rsquo;\u00e9v\u00eaque Alain de Bruc \u00e0 Landreger. Il choisit de rester dans son dioc\u00e8se natal au lieu de chercher des postes ailleurs. En 1285, il devient recteur de Tredrez, une paroisse c\u00f4ti\u00e8re du Tr\u00e9gor. L\u00e0, il vit parmi les p\u00eacheurs et agriculteurs, pr\u00eache en breton pour \u00eatre compris de tous. Il d\u00e9nonce les abus des collecteurs d&rsquo;imp\u00f4ts qui appauvrissent les locaux. La Bretagne affronte alors des tensions : le duch\u00e9 doit \u00e9quilibrer ses relations diplomatiques avec la France et l&rsquo;Angleterre, et les imp\u00f4ts p\u00e8sent sur le peuple.<\/p>\n<p style=\"text-align: justify;\">Erwan distribue de la nourriture pendant les famines et aide les familles touch\u00e9es par les \u00e9pid\u00e9mies. La m\u00eame ann\u00e9e, il est nomm\u00e9 official, c&rsquo;est-\u00e0-dire juge eccl\u00e9siastique, pour le dioc\u00e8se de Roazhon (Rennes). En 1292, il passe \u00e0 celui de Landreger. Dans ce r\u00f4le, il juge des affaires touchant le mariage, les biens de l&rsquo;\u00c9glise et les disputes morales. Il d\u00e9fend toujours les pauvres : veuves, orphelins et paysans bretons contre les seigneurs puissants. Il plaide gratuitement, refusant l&rsquo;argent des riches pour rester impartial. Ses d\u00e9cisions s&rsquo;inspirent du droit breton coutumier, qui valorise la communaut\u00e9 sur l&rsquo;individu. Par exemple, il intervient dans des cas o\u00f9 des nobles essaient de prendre des terres communes aux villages bretons.<\/p>\n<p style=\"text-align: justify;\">Erwan r\u00e9concilie aussi des familles nobiliaires en conflit. Ses sermons en breton parlent de justice sociale, rappelant les vertus des saints bretons comme Sant Korentin ou Sant Paol, qui ont b\u00e2ti l&rsquo;\u00c9tat chr\u00e9tien breton. En 1297, il d\u00e9missionne de son poste d&rsquo;official pour se retirer \u00e0 Kermartin. Il continue \u00e0 vivre pauvrement, donnant tout aux n\u00e9cessiteux. Il \u00e9tudie encore et aide les locaux dans des affaires simples. La Bretagne entre en crise avec la mort du duc Jean II en 1305, mais Erwan meurt avant, le 19 mai 1303, \u00e0 49 ans. Son enterrement \u00e0 Landreger attire des milliers de Bretons, montrant sa popularit\u00e9.<\/p>\n<p style=\"text-align: justify;\">Apr\u00e8s sa mort, son culte grandit vite. D\u00e8s 1303, des miracles sont rapport\u00e9s : gu\u00e9risons et protections pour les Bretons en mer ou \u00e0 la guerre. En 1330, un proc\u00e8s de canonisation commence, bas\u00e9 sur des t\u00e9moignages de compatriotes. Le pape Cl\u00e9ment VI le canonise en 1347, le reconnaissant comme saint. Il devient patron des avocats et des Bretons opprim\u00e9s. Aujourd&rsquo;hui, Sant Erwan reste un embl\u00e8me de la patrie bretonne. Sa f\u00eate le 19 mai au Pardon de Landreger est un lieu de p\u00e8lerinage national.<\/p>\n<p><iframe title=\"Kantik sant Erwan\" width=\"500\" height=\"281\" src=\"https:\/\/www.youtube.com\/embed\/OnqLx389_kE?feature=oembed\" frameborder=\"0\" allow=\"accelerometer; autoplay; clipboard-write; encrypted-media; gyroscope; picture-in-picture; web-share\" referrerpolicy=\"strict-origin-when-cross-origin\" allowfullscreen><\/iframe><\/p>\n","protected":false},"excerpt":{"rendered":"<p>N\u00e9 le 17 octobre 1253 au manoir de Kermartin, pr\u00e8s de Landreger (Tr\u00e9guier), Erwan Heloury est issu d&rsquo;une famille noble locale. Son p\u00e8re, Heloury Kermartin, est seigneur du Tr\u00e9gor, et sa m\u00e8re, Azo Kelleneg, vient d&rsquo;une lign\u00e9e bretonne bien \u00e9tablie. \u00c0 cette \u00e9poque, la Bretagne est un \u00c9tat ind\u00e9pendant, un duch\u00e9 souverain avec ses propres [&hellip;]<\/p>\n","protected":false},"author":1,"featured_media":4819,"comment_status":"open","ping_status":"open","sticky":false,"template":"","format":"standard","meta":{"sb_editor_width":"","footnotes":""},"categories":[58,50,65],"tags":[],"class_list":["post-4817","post","type-post","status-publish","format-standard","has-post-thumbnail","hentry","category-breizh","category-histoire-de-bretagne","category-principale"],"relative_dates":{"created":"7 mois ago","modified":"7 mois ago"},"yoast_head":"<!-- This site is optimized with the Yoast SEO plugin v26.3 - https:\/\/yoast.com\/wordpress\/plugins\/seo\/ -->\n<title>Istor Breizh : 17 octobre 1253, naissance de Saint Erwan - STOURM<\/title>\n<meta name=\"robots\" content=\"index, follow, max-snippet:-1, max-image-preview:large, max-video-preview:-1\" \/>\n<link rel=\"canonical\" href=\"https:\/\/stourm.news\/?p=4817\" \/>\n<meta property=\"og:locale\" content=\"fr_FR\" \/>\n<meta property=\"og:type\" content=\"article\" \/>\n<meta property=\"og:title\" content=\"Istor Breizh : 17 octobre 1253, naissance de Saint Erwan - STOURM\" \/>\n<meta property=\"og:description\" content=\"N\u00e9 le 17 octobre 1253 au manoir de Kermartin, pr\u00e8s de Landreger (Tr\u00e9guier), Erwan Heloury est issu d&rsquo;une famille noble locale. Son p\u00e8re, Heloury Kermartin, est seigneur du Tr\u00e9gor, et sa m\u00e8re, Azo Kelleneg, vient d&rsquo;une lign\u00e9e bretonne bien \u00e9tablie. \u00c0 cette \u00e9poque, la Bretagne est un \u00c9tat ind\u00e9pendant, un duch\u00e9 souverain avec ses propres [&hellip;]\" \/>\n<meta property=\"og:url\" content=\"https:\/\/stourm.news\/?p=4817\" \/>\n<meta property=\"og:site_name\" content=\"STOURM\" \/>\n<meta property=\"article:publisher\" content=\"https:\/\/www.facebook.com\/stourmnews\/\" \/>\n<meta property=\"article:published_time\" content=\"2025-10-17T07:06:52+00:00\" \/>\n<meta property=\"og:image\" content=\"https:\/\/stourm.news\/wp-content\/uploads\/2025\/10\/1024px-Weyden_Ivo.jpg\" \/>\n\t<meta property=\"og:image:width\" content=\"1024\" \/>\n\t<meta property=\"og:image:height\" content=\"1305\" \/>\n\t<meta property=\"og:image:type\" content=\"image\/jpeg\" \/>\n<meta name=\"author\" content=\"La r\u00e9daction\" \/>\n<meta name=\"twitter:card\" content=\"summary_large_image\" \/>\n<meta name=\"twitter:label1\" content=\"\u00c9crit par\" \/>\n\t<meta name=\"twitter:data1\" content=\"La r\u00e9daction\" \/>\n\t<meta name=\"twitter:label2\" content=\"Dur\u00e9e de lecture estim\u00e9e\" \/>\n\t<meta name=\"twitter:data2\" content=\"4 minutes\" \/>\n<script type=\"application\/ld+json\" class=\"yoast-schema-graph\">{\"@context\":\"https:\/\/schema.org\",\"@graph\":[{\"@type\":\"Article\",\"@id\":\"https:\/\/stourm.news\/?p=4817#article\",\"isPartOf\":{\"@id\":\"https:\/\/stourm.news\/?p=4817\"},\"author\":{\"name\":\"La r\u00e9daction\",\"@id\":\"https:\/\/stourm.news\/#\/schema\/person\/c3e1dc65988632e190969234ef046cf9\"},\"headline\":\"Istor Breizh : 17 octobre 1253, naissance de Saint Erwan\",\"datePublished\":\"2025-10-17T07:06:52+00:00\",\"mainEntityOfPage\":{\"@id\":\"https:\/\/stourm.news\/?p=4817\"},\"wordCount\":747,\"commentCount\":0,\"publisher\":{\"@id\":\"https:\/\/stourm.news\/#organization\"},\"image\":{\"@id\":\"https:\/\/stourm.news\/?p=4817#primaryimage\"},\"thumbnailUrl\":\"https:\/\/stourm.news\/wp-content\/uploads\/2025\/10\/1024px-Weyden_Ivo.jpg\",\"articleSection\":[\"Breizh\",\"Histoire de Bretagne\",\"Principale\"],\"inLanguage\":\"fr-FR\",\"potentialAction\":[{\"@type\":\"CommentAction\",\"name\":\"Comment\",\"target\":[\"https:\/\/stourm.news\/?p=4817#respond\"]}]},{\"@type\":\"WebPage\",\"@id\":\"https:\/\/stourm.news\/?p=4817\",\"url\":\"https:\/\/stourm.news\/?p=4817\",\"name\":\"Istor Breizh : 17 octobre 1253, naissance de Saint Erwan - STOURM\",\"isPartOf\":{\"@id\":\"https:\/\/stourm.news\/#website\"},\"primaryImageOfPage\":{\"@id\":\"https:\/\/stourm.news\/?p=4817#primaryimage\"},\"image\":{\"@id\":\"https:\/\/stourm.news\/?p=4817#primaryimage\"},\"thumbnailUrl\":\"https:\/\/stourm.news\/wp-content\/uploads\/2025\/10\/1024px-Weyden_Ivo.jpg\",\"datePublished\":\"2025-10-17T07:06:52+00:00\",\"breadcrumb\":{\"@id\":\"https:\/\/stourm.news\/?p=4817#breadcrumb\"},\"inLanguage\":\"fr-FR\",\"potentialAction\":[{\"@type\":\"ReadAction\",\"target\":[\"https:\/\/stourm.news\/?p=4817\"]}]},{\"@type\":\"ImageObject\",\"inLanguage\":\"fr-FR\",\"@id\":\"https:\/\/stourm.news\/?p=4817#primaryimage\",\"url\":\"https:\/\/stourm.news\/wp-content\/uploads\/2025\/10\/1024px-Weyden_Ivo.jpg\",\"contentUrl\":\"https:\/\/stourm.news\/wp-content\/uploads\/2025\/10\/1024px-Weyden_Ivo.jpg\",\"width\":1024,\"height\":1305},{\"@type\":\"BreadcrumbList\",\"@id\":\"https:\/\/stourm.news\/?p=4817#breadcrumb\",\"itemListElement\":[{\"@type\":\"ListItem\",\"position\":1,\"name\":\"Accueil\",\"item\":\"https:\/\/stourm.news\/\"},{\"@type\":\"ListItem\",\"position\":2,\"name\":\"Istor Breizh : 17 octobre 1253, naissance de Saint Erwan\"}]},{\"@type\":\"WebSite\",\"@id\":\"https:\/\/stourm.news\/#website\",\"url\":\"https:\/\/stourm.news\/\",\"name\":\"Stourm\",\"description\":\"Kazetenn Strollad Broadel Breizh\",\"publisher\":{\"@id\":\"https:\/\/stourm.news\/#organization\"},\"potentialAction\":[{\"@type\":\"SearchAction\",\"target\":{\"@type\":\"EntryPoint\",\"urlTemplate\":\"https:\/\/stourm.news\/?s={search_term_string}\"},\"query-input\":{\"@type\":\"PropertyValueSpecification\",\"valueRequired\":true,\"valueName\":\"search_term_string\"}}],\"inLanguage\":\"fr-FR\"},{\"@type\":\"Organization\",\"@id\":\"https:\/\/stourm.news\/#organization\",\"name\":\"Stourm\",\"url\":\"https:\/\/stourm.news\/\",\"logo\":{\"@type\":\"ImageObject\",\"inLanguage\":\"fr-FR\",\"@id\":\"https:\/\/stourm.news\/#\/schema\/logo\/image\/\",\"url\":\"https:\/\/stourm.news\/wp-content\/uploads\/2025\/11\/cropped-Capture-decran-2025-11-28-a-15.19.07.png\",\"contentUrl\":\"https:\/\/stourm.news\/wp-content\/uploads\/2025\/11\/cropped-Capture-decran-2025-11-28-a-15.19.07.png\",\"width\":1855,\"height\":383,\"caption\":\"Stourm\"},\"image\":{\"@id\":\"https:\/\/stourm.news\/#\/schema\/logo\/image\/\"},\"sameAs\":[\"https:\/\/www.facebook.com\/stourmnews\/\"]},{\"@type\":\"Person\",\"@id\":\"https:\/\/stourm.news\/#\/schema\/person\/c3e1dc65988632e190969234ef046cf9\",\"name\":\"La r\u00e9daction\",\"image\":{\"@type\":\"ImageObject\",\"inLanguage\":\"fr-FR\",\"@id\":\"https:\/\/stourm.news\/#\/schema\/person\/image\/\",\"url\":\"https:\/\/secure.gravatar.com\/avatar\/7463443f194b6b5fb706b074ca0ef59a0cfcfd720cb47764b0ec5a952ce422b3?s=96&d=mm&r=g\",\"contentUrl\":\"https:\/\/secure.gravatar.com\/avatar\/7463443f194b6b5fb706b074ca0ef59a0cfcfd720cb47764b0ec5a952ce422b3?s=96&d=mm&r=g\",\"caption\":\"La r\u00e9daction\"},\"sameAs\":[\"https:\/\/stourm.news\"],\"url\":\"https:\/\/stourm.news\/?author=1\"}]}<\/script>\n<!-- \/ Yoast SEO plugin. -->","yoast_head_json":{"title":"Istor Breizh : 17 octobre 1253, naissance de Saint Erwan - STOURM","robots":{"index":"index","follow":"follow","max-snippet":"max-snippet:-1","max-image-preview":"max-image-preview:large","max-video-preview":"max-video-preview:-1"},"canonical":"https:\/\/stourm.news\/?p=4817","og_locale":"fr_FR","og_type":"article","og_title":"Istor Breizh : 17 octobre 1253, naissance de Saint Erwan - STOURM","og_description":"N\u00e9 le 17 octobre 1253 au manoir de Kermartin, pr\u00e8s de Landreger (Tr\u00e9guier), Erwan Heloury est issu d&rsquo;une famille noble locale. Son p\u00e8re, Heloury Kermartin, est seigneur du Tr\u00e9gor, et sa m\u00e8re, Azo Kelleneg, vient d&rsquo;une lign\u00e9e bretonne bien \u00e9tablie. \u00c0 cette \u00e9poque, la Bretagne est un \u00c9tat ind\u00e9pendant, un duch\u00e9 souverain avec ses propres [&hellip;]","og_url":"https:\/\/stourm.news\/?p=4817","og_site_name":"STOURM","article_publisher":"https:\/\/www.facebook.com\/stourmnews\/","article_published_time":"2025-10-17T07:06:52+00:00","og_image":[{"width":1024,"height":1305,"url":"https:\/\/stourm.news\/wp-content\/uploads\/2025\/10\/1024px-Weyden_Ivo.jpg","type":"image\/jpeg"}],"author":"La r\u00e9daction","twitter_card":"summary_large_image","twitter_misc":{"\u00c9crit par":"La r\u00e9daction","Dur\u00e9e de lecture estim\u00e9e":"4 minutes"},"schema":{"@context":"https:\/\/schema.org","@graph":[{"@type":"Article","@id":"https:\/\/stourm.news\/?p=4817#article","isPartOf":{"@id":"https:\/\/stourm.news\/?p=4817"},"author":{"name":"La r\u00e9daction","@id":"https:\/\/stourm.news\/#\/schema\/person\/c3e1dc65988632e190969234ef046cf9"},"headline":"Istor Breizh : 17 octobre 1253, naissance de Saint Erwan","datePublished":"2025-10-17T07:06:52+00:00","mainEntityOfPage":{"@id":"https:\/\/stourm.news\/?p=4817"},"wordCount":747,"commentCount":0,"publisher":{"@id":"https:\/\/stourm.news\/#organization"},"image":{"@id":"https:\/\/stourm.news\/?p=4817#primaryimage"},"thumbnailUrl":"https:\/\/stourm.news\/wp-content\/uploads\/2025\/10\/1024px-Weyden_Ivo.jpg","articleSection":["Breizh","Histoire de Bretagne","Principale"],"inLanguage":"fr-FR","potentialAction":[{"@type":"CommentAction","name":"Comment","target":["https:\/\/stourm.news\/?p=4817#respond"]}]},{"@type":"WebPage","@id":"https:\/\/stourm.news\/?p=4817","url":"https:\/\/stourm.news\/?p=4817","name":"Istor Breizh : 17 octobre 1253, naissance de Saint Erwan - STOURM","isPartOf":{"@id":"https:\/\/stourm.news\/#website"},"primaryImageOfPage":{"@id":"https:\/\/stourm.news\/?p=4817#primaryimage"},"image":{"@id":"https:\/\/stourm.news\/?p=4817#primaryimage"},"thumbnailUrl":"https:\/\/stourm.news\/wp-content\/uploads\/2025\/10\/1024px-Weyden_Ivo.jpg","datePublished":"2025-10-17T07:06:52+00:00","breadcrumb":{"@id":"https:\/\/stourm.news\/?p=4817#breadcrumb"},"inLanguage":"fr-FR","potentialAction":[{"@type":"ReadAction","target":["https:\/\/stourm.news\/?p=4817"]}]},{"@type":"ImageObject","inLanguage":"fr-FR","@id":"https:\/\/stourm.news\/?p=4817#primaryimage","url":"https:\/\/stourm.news\/wp-content\/uploads\/2025\/10\/1024px-Weyden_Ivo.jpg","contentUrl":"https:\/\/stourm.news\/wp-content\/uploads\/2025\/10\/1024px-Weyden_Ivo.jpg","width":1024,"height":1305},{"@type":"BreadcrumbList","@id":"https:\/\/stourm.news\/?p=4817#breadcrumb","itemListElement":[{"@type":"ListItem","position":1,"name":"Accueil","item":"https:\/\/stourm.news\/"},{"@type":"ListItem","position":2,"name":"Istor Breizh : 17 octobre 1253, naissance de Saint Erwan"}]},{"@type":"WebSite","@id":"https:\/\/stourm.news\/#website","url":"https:\/\/stourm.news\/","name":"Stourm","description":"Kazetenn Strollad Broadel Breizh","publisher":{"@id":"https:\/\/stourm.news\/#organization"},"potentialAction":[{"@type":"SearchAction","target":{"@type":"EntryPoint","urlTemplate":"https:\/\/stourm.news\/?s={search_term_string}"},"query-input":{"@type":"PropertyValueSpecification","valueRequired":true,"valueName":"search_term_string"}}],"inLanguage":"fr-FR"},{"@type":"Organization","@id":"https:\/\/stourm.news\/#organization","name":"Stourm","url":"https:\/\/stourm.news\/","logo":{"@type":"ImageObject","inLanguage":"fr-FR","@id":"https:\/\/stourm.news\/#\/schema\/logo\/image\/","url":"https:\/\/stourm.news\/wp-content\/uploads\/2025\/11\/cropped-Capture-decran-2025-11-28-a-15.19.07.png","contentUrl":"https:\/\/stourm.news\/wp-content\/uploads\/2025\/11\/cropped-Capture-decran-2025-11-28-a-15.19.07.png","width":1855,"height":383,"caption":"Stourm"},"image":{"@id":"https:\/\/stourm.news\/#\/schema\/logo\/image\/"},"sameAs":["https:\/\/www.facebook.com\/stourmnews\/"]},{"@type":"Person","@id":"https:\/\/stourm.news\/#\/schema\/person\/c3e1dc65988632e190969234ef046cf9","name":"La r\u00e9daction","image":{"@type":"ImageObject","inLanguage":"fr-FR","@id":"https:\/\/stourm.news\/#\/schema\/person\/image\/","url":"https:\/\/secure.gravatar.com\/avatar\/7463443f194b6b5fb706b074ca0ef59a0cfcfd720cb47764b0ec5a952ce422b3?s=96&d=mm&r=g","contentUrl":"https:\/\/secure.gravatar.com\/avatar\/7463443f194b6b5fb706b074ca0ef59a0cfcfd720cb47764b0ec5a952ce422b3?s=96&d=mm&r=g","caption":"La r\u00e9daction"},"sameAs":["https:\/\/stourm.news"],"url":"https:\/\/stourm.news\/?author=1"}]}},"_links":{"self":[{"href":"https:\/\/stourm.news\/index.php?rest_route=\/wp\/v2\/posts\/4817","targetHints":{"allow":["GET"]}}],"collection":[{"href":"https:\/\/stourm.news\/index.php?rest_route=\/wp\/v2\/posts"}],"about":[{"href":"https:\/\/stourm.news\/index.php?rest_route=\/wp\/v2\/types\/post"}],"author":[{"embeddable":true,"href":"https:\/\/stourm.news\/index.php?rest_route=\/wp\/v2\/users\/1"}],"replies":[{"embeddable":true,"href":"https:\/\/stourm.news\/index.php?rest_route=%2Fwp%2Fv2%2Fcomments&post=4817"}],"version-history":[{"count":1,"href":"https:\/\/stourm.news\/index.php?rest_route=\/wp\/v2\/posts\/4817\/revisions"}],"predecessor-version":[{"id":4820,"href":"https:\/\/stourm.news\/index.php?rest_route=\/wp\/v2\/posts\/4817\/revisions\/4820"}],"wp:featuredmedia":[{"embeddable":true,"href":"https:\/\/stourm.news\/index.php?rest_route=\/wp\/v2\/media\/4819"}],"wp:attachment":[{"href":"https:\/\/stourm.news\/index.php?rest_route=%2Fwp%2Fv2%2Fmedia&parent=4817"}],"wp:term":[{"taxonomy":"category","embeddable":true,"href":"https:\/\/stourm.news\/index.php?rest_route=%2Fwp%2Fv2%2Fcategories&post=4817"},{"taxonomy":"post_tag","embeddable":true,"href":"https:\/\/stourm.news\/index.php?rest_route=%2Fwp%2Fv2%2Ftags&post=4817"}],"curies":[{"name":"wp","href":"https:\/\/api.w.org\/{rel}","templated":true}]}}