{"id":4828,"date":"2025-10-18T13:29:36","date_gmt":"2025-10-18T13:29:36","guid":{"rendered":"https:\/\/stourm.news\/?p=4828"},"modified":"2025-10-18T13:30:20","modified_gmt":"2025-10-18T13:30:20","slug":"4828","status":"publish","type":"post","link":"https:\/\/stourm.news\/?p=4828","title":{"rendered":"Irlande : 4 jours apr\u00e8s son arriv\u00e9e, un r\u00e9fugi\u00e9 ukrainien assassin\u00e9 par un migrant clandestin de Somalie"},"content":{"rendered":"<p style=\"text-align: justify;\">Un jeune <strong>Somalien<\/strong> a \u00e9t\u00e9 arr\u00eat\u00e9, soup\u00e7onn\u00e9 du meurtre de l&rsquo;adolescent Vadym Davydenko, poignard\u00e9 dans un complexe d&rsquo;appartements \u00e0 Donaghmede, au nord de Dublin, en d\u00e9but de semaine.<\/p>\n<p style=\"text-align: justify;\"><strong>Vadym Davdenko, 17 ans, qui fuyait l&rsquo;Ukraine<\/strong> d\u00e9chir\u00e9e par la guerre pour une vie meilleure, a \u00e9t\u00e9 mortellement bless\u00e9 lors de l&rsquo;incident survenu mercredi 15 octobre.<\/p>\n<p style=\"text-align: justify;\">Vadym \u00e9tait arriv\u00e9 en Irlande quatre jours seulement avant d&rsquo;\u00eatre tu\u00e9 dans un centre d&rsquo;h\u00e9bergement d&rsquo;urgence de Tusla \u00e0 Donaghmede.<\/p>\n<p style=\"text-align: justify;\">Le jeune Somalien, qui a d\u00e9sormais \u00e9t\u00e9 arr\u00eat\u00e9, \u00e9tait soign\u00e9 \u00e0 l&rsquo;h\u00f4pital pour des blessures sans gravit\u00e9.<\/p>\n<p style=\"text-align: justify;\">Vendredi, la police irlandaise a d\u00e9clar\u00e9 que le jeune homme hospitalis\u00e9 avait \u00e9t\u00e9 arr\u00eat\u00e9 pour suspicion de meurtre.<\/p>\n<p style=\"text-align: justify;\">Dans un communiqu\u00e9, An Garda S\u00edoch\u00e1na a d\u00e9clar\u00e9 : \u00ab An Garda S\u00edoch\u00e1na continue d&rsquo;enqu\u00eater sur toutes les circonstances d&rsquo;un incident mortel qui s&rsquo;est produit le mercredi 15 octobre 2025 dans un centre d&rsquo;h\u00e9bergement d&rsquo;urgence \u00e0 Donaghmede, Dublin 13.<\/p>\n<p><img fetchpriority=\"high\" decoding=\"async\" class=\"wp-image-4831 size-large aligncenter\" src=\"https:\/\/stourm.news\/wp-content\/uploads\/2025\/10\/Capture-decran-2025-10-18-a-22.27.03-1024x737.png\" alt=\"\" width=\"1024\" height=\"737\" srcset=\"https:\/\/stourm.news\/wp-content\/uploads\/2025\/10\/Capture-decran-2025-10-18-a-22.27.03-1024x737.png 1024w, https:\/\/stourm.news\/wp-content\/uploads\/2025\/10\/Capture-decran-2025-10-18-a-22.27.03-300x216.png 300w, https:\/\/stourm.news\/wp-content\/uploads\/2025\/10\/Capture-decran-2025-10-18-a-22.27.03-768x553.png 768w, https:\/\/stourm.news\/wp-content\/uploads\/2025\/10\/Capture-decran-2025-10-18-a-22.27.03-1536x1105.png 1536w, https:\/\/stourm.news\/wp-content\/uploads\/2025\/10\/Capture-decran-2025-10-18-a-22.27.03.png 1548w\" sizes=\"(max-width: 1024px) 100vw, 1024px\" \/><\/p>\n<p style=\"text-align: justify;\">L&rsquo;autopsie du corps du d\u00e9funt a depuis \u00e9t\u00e9 r\u00e9alis\u00e9e, mais ses r\u00e9sultats ne sont pas divulgu\u00e9s pour des raisons op\u00e9rationnelles.<\/p>\n<p style=\"text-align: justify;\">Le jeune homme qui \u00e9tait soign\u00e9 pour des blessures sans gravit\u00e9 a \u00e9t\u00e9 arr\u00eat\u00e9 pour suspicion de meurtre et est actuellement d\u00e9tenu en vertu de l&rsquo;article 4 de la loi de 1984 sur la justice p\u00e9nale dans un commissariat de police de la r\u00e9gion m\u00e9tropolitaine de Dublin.<\/p>\n<p style=\"text-align: justify;\">La sc\u00e8ne reste pr\u00e9serv\u00e9e pour le moment et fait l&rsquo;objet d&rsquo;une enqu\u00eate \u00bb, indique le communiqu\u00e9.<\/p>\n<p style=\"text-align: justify;\">Toute personne disposant d&rsquo;informations relatives \u00e0 cet incident est pri\u00e9e de contacter le commissariat de Coolock au 01 666 4200, la ligne confidentielle de la police au 1800 666 111 ou n&rsquo;importe quel commissariat.<\/p>\n<p style=\"text-align: right;\">Source : <strong><a href=\"https:\/\/www.irishmirror.ie\/news\/irish-news\/teenager-arrested-murder-ukrainian-dublin-36086684\">The Irish Mirror<\/a><\/strong><\/p>\n","protected":false},"excerpt":{"rendered":"<p>Un jeune Somalien a \u00e9t\u00e9 arr\u00eat\u00e9, soup\u00e7onn\u00e9 du meurtre de l&rsquo;adolescent Vadym Davydenko, poignard\u00e9 dans un complexe d&rsquo;appartements \u00e0 Donaghmede, au nord de Dublin, en d\u00e9but de semaine. Vadym Davdenko, 17 ans, qui fuyait l&rsquo;Ukraine d\u00e9chir\u00e9e par la guerre pour une vie meilleure, a \u00e9t\u00e9 mortellement bless\u00e9 lors de l&rsquo;incident survenu mercredi 15 octobre. Vadym [&hellip;]<\/p>\n","protected":false},"author":1,"featured_media":4832,"comment_status":"open","ping_status":"open","sticky":false,"template":"","format":"standard","meta":{"sb_editor_width":"","footnotes":""},"categories":[37,33,66,65,62],"tags":[],"class_list":["post-4828","post","type-post","status-publish","format-standard","has-post-thumbnail","hentry","category-homicide","category-immigration","category-international","category-principale","category-revue-de-presse"],"relative_dates":{"created":"6 mois ago","modified":"6 mois ago"},"yoast_head":"<!-- This site is optimized with the Yoast SEO plugin v26.3 - https:\/\/yoast.com\/wordpress\/plugins\/seo\/ -->\n<title>Irlande : 4 jours apr\u00e8s son arriv\u00e9e, un r\u00e9fugi\u00e9 ukrainien assassin\u00e9 par un migrant clandestin de Somalie - STOURM<\/title>\n<meta name=\"robots\" content=\"index, follow, max-snippet:-1, max-image-preview:large, max-video-preview:-1\" \/>\n<link rel=\"canonical\" href=\"https:\/\/stourm.news\/?p=4828\" \/>\n<meta property=\"og:locale\" content=\"fr_FR\" \/>\n<meta property=\"og:type\" content=\"article\" \/>\n<meta property=\"og:title\" content=\"Irlande : 4 jours apr\u00e8s son arriv\u00e9e, un r\u00e9fugi\u00e9 ukrainien assassin\u00e9 par un migrant clandestin de Somalie - STOURM\" \/>\n<meta property=\"og:description\" content=\"Un jeune Somalien a \u00e9t\u00e9 arr\u00eat\u00e9, soup\u00e7onn\u00e9 du meurtre de l&rsquo;adolescent Vadym Davydenko, poignard\u00e9 dans un complexe d&rsquo;appartements \u00e0 Donaghmede, au nord de Dublin, en d\u00e9but de semaine. Vadym Davdenko, 17 ans, qui fuyait l&rsquo;Ukraine d\u00e9chir\u00e9e par la guerre pour une vie meilleure, a \u00e9t\u00e9 mortellement bless\u00e9 lors de l&rsquo;incident survenu mercredi 15 octobre. Vadym [&hellip;]\" \/>\n<meta property=\"og:url\" content=\"https:\/\/stourm.news\/?p=4828\" \/>\n<meta property=\"og:site_name\" content=\"STOURM\" \/>\n<meta property=\"article:publisher\" content=\"https:\/\/www.facebook.com\/stourmnews\/\" \/>\n<meta property=\"article:published_time\" content=\"2025-10-18T13:29:36+00:00\" \/>\n<meta property=\"article:modified_time\" content=\"2025-10-18T13:30:20+00:00\" \/>\n<meta property=\"og:image\" content=\"https:\/\/stourm.news\/wp-content\/uploads\/2025\/10\/Capture-decran-2025-10-18-a-22.28.38.png\" \/>\n\t<meta property=\"og:image:width\" content=\"880\" \/>\n\t<meta property=\"og:image:height\" content=\"620\" \/>\n\t<meta property=\"og:image:type\" content=\"image\/png\" \/>\n<meta name=\"author\" content=\"La r\u00e9daction\" \/>\n<meta name=\"twitter:card\" content=\"summary_large_image\" \/>\n<meta name=\"twitter:label1\" content=\"\u00c9crit par\" \/>\n\t<meta name=\"twitter:data1\" content=\"La r\u00e9daction\" \/>\n\t<meta name=\"twitter:label2\" content=\"Dur\u00e9e de lecture estim\u00e9e\" \/>\n\t<meta name=\"twitter:data2\" content=\"2 minutes\" \/>\n<script type=\"application\/ld+json\" class=\"yoast-schema-graph\">{\"@context\":\"https:\/\/schema.org\",\"@graph\":[{\"@type\":\"Article\",\"@id\":\"https:\/\/stourm.news\/?p=4828#article\",\"isPartOf\":{\"@id\":\"https:\/\/stourm.news\/?p=4828\"},\"author\":{\"name\":\"La r\u00e9daction\",\"@id\":\"https:\/\/stourm.news\/#\/schema\/person\/c3e1dc65988632e190969234ef046cf9\"},\"headline\":\"Irlande : 4 jours apr\u00e8s son arriv\u00e9e, un r\u00e9fugi\u00e9 ukrainien assassin\u00e9 par un migrant clandestin de Somalie\",\"datePublished\":\"2025-10-18T13:29:36+00:00\",\"dateModified\":\"2025-10-18T13:30:20+00:00\",\"mainEntityOfPage\":{\"@id\":\"https:\/\/stourm.news\/?p=4828\"},\"wordCount\":319,\"commentCount\":0,\"publisher\":{\"@id\":\"https:\/\/stourm.news\/#organization\"},\"image\":{\"@id\":\"https:\/\/stourm.news\/?p=4828#primaryimage\"},\"thumbnailUrl\":\"https:\/\/stourm.news\/wp-content\/uploads\/2025\/10\/Capture-decran-2025-10-18-a-22.28.38.png\",\"articleSection\":[\"Homicide\",\"Immigration\",\"International\",\"Principale\",\"Revue de presse\"],\"inLanguage\":\"fr-FR\",\"potentialAction\":[{\"@type\":\"CommentAction\",\"name\":\"Comment\",\"target\":[\"https:\/\/stourm.news\/?p=4828#respond\"]}]},{\"@type\":\"WebPage\",\"@id\":\"https:\/\/stourm.news\/?p=4828\",\"url\":\"https:\/\/stourm.news\/?p=4828\",\"name\":\"Irlande : 4 jours apr\u00e8s son arriv\u00e9e, un r\u00e9fugi\u00e9 ukrainien assassin\u00e9 par un migrant clandestin de Somalie - STOURM\",\"isPartOf\":{\"@id\":\"https:\/\/stourm.news\/#website\"},\"primaryImageOfPage\":{\"@id\":\"https:\/\/stourm.news\/?p=4828#primaryimage\"},\"image\":{\"@id\":\"https:\/\/stourm.news\/?p=4828#primaryimage\"},\"thumbnailUrl\":\"https:\/\/stourm.news\/wp-content\/uploads\/2025\/10\/Capture-decran-2025-10-18-a-22.28.38.png\",\"datePublished\":\"2025-10-18T13:29:36+00:00\",\"dateModified\":\"2025-10-18T13:30:20+00:00\",\"breadcrumb\":{\"@id\":\"https:\/\/stourm.news\/?p=4828#breadcrumb\"},\"inLanguage\":\"fr-FR\",\"potentialAction\":[{\"@type\":\"ReadAction\",\"target\":[\"https:\/\/stourm.news\/?p=4828\"]}]},{\"@type\":\"ImageObject\",\"inLanguage\":\"fr-FR\",\"@id\":\"https:\/\/stourm.news\/?p=4828#primaryimage\",\"url\":\"https:\/\/stourm.news\/wp-content\/uploads\/2025\/10\/Capture-decran-2025-10-18-a-22.28.38.png\",\"contentUrl\":\"https:\/\/stourm.news\/wp-content\/uploads\/2025\/10\/Capture-decran-2025-10-18-a-22.28.38.png\",\"width\":880,\"height\":620},{\"@type\":\"BreadcrumbList\",\"@id\":\"https:\/\/stourm.news\/?p=4828#breadcrumb\",\"itemListElement\":[{\"@type\":\"ListItem\",\"position\":1,\"name\":\"Accueil\",\"item\":\"https:\/\/stourm.news\/\"},{\"@type\":\"ListItem\",\"position\":2,\"name\":\"Irlande : 4 jours apr\u00e8s son arriv\u00e9e, un r\u00e9fugi\u00e9 ukrainien assassin\u00e9 par un migrant clandestin de Somalie\"}]},{\"@type\":\"WebSite\",\"@id\":\"https:\/\/stourm.news\/#website\",\"url\":\"https:\/\/stourm.news\/\",\"name\":\"Stourm\",\"description\":\"Kazetenn Strollad Broadel Breizh\",\"publisher\":{\"@id\":\"https:\/\/stourm.news\/#organization\"},\"potentialAction\":[{\"@type\":\"SearchAction\",\"target\":{\"@type\":\"EntryPoint\",\"urlTemplate\":\"https:\/\/stourm.news\/?s={search_term_string}\"},\"query-input\":{\"@type\":\"PropertyValueSpecification\",\"valueRequired\":true,\"valueName\":\"search_term_string\"}}],\"inLanguage\":\"fr-FR\"},{\"@type\":\"Organization\",\"@id\":\"https:\/\/stourm.news\/#organization\",\"name\":\"Stourm\",\"url\":\"https:\/\/stourm.news\/\",\"logo\":{\"@type\":\"ImageObject\",\"inLanguage\":\"fr-FR\",\"@id\":\"https:\/\/stourm.news\/#\/schema\/logo\/image\/\",\"url\":\"https:\/\/stourm.news\/wp-content\/uploads\/2025\/11\/cropped-Capture-decran-2025-11-28-a-15.19.07.png\",\"contentUrl\":\"https:\/\/stourm.news\/wp-content\/uploads\/2025\/11\/cropped-Capture-decran-2025-11-28-a-15.19.07.png\",\"width\":1855,\"height\":383,\"caption\":\"Stourm\"},\"image\":{\"@id\":\"https:\/\/stourm.news\/#\/schema\/logo\/image\/\"},\"sameAs\":[\"https:\/\/www.facebook.com\/stourmnews\/\"]},{\"@type\":\"Person\",\"@id\":\"https:\/\/stourm.news\/#\/schema\/person\/c3e1dc65988632e190969234ef046cf9\",\"name\":\"La r\u00e9daction\",\"image\":{\"@type\":\"ImageObject\",\"inLanguage\":\"fr-FR\",\"@id\":\"https:\/\/stourm.news\/#\/schema\/person\/image\/\",\"url\":\"https:\/\/secure.gravatar.com\/avatar\/7463443f194b6b5fb706b074ca0ef59a0cfcfd720cb47764b0ec5a952ce422b3?s=96&d=mm&r=g\",\"contentUrl\":\"https:\/\/secure.gravatar.com\/avatar\/7463443f194b6b5fb706b074ca0ef59a0cfcfd720cb47764b0ec5a952ce422b3?s=96&d=mm&r=g\",\"caption\":\"La r\u00e9daction\"},\"sameAs\":[\"https:\/\/stourm.news\"],\"url\":\"https:\/\/stourm.news\/?author=1\"}]}<\/script>\n<!-- \/ Yoast SEO plugin. -->","yoast_head_json":{"title":"Irlande : 4 jours apr\u00e8s son arriv\u00e9e, un r\u00e9fugi\u00e9 ukrainien assassin\u00e9 par un migrant clandestin de Somalie - STOURM","robots":{"index":"index","follow":"follow","max-snippet":"max-snippet:-1","max-image-preview":"max-image-preview:large","max-video-preview":"max-video-preview:-1"},"canonical":"https:\/\/stourm.news\/?p=4828","og_locale":"fr_FR","og_type":"article","og_title":"Irlande : 4 jours apr\u00e8s son arriv\u00e9e, un r\u00e9fugi\u00e9 ukrainien assassin\u00e9 par un migrant clandestin de Somalie - STOURM","og_description":"Un jeune Somalien a \u00e9t\u00e9 arr\u00eat\u00e9, soup\u00e7onn\u00e9 du meurtre de l&rsquo;adolescent Vadym Davydenko, poignard\u00e9 dans un complexe d&rsquo;appartements \u00e0 Donaghmede, au nord de Dublin, en d\u00e9but de semaine. Vadym Davdenko, 17 ans, qui fuyait l&rsquo;Ukraine d\u00e9chir\u00e9e par la guerre pour une vie meilleure, a \u00e9t\u00e9 mortellement bless\u00e9 lors de l&rsquo;incident survenu mercredi 15 octobre. Vadym [&hellip;]","og_url":"https:\/\/stourm.news\/?p=4828","og_site_name":"STOURM","article_publisher":"https:\/\/www.facebook.com\/stourmnews\/","article_published_time":"2025-10-18T13:29:36+00:00","article_modified_time":"2025-10-18T13:30:20+00:00","og_image":[{"width":880,"height":620,"url":"https:\/\/stourm.news\/wp-content\/uploads\/2025\/10\/Capture-decran-2025-10-18-a-22.28.38.png","type":"image\/png"}],"author":"La r\u00e9daction","twitter_card":"summary_large_image","twitter_misc":{"\u00c9crit par":"La r\u00e9daction","Dur\u00e9e de lecture estim\u00e9e":"2 minutes"},"schema":{"@context":"https:\/\/schema.org","@graph":[{"@type":"Article","@id":"https:\/\/stourm.news\/?p=4828#article","isPartOf":{"@id":"https:\/\/stourm.news\/?p=4828"},"author":{"name":"La r\u00e9daction","@id":"https:\/\/stourm.news\/#\/schema\/person\/c3e1dc65988632e190969234ef046cf9"},"headline":"Irlande : 4 jours apr\u00e8s son arriv\u00e9e, un r\u00e9fugi\u00e9 ukrainien assassin\u00e9 par un migrant clandestin de Somalie","datePublished":"2025-10-18T13:29:36+00:00","dateModified":"2025-10-18T13:30:20+00:00","mainEntityOfPage":{"@id":"https:\/\/stourm.news\/?p=4828"},"wordCount":319,"commentCount":0,"publisher":{"@id":"https:\/\/stourm.news\/#organization"},"image":{"@id":"https:\/\/stourm.news\/?p=4828#primaryimage"},"thumbnailUrl":"https:\/\/stourm.news\/wp-content\/uploads\/2025\/10\/Capture-decran-2025-10-18-a-22.28.38.png","articleSection":["Homicide","Immigration","International","Principale","Revue de presse"],"inLanguage":"fr-FR","potentialAction":[{"@type":"CommentAction","name":"Comment","target":["https:\/\/stourm.news\/?p=4828#respond"]}]},{"@type":"WebPage","@id":"https:\/\/stourm.news\/?p=4828","url":"https:\/\/stourm.news\/?p=4828","name":"Irlande : 4 jours apr\u00e8s son arriv\u00e9e, un r\u00e9fugi\u00e9 ukrainien assassin\u00e9 par un migrant clandestin de Somalie - STOURM","isPartOf":{"@id":"https:\/\/stourm.news\/#website"},"primaryImageOfPage":{"@id":"https:\/\/stourm.news\/?p=4828#primaryimage"},"image":{"@id":"https:\/\/stourm.news\/?p=4828#primaryimage"},"thumbnailUrl":"https:\/\/stourm.news\/wp-content\/uploads\/2025\/10\/Capture-decran-2025-10-18-a-22.28.38.png","datePublished":"2025-10-18T13:29:36+00:00","dateModified":"2025-10-18T13:30:20+00:00","breadcrumb":{"@id":"https:\/\/stourm.news\/?p=4828#breadcrumb"},"inLanguage":"fr-FR","potentialAction":[{"@type":"ReadAction","target":["https:\/\/stourm.news\/?p=4828"]}]},{"@type":"ImageObject","inLanguage":"fr-FR","@id":"https:\/\/stourm.news\/?p=4828#primaryimage","url":"https:\/\/stourm.news\/wp-content\/uploads\/2025\/10\/Capture-decran-2025-10-18-a-22.28.38.png","contentUrl":"https:\/\/stourm.news\/wp-content\/uploads\/2025\/10\/Capture-decran-2025-10-18-a-22.28.38.png","width":880,"height":620},{"@type":"BreadcrumbList","@id":"https:\/\/stourm.news\/?p=4828#breadcrumb","itemListElement":[{"@type":"ListItem","position":1,"name":"Accueil","item":"https:\/\/stourm.news\/"},{"@type":"ListItem","position":2,"name":"Irlande : 4 jours apr\u00e8s son arriv\u00e9e, un r\u00e9fugi\u00e9 ukrainien assassin\u00e9 par un migrant clandestin de Somalie"}]},{"@type":"WebSite","@id":"https:\/\/stourm.news\/#website","url":"https:\/\/stourm.news\/","name":"Stourm","description":"Kazetenn Strollad Broadel Breizh","publisher":{"@id":"https:\/\/stourm.news\/#organization"},"potentialAction":[{"@type":"SearchAction","target":{"@type":"EntryPoint","urlTemplate":"https:\/\/stourm.news\/?s={search_term_string}"},"query-input":{"@type":"PropertyValueSpecification","valueRequired":true,"valueName":"search_term_string"}}],"inLanguage":"fr-FR"},{"@type":"Organization","@id":"https:\/\/stourm.news\/#organization","name":"Stourm","url":"https:\/\/stourm.news\/","logo":{"@type":"ImageObject","inLanguage":"fr-FR","@id":"https:\/\/stourm.news\/#\/schema\/logo\/image\/","url":"https:\/\/stourm.news\/wp-content\/uploads\/2025\/11\/cropped-Capture-decran-2025-11-28-a-15.19.07.png","contentUrl":"https:\/\/stourm.news\/wp-content\/uploads\/2025\/11\/cropped-Capture-decran-2025-11-28-a-15.19.07.png","width":1855,"height":383,"caption":"Stourm"},"image":{"@id":"https:\/\/stourm.news\/#\/schema\/logo\/image\/"},"sameAs":["https:\/\/www.facebook.com\/stourmnews\/"]},{"@type":"Person","@id":"https:\/\/stourm.news\/#\/schema\/person\/c3e1dc65988632e190969234ef046cf9","name":"La r\u00e9daction","image":{"@type":"ImageObject","inLanguage":"fr-FR","@id":"https:\/\/stourm.news\/#\/schema\/person\/image\/","url":"https:\/\/secure.gravatar.com\/avatar\/7463443f194b6b5fb706b074ca0ef59a0cfcfd720cb47764b0ec5a952ce422b3?s=96&d=mm&r=g","contentUrl":"https:\/\/secure.gravatar.com\/avatar\/7463443f194b6b5fb706b074ca0ef59a0cfcfd720cb47764b0ec5a952ce422b3?s=96&d=mm&r=g","caption":"La r\u00e9daction"},"sameAs":["https:\/\/stourm.news"],"url":"https:\/\/stourm.news\/?author=1"}]}},"_links":{"self":[{"href":"https:\/\/stourm.news\/index.php?rest_route=\/wp\/v2\/posts\/4828","targetHints":{"allow":["GET"]}}],"collection":[{"href":"https:\/\/stourm.news\/index.php?rest_route=\/wp\/v2\/posts"}],"about":[{"href":"https:\/\/stourm.news\/index.php?rest_route=\/wp\/v2\/types\/post"}],"author":[{"embeddable":true,"href":"https:\/\/stourm.news\/index.php?rest_route=\/wp\/v2\/users\/1"}],"replies":[{"embeddable":true,"href":"https:\/\/stourm.news\/index.php?rest_route=%2Fwp%2Fv2%2Fcomments&post=4828"}],"version-history":[{"count":2,"href":"https:\/\/stourm.news\/index.php?rest_route=\/wp\/v2\/posts\/4828\/revisions"}],"predecessor-version":[{"id":4834,"href":"https:\/\/stourm.news\/index.php?rest_route=\/wp\/v2\/posts\/4828\/revisions\/4834"}],"wp:featuredmedia":[{"embeddable":true,"href":"https:\/\/stourm.news\/index.php?rest_route=\/wp\/v2\/media\/4832"}],"wp:attachment":[{"href":"https:\/\/stourm.news\/index.php?rest_route=%2Fwp%2Fv2%2Fmedia&parent=4828"}],"wp:term":[{"taxonomy":"category","embeddable":true,"href":"https:\/\/stourm.news\/index.php?rest_route=%2Fwp%2Fv2%2Fcategories&post=4828"},{"taxonomy":"post_tag","embeddable":true,"href":"https:\/\/stourm.news\/index.php?rest_route=%2Fwp%2Fv2%2Ftags&post=4828"}],"curies":[{"name":"wp","href":"https:\/\/api.w.org\/{rel}","templated":true}]}}