{"id":4836,"date":"2025-10-20T15:57:03","date_gmt":"2025-10-20T15:57:03","guid":{"rendered":"https:\/\/stourm.news\/?p=4836"},"modified":"2025-10-20T16:06:17","modified_gmt":"2025-10-20T16:06:17","slug":"la-petite-bourgeoisie-de-gauche-contre-le-pnb-le-teuff-en-appelle-a-letat-francais-pour-faire-interdire-le-pnb","status":"publish","type":"post","link":"https:\/\/stourm.news\/?p=4836","title":{"rendered":"La petite bourgeoisie de gauche contre le PNB : Le Teuff en appelle \u00e0 l&rsquo;\u00c9tat fran\u00e7ais pour faire interdire le PNB"},"content":{"rendered":"<p style=\"text-align: justify;\">Florian Le Teuff, membre de la majorit\u00e9 municipale nantaise et proche de l&rsquo;extr\u00eame-gauche loyaliste, a exig\u00e9 de l&rsquo;\u00c9tat fran\u00e7ais qu&rsquo;il interdise le Parti National Breton. Dans <strong><a href=\"https:\/\/www.ouest-france.fr\/pays-de-la-loire\/nantes-44000\/lelu-nantais-denonce-la-resurgence-du-parti-national-breton-en-pleine-recrudescence-0b2187c0-ab5c-11f0-a829-eb0d2e70677d\">Ouest-France<\/a><\/strong>, qui relaie complaisamment sa sommation, Le Teuff justifie sa position en d\u00e9clarant \u00a0que <strong>\u00ab depuis un an, ce mouvement agit \u00e0 visage d\u00e9couvert, en d\u00e9voilant le nom de ses responsables, et organise des rassemblements publics. Le 25 octobre, il organisera un \u00e9v\u00e9nement destin\u00e9 \u00e0 rendre hommage \u00e0 Olier Mordrel, figure de l\u2019ultra-nationalisme breton \u00bb<\/strong> avant d&rsquo;ajouter qu&rsquo;il lui semble important <strong>\u00ab\u00a0de mettre un terme aux activit\u00e9s du PNB, en pleine recrudescence\u00a0\u00bb<\/strong>.<\/p>\n<p><img fetchpriority=\"high\" decoding=\"async\" class=\"alignnone wp-image-4837 size-full\" src=\"https:\/\/stourm.news\/wp-content\/uploads\/2025\/10\/Capture-decran-2025-10-20-a-16.31.49.png\" alt=\"\" width=\"1400\" height=\"962\" srcset=\"https:\/\/stourm.news\/wp-content\/uploads\/2025\/10\/Capture-decran-2025-10-20-a-16.31.49.png 1400w, https:\/\/stourm.news\/wp-content\/uploads\/2025\/10\/Capture-decran-2025-10-20-a-16.31.49-300x206.png 300w, https:\/\/stourm.news\/wp-content\/uploads\/2025\/10\/Capture-decran-2025-10-20-a-16.31.49-1024x704.png 1024w, https:\/\/stourm.news\/wp-content\/uploads\/2025\/10\/Capture-decran-2025-10-20-a-16.31.49-768x528.png 768w\" sizes=\"(max-width: 1400px) 100vw, 1400px\" \/><\/p>\n<p><strong>La petite bourgeoisie urbaine contre un parti du peuple<\/strong><\/p>\n<p style=\"text-align: justify;\">Florian Le Teuff, n\u00e9 en 1980, incarne un profil social typique de la petite bourgeoisie urbaine hexagonale, forg\u00e9 dans les dynamiques de mobilit\u00e9 ascendante propres au capitalisme tardif. Le Teuff n&rsquo;\u00e9merge pas des entrailles prol\u00e9tariennes. En 2020, il se pr\u00e9sente comme \u00ab\u00a0citoyen auteur-\u00e9diteur\u00a0\u00bb, un m\u00e9tier embl\u00e9matique de la petite bourgeoisie culturelle : ind\u00e9pendant, pr\u00e9caire mais symboliquement valoris\u00e9, il publie des ouvrages sur Nantes (comme un recueil d&rsquo;entretiens sur le FC Nantes en 2013, \u00ab\u00a0En jaune, nos \u00e9pop\u00e9es\u00a0\u00bb), naviguant entre passion populaire (le football) et posture intellectuelle surplombante. Ce r\u00f4le d&rsquo;interm\u00e9diaire \u2013 \u00e9diteur de r\u00e9cits locaux \u2013 lui permet de tirer profit de la m\u00e9moire collective nantaise sans subir les rigueurs mat\u00e9rielles des couches populaires, typique des couches interm\u00e9diaires qui amortissent culturellement les chocs des crises cycliques du capitalisme.<\/p>\n<p style=\"text-align: justify;\">\u00c9lu en 2020 sur la liste PS-EELV de Johanna Rolland (maire PS de Naoned\/Nantes), Le Teuff devient 13e adjoint aux \u00ab\u00a0enjeux bretons\u00a0\u00bb et \u00e9lu m\u00e9tropolitain, au sein du groupe \u00e9cologiste. Non encart\u00e9 formellement (ni PS ni EELV pur jus), il symbolise l&rsquo;alliance opportuniste au sein de la gauche institutionnelle hexagonale : un ind\u00e9pendant \u00ab\u00a0timide\u00a0\u00bb (sa confidence en 2020) qui torpille le projet capitaliste du Yellow Park (nouveau stade du FC Nantes, financ\u00e9 par des int\u00e9r\u00eats priv\u00e9s polonais) pour ensuite int\u00e9grer l&rsquo;appareil municipal. Cette trajectoire \u2013 de contestataire culturel \u00e0 gestionnaire local \u2013 illustre <strong>la cooptation bourgeoise<\/strong> des \u00e9nergies contestataires : en rejoignant la majorit\u00e9 PS-EELV, il choisit non la rupture, mais la \u00ab\u00a0libert\u00e9 de parole\u00a0\u00bb au sein du syst\u00e8me, \u00e9vitant l&rsquo;opposition.<\/p>\n<p style=\"text-align: justify;\">Politiquement, son attachement \u00e0 la Bretagne reste cosm\u00e9tique : il sert \u00e0 r\u00e9\u00e9quilibrer symboliquement les \u00ab\u00a0lieux de d\u00e9cision\u00a0\u00bb sans menacer l&rsquo;\u00c9tat fran\u00e7ais et la centralisation jacobine sur lesquels reposent les \u00e9lites urbaines nantaises. Agent de la petite bourgeoisie progressiste, ni prol\u00e9taire, ni grand bourgeois, son \u00e9cologisme et son r\u00e9gionalisme masquent une fonction stabilisatrice du point de vue des \u00e9lites urbaines de gauche ; en g\u00e9rant les \u00ab\u00a0enjeux bretons\u00a0\u00bb au sein d&rsquo;une mairie PS, son r\u00f4le est de canaliser les revendications identitaires populaires.<\/p>\n<p><strong>La rupture nationaliste est \u00e9galement une rupture sociale<\/strong><\/p>\n<p style=\"text-align: justify;\">Le PNB de 2021 repr\u00e9sente tout le contraire de ce que repr\u00e9sente Le Teuff : une force neuve, structur\u00e9e et dynamique qui redonne vie au nationalisme breton pour en faire une arme populaire. Le rassemblement du 25 octobre pour honorer Olier Mordrel, ce leader historique de l\u2019ind\u00e9pendance, n\u2019a rien d\u2019un \u00e9v\u00e9nement folklorique : c\u2019est une d\u00e9monstration publique de l&rsquo;actualit\u00e9 du message national breton \u00e0 travers la d\u00e9fense de notre identit\u00e9 ethno-nationale, des revendications claires et ambitieuses, et une id\u00e9e force : \u201cLa Bretagne aux Bretons !\u201d. Pour Le Teuff, c\u2019est une menace existentielle au monopole politico-m\u00e9diatique que sa cat\u00e9gorie sociale cherche \u00e0 maintenir sur la question nationale bretonne.<\/p>\n<p style=\"text-align: justify;\">Qualifier le PNB de \u00ab n\u00e9o-nazi \u00bb permet de disqualifier l\u2019ensemble du nationalisme breton comme \u00ab\u00a0extr\u00e9miste\u00a0\u00bb et de d\u00e9fendre le courant r\u00e9gionaliste int\u00e9gr\u00e9 \u00e0 la gauche fran\u00e7aise qui domine diverses villes bretonnes. En sollicitant le parquet macroniste, Le Teuff renforce l\u2019appareil bourgeois, qui tol\u00e8re le RN tout en neutralisant les nationalismes p\u00e9riph\u00e9riques.<\/p>\n<p style=\"text-align: justify;\">Socialement, cette strat\u00e9gie r\u00e9pond \u00e0 l\u2019anxi\u00e9t\u00e9 de l\u00e9gitimit\u00e9 de la petite bourgeoisie francophile : Le Teuff, et derri\u00e8re lui l&rsquo;\u00e9tablissement r\u00e9gionaliste de gauche, veut d\u00e9finir la \u00ab Bretagne acceptable \u00bb (verte, inclusive, cosmopolite) et faire taire le Bretagne r\u00e9elle.<\/p>\n<p style=\"text-align: justify;\">Psychologiquement, c\u2019est une projection : le PNB, ancr\u00e9 dans les territoires qu\u2019ils ont quitt\u00e9s, renvoie ces gens \u00e0 leur posture de \u00ab Breton de salon \u00bb.<\/p>\n<p style=\"text-align: justify;\">L\u2019op\u00e9ration anti-PNB de Le Teuff n\u2019est pas un accident : c\u2019est la strat\u00e9gie syst\u00e9mique d\u2019une classe interm\u00e9diaire urbaine qui, par peur de la base, sabote les mouvements nationaux pour pr\u00e9server l\u2019h\u00e9g\u00e9monie bourgeoise et celle de son \u00c9tat. Le 25 octobre, l\u2019hommage du PNB doit devenir un point de cristallisation entre le mouvement authentiquement national et les contre-fa\u00e7ons r\u00e9gionalistes dont se servent les partis fran\u00e7ais de gauche qui dominent actuellement la Bretagne.<\/p>\n<p style=\"text-align: right;\"><strong>Budig Gourmaelon<\/strong><\/p>\n","protected":false},"excerpt":{"rendered":"<p>Florian Le Teuff, membre de la majorit\u00e9 municipale nantaise et proche de l&rsquo;extr\u00eame-gauche loyaliste, a exig\u00e9 de l&rsquo;\u00c9tat fran\u00e7ais qu&rsquo;il interdise le Parti National Breton. Dans Ouest-France, qui relaie complaisamment sa sommation, Le Teuff justifie sa position en d\u00e9clarant \u00a0que \u00ab depuis un an, ce mouvement agit \u00e0 visage d\u00e9couvert, en d\u00e9voilant le nom de [&hellip;]<\/p>\n","protected":false},"author":1,"featured_media":4838,"comment_status":"open","ping_status":"open","sticky":false,"template":"","format":"standard","meta":{"sb_editor_width":"","footnotes":""},"categories":[58,74,36,67,65],"tags":[],"class_list":["post-4836","post","type-post","status-publish","format-standard","has-post-thumbnail","hentry","category-breizh","category-emsav","category-extreme-gauche","category-politique","category-principale"],"relative_dates":{"created":"6 mois ago","modified":"6 mois ago"},"yoast_head":"<!-- This site is optimized with the Yoast SEO plugin v26.3 - https:\/\/yoast.com\/wordpress\/plugins\/seo\/ -->\n<title>La petite bourgeoisie de gauche contre le PNB : Le Teuff en appelle \u00e0 l&#039;\u00c9tat fran\u00e7ais pour faire interdire le PNB - STOURM<\/title>\n<meta name=\"robots\" content=\"index, follow, max-snippet:-1, max-image-preview:large, max-video-preview:-1\" \/>\n<link rel=\"canonical\" href=\"https:\/\/stourm.news\/?p=4836\" \/>\n<meta property=\"og:locale\" content=\"fr_FR\" \/>\n<meta property=\"og:type\" content=\"article\" \/>\n<meta property=\"og:title\" content=\"La petite bourgeoisie de gauche contre le PNB : Le Teuff en appelle \u00e0 l&#039;\u00c9tat fran\u00e7ais pour faire interdire le PNB - STOURM\" \/>\n<meta property=\"og:description\" content=\"Florian Le Teuff, membre de la majorit\u00e9 municipale nantaise et proche de l&rsquo;extr\u00eame-gauche loyaliste, a exig\u00e9 de l&rsquo;\u00c9tat fran\u00e7ais qu&rsquo;il interdise le Parti National Breton. Dans Ouest-France, qui relaie complaisamment sa sommation, Le Teuff justifie sa position en d\u00e9clarant \u00a0que \u00ab depuis un an, ce mouvement agit \u00e0 visage d\u00e9couvert, en d\u00e9voilant le nom de [&hellip;]\" \/>\n<meta property=\"og:url\" content=\"https:\/\/stourm.news\/?p=4836\" \/>\n<meta property=\"og:site_name\" content=\"STOURM\" \/>\n<meta property=\"article:publisher\" content=\"https:\/\/www.facebook.com\/stourmnews\/\" \/>\n<meta property=\"article:published_time\" content=\"2025-10-20T15:57:03+00:00\" \/>\n<meta property=\"article:modified_time\" content=\"2025-10-20T16:06:17+00:00\" \/>\n<meta property=\"og:image\" content=\"https:\/\/stourm.news\/wp-content\/uploads\/2025\/10\/f191c4f3-e3fb-430e-8f50-b35b43637357.jpg\" \/>\n\t<meta property=\"og:image:width\" content=\"1200\" \/>\n\t<meta property=\"og:image:height\" content=\"674\" \/>\n\t<meta property=\"og:image:type\" content=\"image\/jpeg\" \/>\n<meta name=\"author\" content=\"La r\u00e9daction\" \/>\n<meta name=\"twitter:card\" content=\"summary_large_image\" \/>\n<meta name=\"twitter:label1\" content=\"\u00c9crit par\" \/>\n\t<meta name=\"twitter:data1\" content=\"La r\u00e9daction\" \/>\n\t<meta name=\"twitter:label2\" content=\"Dur\u00e9e de lecture estim\u00e9e\" \/>\n\t<meta name=\"twitter:data2\" content=\"5 minutes\" \/>\n<script type=\"application\/ld+json\" class=\"yoast-schema-graph\">{\"@context\":\"https:\/\/schema.org\",\"@graph\":[{\"@type\":\"Article\",\"@id\":\"https:\/\/stourm.news\/?p=4836#article\",\"isPartOf\":{\"@id\":\"https:\/\/stourm.news\/?p=4836\"},\"author\":{\"name\":\"La r\u00e9daction\",\"@id\":\"https:\/\/stourm.news\/#\/schema\/person\/c3e1dc65988632e190969234ef046cf9\"},\"headline\":\"La petite bourgeoisie de gauche contre le PNB : Le Teuff en appelle \u00e0 l&rsquo;\u00c9tat fran\u00e7ais pour faire interdire le PNB\",\"datePublished\":\"2025-10-20T15:57:03+00:00\",\"dateModified\":\"2025-10-20T16:06:17+00:00\",\"mainEntityOfPage\":{\"@id\":\"https:\/\/stourm.news\/?p=4836\"},\"wordCount\":828,\"commentCount\":0,\"publisher\":{\"@id\":\"https:\/\/stourm.news\/#organization\"},\"image\":{\"@id\":\"https:\/\/stourm.news\/?p=4836#primaryimage\"},\"thumbnailUrl\":\"https:\/\/stourm.news\/wp-content\/uploads\/2025\/10\/f191c4f3-e3fb-430e-8f50-b35b43637357.jpg\",\"articleSection\":[\"Breizh\",\"Emsav\",\"Extr\u00eame-gauche\",\"Politique\",\"Principale\"],\"inLanguage\":\"fr-FR\",\"potentialAction\":[{\"@type\":\"CommentAction\",\"name\":\"Comment\",\"target\":[\"https:\/\/stourm.news\/?p=4836#respond\"]}]},{\"@type\":\"WebPage\",\"@id\":\"https:\/\/stourm.news\/?p=4836\",\"url\":\"https:\/\/stourm.news\/?p=4836\",\"name\":\"La petite bourgeoisie de gauche contre le PNB : Le Teuff en appelle \u00e0 l'\u00c9tat fran\u00e7ais pour faire interdire le PNB - STOURM\",\"isPartOf\":{\"@id\":\"https:\/\/stourm.news\/#website\"},\"primaryImageOfPage\":{\"@id\":\"https:\/\/stourm.news\/?p=4836#primaryimage\"},\"image\":{\"@id\":\"https:\/\/stourm.news\/?p=4836#primaryimage\"},\"thumbnailUrl\":\"https:\/\/stourm.news\/wp-content\/uploads\/2025\/10\/f191c4f3-e3fb-430e-8f50-b35b43637357.jpg\",\"datePublished\":\"2025-10-20T15:57:03+00:00\",\"dateModified\":\"2025-10-20T16:06:17+00:00\",\"breadcrumb\":{\"@id\":\"https:\/\/stourm.news\/?p=4836#breadcrumb\"},\"inLanguage\":\"fr-FR\",\"potentialAction\":[{\"@type\":\"ReadAction\",\"target\":[\"https:\/\/stourm.news\/?p=4836\"]}]},{\"@type\":\"ImageObject\",\"inLanguage\":\"fr-FR\",\"@id\":\"https:\/\/stourm.news\/?p=4836#primaryimage\",\"url\":\"https:\/\/stourm.news\/wp-content\/uploads\/2025\/10\/f191c4f3-e3fb-430e-8f50-b35b43637357.jpg\",\"contentUrl\":\"https:\/\/stourm.news\/wp-content\/uploads\/2025\/10\/f191c4f3-e3fb-430e-8f50-b35b43637357.jpg\",\"width\":1200,\"height\":674},{\"@type\":\"BreadcrumbList\",\"@id\":\"https:\/\/stourm.news\/?p=4836#breadcrumb\",\"itemListElement\":[{\"@type\":\"ListItem\",\"position\":1,\"name\":\"Accueil\",\"item\":\"https:\/\/stourm.news\/\"},{\"@type\":\"ListItem\",\"position\":2,\"name\":\"La petite bourgeoisie de gauche contre le PNB : Le Teuff en appelle \u00e0 l&rsquo;\u00c9tat fran\u00e7ais pour faire interdire le PNB\"}]},{\"@type\":\"WebSite\",\"@id\":\"https:\/\/stourm.news\/#website\",\"url\":\"https:\/\/stourm.news\/\",\"name\":\"Stourm\",\"description\":\"Kazetenn Strollad Broadel Breizh\",\"publisher\":{\"@id\":\"https:\/\/stourm.news\/#organization\"},\"potentialAction\":[{\"@type\":\"SearchAction\",\"target\":{\"@type\":\"EntryPoint\",\"urlTemplate\":\"https:\/\/stourm.news\/?s={search_term_string}\"},\"query-input\":{\"@type\":\"PropertyValueSpecification\",\"valueRequired\":true,\"valueName\":\"search_term_string\"}}],\"inLanguage\":\"fr-FR\"},{\"@type\":\"Organization\",\"@id\":\"https:\/\/stourm.news\/#organization\",\"name\":\"Stourm\",\"url\":\"https:\/\/stourm.news\/\",\"logo\":{\"@type\":\"ImageObject\",\"inLanguage\":\"fr-FR\",\"@id\":\"https:\/\/stourm.news\/#\/schema\/logo\/image\/\",\"url\":\"https:\/\/stourm.news\/wp-content\/uploads\/2025\/11\/cropped-Capture-decran-2025-11-28-a-15.19.07.png\",\"contentUrl\":\"https:\/\/stourm.news\/wp-content\/uploads\/2025\/11\/cropped-Capture-decran-2025-11-28-a-15.19.07.png\",\"width\":1855,\"height\":383,\"caption\":\"Stourm\"},\"image\":{\"@id\":\"https:\/\/stourm.news\/#\/schema\/logo\/image\/\"},\"sameAs\":[\"https:\/\/www.facebook.com\/stourmnews\/\"]},{\"@type\":\"Person\",\"@id\":\"https:\/\/stourm.news\/#\/schema\/person\/c3e1dc65988632e190969234ef046cf9\",\"name\":\"La r\u00e9daction\",\"image\":{\"@type\":\"ImageObject\",\"inLanguage\":\"fr-FR\",\"@id\":\"https:\/\/stourm.news\/#\/schema\/person\/image\/\",\"url\":\"https:\/\/secure.gravatar.com\/avatar\/7463443f194b6b5fb706b074ca0ef59a0cfcfd720cb47764b0ec5a952ce422b3?s=96&d=mm&r=g\",\"contentUrl\":\"https:\/\/secure.gravatar.com\/avatar\/7463443f194b6b5fb706b074ca0ef59a0cfcfd720cb47764b0ec5a952ce422b3?s=96&d=mm&r=g\",\"caption\":\"La r\u00e9daction\"},\"sameAs\":[\"https:\/\/stourm.news\"],\"url\":\"https:\/\/stourm.news\/?author=1\"}]}<\/script>\n<!-- \/ Yoast SEO plugin. -->","yoast_head_json":{"title":"La petite bourgeoisie de gauche contre le PNB : Le Teuff en appelle \u00e0 l'\u00c9tat fran\u00e7ais pour faire interdire le PNB - STOURM","robots":{"index":"index","follow":"follow","max-snippet":"max-snippet:-1","max-image-preview":"max-image-preview:large","max-video-preview":"max-video-preview:-1"},"canonical":"https:\/\/stourm.news\/?p=4836","og_locale":"fr_FR","og_type":"article","og_title":"La petite bourgeoisie de gauche contre le PNB : Le Teuff en appelle \u00e0 l'\u00c9tat fran\u00e7ais pour faire interdire le PNB - STOURM","og_description":"Florian Le Teuff, membre de la majorit\u00e9 municipale nantaise et proche de l&rsquo;extr\u00eame-gauche loyaliste, a exig\u00e9 de l&rsquo;\u00c9tat fran\u00e7ais qu&rsquo;il interdise le Parti National Breton. Dans Ouest-France, qui relaie complaisamment sa sommation, Le Teuff justifie sa position en d\u00e9clarant \u00a0que \u00ab depuis un an, ce mouvement agit \u00e0 visage d\u00e9couvert, en d\u00e9voilant le nom de [&hellip;]","og_url":"https:\/\/stourm.news\/?p=4836","og_site_name":"STOURM","article_publisher":"https:\/\/www.facebook.com\/stourmnews\/","article_published_time":"2025-10-20T15:57:03+00:00","article_modified_time":"2025-10-20T16:06:17+00:00","og_image":[{"width":1200,"height":674,"url":"https:\/\/stourm.news\/wp-content\/uploads\/2025\/10\/f191c4f3-e3fb-430e-8f50-b35b43637357.jpg","type":"image\/jpeg"}],"author":"La r\u00e9daction","twitter_card":"summary_large_image","twitter_misc":{"\u00c9crit par":"La r\u00e9daction","Dur\u00e9e de lecture estim\u00e9e":"5 minutes"},"schema":{"@context":"https:\/\/schema.org","@graph":[{"@type":"Article","@id":"https:\/\/stourm.news\/?p=4836#article","isPartOf":{"@id":"https:\/\/stourm.news\/?p=4836"},"author":{"name":"La r\u00e9daction","@id":"https:\/\/stourm.news\/#\/schema\/person\/c3e1dc65988632e190969234ef046cf9"},"headline":"La petite bourgeoisie de gauche contre le PNB : Le Teuff en appelle \u00e0 l&rsquo;\u00c9tat fran\u00e7ais pour faire interdire le PNB","datePublished":"2025-10-20T15:57:03+00:00","dateModified":"2025-10-20T16:06:17+00:00","mainEntityOfPage":{"@id":"https:\/\/stourm.news\/?p=4836"},"wordCount":828,"commentCount":0,"publisher":{"@id":"https:\/\/stourm.news\/#organization"},"image":{"@id":"https:\/\/stourm.news\/?p=4836#primaryimage"},"thumbnailUrl":"https:\/\/stourm.news\/wp-content\/uploads\/2025\/10\/f191c4f3-e3fb-430e-8f50-b35b43637357.jpg","articleSection":["Breizh","Emsav","Extr\u00eame-gauche","Politique","Principale"],"inLanguage":"fr-FR","potentialAction":[{"@type":"CommentAction","name":"Comment","target":["https:\/\/stourm.news\/?p=4836#respond"]}]},{"@type":"WebPage","@id":"https:\/\/stourm.news\/?p=4836","url":"https:\/\/stourm.news\/?p=4836","name":"La petite bourgeoisie de gauche contre le PNB : Le Teuff en appelle \u00e0 l'\u00c9tat fran\u00e7ais pour faire interdire le PNB - STOURM","isPartOf":{"@id":"https:\/\/stourm.news\/#website"},"primaryImageOfPage":{"@id":"https:\/\/stourm.news\/?p=4836#primaryimage"},"image":{"@id":"https:\/\/stourm.news\/?p=4836#primaryimage"},"thumbnailUrl":"https:\/\/stourm.news\/wp-content\/uploads\/2025\/10\/f191c4f3-e3fb-430e-8f50-b35b43637357.jpg","datePublished":"2025-10-20T15:57:03+00:00","dateModified":"2025-10-20T16:06:17+00:00","breadcrumb":{"@id":"https:\/\/stourm.news\/?p=4836#breadcrumb"},"inLanguage":"fr-FR","potentialAction":[{"@type":"ReadAction","target":["https:\/\/stourm.news\/?p=4836"]}]},{"@type":"ImageObject","inLanguage":"fr-FR","@id":"https:\/\/stourm.news\/?p=4836#primaryimage","url":"https:\/\/stourm.news\/wp-content\/uploads\/2025\/10\/f191c4f3-e3fb-430e-8f50-b35b43637357.jpg","contentUrl":"https:\/\/stourm.news\/wp-content\/uploads\/2025\/10\/f191c4f3-e3fb-430e-8f50-b35b43637357.jpg","width":1200,"height":674},{"@type":"BreadcrumbList","@id":"https:\/\/stourm.news\/?p=4836#breadcrumb","itemListElement":[{"@type":"ListItem","position":1,"name":"Accueil","item":"https:\/\/stourm.news\/"},{"@type":"ListItem","position":2,"name":"La petite bourgeoisie de gauche contre le PNB : Le Teuff en appelle \u00e0 l&rsquo;\u00c9tat fran\u00e7ais pour faire interdire le PNB"}]},{"@type":"WebSite","@id":"https:\/\/stourm.news\/#website","url":"https:\/\/stourm.news\/","name":"Stourm","description":"Kazetenn Strollad Broadel Breizh","publisher":{"@id":"https:\/\/stourm.news\/#organization"},"potentialAction":[{"@type":"SearchAction","target":{"@type":"EntryPoint","urlTemplate":"https:\/\/stourm.news\/?s={search_term_string}"},"query-input":{"@type":"PropertyValueSpecification","valueRequired":true,"valueName":"search_term_string"}}],"inLanguage":"fr-FR"},{"@type":"Organization","@id":"https:\/\/stourm.news\/#organization","name":"Stourm","url":"https:\/\/stourm.news\/","logo":{"@type":"ImageObject","inLanguage":"fr-FR","@id":"https:\/\/stourm.news\/#\/schema\/logo\/image\/","url":"https:\/\/stourm.news\/wp-content\/uploads\/2025\/11\/cropped-Capture-decran-2025-11-28-a-15.19.07.png","contentUrl":"https:\/\/stourm.news\/wp-content\/uploads\/2025\/11\/cropped-Capture-decran-2025-11-28-a-15.19.07.png","width":1855,"height":383,"caption":"Stourm"},"image":{"@id":"https:\/\/stourm.news\/#\/schema\/logo\/image\/"},"sameAs":["https:\/\/www.facebook.com\/stourmnews\/"]},{"@type":"Person","@id":"https:\/\/stourm.news\/#\/schema\/person\/c3e1dc65988632e190969234ef046cf9","name":"La r\u00e9daction","image":{"@type":"ImageObject","inLanguage":"fr-FR","@id":"https:\/\/stourm.news\/#\/schema\/person\/image\/","url":"https:\/\/secure.gravatar.com\/avatar\/7463443f194b6b5fb706b074ca0ef59a0cfcfd720cb47764b0ec5a952ce422b3?s=96&d=mm&r=g","contentUrl":"https:\/\/secure.gravatar.com\/avatar\/7463443f194b6b5fb706b074ca0ef59a0cfcfd720cb47764b0ec5a952ce422b3?s=96&d=mm&r=g","caption":"La r\u00e9daction"},"sameAs":["https:\/\/stourm.news"],"url":"https:\/\/stourm.news\/?author=1"}]}},"_links":{"self":[{"href":"https:\/\/stourm.news\/index.php?rest_route=\/wp\/v2\/posts\/4836","targetHints":{"allow":["GET"]}}],"collection":[{"href":"https:\/\/stourm.news\/index.php?rest_route=\/wp\/v2\/posts"}],"about":[{"href":"https:\/\/stourm.news\/index.php?rest_route=\/wp\/v2\/types\/post"}],"author":[{"embeddable":true,"href":"https:\/\/stourm.news\/index.php?rest_route=\/wp\/v2\/users\/1"}],"replies":[{"embeddable":true,"href":"https:\/\/stourm.news\/index.php?rest_route=%2Fwp%2Fv2%2Fcomments&post=4836"}],"version-history":[{"count":5,"href":"https:\/\/stourm.news\/index.php?rest_route=\/wp\/v2\/posts\/4836\/revisions"}],"predecessor-version":[{"id":4843,"href":"https:\/\/stourm.news\/index.php?rest_route=\/wp\/v2\/posts\/4836\/revisions\/4843"}],"wp:featuredmedia":[{"embeddable":true,"href":"https:\/\/stourm.news\/index.php?rest_route=\/wp\/v2\/media\/4838"}],"wp:attachment":[{"href":"https:\/\/stourm.news\/index.php?rest_route=%2Fwp%2Fv2%2Fmedia&parent=4836"}],"wp:term":[{"taxonomy":"category","embeddable":true,"href":"https:\/\/stourm.news\/index.php?rest_route=%2Fwp%2Fv2%2Fcategories&post=4836"},{"taxonomy":"post_tag","embeddable":true,"href":"https:\/\/stourm.news\/index.php?rest_route=%2Fwp%2Fv2%2Ftags&post=4836"}],"curies":[{"name":"wp","href":"https:\/\/api.w.org\/{rel}","templated":true}]}}