{"id":4844,"date":"2025-10-21T16:31:54","date_gmt":"2025-10-21T16:31:54","guid":{"rendered":"https:\/\/stourm.news\/?p=4844"},"modified":"2025-10-21T16:31:54","modified_gmt":"2025-10-21T16:31:54","slug":"editorial-brest-lame-ouvriere-darmorique-trahie-par-paris-par-rene-morvan","status":"publish","type":"post","link":"https:\/\/stourm.news\/?p=4844","title":{"rendered":"\u00c9ditorial : \u00ab\u00a0Brest, l\u2019\u00e2me ouvri\u00e8re d\u2019Armorique trahie par Paris\u00a0\u00bb &#8211; par Ren\u00e9 Morvan"},"content":{"rendered":"<p style=\"text-align: justify;\">Il fut un temps, pas si lointain, o\u00f9 les rues de Recouvrance r\u00e9sonnaient de chants de marins, de coups de marteau sur les coques d\u2019acier, et des \u00e9clats de voix en parl\u00e9 brestois \u2014 ce sabir franc et rugueux, forg\u00e9 par les vagues, la guerre et la solidarit\u00e9 d\u2019un peuple. Ce temps-l\u00e0, c\u2019est celui de l\u2019Arsenal, des ouvriers bretons qui construisaient les navires de guerre de la R\u00e9publique fran\u00e7aise\u2026 au service d\u2019un \u00c9tat qui ne leur a jamais rendu la pareille.<\/p>\n<p style=\"text-align: justify;\">Brest n\u2019a jamais \u00e9t\u00e9 une ville comme les autres. Elle est une forteresse de granit, dress\u00e9e face \u00e0 l\u2019oc\u00e9an, battue par les vents, fid\u00e8le \u00e0 ses racines populaires et bretonnes. C\u2019est ici que l\u2019on travaillait dur \u2014 dans les cales, sur les docks, dans les ateliers \u2014 \u00e0 construire, \u00e0 r\u00e9parer, \u00e0 faire tourner la grande machine militaire de la France. Brest, colonie ouvri\u00e8re de l\u2019\u00c9tat centralisateur, zone d\u2019ombre que Paris ne regarde que quand il s\u2019agit d\u2019y envoyer ses consignes, ses uniformes, ses imp\u00f4ts.<\/p>\n<p style=\"text-align: justify;\">Mais ce que la R\u00e9publique oublie trop vite, c\u2019est que Brest n\u2019est pas qu\u2019un port militaire. C\u2019est un creuset de culture populaire, une terre de luttes sociales, une ville qui a \u00e9lev\u00e9 des g\u00e9n\u00e9rations enti\u00e8res dans l\u2019honneur du travail manuel, de la camaraderie et du franc-parler.<\/p>\n<p style=\"text-align: justify;\"><strong>La m\u00e9moire du fer et du bistrot<\/strong><\/p>\n<p style=\"text-align: justify;\">Ceux qui ont connu le vieux Brest, celui d\u2019avant les technopoles et les \u00ab\u00a0p\u00f4les de comp\u00e9titivit\u00e9\u00a0\u00bb, se souviennent des bistrots ouvriers : Le Bar de l\u2019Arsenal, Le R\u00e9cif, Chez Jeannot, La Chope d\u2019Or\u2026 Autant de lieux qui \u00e9taient bien plus que des points de chute : ils formaient le tissu vivant de la cit\u00e9. On y retrouvait les copains de chantier, on y jouait aux cartes, on y parlait fort, avec ce parl\u00e9 brestois si imag\u00e9 :<\/p>\n<p style=\"text-align: justify;\">\u201cT\u2019as vu l\u2019p\u00e8re Le Gall ? Y z\u2019ont encore foutu l\u2019v\u00e9lo dans la cale, gast !\u201d<\/p>\n<p style=\"text-align: justify;\">\u201cOuais, l\u2019arsouil&rsquo; y s\u2019est torch\u00e9 la gueule au pif de chez M\u00e9m\u00e8ne, comme d\u2019hab\u2019 ! Y&rsquo;avait skiff de ce qu&rsquo;on dit\u2026\u201d<\/p>\n<p style=\"text-align: justify;\">C\u2019est un patois populaire, enracin\u00e9e, qui sent la mer, la clope et la sueur. Une langue qui faisait nation \u00e0 elle seule, bien loin du fran\u00e7ais aseptis\u00e9 des minist\u00e8res.<\/p>\n<p style=\"text-align: justify;\"><strong>Une culture ni\u00e9e, une \u00e9conomie sacrifi\u00e9e<\/strong><\/p>\n<p style=\"text-align: justify;\">La fermeture progressive des chantiers, les restructurations de l\u2019Arsenal, la casse du service public \u2014 tout cela a \u00e9t\u00e9 d\u00e9cid\u00e9 \u00e0 Paris, sans l\u2019avis des Bretons, sans respect pour les vies bris\u00e9es ni pour le tissu \u00e9conomique local. Brest a \u00e9t\u00e9 trahie. Et avec elle, toute une culture populaire s\u2019est effondr\u00e9e. Les petits commerces ont ferm\u00e9. Les bistrots ont disparu. Les familles ouvri\u00e8res ont \u00e9t\u00e9 remplac\u00e9es par des programmes \u201cd\u2019urbanisme r\u00e9novateur\u201d qui ne respectent ni l\u2019histoire, ni l\u2019humain.<\/p>\n<p style=\"text-align: justify;\"><strong>L\u2019ind\u00e9pendance ou l\u2019effacement<\/strong><\/p>\n<p style=\"text-align: justify;\">Brest est l\u2019exemple parfait de ce que produit la d\u00e9pendance \u00e0 l\u2019\u00c9tat fran\u00e7ais : une richesse produite localement, drain\u00e9e vers le centre ; une culture populaire vivante, folkloris\u00e9e ou \u00e9radiqu\u00e9e ; une langue bretonne marginalis\u00e9e, quand elle n\u2019est pas moqu\u00e9e. Le parl\u00e9 brestois, le breton ouvrier, la gouaille des faubourgs\u2026 tout cela s\u2019efface, faute d\u2019\u00eatre reconnu comme l\u00e9gitime.<\/p>\n<p style=\"text-align: justify;\"><strong>Il est temps de redresser la t\u00eate<\/strong><\/p>\n<p style=\"text-align: justify;\">Il est temps que Brest, et la Bretagne tout enti\u00e8re, reprennent leur destin en main.<br \/>\nNous ne voulons plus \u00eatre l\u2019atelier militaire de Paris, ni la carte postale pittoresque pour touristes.<\/p>\n<p style=\"text-align: justify;\">Nous voulons une Bretagne libre, o\u00f9 la classe ouvri\u00e8re soit honor\u00e9e, o\u00f9 notre langue vive, o\u00f9 nos ports ne soient pas que des zones d\u2019attente mais des foyers d\u2019avenir.<br \/>\nNous voulons une nation bretonne, solidaire, enracin\u00e9e, ouvri\u00e8re et fi\u00e8re.<\/p>\n<p style=\"text-align: justify;\">Brest n\u2019est pas morte. Elle dort.<\/p>\n<p style=\"text-align: justify;\">Et quand elle se r\u00e9veillera, c\u2019est toute la Bretagne qui se l\u00e8vera avec elle.<\/p>\n<p style=\"text-align: justify;\">Breizh dizalc\u2019h, Brest digabestr.<\/p>\n<p style=\"text-align: right;\">Ronan Morvan.<\/p>\n","protected":false},"excerpt":{"rendered":"<p>Il fut un temps, pas si lointain, o\u00f9 les rues de Recouvrance r\u00e9sonnaient de chants de marins, de coups de marteau sur les coques d\u2019acier, et des \u00e9clats de voix en parl\u00e9 brestois \u2014 ce sabir franc et rugueux, forg\u00e9 par les vagues, la guerre et la solidarit\u00e9 d\u2019un peuple. Ce temps-l\u00e0, c\u2019est celui de [&hellip;]<\/p>\n","protected":false},"author":1,"featured_media":4845,"comment_status":"open","ping_status":"open","sticky":false,"template":"","format":"standard","meta":{"sb_editor_width":"","footnotes":""},"categories":[63,65],"tags":[],"class_list":["post-4844","post","type-post","status-publish","format-standard","has-post-thumbnail","hentry","category-editorial","category-principale"],"relative_dates":{"created":"6 mois ago","modified":"6 mois ago"},"yoast_head":"<!-- This site is optimized with the Yoast SEO plugin v26.3 - https:\/\/yoast.com\/wordpress\/plugins\/seo\/ -->\n<title>\u00c9ditorial : &quot;Brest, l\u2019\u00e2me ouvri\u00e8re d\u2019Armorique trahie par Paris&quot; - par Ren\u00e9 Morvan - STOURM<\/title>\n<meta name=\"robots\" content=\"index, follow, max-snippet:-1, max-image-preview:large, max-video-preview:-1\" \/>\n<link rel=\"canonical\" href=\"https:\/\/stourm.news\/?p=4844\" \/>\n<meta property=\"og:locale\" content=\"fr_FR\" \/>\n<meta property=\"og:type\" content=\"article\" \/>\n<meta property=\"og:title\" content=\"\u00c9ditorial : &quot;Brest, l\u2019\u00e2me ouvri\u00e8re d\u2019Armorique trahie par Paris&quot; - par Ren\u00e9 Morvan - STOURM\" \/>\n<meta property=\"og:description\" content=\"Il fut un temps, pas si lointain, o\u00f9 les rues de Recouvrance r\u00e9sonnaient de chants de marins, de coups de marteau sur les coques d\u2019acier, et des \u00e9clats de voix en parl\u00e9 brestois \u2014 ce sabir franc et rugueux, forg\u00e9 par les vagues, la guerre et la solidarit\u00e9 d\u2019un peuple. Ce temps-l\u00e0, c\u2019est celui de [&hellip;]\" \/>\n<meta property=\"og:url\" content=\"https:\/\/stourm.news\/?p=4844\" \/>\n<meta property=\"og:site_name\" content=\"STOURM\" \/>\n<meta property=\"article:publisher\" content=\"https:\/\/www.facebook.com\/stourmnews\/\" \/>\n<meta property=\"article:published_time\" content=\"2025-10-21T16:31:54+00:00\" \/>\n<meta property=\"og:image\" content=\"https:\/\/stourm.news\/wp-content\/uploads\/2025\/10\/499896830_1369457244655868_8832991279202141647_n.jpg\" \/>\n\t<meta property=\"og:image:width\" content=\"2048\" \/>\n\t<meta property=\"og:image:height\" content=\"1360\" \/>\n\t<meta property=\"og:image:type\" content=\"image\/jpeg\" \/>\n<meta name=\"author\" content=\"La r\u00e9daction\" \/>\n<meta name=\"twitter:card\" content=\"summary_large_image\" \/>\n<meta name=\"twitter:label1\" content=\"\u00c9crit par\" \/>\n\t<meta name=\"twitter:data1\" content=\"La r\u00e9daction\" \/>\n\t<meta name=\"twitter:label2\" content=\"Dur\u00e9e de lecture estim\u00e9e\" \/>\n\t<meta name=\"twitter:data2\" content=\"4 minutes\" \/>\n<script type=\"application\/ld+json\" class=\"yoast-schema-graph\">{\"@context\":\"https:\/\/schema.org\",\"@graph\":[{\"@type\":\"Article\",\"@id\":\"https:\/\/stourm.news\/?p=4844#article\",\"isPartOf\":{\"@id\":\"https:\/\/stourm.news\/?p=4844\"},\"author\":{\"name\":\"La r\u00e9daction\",\"@id\":\"https:\/\/stourm.news\/#\/schema\/person\/c3e1dc65988632e190969234ef046cf9\"},\"headline\":\"\u00c9ditorial : \u00ab\u00a0Brest, l\u2019\u00e2me ouvri\u00e8re d\u2019Armorique trahie par Paris\u00a0\u00bb &#8211; par Ren\u00e9 Morvan\",\"datePublished\":\"2025-10-21T16:31:54+00:00\",\"mainEntityOfPage\":{\"@id\":\"https:\/\/stourm.news\/?p=4844\"},\"wordCount\":704,\"commentCount\":0,\"publisher\":{\"@id\":\"https:\/\/stourm.news\/#organization\"},\"image\":{\"@id\":\"https:\/\/stourm.news\/?p=4844#primaryimage\"},\"thumbnailUrl\":\"https:\/\/stourm.news\/wp-content\/uploads\/2025\/10\/499896830_1369457244655868_8832991279202141647_n.jpg\",\"articleSection\":[\"Editorial\",\"Principale\"],\"inLanguage\":\"fr-FR\",\"potentialAction\":[{\"@type\":\"CommentAction\",\"name\":\"Comment\",\"target\":[\"https:\/\/stourm.news\/?p=4844#respond\"]}]},{\"@type\":\"WebPage\",\"@id\":\"https:\/\/stourm.news\/?p=4844\",\"url\":\"https:\/\/stourm.news\/?p=4844\",\"name\":\"\u00c9ditorial : \\\"Brest, l\u2019\u00e2me ouvri\u00e8re d\u2019Armorique trahie par Paris\\\" - par Ren\u00e9 Morvan - STOURM\",\"isPartOf\":{\"@id\":\"https:\/\/stourm.news\/#website\"},\"primaryImageOfPage\":{\"@id\":\"https:\/\/stourm.news\/?p=4844#primaryimage\"},\"image\":{\"@id\":\"https:\/\/stourm.news\/?p=4844#primaryimage\"},\"thumbnailUrl\":\"https:\/\/stourm.news\/wp-content\/uploads\/2025\/10\/499896830_1369457244655868_8832991279202141647_n.jpg\",\"datePublished\":\"2025-10-21T16:31:54+00:00\",\"breadcrumb\":{\"@id\":\"https:\/\/stourm.news\/?p=4844#breadcrumb\"},\"inLanguage\":\"fr-FR\",\"potentialAction\":[{\"@type\":\"ReadAction\",\"target\":[\"https:\/\/stourm.news\/?p=4844\"]}]},{\"@type\":\"ImageObject\",\"inLanguage\":\"fr-FR\",\"@id\":\"https:\/\/stourm.news\/?p=4844#primaryimage\",\"url\":\"https:\/\/stourm.news\/wp-content\/uploads\/2025\/10\/499896830_1369457244655868_8832991279202141647_n.jpg\",\"contentUrl\":\"https:\/\/stourm.news\/wp-content\/uploads\/2025\/10\/499896830_1369457244655868_8832991279202141647_n.jpg\",\"width\":2048,\"height\":1360},{\"@type\":\"BreadcrumbList\",\"@id\":\"https:\/\/stourm.news\/?p=4844#breadcrumb\",\"itemListElement\":[{\"@type\":\"ListItem\",\"position\":1,\"name\":\"Accueil\",\"item\":\"https:\/\/stourm.news\/\"},{\"@type\":\"ListItem\",\"position\":2,\"name\":\"\u00c9ditorial : \u00ab\u00a0Brest, l\u2019\u00e2me ouvri\u00e8re d\u2019Armorique trahie par Paris\u00a0\u00bb &#8211; par Ren\u00e9 Morvan\"}]},{\"@type\":\"WebSite\",\"@id\":\"https:\/\/stourm.news\/#website\",\"url\":\"https:\/\/stourm.news\/\",\"name\":\"Stourm\",\"description\":\"Kazetenn Strollad Broadel Breizh\",\"publisher\":{\"@id\":\"https:\/\/stourm.news\/#organization\"},\"potentialAction\":[{\"@type\":\"SearchAction\",\"target\":{\"@type\":\"EntryPoint\",\"urlTemplate\":\"https:\/\/stourm.news\/?s={search_term_string}\"},\"query-input\":{\"@type\":\"PropertyValueSpecification\",\"valueRequired\":true,\"valueName\":\"search_term_string\"}}],\"inLanguage\":\"fr-FR\"},{\"@type\":\"Organization\",\"@id\":\"https:\/\/stourm.news\/#organization\",\"name\":\"Stourm\",\"url\":\"https:\/\/stourm.news\/\",\"logo\":{\"@type\":\"ImageObject\",\"inLanguage\":\"fr-FR\",\"@id\":\"https:\/\/stourm.news\/#\/schema\/logo\/image\/\",\"url\":\"https:\/\/stourm.news\/wp-content\/uploads\/2025\/11\/cropped-Capture-decran-2025-11-28-a-15.19.07.png\",\"contentUrl\":\"https:\/\/stourm.news\/wp-content\/uploads\/2025\/11\/cropped-Capture-decran-2025-11-28-a-15.19.07.png\",\"width\":1855,\"height\":383,\"caption\":\"Stourm\"},\"image\":{\"@id\":\"https:\/\/stourm.news\/#\/schema\/logo\/image\/\"},\"sameAs\":[\"https:\/\/www.facebook.com\/stourmnews\/\"]},{\"@type\":\"Person\",\"@id\":\"https:\/\/stourm.news\/#\/schema\/person\/c3e1dc65988632e190969234ef046cf9\",\"name\":\"La r\u00e9daction\",\"image\":{\"@type\":\"ImageObject\",\"inLanguage\":\"fr-FR\",\"@id\":\"https:\/\/stourm.news\/#\/schema\/person\/image\/\",\"url\":\"https:\/\/secure.gravatar.com\/avatar\/7463443f194b6b5fb706b074ca0ef59a0cfcfd720cb47764b0ec5a952ce422b3?s=96&d=mm&r=g\",\"contentUrl\":\"https:\/\/secure.gravatar.com\/avatar\/7463443f194b6b5fb706b074ca0ef59a0cfcfd720cb47764b0ec5a952ce422b3?s=96&d=mm&r=g\",\"caption\":\"La r\u00e9daction\"},\"sameAs\":[\"https:\/\/stourm.news\"],\"url\":\"https:\/\/stourm.news\/?author=1\"}]}<\/script>\n<!-- \/ Yoast SEO plugin. -->","yoast_head_json":{"title":"\u00c9ditorial : \"Brest, l\u2019\u00e2me ouvri\u00e8re d\u2019Armorique trahie par Paris\" - par Ren\u00e9 Morvan - STOURM","robots":{"index":"index","follow":"follow","max-snippet":"max-snippet:-1","max-image-preview":"max-image-preview:large","max-video-preview":"max-video-preview:-1"},"canonical":"https:\/\/stourm.news\/?p=4844","og_locale":"fr_FR","og_type":"article","og_title":"\u00c9ditorial : \"Brest, l\u2019\u00e2me ouvri\u00e8re d\u2019Armorique trahie par Paris\" - par Ren\u00e9 Morvan - STOURM","og_description":"Il fut un temps, pas si lointain, o\u00f9 les rues de Recouvrance r\u00e9sonnaient de chants de marins, de coups de marteau sur les coques d\u2019acier, et des \u00e9clats de voix en parl\u00e9 brestois \u2014 ce sabir franc et rugueux, forg\u00e9 par les vagues, la guerre et la solidarit\u00e9 d\u2019un peuple. Ce temps-l\u00e0, c\u2019est celui de [&hellip;]","og_url":"https:\/\/stourm.news\/?p=4844","og_site_name":"STOURM","article_publisher":"https:\/\/www.facebook.com\/stourmnews\/","article_published_time":"2025-10-21T16:31:54+00:00","og_image":[{"width":2048,"height":1360,"url":"https:\/\/stourm.news\/wp-content\/uploads\/2025\/10\/499896830_1369457244655868_8832991279202141647_n.jpg","type":"image\/jpeg"}],"author":"La r\u00e9daction","twitter_card":"summary_large_image","twitter_misc":{"\u00c9crit par":"La r\u00e9daction","Dur\u00e9e de lecture estim\u00e9e":"4 minutes"},"schema":{"@context":"https:\/\/schema.org","@graph":[{"@type":"Article","@id":"https:\/\/stourm.news\/?p=4844#article","isPartOf":{"@id":"https:\/\/stourm.news\/?p=4844"},"author":{"name":"La r\u00e9daction","@id":"https:\/\/stourm.news\/#\/schema\/person\/c3e1dc65988632e190969234ef046cf9"},"headline":"\u00c9ditorial : \u00ab\u00a0Brest, l\u2019\u00e2me ouvri\u00e8re d\u2019Armorique trahie par Paris\u00a0\u00bb &#8211; par Ren\u00e9 Morvan","datePublished":"2025-10-21T16:31:54+00:00","mainEntityOfPage":{"@id":"https:\/\/stourm.news\/?p=4844"},"wordCount":704,"commentCount":0,"publisher":{"@id":"https:\/\/stourm.news\/#organization"},"image":{"@id":"https:\/\/stourm.news\/?p=4844#primaryimage"},"thumbnailUrl":"https:\/\/stourm.news\/wp-content\/uploads\/2025\/10\/499896830_1369457244655868_8832991279202141647_n.jpg","articleSection":["Editorial","Principale"],"inLanguage":"fr-FR","potentialAction":[{"@type":"CommentAction","name":"Comment","target":["https:\/\/stourm.news\/?p=4844#respond"]}]},{"@type":"WebPage","@id":"https:\/\/stourm.news\/?p=4844","url":"https:\/\/stourm.news\/?p=4844","name":"\u00c9ditorial : \"Brest, l\u2019\u00e2me ouvri\u00e8re d\u2019Armorique trahie par Paris\" - par Ren\u00e9 Morvan - STOURM","isPartOf":{"@id":"https:\/\/stourm.news\/#website"},"primaryImageOfPage":{"@id":"https:\/\/stourm.news\/?p=4844#primaryimage"},"image":{"@id":"https:\/\/stourm.news\/?p=4844#primaryimage"},"thumbnailUrl":"https:\/\/stourm.news\/wp-content\/uploads\/2025\/10\/499896830_1369457244655868_8832991279202141647_n.jpg","datePublished":"2025-10-21T16:31:54+00:00","breadcrumb":{"@id":"https:\/\/stourm.news\/?p=4844#breadcrumb"},"inLanguage":"fr-FR","potentialAction":[{"@type":"ReadAction","target":["https:\/\/stourm.news\/?p=4844"]}]},{"@type":"ImageObject","inLanguage":"fr-FR","@id":"https:\/\/stourm.news\/?p=4844#primaryimage","url":"https:\/\/stourm.news\/wp-content\/uploads\/2025\/10\/499896830_1369457244655868_8832991279202141647_n.jpg","contentUrl":"https:\/\/stourm.news\/wp-content\/uploads\/2025\/10\/499896830_1369457244655868_8832991279202141647_n.jpg","width":2048,"height":1360},{"@type":"BreadcrumbList","@id":"https:\/\/stourm.news\/?p=4844#breadcrumb","itemListElement":[{"@type":"ListItem","position":1,"name":"Accueil","item":"https:\/\/stourm.news\/"},{"@type":"ListItem","position":2,"name":"\u00c9ditorial : \u00ab\u00a0Brest, l\u2019\u00e2me ouvri\u00e8re d\u2019Armorique trahie par Paris\u00a0\u00bb &#8211; par Ren\u00e9 Morvan"}]},{"@type":"WebSite","@id":"https:\/\/stourm.news\/#website","url":"https:\/\/stourm.news\/","name":"Stourm","description":"Kazetenn Strollad Broadel Breizh","publisher":{"@id":"https:\/\/stourm.news\/#organization"},"potentialAction":[{"@type":"SearchAction","target":{"@type":"EntryPoint","urlTemplate":"https:\/\/stourm.news\/?s={search_term_string}"},"query-input":{"@type":"PropertyValueSpecification","valueRequired":true,"valueName":"search_term_string"}}],"inLanguage":"fr-FR"},{"@type":"Organization","@id":"https:\/\/stourm.news\/#organization","name":"Stourm","url":"https:\/\/stourm.news\/","logo":{"@type":"ImageObject","inLanguage":"fr-FR","@id":"https:\/\/stourm.news\/#\/schema\/logo\/image\/","url":"https:\/\/stourm.news\/wp-content\/uploads\/2025\/11\/cropped-Capture-decran-2025-11-28-a-15.19.07.png","contentUrl":"https:\/\/stourm.news\/wp-content\/uploads\/2025\/11\/cropped-Capture-decran-2025-11-28-a-15.19.07.png","width":1855,"height":383,"caption":"Stourm"},"image":{"@id":"https:\/\/stourm.news\/#\/schema\/logo\/image\/"},"sameAs":["https:\/\/www.facebook.com\/stourmnews\/"]},{"@type":"Person","@id":"https:\/\/stourm.news\/#\/schema\/person\/c3e1dc65988632e190969234ef046cf9","name":"La r\u00e9daction","image":{"@type":"ImageObject","inLanguage":"fr-FR","@id":"https:\/\/stourm.news\/#\/schema\/person\/image\/","url":"https:\/\/secure.gravatar.com\/avatar\/7463443f194b6b5fb706b074ca0ef59a0cfcfd720cb47764b0ec5a952ce422b3?s=96&d=mm&r=g","contentUrl":"https:\/\/secure.gravatar.com\/avatar\/7463443f194b6b5fb706b074ca0ef59a0cfcfd720cb47764b0ec5a952ce422b3?s=96&d=mm&r=g","caption":"La r\u00e9daction"},"sameAs":["https:\/\/stourm.news"],"url":"https:\/\/stourm.news\/?author=1"}]}},"_links":{"self":[{"href":"https:\/\/stourm.news\/index.php?rest_route=\/wp\/v2\/posts\/4844","targetHints":{"allow":["GET"]}}],"collection":[{"href":"https:\/\/stourm.news\/index.php?rest_route=\/wp\/v2\/posts"}],"about":[{"href":"https:\/\/stourm.news\/index.php?rest_route=\/wp\/v2\/types\/post"}],"author":[{"embeddable":true,"href":"https:\/\/stourm.news\/index.php?rest_route=\/wp\/v2\/users\/1"}],"replies":[{"embeddable":true,"href":"https:\/\/stourm.news\/index.php?rest_route=%2Fwp%2Fv2%2Fcomments&post=4844"}],"version-history":[{"count":1,"href":"https:\/\/stourm.news\/index.php?rest_route=\/wp\/v2\/posts\/4844\/revisions"}],"predecessor-version":[{"id":4846,"href":"https:\/\/stourm.news\/index.php?rest_route=\/wp\/v2\/posts\/4844\/revisions\/4846"}],"wp:featuredmedia":[{"embeddable":true,"href":"https:\/\/stourm.news\/index.php?rest_route=\/wp\/v2\/media\/4845"}],"wp:attachment":[{"href":"https:\/\/stourm.news\/index.php?rest_route=%2Fwp%2Fv2%2Fmedia&parent=4844"}],"wp:term":[{"taxonomy":"category","embeddable":true,"href":"https:\/\/stourm.news\/index.php?rest_route=%2Fwp%2Fv2%2Fcategories&post=4844"},{"taxonomy":"post_tag","embeddable":true,"href":"https:\/\/stourm.news\/index.php?rest_route=%2Fwp%2Fv2%2Ftags&post=4844"}],"curies":[{"name":"wp","href":"https:\/\/api.w.org\/{rel}","templated":true}]}}