{"id":4850,"date":"2025-10-21T18:00:44","date_gmt":"2025-10-21T18:00:44","guid":{"rendered":"https:\/\/stourm.news\/?p=4850"},"modified":"2025-10-21T18:00:44","modified_gmt":"2025-10-21T18:00:44","slug":"je-mimpose-un-couvre-feu-a-brest-le-trafic-de-drogue-ronge-le-quartier-multiculturel-de-bellevue","status":"publish","type":"post","link":"https:\/\/stourm.news\/?p=4850","title":{"rendered":"\u00ab Je m\u2019impose un couvre-feu \u00bb : \u00e0 Brest, le trafic de drogue ronge le quartier multiculturel de Bellevue"},"content":{"rendered":"<p style=\"text-align: justify;\">Dans le quartier multiculturel de Bellevue \u00e0 Brest, la rue de Vannes est devenue un point n\u00e9vralgique du trafic de stup\u00e9fiants, perturbant profond\u00e9ment la vie des r\u00e9sidents depuis pr\u00e8s de trois ans, selon <strong><a href=\"https:\/\/www.letelegramme.fr\/finistere\/brest-29200\/je-mimpose-un-couvre-feu-a-brest-le-trafic-deteriore-la-vie-des-habitants-de-la-rue-de-vannes-dans-le-quartier-de-bellevue-6913467.php\">Le T\u00e9l\u00e9gramme<\/a><\/strong>. Autour des immeubles num\u00e9ros 6 et 8, g\u00e9r\u00e9s par Brest m\u00e9tropole habitat (BMH), des jeunes d&rsquo;origine extra-europ\u00e9ennes stationnent jusqu\u2019\u00e0 tard dans la nuit, transformant les lieux en plaque tournante du deal.<\/p>\n<p style=\"text-align: justify;\">Ce va-et-vient constant installe un climat d\u2019ins\u00e9curit\u00e9, poussant les habitants \u00e0 se confiner chez eux d\u00e8s le soir. Sophie, r\u00e9sidente de longue date dans l\u2019une des tours, t\u00e9moigne dans Le T\u00e9l\u00e9gramme : \u00ab Je prom\u00e8ne le chien le matin, puis \u00e0 18 h, et apr\u00e8s je ne sors plus de chez moi. \u00bb Comme elle, de nombreux voisins s\u2019imposent un couvre-feu personnel pour \u00e9viter les rencontres inqui\u00e9tantes. Une r\u00e9union improvis\u00e9e entre voisines, organis\u00e9e en bas des immeubles lors d\u2019une op\u00e9ration de retrait de voitures ventouses, a r\u00e9v\u00e9l\u00e9 un ras-le-bol g\u00e9n\u00e9ral face \u00e0 cette d\u00e9gradation du cadre de vie.<\/p>\n<p style=\"text-align: justify;\">Malgr\u00e9 ces plaintes, aucune action concr\u00e8te de la municipalit\u00e9 socialiste n\u2019est mentionn\u00e9e pour l\u2019instant, laissant les habitants dans une routine de repli forc\u00e9.<\/p>\n<p style=\"text-align: right;\"><strong>Ewen Broc&rsquo;han<\/strong><\/p>\n","protected":false},"excerpt":{"rendered":"<p>Dans le quartier multiculturel de Bellevue \u00e0 Brest, la rue de Vannes est devenue un point n\u00e9vralgique du trafic de stup\u00e9fiants, perturbant profond\u00e9ment la vie des r\u00e9sidents depuis pr\u00e8s de trois ans, selon Le T\u00e9l\u00e9gramme. Autour des immeubles num\u00e9ros 6 et 8, g\u00e9r\u00e9s par Brest m\u00e9tropole habitat (BMH), des jeunes d&rsquo;origine extra-europ\u00e9ennes stationnent jusqu\u2019\u00e0 tard [&hellip;]<\/p>\n","protected":false},"author":1,"featured_media":4851,"comment_status":"open","ping_status":"open","sticky":false,"template":"","format":"standard","meta":{"sb_editor_width":"","footnotes":""},"categories":[29,52,38,62],"tags":[],"class_list":["post-4850","post","type-post","status-publish","format-standard","has-post-thumbnail","hentry","category-drogue","category-faits-divers","category-finistere","category-revue-de-presse"],"relative_dates":{"created":"6 mois ago","modified":"6 mois ago"},"yoast_head":"<!-- This site is optimized with the Yoast SEO plugin v26.3 - https:\/\/yoast.com\/wordpress\/plugins\/seo\/ -->\n<title>\u00ab Je m\u2019impose un couvre-feu \u00bb : \u00e0 Brest, le trafic de drogue ronge le quartier multiculturel de Bellevue - STOURM<\/title>\n<meta name=\"robots\" content=\"index, follow, max-snippet:-1, max-image-preview:large, max-video-preview:-1\" \/>\n<link rel=\"canonical\" href=\"https:\/\/stourm.news\/?p=4850\" \/>\n<meta property=\"og:locale\" content=\"fr_FR\" \/>\n<meta property=\"og:type\" content=\"article\" \/>\n<meta property=\"og:title\" content=\"\u00ab Je m\u2019impose un couvre-feu \u00bb : \u00e0 Brest, le trafic de drogue ronge le quartier multiculturel de Bellevue - STOURM\" \/>\n<meta property=\"og:description\" content=\"Dans le quartier multiculturel de Bellevue \u00e0 Brest, la rue de Vannes est devenue un point n\u00e9vralgique du trafic de stup\u00e9fiants, perturbant profond\u00e9ment la vie des r\u00e9sidents depuis pr\u00e8s de trois ans, selon Le T\u00e9l\u00e9gramme. Autour des immeubles num\u00e9ros 6 et 8, g\u00e9r\u00e9s par Brest m\u00e9tropole habitat (BMH), des jeunes d&rsquo;origine extra-europ\u00e9ennes stationnent jusqu\u2019\u00e0 tard [&hellip;]\" \/>\n<meta property=\"og:url\" content=\"https:\/\/stourm.news\/?p=4850\" \/>\n<meta property=\"og:site_name\" content=\"STOURM\" \/>\n<meta property=\"article:publisher\" content=\"https:\/\/www.facebook.com\/stourmnews\/\" \/>\n<meta property=\"article:published_time\" content=\"2025-10-21T18:00:44+00:00\" \/>\n<meta property=\"og:image\" content=\"https:\/\/stourm.news\/wp-content\/uploads\/2025\/10\/6629345866f629245332c417.webp\" \/>\n\t<meta property=\"og:image:width\" content=\"960\" \/>\n\t<meta property=\"og:image:height\" content=\"600\" \/>\n\t<meta property=\"og:image:type\" content=\"image\/webp\" \/>\n<meta name=\"author\" content=\"La r\u00e9daction\" \/>\n<meta name=\"twitter:card\" content=\"summary_large_image\" \/>\n<meta name=\"twitter:label1\" content=\"\u00c9crit par\" \/>\n\t<meta name=\"twitter:data1\" content=\"La r\u00e9daction\" \/>\n\t<meta name=\"twitter:label2\" content=\"Dur\u00e9e de lecture estim\u00e9e\" \/>\n\t<meta name=\"twitter:data2\" content=\"1 minute\" \/>\n<script type=\"application\/ld+json\" class=\"yoast-schema-graph\">{\"@context\":\"https:\/\/schema.org\",\"@graph\":[{\"@type\":\"Article\",\"@id\":\"https:\/\/stourm.news\/?p=4850#article\",\"isPartOf\":{\"@id\":\"https:\/\/stourm.news\/?p=4850\"},\"author\":{\"name\":\"La r\u00e9daction\",\"@id\":\"https:\/\/stourm.news\/#\/schema\/person\/c3e1dc65988632e190969234ef046cf9\"},\"headline\":\"\u00ab Je m\u2019impose un couvre-feu \u00bb : \u00e0 Brest, le trafic de drogue ronge le quartier multiculturel de Bellevue\",\"datePublished\":\"2025-10-21T18:00:44+00:00\",\"mainEntityOfPage\":{\"@id\":\"https:\/\/stourm.news\/?p=4850\"},\"wordCount\":235,\"commentCount\":0,\"publisher\":{\"@id\":\"https:\/\/stourm.news\/#organization\"},\"image\":{\"@id\":\"https:\/\/stourm.news\/?p=4850#primaryimage\"},\"thumbnailUrl\":\"https:\/\/stourm.news\/wp-content\/uploads\/2025\/10\/6629345866f629245332c417.webp\",\"articleSection\":[\"Drogue\",\"Faits divers\",\"Finist\u00e8re\",\"Revue de presse\"],\"inLanguage\":\"fr-FR\",\"potentialAction\":[{\"@type\":\"CommentAction\",\"name\":\"Comment\",\"target\":[\"https:\/\/stourm.news\/?p=4850#respond\"]}]},{\"@type\":\"WebPage\",\"@id\":\"https:\/\/stourm.news\/?p=4850\",\"url\":\"https:\/\/stourm.news\/?p=4850\",\"name\":\"\u00ab Je m\u2019impose un couvre-feu \u00bb : \u00e0 Brest, le trafic de drogue ronge le quartier multiculturel de Bellevue - STOURM\",\"isPartOf\":{\"@id\":\"https:\/\/stourm.news\/#website\"},\"primaryImageOfPage\":{\"@id\":\"https:\/\/stourm.news\/?p=4850#primaryimage\"},\"image\":{\"@id\":\"https:\/\/stourm.news\/?p=4850#primaryimage\"},\"thumbnailUrl\":\"https:\/\/stourm.news\/wp-content\/uploads\/2025\/10\/6629345866f629245332c417.webp\",\"datePublished\":\"2025-10-21T18:00:44+00:00\",\"breadcrumb\":{\"@id\":\"https:\/\/stourm.news\/?p=4850#breadcrumb\"},\"inLanguage\":\"fr-FR\",\"potentialAction\":[{\"@type\":\"ReadAction\",\"target\":[\"https:\/\/stourm.news\/?p=4850\"]}]},{\"@type\":\"ImageObject\",\"inLanguage\":\"fr-FR\",\"@id\":\"https:\/\/stourm.news\/?p=4850#primaryimage\",\"url\":\"https:\/\/stourm.news\/wp-content\/uploads\/2025\/10\/6629345866f629245332c417.webp\",\"contentUrl\":\"https:\/\/stourm.news\/wp-content\/uploads\/2025\/10\/6629345866f629245332c417.webp\",\"width\":960,\"height\":600},{\"@type\":\"BreadcrumbList\",\"@id\":\"https:\/\/stourm.news\/?p=4850#breadcrumb\",\"itemListElement\":[{\"@type\":\"ListItem\",\"position\":1,\"name\":\"Accueil\",\"item\":\"https:\/\/stourm.news\/\"},{\"@type\":\"ListItem\",\"position\":2,\"name\":\"\u00ab Je m\u2019impose un couvre-feu \u00bb : \u00e0 Brest, le trafic de drogue ronge le quartier multiculturel de Bellevue\"}]},{\"@type\":\"WebSite\",\"@id\":\"https:\/\/stourm.news\/#website\",\"url\":\"https:\/\/stourm.news\/\",\"name\":\"Stourm\",\"description\":\"Kazetenn Strollad Broadel Breizh\",\"publisher\":{\"@id\":\"https:\/\/stourm.news\/#organization\"},\"potentialAction\":[{\"@type\":\"SearchAction\",\"target\":{\"@type\":\"EntryPoint\",\"urlTemplate\":\"https:\/\/stourm.news\/?s={search_term_string}\"},\"query-input\":{\"@type\":\"PropertyValueSpecification\",\"valueRequired\":true,\"valueName\":\"search_term_string\"}}],\"inLanguage\":\"fr-FR\"},{\"@type\":\"Organization\",\"@id\":\"https:\/\/stourm.news\/#organization\",\"name\":\"Stourm\",\"url\":\"https:\/\/stourm.news\/\",\"logo\":{\"@type\":\"ImageObject\",\"inLanguage\":\"fr-FR\",\"@id\":\"https:\/\/stourm.news\/#\/schema\/logo\/image\/\",\"url\":\"https:\/\/stourm.news\/wp-content\/uploads\/2025\/11\/cropped-Capture-decran-2025-11-28-a-15.19.07.png\",\"contentUrl\":\"https:\/\/stourm.news\/wp-content\/uploads\/2025\/11\/cropped-Capture-decran-2025-11-28-a-15.19.07.png\",\"width\":1855,\"height\":383,\"caption\":\"Stourm\"},\"image\":{\"@id\":\"https:\/\/stourm.news\/#\/schema\/logo\/image\/\"},\"sameAs\":[\"https:\/\/www.facebook.com\/stourmnews\/\"]},{\"@type\":\"Person\",\"@id\":\"https:\/\/stourm.news\/#\/schema\/person\/c3e1dc65988632e190969234ef046cf9\",\"name\":\"La r\u00e9daction\",\"image\":{\"@type\":\"ImageObject\",\"inLanguage\":\"fr-FR\",\"@id\":\"https:\/\/stourm.news\/#\/schema\/person\/image\/\",\"url\":\"https:\/\/secure.gravatar.com\/avatar\/7463443f194b6b5fb706b074ca0ef59a0cfcfd720cb47764b0ec5a952ce422b3?s=96&d=mm&r=g\",\"contentUrl\":\"https:\/\/secure.gravatar.com\/avatar\/7463443f194b6b5fb706b074ca0ef59a0cfcfd720cb47764b0ec5a952ce422b3?s=96&d=mm&r=g\",\"caption\":\"La r\u00e9daction\"},\"sameAs\":[\"https:\/\/stourm.news\"],\"url\":\"https:\/\/stourm.news\/?author=1\"}]}<\/script>\n<!-- \/ Yoast SEO plugin. -->","yoast_head_json":{"title":"\u00ab Je m\u2019impose un couvre-feu \u00bb : \u00e0 Brest, le trafic de drogue ronge le quartier multiculturel de Bellevue - STOURM","robots":{"index":"index","follow":"follow","max-snippet":"max-snippet:-1","max-image-preview":"max-image-preview:large","max-video-preview":"max-video-preview:-1"},"canonical":"https:\/\/stourm.news\/?p=4850","og_locale":"fr_FR","og_type":"article","og_title":"\u00ab Je m\u2019impose un couvre-feu \u00bb : \u00e0 Brest, le trafic de drogue ronge le quartier multiculturel de Bellevue - STOURM","og_description":"Dans le quartier multiculturel de Bellevue \u00e0 Brest, la rue de Vannes est devenue un point n\u00e9vralgique du trafic de stup\u00e9fiants, perturbant profond\u00e9ment la vie des r\u00e9sidents depuis pr\u00e8s de trois ans, selon Le T\u00e9l\u00e9gramme. Autour des immeubles num\u00e9ros 6 et 8, g\u00e9r\u00e9s par Brest m\u00e9tropole habitat (BMH), des jeunes d&rsquo;origine extra-europ\u00e9ennes stationnent jusqu\u2019\u00e0 tard [&hellip;]","og_url":"https:\/\/stourm.news\/?p=4850","og_site_name":"STOURM","article_publisher":"https:\/\/www.facebook.com\/stourmnews\/","article_published_time":"2025-10-21T18:00:44+00:00","og_image":[{"width":960,"height":600,"url":"https:\/\/stourm.news\/wp-content\/uploads\/2025\/10\/6629345866f629245332c417.webp","type":"image\/webp"}],"author":"La r\u00e9daction","twitter_card":"summary_large_image","twitter_misc":{"\u00c9crit par":"La r\u00e9daction","Dur\u00e9e de lecture estim\u00e9e":"1 minute"},"schema":{"@context":"https:\/\/schema.org","@graph":[{"@type":"Article","@id":"https:\/\/stourm.news\/?p=4850#article","isPartOf":{"@id":"https:\/\/stourm.news\/?p=4850"},"author":{"name":"La r\u00e9daction","@id":"https:\/\/stourm.news\/#\/schema\/person\/c3e1dc65988632e190969234ef046cf9"},"headline":"\u00ab Je m\u2019impose un couvre-feu \u00bb : \u00e0 Brest, le trafic de drogue ronge le quartier multiculturel de Bellevue","datePublished":"2025-10-21T18:00:44+00:00","mainEntityOfPage":{"@id":"https:\/\/stourm.news\/?p=4850"},"wordCount":235,"commentCount":0,"publisher":{"@id":"https:\/\/stourm.news\/#organization"},"image":{"@id":"https:\/\/stourm.news\/?p=4850#primaryimage"},"thumbnailUrl":"https:\/\/stourm.news\/wp-content\/uploads\/2025\/10\/6629345866f629245332c417.webp","articleSection":["Drogue","Faits divers","Finist\u00e8re","Revue de presse"],"inLanguage":"fr-FR","potentialAction":[{"@type":"CommentAction","name":"Comment","target":["https:\/\/stourm.news\/?p=4850#respond"]}]},{"@type":"WebPage","@id":"https:\/\/stourm.news\/?p=4850","url":"https:\/\/stourm.news\/?p=4850","name":"\u00ab Je m\u2019impose un couvre-feu \u00bb : \u00e0 Brest, le trafic de drogue ronge le quartier multiculturel de Bellevue - STOURM","isPartOf":{"@id":"https:\/\/stourm.news\/#website"},"primaryImageOfPage":{"@id":"https:\/\/stourm.news\/?p=4850#primaryimage"},"image":{"@id":"https:\/\/stourm.news\/?p=4850#primaryimage"},"thumbnailUrl":"https:\/\/stourm.news\/wp-content\/uploads\/2025\/10\/6629345866f629245332c417.webp","datePublished":"2025-10-21T18:00:44+00:00","breadcrumb":{"@id":"https:\/\/stourm.news\/?p=4850#breadcrumb"},"inLanguage":"fr-FR","potentialAction":[{"@type":"ReadAction","target":["https:\/\/stourm.news\/?p=4850"]}]},{"@type":"ImageObject","inLanguage":"fr-FR","@id":"https:\/\/stourm.news\/?p=4850#primaryimage","url":"https:\/\/stourm.news\/wp-content\/uploads\/2025\/10\/6629345866f629245332c417.webp","contentUrl":"https:\/\/stourm.news\/wp-content\/uploads\/2025\/10\/6629345866f629245332c417.webp","width":960,"height":600},{"@type":"BreadcrumbList","@id":"https:\/\/stourm.news\/?p=4850#breadcrumb","itemListElement":[{"@type":"ListItem","position":1,"name":"Accueil","item":"https:\/\/stourm.news\/"},{"@type":"ListItem","position":2,"name":"\u00ab Je m\u2019impose un couvre-feu \u00bb : \u00e0 Brest, le trafic de drogue ronge le quartier multiculturel de Bellevue"}]},{"@type":"WebSite","@id":"https:\/\/stourm.news\/#website","url":"https:\/\/stourm.news\/","name":"Stourm","description":"Kazetenn Strollad Broadel Breizh","publisher":{"@id":"https:\/\/stourm.news\/#organization"},"potentialAction":[{"@type":"SearchAction","target":{"@type":"EntryPoint","urlTemplate":"https:\/\/stourm.news\/?s={search_term_string}"},"query-input":{"@type":"PropertyValueSpecification","valueRequired":true,"valueName":"search_term_string"}}],"inLanguage":"fr-FR"},{"@type":"Organization","@id":"https:\/\/stourm.news\/#organization","name":"Stourm","url":"https:\/\/stourm.news\/","logo":{"@type":"ImageObject","inLanguage":"fr-FR","@id":"https:\/\/stourm.news\/#\/schema\/logo\/image\/","url":"https:\/\/stourm.news\/wp-content\/uploads\/2025\/11\/cropped-Capture-decran-2025-11-28-a-15.19.07.png","contentUrl":"https:\/\/stourm.news\/wp-content\/uploads\/2025\/11\/cropped-Capture-decran-2025-11-28-a-15.19.07.png","width":1855,"height":383,"caption":"Stourm"},"image":{"@id":"https:\/\/stourm.news\/#\/schema\/logo\/image\/"},"sameAs":["https:\/\/www.facebook.com\/stourmnews\/"]},{"@type":"Person","@id":"https:\/\/stourm.news\/#\/schema\/person\/c3e1dc65988632e190969234ef046cf9","name":"La r\u00e9daction","image":{"@type":"ImageObject","inLanguage":"fr-FR","@id":"https:\/\/stourm.news\/#\/schema\/person\/image\/","url":"https:\/\/secure.gravatar.com\/avatar\/7463443f194b6b5fb706b074ca0ef59a0cfcfd720cb47764b0ec5a952ce422b3?s=96&d=mm&r=g","contentUrl":"https:\/\/secure.gravatar.com\/avatar\/7463443f194b6b5fb706b074ca0ef59a0cfcfd720cb47764b0ec5a952ce422b3?s=96&d=mm&r=g","caption":"La r\u00e9daction"},"sameAs":["https:\/\/stourm.news"],"url":"https:\/\/stourm.news\/?author=1"}]}},"_links":{"self":[{"href":"https:\/\/stourm.news\/index.php?rest_route=\/wp\/v2\/posts\/4850","targetHints":{"allow":["GET"]}}],"collection":[{"href":"https:\/\/stourm.news\/index.php?rest_route=\/wp\/v2\/posts"}],"about":[{"href":"https:\/\/stourm.news\/index.php?rest_route=\/wp\/v2\/types\/post"}],"author":[{"embeddable":true,"href":"https:\/\/stourm.news\/index.php?rest_route=\/wp\/v2\/users\/1"}],"replies":[{"embeddable":true,"href":"https:\/\/stourm.news\/index.php?rest_route=%2Fwp%2Fv2%2Fcomments&post=4850"}],"version-history":[{"count":1,"href":"https:\/\/stourm.news\/index.php?rest_route=\/wp\/v2\/posts\/4850\/revisions"}],"predecessor-version":[{"id":4852,"href":"https:\/\/stourm.news\/index.php?rest_route=\/wp\/v2\/posts\/4850\/revisions\/4852"}],"wp:featuredmedia":[{"embeddable":true,"href":"https:\/\/stourm.news\/index.php?rest_route=\/wp\/v2\/media\/4851"}],"wp:attachment":[{"href":"https:\/\/stourm.news\/index.php?rest_route=%2Fwp%2Fv2%2Fmedia&parent=4850"}],"wp:term":[{"taxonomy":"category","embeddable":true,"href":"https:\/\/stourm.news\/index.php?rest_route=%2Fwp%2Fv2%2Fcategories&post=4850"},{"taxonomy":"post_tag","embeddable":true,"href":"https:\/\/stourm.news\/index.php?rest_route=%2Fwp%2Fv2%2Ftags&post=4850"}],"curies":[{"name":"wp","href":"https:\/\/api.w.org\/{rel}","templated":true}]}}