{"id":4876,"date":"2025-10-24T16:54:13","date_gmt":"2025-10-24T16:54:13","guid":{"rendered":"https:\/\/stourm.news\/?p=4876"},"modified":"2025-10-24T16:55:55","modified_gmt":"2025-10-24T16:55:55","slug":"rene-yves-creston-lame-bretonne-a-travers-lart-et-lengagement","status":"publish","type":"post","link":"https:\/\/stourm.news\/?p=4876","title":{"rendered":"Emsav : 25 octobre 1898, naissance de Ren\u00e9-Yves Creston, l\u2019\u00e2me bretonne \u00e0 travers l\u2019art et l\u2019engagement"},"content":{"rendered":"<p style=\"text-align: justify;\">Ren\u00e9-Yves Creston, n\u00e9 Ren\u00e9 Pierre Joseph Creston le 25 octobre 1898 \u00e0 Sant-Nazer (Saint-Nazaire), incarne une figure majeure de la renaissance culturelle bretonne du XXe si\u00e8cle. Fils d\u2019un milieu modeste, il grandit dans une ville portuaire o\u00f9 les r\u00e9cits de marins et les \u00e9chos des traditions celtiques se m\u00ealent aux effluves salins de l\u2019Atlantique. D\u00e8s son plus jeune \u00e2ge, Creston est marqu\u00e9 par cette Bretagne profonde, celle des pardons, des contes et des chansons en langue bretonne, qui, malgr\u00e9 les assauts de l\u2019uniformisation r\u00e9publicaine, persiste dans les m\u00e9moires rurales. Cette identit\u00e9 bretonne, \u00e0 la fois fragile et tenace, devient le socle de son existence, nourrissant une \u0153uvre foisonnante o\u00f9 l\u2019art, l\u2019ethnographie et un nationalisme breton discret, mais ind\u00e9fectible, s\u2019entrelacent avec une rare subtilit\u00e9.<\/p>\n<p style=\"text-align: justify;\"><strong>Une jeunesse entre mer et pinceaux<\/strong><\/p>\n<p style=\"text-align: justify;\">Creston d\u00e9couvre t\u00f4t sa vocation artistique. Apr\u00e8s des \u00e9tudes \u00e0 l\u2019\u00c9cole des Beaux-Arts de Naoned (Nantes), il rejoint Paris pour se perfectionner \u00e0 l\u2019Acad\u00e9mie Julian, un creuset o\u00f9 s\u2019\u00e9panouissent les avant-gardes des ann\u00e9es 1910. La capitale, avec son bouillonnement intellectuel, l\u2019expose \u00e0 des courants modernes comme le cubisme ou le futurisme, mais ne le d\u00e9tourne jamais de ses racines. Au contraire, c\u2019est \u00e0 Paris qu\u2019il prend conscience de la singularit\u00e9 de la culture bretonne, menac\u00e9e par une centralisation culturelle qui rel\u00e8gue les particularismes r\u00e9gionaux au rang de curiosit\u00e9s folkloriques. De retour en Breizh dans les ann\u00e9es 1920, il s\u2019installe \u00e0 Roazhon (Rennes), o\u00f9 il commence \u00e0 tisser des liens avec des artistes et intellectuels partageant son aspiration \u00e0 revitaliser l\u2019\u00e2me bretonne. Cette p\u00e9riode marque le d\u00e9but d\u2019un engagement o\u00f9 l\u2019art devient un acte de r\u00e9sistance culturelle.<\/p>\n<p><img fetchpriority=\"high\" decoding=\"async\" class=\"wp-image-4877 aligncenter\" src=\"https:\/\/stourm.news\/wp-content\/uploads\/2025\/10\/Capture-decran-2025-10-25-a-01.47.30.png\" alt=\"\" width=\"452\" height=\"564\" srcset=\"https:\/\/stourm.news\/wp-content\/uploads\/2025\/10\/Capture-decran-2025-10-25-a-01.47.30.png 968w, https:\/\/stourm.news\/wp-content\/uploads\/2025\/10\/Capture-decran-2025-10-25-a-01.47.30-240x300.png 240w, https:\/\/stourm.news\/wp-content\/uploads\/2025\/10\/Capture-decran-2025-10-25-a-01.47.30-821x1024.png 821w, https:\/\/stourm.news\/wp-content\/uploads\/2025\/10\/Capture-decran-2025-10-25-a-01.47.30-768x958.png 768w\" sizes=\"(max-width: 452px) 100vw, 452px\" \/><\/p>\n<p style=\"text-align: justify;\">En 1923, Creston co-fonde le mouvement Seiz Breur (\u00ab les sept fr\u00e8res \u00bb en breton) avec Jeanne Malivel, Jean Filger et d\u2019autres artisans de cette renaissance. Ce groupe, qui r\u00e9unit peintres, sculpteurs, c\u00e9ramistes et \u00e9crivains, ambitionne de r\u00e9inventer l\u2019art breton en conjuguant modernit\u00e9 et tradition. Inspir\u00e9s par les motifs celtiques, les entrelacs des manuscrits m\u00e9di\u00e9vaux et les broderies des costumes paysans, les Seiz Breur rejettent l\u2019acad\u00e9misme parisien pour proposer une esth\u00e9tique \u00e9pur\u00e9e, ancr\u00e9e dans le terroir. Creston, avec son talent de dessinateur et de graveur, y joue un r\u00f4le central. Ses \u0153uvres, qu\u2019il s\u2019agisse de gravures sur bois, d\u2019aquarelles ou de c\u00e9ramiques, capturent l\u2019essence d\u2019une Breizh intemporelle : des sc\u00e8nes de p\u00eacheurs bigoudens de Penmarc\u2019h aux silhouettes de lavandi\u00e8res en coiffe, chaque trait semble murmurer une fid\u00e9lit\u00e9 \u00e0 une terre et \u00e0 un peuple. Ce n\u2019est pas un hasard si ses cr\u00e9ations ornent des pi\u00e8ces de th\u00e9\u00e2tre en langue bretonne, comme Ar C\u2019hornandoned (1927) de Yann Bayon, ou des ouvrages litt\u00e9raires comme Kan da Gornog de Youenn Drezen, pour lequel il con\u00e7oit une police d\u2019\u00e9criture inspir\u00e9e des alphabets celtiques. Ces gestes, en apparence modestes, sont autant d\u2019actes de pr\u00e9servation d\u2019une culture menac\u00e9e par l\u2019oubli.<\/p>\n<p style=\"text-align: justify;\"><strong>Un nationalisme breton en filigrane<\/strong><\/p>\n<p style=\"text-align: justify;\">Le contexte des ann\u00e9es 1920 et 1930 est propice \u00e0 l\u2019\u00e9mergence d\u2019un nationalisme breton, port\u00e9 par des figures comme Fran\u00e7ois Debeauvais ou Olier Mordrel. Creston, bien que sensible \u00e0 ces id\u00e9es, adopte une posture nuanc\u00e9e. Il contribue \u00e0 Breiz Atao, la revue du mouvement nationaliste, o\u00f9 il d\u00e9fend une vision de l\u2019art comme rempart contre l\u2019assimilation culturelle. Ses articles, souvent illustr\u00e9s de ses propres gravures, exaltent la richesse du patrimoine breton, des costumes aux danses, des l\u00e9gendes aux architectures rurales. Ce nationalisme, discret mais constant, s\u2019exprime moins par des discours que par des actes : une assiette orn\u00e9e d\u2019un triskell, une peinture c\u00e9l\u00e9brant les landes de Plogo\u00f9 (Plogoff), un costume dessin\u00e9 pour une pi\u00e8ce en breton. Creston ne brandit pas de drapeau ; il le tisse, fil \u00e0 fil, dans ses cr\u00e9ations.<\/p>\n<p><img decoding=\"async\" class=\"alignnone size-medium\" src=\"https:\/\/images.squarespace-cdn.com\/content\/v1\/5c016906b27e395874df57de\/05a5991c-a651-41b4-8977-e0d5fd3df771\/Creston_Rene_Yves_Ar_Seiz_Breur.jpg\" width=\"950\" height=\"1330\" \/><\/p>\n<p style=\"text-align: justify;\">Cette fid\u00e9lit\u00e9 \u00e0 la cause bretonne s\u2019\u00e9panouit \u00e9galement dans ses contributions \u00e0 la vie culturelle. En 1929, il participe \u00e0 la r\u00e9alisation d\u2019un cabinet nuptial offert \u00e0 Fran\u00e7ois Debeauvais, un geste symbolique qui c\u00e9l\u00e8bre l\u2019unit\u00e9 des Bretons dans leur qu\u00eate d\u2019\u00e9mancipation culturelle. Ses illustrations pour des revues comme Kornog ou Keltia diffusent ces id\u00e9es aupr\u00e8s d\u2019un public lettr\u00e9, tandis que ses collaborations avec des \u00e9crivains en langue bretonne renforcent la vitalit\u00e9 d\u2019une litt\u00e9rature menac\u00e9e. Creston n\u2019est pas un agitateur ; son nationalisme est celui d\u2019un artisan patient, convaincu que la beaut\u00e9 d\u2019une coiffe ou la puissance d\u2019un chant peuvent faire plus pour la cause bretonne que mille manifestes.<\/p>\n<p style=\"text-align: justify;\"><strong>L\u2019appel des horizons lointains<\/strong><\/p>\n<p style=\"text-align: justify;\">L\u2019\u0153uvre de Creston ne se limite pas aux fronti\u00e8res de la Bretagne. En 1929, il embarque sur un thonier de F\u00e9camp, direction Iceland (Islande) et le Spitzberg. Ce voyage, rude et initiatique, le confronte \u00e0 la vie des marins, dont il capture la rudesse dans des croquis vibrants de v\u00e9rit\u00e9. Quatre ans plus tard, en 1933, il rejoint l\u2019exp\u00e9dition polaire du commandant Jean-Baptiste Charcot \u00e0 bord du Pourquoi-Pas ?, en tant que peintre officiel. Destination : Kalaallit Nunaat (Groenland), o\u00f9 il documente la vie des Inuits avec une sensibilit\u00e9 ethnographique remarquable. Ses tableaux, comme Femmes inuites (vers 1933), ne se contentent pas de d\u00e9peindre des figures exotiques ; ils \u00e9tablissent un parall\u00e8le implicite avec Breizh, un peuple p\u00e9riph\u00e9rique luttant pour pr\u00e9server son identit\u00e9. Ces exp\u00e9ditions, loin de l\u2019\u00e9loigner de sa terre natale, enrichissent son regard. De retour, il publie des \u00e9tudes sur le costume breton, collectant avec soin les motifs des broderies bigoud\u00e8nes de Pont-&lsquo;n-Abbad (Pont-l\u2019Abb\u00e9) ou l\u00e9onardes de Plougonven.<\/p>\n<p><img decoding=\"async\" class=\"aligncenter\" src=\"https:\/\/www.proantic.com\/galerie\/galerie-brugal\/img\/1472264-main-67878b5885483.jpg\" width=\"443\" height=\"571\" \/><\/p>\n<p style=\"text-align: justify;\">Apr\u00e8s 1945, Creston se consacre \u00e0 la reconstruction culturelle de Breizh . Il prend la t\u00eate d\u2019Ar Falz, une association la\u00efque fond\u00e9e par Yann Sohier, qui promeut la langue bretonne. En 1949, il rejoint le CNRS, o\u00f9 il m\u00e8ne des missions d\u2019ethnographie, d\u2019abord en Italie du Sud, puis dans le monde maritime breton. Passionn\u00e9 de navigation, il sillonne les c\u00f4tes bretonnes, collectant avec une rigueur scientifique les traces d\u2019un patrimoine en voie de disparition : costumes, chansons, savoir-faire des p\u00eacheurs. En 1957, il devient directeur du Mus\u00e9e d\u2019\u00c9thnographie de Sant-Brieg (Saint-Brieuc), qu\u2019il transforme en un sanctuaire vivant de la culture bretonne. Ses \u00e9crits, qu\u2019il s\u2019agisse d\u2019\u00e9tudes sur les tenues paysannes ou de r\u00e9cits de ses exp\u00e9ditions polaires, traduisent une ethnologie militante, o\u00f9 chaque d\u00e9tail sauv\u00e9 est un rempart contre l\u2019oubli.<\/p>\n<p style=\"text-align: justify;\"><strong>Un legs intemporel<\/strong><\/p>\n<p><iframe title=\"Ren\u00e9-Yves Creston (1898-1964)\" width=\"500\" height=\"281\" src=\"https:\/\/www.youtube.com\/embed\/NEd0RPySdks?feature=oembed\" frameborder=\"0\" allow=\"accelerometer; autoplay; clipboard-write; encrypted-media; gyroscope; picture-in-picture; web-share\" referrerpolicy=\"strict-origin-when-cross-origin\" allowfullscreen><\/iframe><\/p>\n<p style=\"text-align: justify;\">Ren\u00e9-Yves Creston s\u2019\u00e9teint le 30 mai 1964 \u00e0 Stabio\u00f9-ar-Mor (\u00c9tables-sur-Mer), face \u00e0 la mer qui a tant inspir\u00e9 son \u0153uvre. \u00c0 soixante-cinq ans, il laisse derri\u00e8re lui un h\u00e9ritage immense : des peintures o\u00f9 dansent les couleurs de la lande, des c\u00e9ramiques orn\u00e9es de triskells, des illustrations qui donnent vie \u00e0 la litt\u00e9rature bretonne. Mais au-del\u00e0 de l\u2019artiste, c\u2019est l\u2019homme qui marque les esprits : un Breton dont le nationalisme s\u2019exprime dans la d\u00e9licatesse d\u2019un motif, la courbe d\u2019une coiffe, la m\u00e9moire d\u2019un chant. Creston n\u2019a pas cherch\u00e9 \u00e0 briser ; il a construit. Dans un monde o\u00f9 les peuples \u00e9taient broy\u00e9s par la modernit\u00e9 et l&rsquo;\u00c9tat fran\u00e7ais, il a su, par son pinceau et sa plume, rappeler que Breizh n\u2019\u00e9tait pas une simple p\u00e9riph\u00e9rie de l&rsquo;Hexagone, mais une nationalit\u00e9 r\u00e9elle. Son \u0153uvre invite, avec une douceur infinie, \u00e0 ne jamais oublier : les racines, lorsqu\u2019on les ch\u00e9rit, donnent des ailes.<\/p>\n<p style=\"text-align: right;\"><strong>Olier Kerdrel<\/strong><\/p>\n","protected":false},"excerpt":{"rendered":"<p>Ren\u00e9-Yves Creston, n\u00e9 Ren\u00e9 Pierre Joseph Creston le 25 octobre 1898 \u00e0 Sant-Nazer (Saint-Nazaire), incarne une figure majeure de la renaissance culturelle bretonne du XXe si\u00e8cle. Fils d\u2019un milieu modeste, il grandit dans une ville portuaire o\u00f9 les r\u00e9cits de marins et les \u00e9chos des traditions celtiques se m\u00ealent aux effluves salins de l\u2019Atlantique. D\u00e8s [&hellip;]<\/p>\n","protected":false},"author":1,"featured_media":4878,"comment_status":"open","ping_status":"open","sticky":false,"template":"","format":"standard","meta":{"sb_editor_width":"","footnotes":""},"categories":[58,43,65],"tags":[],"class_list":["post-4876","post","type-post","status-publish","format-standard","has-post-thumbnail","hentry","category-breizh","category-culture-bretonne","category-principale"],"relative_dates":{"created":"6 mois ago","modified":"6 mois ago"},"yoast_head":"<!-- This site is optimized with the Yoast SEO plugin v26.3 - https:\/\/yoast.com\/wordpress\/plugins\/seo\/ -->\n<title>Emsav : 25 octobre 1898, naissance de Ren\u00e9-Yves Creston, l\u2019\u00e2me bretonne \u00e0 travers l\u2019art et l\u2019engagement - STOURM<\/title>\n<meta name=\"robots\" content=\"index, follow, max-snippet:-1, max-image-preview:large, max-video-preview:-1\" \/>\n<link rel=\"canonical\" href=\"https:\/\/stourm.news\/?p=4876\" \/>\n<meta property=\"og:locale\" content=\"fr_FR\" \/>\n<meta property=\"og:type\" content=\"article\" \/>\n<meta property=\"og:title\" content=\"Emsav : 25 octobre 1898, naissance de Ren\u00e9-Yves Creston, l\u2019\u00e2me bretonne \u00e0 travers l\u2019art et l\u2019engagement - STOURM\" \/>\n<meta property=\"og:description\" content=\"Ren\u00e9-Yves Creston, n\u00e9 Ren\u00e9 Pierre Joseph Creston le 25 octobre 1898 \u00e0 Sant-Nazer (Saint-Nazaire), incarne une figure majeure de la renaissance culturelle bretonne du XXe si\u00e8cle. Fils d\u2019un milieu modeste, il grandit dans une ville portuaire o\u00f9 les r\u00e9cits de marins et les \u00e9chos des traditions celtiques se m\u00ealent aux effluves salins de l\u2019Atlantique. D\u00e8s [&hellip;]\" \/>\n<meta property=\"og:url\" content=\"https:\/\/stourm.news\/?p=4876\" \/>\n<meta property=\"og:site_name\" content=\"STOURM\" \/>\n<meta property=\"article:publisher\" content=\"https:\/\/www.facebook.com\/stourmnews\/\" \/>\n<meta property=\"article:published_time\" content=\"2025-10-24T16:54:13+00:00\" \/>\n<meta property=\"article:modified_time\" content=\"2025-10-24T16:55:55+00:00\" \/>\n<meta property=\"og:image\" content=\"https:\/\/stourm.news\/wp-content\/uploads\/2025\/10\/Capture-decran-2025-10-25-a-01.53.10-1024x644.png\" \/>\n\t<meta property=\"og:image:width\" content=\"1024\" \/>\n\t<meta property=\"og:image:height\" content=\"644\" \/>\n\t<meta property=\"og:image:type\" content=\"image\/png\" \/>\n<meta name=\"author\" content=\"La r\u00e9daction\" \/>\n<meta name=\"twitter:card\" content=\"summary_large_image\" \/>\n<meta name=\"twitter:label1\" content=\"\u00c9crit par\" \/>\n\t<meta name=\"twitter:data1\" content=\"La r\u00e9daction\" \/>\n\t<meta name=\"twitter:label2\" content=\"Dur\u00e9e de lecture estim\u00e9e\" \/>\n\t<meta name=\"twitter:data2\" content=\"7 minutes\" \/>\n<script type=\"application\/ld+json\" class=\"yoast-schema-graph\">{\"@context\":\"https:\/\/schema.org\",\"@graph\":[{\"@type\":\"Article\",\"@id\":\"https:\/\/stourm.news\/?p=4876#article\",\"isPartOf\":{\"@id\":\"https:\/\/stourm.news\/?p=4876\"},\"author\":{\"name\":\"La r\u00e9daction\",\"@id\":\"https:\/\/stourm.news\/#\/schema\/person\/c3e1dc65988632e190969234ef046cf9\"},\"headline\":\"Emsav : 25 octobre 1898, naissance de Ren\u00e9-Yves Creston, l\u2019\u00e2me bretonne \u00e0 travers l\u2019art et l\u2019engagement\",\"datePublished\":\"2025-10-24T16:54:13+00:00\",\"dateModified\":\"2025-10-24T16:55:55+00:00\",\"mainEntityOfPage\":{\"@id\":\"https:\/\/stourm.news\/?p=4876\"},\"wordCount\":1301,\"commentCount\":0,\"publisher\":{\"@id\":\"https:\/\/stourm.news\/#organization\"},\"image\":{\"@id\":\"https:\/\/stourm.news\/?p=4876#primaryimage\"},\"thumbnailUrl\":\"https:\/\/stourm.news\/wp-content\/uploads\/2025\/10\/Capture-decran-2025-10-25-a-01.53.10.png\",\"articleSection\":[\"Breizh\",\"Culture bretonne\",\"Principale\"],\"inLanguage\":\"fr-FR\",\"potentialAction\":[{\"@type\":\"CommentAction\",\"name\":\"Comment\",\"target\":[\"https:\/\/stourm.news\/?p=4876#respond\"]}]},{\"@type\":\"WebPage\",\"@id\":\"https:\/\/stourm.news\/?p=4876\",\"url\":\"https:\/\/stourm.news\/?p=4876\",\"name\":\"Emsav : 25 octobre 1898, naissance de Ren\u00e9-Yves Creston, l\u2019\u00e2me bretonne \u00e0 travers l\u2019art et l\u2019engagement - STOURM\",\"isPartOf\":{\"@id\":\"https:\/\/stourm.news\/#website\"},\"primaryImageOfPage\":{\"@id\":\"https:\/\/stourm.news\/?p=4876#primaryimage\"},\"image\":{\"@id\":\"https:\/\/stourm.news\/?p=4876#primaryimage\"},\"thumbnailUrl\":\"https:\/\/stourm.news\/wp-content\/uploads\/2025\/10\/Capture-decran-2025-10-25-a-01.53.10.png\",\"datePublished\":\"2025-10-24T16:54:13+00:00\",\"dateModified\":\"2025-10-24T16:55:55+00:00\",\"breadcrumb\":{\"@id\":\"https:\/\/stourm.news\/?p=4876#breadcrumb\"},\"inLanguage\":\"fr-FR\",\"potentialAction\":[{\"@type\":\"ReadAction\",\"target\":[\"https:\/\/stourm.news\/?p=4876\"]}]},{\"@type\":\"ImageObject\",\"inLanguage\":\"fr-FR\",\"@id\":\"https:\/\/stourm.news\/?p=4876#primaryimage\",\"url\":\"https:\/\/stourm.news\/wp-content\/uploads\/2025\/10\/Capture-decran-2025-10-25-a-01.53.10.png\",\"contentUrl\":\"https:\/\/stourm.news\/wp-content\/uploads\/2025\/10\/Capture-decran-2025-10-25-a-01.53.10.png\",\"width\":1580,\"height\":994},{\"@type\":\"BreadcrumbList\",\"@id\":\"https:\/\/stourm.news\/?p=4876#breadcrumb\",\"itemListElement\":[{\"@type\":\"ListItem\",\"position\":1,\"name\":\"Accueil\",\"item\":\"https:\/\/stourm.news\/\"},{\"@type\":\"ListItem\",\"position\":2,\"name\":\"Emsav : 25 octobre 1898, naissance de Ren\u00e9-Yves Creston, l\u2019\u00e2me bretonne \u00e0 travers l\u2019art et l\u2019engagement\"}]},{\"@type\":\"WebSite\",\"@id\":\"https:\/\/stourm.news\/#website\",\"url\":\"https:\/\/stourm.news\/\",\"name\":\"Stourm\",\"description\":\"Kazetenn Strollad Broadel Breizh\",\"publisher\":{\"@id\":\"https:\/\/stourm.news\/#organization\"},\"potentialAction\":[{\"@type\":\"SearchAction\",\"target\":{\"@type\":\"EntryPoint\",\"urlTemplate\":\"https:\/\/stourm.news\/?s={search_term_string}\"},\"query-input\":{\"@type\":\"PropertyValueSpecification\",\"valueRequired\":true,\"valueName\":\"search_term_string\"}}],\"inLanguage\":\"fr-FR\"},{\"@type\":\"Organization\",\"@id\":\"https:\/\/stourm.news\/#organization\",\"name\":\"Stourm\",\"url\":\"https:\/\/stourm.news\/\",\"logo\":{\"@type\":\"ImageObject\",\"inLanguage\":\"fr-FR\",\"@id\":\"https:\/\/stourm.news\/#\/schema\/logo\/image\/\",\"url\":\"https:\/\/stourm.news\/wp-content\/uploads\/2025\/11\/cropped-Capture-decran-2025-11-28-a-15.19.07.png\",\"contentUrl\":\"https:\/\/stourm.news\/wp-content\/uploads\/2025\/11\/cropped-Capture-decran-2025-11-28-a-15.19.07.png\",\"width\":1855,\"height\":383,\"caption\":\"Stourm\"},\"image\":{\"@id\":\"https:\/\/stourm.news\/#\/schema\/logo\/image\/\"},\"sameAs\":[\"https:\/\/www.facebook.com\/stourmnews\/\"]},{\"@type\":\"Person\",\"@id\":\"https:\/\/stourm.news\/#\/schema\/person\/c3e1dc65988632e190969234ef046cf9\",\"name\":\"La r\u00e9daction\",\"image\":{\"@type\":\"ImageObject\",\"inLanguage\":\"fr-FR\",\"@id\":\"https:\/\/stourm.news\/#\/schema\/person\/image\/\",\"url\":\"https:\/\/secure.gravatar.com\/avatar\/7463443f194b6b5fb706b074ca0ef59a0cfcfd720cb47764b0ec5a952ce422b3?s=96&d=mm&r=g\",\"contentUrl\":\"https:\/\/secure.gravatar.com\/avatar\/7463443f194b6b5fb706b074ca0ef59a0cfcfd720cb47764b0ec5a952ce422b3?s=96&d=mm&r=g\",\"caption\":\"La r\u00e9daction\"},\"sameAs\":[\"https:\/\/stourm.news\"],\"url\":\"https:\/\/stourm.news\/?author=1\"}]}<\/script>\n<!-- \/ Yoast SEO plugin. -->","yoast_head_json":{"title":"Emsav : 25 octobre 1898, naissance de Ren\u00e9-Yves Creston, l\u2019\u00e2me bretonne \u00e0 travers l\u2019art et l\u2019engagement - STOURM","robots":{"index":"index","follow":"follow","max-snippet":"max-snippet:-1","max-image-preview":"max-image-preview:large","max-video-preview":"max-video-preview:-1"},"canonical":"https:\/\/stourm.news\/?p=4876","og_locale":"fr_FR","og_type":"article","og_title":"Emsav : 25 octobre 1898, naissance de Ren\u00e9-Yves Creston, l\u2019\u00e2me bretonne \u00e0 travers l\u2019art et l\u2019engagement - STOURM","og_description":"Ren\u00e9-Yves Creston, n\u00e9 Ren\u00e9 Pierre Joseph Creston le 25 octobre 1898 \u00e0 Sant-Nazer (Saint-Nazaire), incarne une figure majeure de la renaissance culturelle bretonne du XXe si\u00e8cle. Fils d\u2019un milieu modeste, il grandit dans une ville portuaire o\u00f9 les r\u00e9cits de marins et les \u00e9chos des traditions celtiques se m\u00ealent aux effluves salins de l\u2019Atlantique. D\u00e8s [&hellip;]","og_url":"https:\/\/stourm.news\/?p=4876","og_site_name":"STOURM","article_publisher":"https:\/\/www.facebook.com\/stourmnews\/","article_published_time":"2025-10-24T16:54:13+00:00","article_modified_time":"2025-10-24T16:55:55+00:00","og_image":[{"width":1024,"height":644,"url":"https:\/\/stourm.news\/wp-content\/uploads\/2025\/10\/Capture-decran-2025-10-25-a-01.53.10-1024x644.png","type":"image\/png"}],"author":"La r\u00e9daction","twitter_card":"summary_large_image","twitter_misc":{"\u00c9crit par":"La r\u00e9daction","Dur\u00e9e de lecture estim\u00e9e":"7 minutes"},"schema":{"@context":"https:\/\/schema.org","@graph":[{"@type":"Article","@id":"https:\/\/stourm.news\/?p=4876#article","isPartOf":{"@id":"https:\/\/stourm.news\/?p=4876"},"author":{"name":"La r\u00e9daction","@id":"https:\/\/stourm.news\/#\/schema\/person\/c3e1dc65988632e190969234ef046cf9"},"headline":"Emsav : 25 octobre 1898, naissance de Ren\u00e9-Yves Creston, l\u2019\u00e2me bretonne \u00e0 travers l\u2019art et l\u2019engagement","datePublished":"2025-10-24T16:54:13+00:00","dateModified":"2025-10-24T16:55:55+00:00","mainEntityOfPage":{"@id":"https:\/\/stourm.news\/?p=4876"},"wordCount":1301,"commentCount":0,"publisher":{"@id":"https:\/\/stourm.news\/#organization"},"image":{"@id":"https:\/\/stourm.news\/?p=4876#primaryimage"},"thumbnailUrl":"https:\/\/stourm.news\/wp-content\/uploads\/2025\/10\/Capture-decran-2025-10-25-a-01.53.10.png","articleSection":["Breizh","Culture bretonne","Principale"],"inLanguage":"fr-FR","potentialAction":[{"@type":"CommentAction","name":"Comment","target":["https:\/\/stourm.news\/?p=4876#respond"]}]},{"@type":"WebPage","@id":"https:\/\/stourm.news\/?p=4876","url":"https:\/\/stourm.news\/?p=4876","name":"Emsav : 25 octobre 1898, naissance de Ren\u00e9-Yves Creston, l\u2019\u00e2me bretonne \u00e0 travers l\u2019art et l\u2019engagement - STOURM","isPartOf":{"@id":"https:\/\/stourm.news\/#website"},"primaryImageOfPage":{"@id":"https:\/\/stourm.news\/?p=4876#primaryimage"},"image":{"@id":"https:\/\/stourm.news\/?p=4876#primaryimage"},"thumbnailUrl":"https:\/\/stourm.news\/wp-content\/uploads\/2025\/10\/Capture-decran-2025-10-25-a-01.53.10.png","datePublished":"2025-10-24T16:54:13+00:00","dateModified":"2025-10-24T16:55:55+00:00","breadcrumb":{"@id":"https:\/\/stourm.news\/?p=4876#breadcrumb"},"inLanguage":"fr-FR","potentialAction":[{"@type":"ReadAction","target":["https:\/\/stourm.news\/?p=4876"]}]},{"@type":"ImageObject","inLanguage":"fr-FR","@id":"https:\/\/stourm.news\/?p=4876#primaryimage","url":"https:\/\/stourm.news\/wp-content\/uploads\/2025\/10\/Capture-decran-2025-10-25-a-01.53.10.png","contentUrl":"https:\/\/stourm.news\/wp-content\/uploads\/2025\/10\/Capture-decran-2025-10-25-a-01.53.10.png","width":1580,"height":994},{"@type":"BreadcrumbList","@id":"https:\/\/stourm.news\/?p=4876#breadcrumb","itemListElement":[{"@type":"ListItem","position":1,"name":"Accueil","item":"https:\/\/stourm.news\/"},{"@type":"ListItem","position":2,"name":"Emsav : 25 octobre 1898, naissance de Ren\u00e9-Yves Creston, l\u2019\u00e2me bretonne \u00e0 travers l\u2019art et l\u2019engagement"}]},{"@type":"WebSite","@id":"https:\/\/stourm.news\/#website","url":"https:\/\/stourm.news\/","name":"Stourm","description":"Kazetenn Strollad Broadel Breizh","publisher":{"@id":"https:\/\/stourm.news\/#organization"},"potentialAction":[{"@type":"SearchAction","target":{"@type":"EntryPoint","urlTemplate":"https:\/\/stourm.news\/?s={search_term_string}"},"query-input":{"@type":"PropertyValueSpecification","valueRequired":true,"valueName":"search_term_string"}}],"inLanguage":"fr-FR"},{"@type":"Organization","@id":"https:\/\/stourm.news\/#organization","name":"Stourm","url":"https:\/\/stourm.news\/","logo":{"@type":"ImageObject","inLanguage":"fr-FR","@id":"https:\/\/stourm.news\/#\/schema\/logo\/image\/","url":"https:\/\/stourm.news\/wp-content\/uploads\/2025\/11\/cropped-Capture-decran-2025-11-28-a-15.19.07.png","contentUrl":"https:\/\/stourm.news\/wp-content\/uploads\/2025\/11\/cropped-Capture-decran-2025-11-28-a-15.19.07.png","width":1855,"height":383,"caption":"Stourm"},"image":{"@id":"https:\/\/stourm.news\/#\/schema\/logo\/image\/"},"sameAs":["https:\/\/www.facebook.com\/stourmnews\/"]},{"@type":"Person","@id":"https:\/\/stourm.news\/#\/schema\/person\/c3e1dc65988632e190969234ef046cf9","name":"La r\u00e9daction","image":{"@type":"ImageObject","inLanguage":"fr-FR","@id":"https:\/\/stourm.news\/#\/schema\/person\/image\/","url":"https:\/\/secure.gravatar.com\/avatar\/7463443f194b6b5fb706b074ca0ef59a0cfcfd720cb47764b0ec5a952ce422b3?s=96&d=mm&r=g","contentUrl":"https:\/\/secure.gravatar.com\/avatar\/7463443f194b6b5fb706b074ca0ef59a0cfcfd720cb47764b0ec5a952ce422b3?s=96&d=mm&r=g","caption":"La r\u00e9daction"},"sameAs":["https:\/\/stourm.news"],"url":"https:\/\/stourm.news\/?author=1"}]}},"_links":{"self":[{"href":"https:\/\/stourm.news\/index.php?rest_route=\/wp\/v2\/posts\/4876","targetHints":{"allow":["GET"]}}],"collection":[{"href":"https:\/\/stourm.news\/index.php?rest_route=\/wp\/v2\/posts"}],"about":[{"href":"https:\/\/stourm.news\/index.php?rest_route=\/wp\/v2\/types\/post"}],"author":[{"embeddable":true,"href":"https:\/\/stourm.news\/index.php?rest_route=\/wp\/v2\/users\/1"}],"replies":[{"embeddable":true,"href":"https:\/\/stourm.news\/index.php?rest_route=%2Fwp%2Fv2%2Fcomments&post=4876"}],"version-history":[{"count":3,"href":"https:\/\/stourm.news\/index.php?rest_route=\/wp\/v2\/posts\/4876\/revisions"}],"predecessor-version":[{"id":4881,"href":"https:\/\/stourm.news\/index.php?rest_route=\/wp\/v2\/posts\/4876\/revisions\/4881"}],"wp:featuredmedia":[{"embeddable":true,"href":"https:\/\/stourm.news\/index.php?rest_route=\/wp\/v2\/media\/4878"}],"wp:attachment":[{"href":"https:\/\/stourm.news\/index.php?rest_route=%2Fwp%2Fv2%2Fmedia&parent=4876"}],"wp:term":[{"taxonomy":"category","embeddable":true,"href":"https:\/\/stourm.news\/index.php?rest_route=%2Fwp%2Fv2%2Fcategories&post=4876"},{"taxonomy":"post_tag","embeddable":true,"href":"https:\/\/stourm.news\/index.php?rest_route=%2Fwp%2Fv2%2Ftags&post=4876"}],"curies":[{"name":"wp","href":"https:\/\/api.w.org\/{rel}","templated":true}]}}