{"id":4933,"date":"2025-10-31T07:41:19","date_gmt":"2025-10-31T07:41:19","guid":{"rendered":"https:\/\/stourm.news\/?p=4933"},"modified":"2025-10-31T07:53:06","modified_gmt":"2025-10-31T07:53:06","slug":"le-sionisme-et-lemsav-les-lecons-de-deux-experiences-historiques","status":"publish","type":"post","link":"https:\/\/stourm.news\/?p=4933","title":{"rendered":"Le sionisme et l\u2019Emsav : les le\u00e7ons de deux exp\u00e9riences historiques"},"content":{"rendered":"<p style=\"text-align: justify;\">Le 1er mars 1881, l\u2019assassinat du tsar Alexandre II d\u00e9clenche une vague de pogroms dans l\u2019Empire russe : 215 localit\u00e9s touch\u00e9es, 200 morts, 100 000 Juifs chass\u00e9s de leurs villages (source : Jewish Encyclopedia, 1906, vol. X, p. 113). Dix ans plus tard, le 13 janvier 1895, Alfred Dreyfus est d\u00e9grad\u00e9 dans la cour des Invalides.<\/p>\n<p style=\"text-align: justify;\">En Bretagne, le 2 ao\u00fbt 1790, la Convention nationale interdit l\u2019usage du breton dans les actes publics (d\u00e9cret du 2 thermidor an II). Le 1er ao\u00fbt 1902, la loi Combes interdit l\u2019enseignement des langues r\u00e9gionales dans les \u00e9coles congr\u00e9ganistes. Le sionisme et l\u2019Emsav naissent de cette prise de conscience : l\u2019int\u00e9gration dans un \u00c9tat-nation dominant ne garantit ni la s\u00e9curit\u00e9 physique ni la survie culturelle. Le premier aboutit \u00e0 un \u00c9tat en 1948 ; le second reste en qu\u00eate de souverainet\u00e9. Leur comparaison n\u2019est pas un exercice rh\u00e9torique : elle \u00e9claire les conditions historiques qui am\u00e8nent \u00e0 la naissance d&rsquo;un \u00e9tat national.<\/p>\n<p style=\"text-align: justify;\"><strong>I. Le sionisme : l\u2019\u00c9tat avant le territoire (1881-1914)<\/strong><\/p>\n<p style=\"text-align: justify;\"><strong>A. Une menace existentielle<\/strong><\/p>\n<p style=\"text-align: justify;\">Les pogroms de 1881-1882 ne sont pas isol\u00e9s. Le rapport du gouverneur de Kiev au tsar (9 avril 1881) recense \u00ab 160 localit\u00e9s juives pill\u00e9es \u00bb (Arkhiv Yugo-Zapadnoy Rossii, Kiev, 1882). Le Pogrom de Kishinev (6-7 avril 1903) fait 49 morts, 500 bless\u00e9s, 700 maisons d\u00e9truites (rapport du consul am\u00e9ricain \u00e0 Odessa, Papers Relating to the Foreign Relations of the United States, 1903, p. 731). L\u2019affaire Dreyfus (1894-1906) r\u00e9v\u00e8le que m\u00eame en France, une r\u00e9publique la\u00efque, les juifs restent des \u00ab \u00e9trangers \u00bb. Le J\u2019accuse de Zola (13 janvier 1898) est un tournant : Theodor Herzl, correspondant \u00e0 Paris, y voit la preuve que l&rsquo;assimilation est un leurre.<\/p>\n<p style=\"text-align: justify;\"><strong>B. La r\u00e9ponse id\u00e9ologique : de Pinsker \u00e0 Herzl<\/strong><\/p>\n<p style=\"text-align: justify;\">Leo Pinsker publie Auto-\u00e9mancipation le 1er janvier 1882 \u00e0 Berlin (\u00e9dition anonyme, 32 pages). Il pose le diagnostic : \u00ab Le Juif est un mort-vivant parmi les nations. \u00bb Sa solution : un territoire national, peu importe o\u00f9 (Argentine ou Palestine). Herzl transforme l\u2019intuition en programme. Le livre Der Judenstaat (\u00ab\u00a0L&rsquo;\u00c9tat juif\u00a0\u00bb) para\u00eet le 14 f\u00e9vrier 1896 \u00e0 Vienne (M. Breitenstein\u2019s Verlags-Buchhandlung, 86 pages). Il y fixe trois objectifs :<\/p>\n<ol>\n<li style=\"text-align: justify;\"><strong>Un territoire l\u00e9gitime garanti par le droit international.<\/strong><\/li>\n<li style=\"text-align: justify;\"><strong>Une organisation mondiale capable de n\u00e9gocier avec les puissances.<\/strong><\/li>\n<li style=\"text-align: justify;\"><strong>Une immigration planifi\u00e9e financ\u00e9e par la diaspora.<\/strong><\/li>\n<\/ol>\n<p><strong>C. L\u2019institutionnalisation pr\u00e9-\u00e9tatique<\/strong><\/p>\n<p><img fetchpriority=\"high\" decoding=\"async\" class=\"size-medium aligncenter\" src=\"https:\/\/upload.wikimedia.org\/wikipedia\/commons\/thumb\/e\/ee\/THEODOR_HERZL_AT_THE_FIRST_ZIONIST_CONGRESS_IN_BASEL_ON_25.8.1897._%D7%AA%D7%90%D7%95%D7%93%D7%95%D7%A8_%D7%94%D7%A8%D7%A6%D7%9C_%D7%91%D7%A7%D7%95%D7%A0%D7%92%D7%A8%D7%A1_%D7%94%D7%A6%D7%99%D7%95%D7%A0%D7%99_%D7%94%D7%A8%D7%90%D7%A9%D7%95%D7%9F_-_1897.8.25.jpg\/500px-THEODOR_HERZL_AT_THE_FIRST_ZIONIST_CONGRESS_IN_BASEL_ON_25.8.1897._%D7%AA%D7%90%D7%95%D7%93%D7%95%D7%A8_%D7%94%D7%A8%D7%A6%D7%9C_%D7%91%D7%A7%D7%95%D7%A0%D7%92%D7%A8%D7%A1_%D7%94%D7%A6%D7%99%D7%95%D7%A0%D7%99_%D7%94%D7%A8%D7%90%D7%A9%D7%95%D7%9F_-_1897.8.25.jpg\" width=\"500\" height=\"333\" \/><\/p>\n<p style=\"text-align: center;\"><em>Premier congr\u00e8s sioniste<\/em><\/p>\n<p style=\"text-align: justify;\">Le premier Congr\u00e8s sioniste se tient du 29 au 31 ao\u00fbt 1897 \u00e0 B\u00e2le (Suisse). 204 d\u00e9l\u00e9gu\u00e9s, 69 associations repr\u00e9sent\u00e9es. Le programme de B\u00e2le (31 ao\u00fbt 1897) est adopt\u00e9 \u00e0 l\u2019unanimit\u00e9 : \u00ab Le sionisme vise \u00e0 \u00e9tablir pour le peuple juif un foyer national en Palestine, garanti par le droit public. \u00bb<\/p>\n<p style=\"text-align: justify;\">Le mot foyer est diplomatique ; l\u2019objectif est l\u2019\u00c9tat. L\u2019Organisation sioniste mondiale (OSM) est cr\u00e9\u00e9e avec Herzl comme pr\u00e9sident. Le Fonds national juif (Keren Kayemet LeIsrael, KKL) est fond\u00e9 le 29 d\u00e9cembre 1901 lors du 5e Congr\u00e8s (B\u00e2le). Son premier bulletin (janvier 1902) annonce : \u00ab Chaque juif peut devenir propri\u00e9taire d\u2019un dunam de terre en Palestine pour 1 franc. \u00bb. Entre 1901 et 1914, le KKL ach\u00e8te 100 000 dunams (10 000 ha) dans la plaine de Jezreel et en Galil\u00e9e (Rapport annuel KKL, 1914). En 1914, la population juive de Palestine atteint 85 000 personnes (13 % de la population totale), contre 24 000 en 1882 (Ottoman Census, 1914).<\/p>\n<p style=\"text-align: justify;\"><strong>D. Les acteurs pivots<\/strong><\/p>\n<ol>\n<li style=\"text-align: justify;\"><strong>\u00a0Theodor Herzl (1860-1904) \u2013 L\u2019architecte institutionnel : l\u2019\u00c9tat avant le territoire<\/strong><\/li>\n<\/ol>\n<p><img decoding=\"async\" class=\"alignnone size-medium\" src=\"https:\/\/me.jnsi.org\/uploads\/2021\/02\/Theodor-Herzl-1320x880.jpg\" width=\"1320\" height=\"880\" \/><\/p>\n<p style=\"text-align: justify;\">Theodor Herzl na\u00eet le 2 mai 1860 \u00e0 Budapest, dans une famille juive assimil\u00e9e germanophone. Il grandit \u00e0 Vienne, \u00e9tudie le droit et obtient son doctorat en 1884. Journaliste au Neue Freie Presse \u00e0 partir de 1891, il est envoy\u00e9 \u00e0 Paris comme correspondant. Le 13 janvier 1895, il assiste \u00e0 la d\u00e9gradation du capitaine Alfred Dreyfus dans la cour des Invalides. Ce spectacle \u2013 un officier juif fran\u00e7ais d\u00e9chu de ses galons au cri de \u00ab Mort aux Juifs ! \u00bb \u2013 le bouleverse. Il comprend que l\u2019antis\u00e9mitisme n\u2019est pas un accident historique, mais une structure. Le 14 f\u00e9vrier 1896, il publie Der Judenstaat (\u00ab L\u2019\u00c9tat des Juifs \u00bb) \u00e0 Vienne. Tir\u00e9 \u00e0 3 000 exemplaires, traduit en huit langues la m\u00eame ann\u00e9e, le livre est un programme politique : \u00ab Nous sommes un peuple \u2013 un peuple. \u00bb Il propose deux options territoriales : la Palestine (par fid\u00e9lit\u00e9 au pass\u00e9 biblique) ou l\u2019Argentine (par pragmatisme, via la Jewish Colonization Association de Maurice de Hirsch).<\/p>\n<p style=\"text-align: justify;\">Sa m\u00e9thode repose sur deux leviers :<\/p>\n<ul>\n<li style=\"text-align: justify;\">La diplomatie des grandes puissances : obtenir un charter international.<\/li>\n<li style=\"text-align: justify;\">Le financement par la diaspora : transformer les Juifs du monde en actionnaires d\u2019un \u00c9tat futur.<\/li>\n<\/ul>\n<p style=\"text-align: justify;\">Herzl passe les huit derni\u00e8res ann\u00e9es de sa vie \u00e0 transformer cette id\u00e9e en mouvement institutionnel.<\/p>\n<p style=\"text-align: justify;\">Ses principales actions diplomatiques<\/p>\n<p style=\"text-align: justify;\">En 1896, il rencontre le baron Maurice de Hirsch \u00e0 Paris pour obtenir un soutien financier, mais celui-ci refuse. En 1898, il accompagne l\u2019empereur Guillaume II \u00e0 Constantinople et J\u00e9rusalem et n&rsquo;obtient aucune r\u00e9ponse ferme. Le 18 mai 1901, il obtient une audience avec le sultan Abdulhamid II \u00e0 Constantinople. Il propose d\u2019effacer 20 millions de livres sterling de dette ottomane contre un charter d\u2019immigration juive massive en Palestine. Le sultan refuse cat\u00e9goriquement, d\u00e9clarant : \u00ab Je ne vendrai pas un pouce de terre ; ce n\u2019est pas \u00e0 moi, c\u2019est au peuple. \u00bb En 1902, il n\u00e9gocie avec Lord Lansdowne \u00e0 Londres. En 1903, il pr\u00e9sente le plan Ouganda (plateau de Guas Ngishu) \u00e0 Joseph Chamberlain : accept\u00e9 au 6e Congr\u00e8s sioniste, mais abandonn\u00e9 face \u00e0 l\u2019opposition russe.<\/p>\n<p style=\"text-align: justify;\">Son \u0153uvre institutionnelle<\/p>\n<p style=\"text-align: justify;\">Du 29 au 31 ao\u00fbt 1897, il organise le premier Congr\u00e8s sioniste \u00e0 B\u00e2le (204 d\u00e9l\u00e9gu\u00e9s, 69 associations). Il en est \u00e9lu pr\u00e9sident. Le programme de B\u00e2le est adopt\u00e9 : \u00ab Le sionisme vise \u00e0 \u00e9tablir pour le peuple juif un foyer national en Palestine, garanti par le droit public. \u00bb Le mot foyer est diplomatique ; l\u2019objectif est l\u2019\u00c9tat. Il fonde le Jewish Colonial Trust en 1899 : premi\u00e8re banque sioniste, capital initial de 2 millions de livres. Il cr\u00e9e le Fonds national juif (KKL) en 1901 : achat syst\u00e9matique de terres en Palestine. Entre 1901 et 1914, le KKL acquiert 100 000 dunams (10 000 hectares). Herzl meurt le 3 juillet 1904 \u00e0 Edlach (Autriche) d\u2019une p\u00e9ricardite. Il est enterr\u00e9 \u00e0 Vienne, puis transf\u00e9r\u00e9 au Mont Herzl \u00e0 J\u00e9rusalem en 1949.<\/p>\n<p style=\"text-align: justify;\">Son testament politique est c\u00e9l\u00e8bre : \u00ab Si vous le voulez, ce ne sera pas un r\u00eave. \u00bb. Herzl transforme le sionisme d\u2019une id\u00e9e en mouvement organis\u00e9. Le Yishouv (communaut\u00e9 juive de Palestine) passe de 24 000 habitants en 1882 \u00e0 85 000 en 1914 gr\u00e2ce \u00e0 son impulsion institutionnelle.<\/p>\n<ul>\n<li style=\"text-align: justify;\"><strong>Chaim Weizmann (1874-1952) \u2013 Le chimiste-diplomate : l\u2019\u00c9tat par la crise<\/strong><\/li>\n<\/ul>\n<p><img decoding=\"async\" class=\"alignnone size-medium\" src=\"https:\/\/www.meisterdrucke.lu\/kunstwerke\/1260px\/English%20Photographer%20-%20Dr%20Chaim%20Weizmann%20in%20London%20c1938%20%20-%20%28MeisterDrucke-332282%29.jpg\" width=\"1260\" height=\"853\" \/><\/p>\n<p style=\"text-align: center;\"><em>Cha\u00efm Weizmann<\/em><\/p>\n<p style=\"text-align: justify;\">Chaim Weizmann na\u00eet le 27 novembre 1874 \u00e0 Motol, pr\u00e8s de Pinsk (Empire russe). Troisi\u00e8me de quinze enfants, il grandit dans un shtetl. Il obtient un doctorat de chimie organique \u00e0 Fribourg (Suisse) en 1900. Il enseigne \u00e0 l\u2019universit\u00e9 de Gen\u00e8ve, puis \u00e0 Manchester de 1904 \u00e0 1916.<\/p>\n<p style=\"text-align: justify;\">Sa contribution scientifique<\/p>\n<p style=\"text-align: justify;\">En 1915, il met au point un proc\u00e9d\u00e9 de fermentation bact\u00e9rienne du bl\u00e9 pour produire de l\u2019ac\u00e9ton, composant essentiel de la cordite (explosif britannique). Brevet d\u00e9pos\u00e9 le 16 mars 1915. Production : 200 tonnes par mois en 1916. Cette invention lui donne un acc\u00e8s direct aux d\u00e9cideurs britanniques : David Lloyd George (ministre des Munitions) et Arthur Balfour (First Lord of the Admiralty).<\/p>\n<p style=\"text-align: justify;\">Son action diplomatique (1914-1917)<\/p>\n<p style=\"text-align: justify;\">En 1914, il soutient la cr\u00e9ation du Jewish Legion (bataillon juif dans l\u2019arm\u00e9e britannique) avec Herbert Samuel. Le 3 d\u00e9cembre 1914, il rencontre Balfour pour la premi\u00e8re fois \u00e0 Londres. En 1916, il r\u00e9dige un premier brouillon de la future D\u00e9claration Balfour avec C. P. Scott, directeur du Manchester Guardian.<\/p>\n<p style=\"text-align: justify;\">Le 2 novembre 1917, la D\u00e9claration Balfour est sign\u00e9e et adress\u00e9e \u00e0 Lord Rothschild : \u00ab Le gouvernement de Sa Majest\u00e9 envisage favorablement l\u2019\u00e9tablissement en Palestine d\u2019un foyer national pour le peuple juif et emploiera tous ses efforts pour faciliter la r\u00e9alisation de cet objectif, \u00e9tant clairement entendu que rien ne sera fait qui puisse porter atteinte aux droits civils et religieux des communaut\u00e9s non juives en Palestine, ou aux droits et au statut politique dont jouissent les Juifs dans tout autre pays. \u00bb<\/p>\n<p style=\"text-align: justify;\">Apr\u00e8s 1917<\/p>\n<p style=\"text-align: justify;\">Pr\u00e9sident de l\u2019Organisation sioniste mondiale de 1920 \u00e0 1931, puis de 1935 \u00e0 1946. N\u00e9gocie le Mandat britannique sur la Palestine (1922). Devient le premier pr\u00e9sident de l\u2019\u00c9tat d\u2019Isra\u00ebl de 1949 \u00e0 1952.<\/p>\n<p style=\"text-align: justify;\">Weizmann incarne le sionisme pratique. Il utilise la guerre mondiale comme levier g\u00e9opolitique. Sans la D\u00e9claration Balfour, pas de l\u00e9gitimit\u00e9 internationale. Il est le pont entre science, diplomatie et \u00c9tat.<\/p>\n<ul>\n<li style=\"text-align: justify;\"><strong>Ahad Ha\u2019am (1856-1927) \u2013 Le penseur culturel : l\u2019\u00c9tat par l\u2019esprit<\/strong><\/li>\n<\/ul>\n<p><img loading=\"lazy\" decoding=\"async\" class=\"alignnone size-medium\" src=\"https:\/\/www.datocms-assets.com\/128928\/1742855224-ahad-haam-main.jpg\" width=\"1500\" height=\"866\" \/><\/p>\n<p style=\"text-align: center;\"><em>Asher Zvi Hirsch Ginsberg<\/em><\/p>\n<p style=\"text-align: justify;\">Asher Zvi Hirsch Ginsberg na\u00eet le 18 ao\u00fbt 1856 \u00e0 Skvyra (Ukraine). \u00c9ducation talmudique traditionnelle, puis autodidacte en philosophie (Spinoza, Maimonide). Il s\u2019installe \u00e0 Odessa en 1886, centre du mouvement Hovevei Zion. Il adopte le pseudonyme Ahad Ha\u2019am (\u00ab Un du peuple \u00bb) en 1889.<\/p>\n<p style=\"text-align: justify;\">Son article fondateur<\/p>\n<p style=\"text-align: justify;\">\u00ab La v\u00e9rit\u00e9 de la terre d\u2019Isra\u00ebl \u00bb (Emet me-Eretz Israel), publi\u00e9 dans Ham\u00e9litz le 11 mai 1891. Il critique les colonies agricoles de la premi\u00e8re Aliyah : \u00ab On plante des eucalyptus, mais pas des Juifs. \u00bb Il propose que la Palestine devienne un centre spirituel juif, pas seulement un refuge physique.<\/p>\n<p style=\"text-align: justify;\">Sa doctrine : le sionisme culturel<\/p>\n<p style=\"text-align: justify;\">La Palestine doit \u00eatre un foyer spirituel qui irradie la culture juive dans le monde. La renaissance de l\u2019h\u00e9breu (langue, litt\u00e9rature, \u00e9ducation) est le pr\u00e9requis \u00e0 tout \u00c9tat. <strong>Il suffit d\u2019une minorit\u00e9 qualitative d\u2019\u00e9lite culturelle, pas d\u2019une majorit\u00e9 d\u00e9mographique.<\/strong><\/p>\n<p style=\"text-align: justify;\">Ses institutions<\/p>\n<p style=\"text-align: justify;\">En 1889, il fonde Bnei Moshe, un ordre secret pour former une \u00e9lite h\u00e9bra\u00efque. En 1896, il lance Ha-Shiloah, revue litt\u00e9raire publi\u00e9e \u00e0 Odessa, puis Berlin. En 1890, il participe \u00e0 la cr\u00e9ation du Comit\u00e9 de la langue h\u00e9bra\u00efque, anc\u00eatre de l\u2019Acad\u00e9mie de la langue (1953).<\/p>\n<p style=\"text-align: justify;\">Sa critique d\u2019Herzl<\/p>\n<p style=\"text-align: justify;\">Il participe au Congr\u00e8s de B\u00e2le en 1897, mais d\u00e9nonce le \u00ab sionisme politique \u00bb comme pr\u00e9matur\u00e9. Dans Le Congr\u00e8s et ses suites (1897), il \u00e9crit : \u00ab On vote des r\u00e9solutions, mais on ne parle pas h\u00e9breu. \u00bb Il refuse la pr\u00e9sidence de l\u2019OSM.<\/p>\n<p style=\"text-align: justify;\">Son influence durable<\/p>\n<p style=\"text-align: justify;\">Les \u00e9coles en h\u00e9breu de Palestine (1904-1914) suivent son mod\u00e8le. L\u2019id\u00e9al du kibboutz (soci\u00e9t\u00e9 r\u00e9g\u00e9n\u00e9r\u00e9e) est ahadha\u2019amien. David Ben-Gourion dira plus tard : \u00ab Sans Ahad Ha\u2019am, pas d\u2019\u00c9tat spirituellement viable. \u00bbMort et h\u00e9ritage<\/p>\n<p style=\"text-align: justify;\">Il meurt le 2 janvier 1927 \u00e0 Tel Aviv. Enterr\u00e9 au cimeti\u00e8re Trumpeldor. Une rue Ahad Ha\u2019am existe \u00e0 Tel Aviv. L\u2019Universit\u00e9 h\u00e9bra\u00efque de J\u00e9rusalem porte son empreinte culturelle. Paradoxe : le sionisme politique (Herzl) gagne en 1948, mais le contenu culturel de l\u2019\u00c9tat \u2013 langue, litt\u00e9rature, \u00e9ducation \u2013 est \u00ab\u00a0ahadha\u2019amien\u00a0\u00bb.<\/p>\n<p style=\"text-align: justify;\"><strong>II. L\u2019Emsav : la souverainet\u00e9 avant l\u2019\u00c9tat (1839-1914)<\/strong><\/p>\n<p style=\"text-align: justify;\"><strong>1. Une assimilation linguistique<\/strong><\/p>\n<p style=\"text-align: justify;\">L\u2019\u00c9dit de Villers-Cotter\u00eats (1539) impose le fran\u00e7ais dans les actes judiciaires. Le d\u00e9cret du 2 thermidor an II (20 juillet 1794) interdit le breton dans les actes administratifs. La premi\u00e8re enqu\u00eate linguistique quantitative sur le breton est men\u00e9e par Adolphe Joanne dans son Dictionnaire g\u00e9ographique, administratif, postal, statistique, arch\u00e9ologique, etc. de la France (1864-1872). Il estime, sur la base des donn\u00e9es pr\u00e9fectorales de 1863 : 1 300 000 locuteurs bretons en Basse-Bretagne (Finist\u00e8re, C\u00f4tes-du-Nord, Morbihan, Loire-Inf\u00e9rieure sud, Ille-et-Vilaine ouest). Soit environ 80 % de la population de ces cinq d\u00e9partements.<\/p>\n<p style=\"text-align: justify;\">L\u2019enqu\u00eate de l\u2019abb\u00e9 Jean-Marie Perrot (1904), publi\u00e9e dans Anthropos (1906), recense 1 100 000 locuteurs en Basse-Bretagne, dont : 900 000 bretonnants exclusifs (ne parlant pas fran\u00e7ais) et 200 000 bilingues.<\/p>\n<p>En 1914, l\u2019enqu\u00eate de la Statistique g\u00e9n\u00e9rale de la France (Minist\u00e8re du Commerce) estime 800 000 locuteurs bretons, soit une baisse de 38 % en 50 ans (1864-1914).<\/p>\n<p style=\"text-align: justify;\"><strong>2. La r\u00e9ponse id\u00e9ologique : du romantisme celtique \u00e0 l\u2019URB<\/strong><\/p>\n<p style=\"text-align: justify;\">Le Barzaz Breiz de Th\u00e9odore Hersart de La Villemarqu\u00e9 para\u00eet en 1839 (Perrin et Cie, 480 pages). Il compile 70 chants populaires. L\u2019ouvrage, qui un large \u00e9cho, est contest\u00e9 (accusations de falsification, 1867), mais devient un corpus national comparable au Kalevela finlandais.<\/p>\n<p style=\"text-align: justify;\">L\u2019Union r\u00e9gionaliste bretonne (URB) est fond\u00e9e le 15 ao\u00fbt 1898 \u00e0 Montroulez (Morlaix). Son manifeste (15 septembre 1898, Revue de Bretagne) r\u00e9clame :<\/p>\n<ul>\n<li style=\"text-align: justify;\">Enseignement du breton dans les \u00e9coles.<\/li>\n<li style=\"text-align: justify;\">D\u00e9centralisation administrative.<\/li>\n<li style=\"text-align: justify;\">Reconnaissance du pass\u00e9 ducal.<\/li>\n<\/ul>\n<p><strong>3. Les institutions culturelles<\/strong><\/p>\n<p style=\"text-align: justify;\">Gorsedd de Bretagne : cr\u00e9\u00e9 le 1er septembre 1900 \u00e0 Guingamp, sur le mod\u00e8le gallois.<\/p>\n<p style=\"text-align: justify;\">Bleun-Brug : mouvement de jeunesse catholique (1905), 10 000 membres en 1914.<\/p>\n<p style=\"text-align: justify;\">F\u00e9d\u00e9ration r\u00e9gionaliste de Bretagne : fond\u00e9e en 1911, regroupe 40 associations.<\/p>\n<p><strong>4. Les acteurs pivots<\/strong><\/p>\n<p style=\"text-align: justify;\">Dans le contexte du premier Emsav (1898-1914), trois figures incarnent le passage d&rsquo;un r\u00e9gionalisme culturel \u00e0 une aspiration politique plus affirm\u00e9e vers l&rsquo;ind\u00e9pendance nationale bretonne. Ils op\u00e8rent dans un \u00e9cosyst\u00e8me intellectuel marqu\u00e9 par le romantisme celtique et la r\u00e9action \u00e0 la francisation centralisatrice, tout en tissant des liens avec les mouvements celtiques d&rsquo;Outre-Manche. Contrairement aux acteurs sionistes comme Herzl, qui mobilisaient une diaspora mondiale pour un territoire absent, Jaffrennou, Duhamel et Le Mercier d&rsquo;Erm ancrent leur action dans un territoire historique existant mais \u00e9mascul\u00e9, en s&rsquo;appuyant sur des r\u00e9seaux locaux et parisiens.<\/p>\n<ul>\n<li>Fran\u00e7ois Jaffrennou (1879-1956) : le barde fondateur de l&rsquo;Emsav<\/li>\n<\/ul>\n<p><img loading=\"lazy\" decoding=\"async\" class=\"alignnone size-medium\" src=\"https:\/\/bcd.bzh\/becedia\/sites\/default\/files\/focus\/jaffrennou-m0212_ag-994-28-1-u-ok.jpg\" width=\"1000\" height=\"750\" \/><\/p>\n<p style=\"text-align: center;\"><em>Fran\u00e7ois Jaffrennou<\/em><\/p>\n<p style=\"text-align: justify;\">Fran\u00e7ois-Joseph-Claude Jaffrennou, n\u00e9 le 15 mars 1879 \u00e0 Carno\u00ebt (C\u00f4tes-du-Nord, aujourd&rsquo;hui C\u00f4tes-d&rsquo;Armor), dans une famille modeste de paysans, est l&rsquo;un des pionniers de l&rsquo;Emsav. D\u00e8s son adolescence, au lyc\u00e9e de Saint-Brieuc, il se passionne pour la langue bretonne, secondant Fran\u00e7ois Vall\u00e9e dans la cr\u00e9ation d&rsquo;un cours de breton en 1896. Cette immersion pr\u00e9coce le marque comme un intellectuel autodidacte, influenc\u00e9 par le romantisme celtique et les travaux folkloristes comme le Barzaz Breiz de La Villemarqu\u00e9 (1839). En 1898, \u00e0 19 ans, il participe activement \u00e0 la fondation de l&rsquo;Union R\u00e9gionaliste Bretonne (URB) \u00e0 Morlaix, o\u00f9 il devient secr\u00e9taire de la section d\u00e9di\u00e9e \u00e0 la langue et \u00e0 la litt\u00e9rature bretonnes.<\/p>\n<p style=\"text-align: justify;\">Son \u0153uvre po\u00e9tique \u00e9merge en 1899 avec An Hirvoudou (\u00ab\u00a0Les Soupirs\u00a0\u00bb), un recueil qui fait sensation dans les cercles bretonnants pour son usage innovant du breton moderne, inspir\u00e9 des chants populaires collect\u00e9s par Luzel. Cette m\u00eame ann\u00e9e, il organise une d\u00e9l\u00e9gation bretonne \u00e0 l&rsquo;Eisteddfod de Cardiff (juillet 1899), o\u00f9 il est sacr\u00e9 barde sous le nom de Taldir ab Hernin (\u00ab\u00a0Front d&rsquo;acier, fils d&rsquo;Hernin\u00a0\u00bb), marquant son entr\u00e9e dans le n\u00e9o-druidisme celtique. Ce pseudonyme, qu&rsquo;il adopte d\u00e9finitivement, symbolise sa posture militante : une \u00ab\u00a0muraille d&rsquo;acier\u00a0\u00bb contre l&rsquo;assimilation.<\/p>\n<p style=\"text-align: justify;\">Jaffrennou est cr\u00e9dit\u00e9 d&rsquo;avoir invent\u00e9 le terme \u00ab\u00a0Emsav\u00a0\u00bb en 1912, dans son ouvrage Ganedigez eun Emzao (\u00ab\u00a0La gen\u00e8se d&rsquo;un mouvement\u00a0\u00bb), un n\u00e9ologisme breton \u00e9voquant un \u00ab\u00a0soul\u00e8vement\u00a0\u00bb ou \u00ab\u00a0rel\u00e8vement\u00a0\u00bb national, proche du Risorgimento italien. Ce texte th\u00e9orise le mouvement comme une renaissance culturelle et politique, posant les bases id\u00e9ologiques du projet breton.<\/p>\n<p style=\"text-align: justify;\">Il publie ensuite sept recueils de po\u00e8mes entre 1899 et 1939, dont trois avec partitions musicales, comme Barzaz Taldir (po\u00e8mes en breton avec traductions fran\u00e7aises), et anime des revues comme Ar Vro (1907-1914) et Le Consortium Breton (1927-1939). Musicien accompli, il harmonise des chants traditionnels et compose pour les \u00e9coles bretonnes, avec des \u0153uvres comme 20 chansons populaires pour les \u00c9coles de Bretagne (1936).<\/p>\n<p style=\"text-align: justify;\">Sur le plan institutionnel, il fonde en 1900 la Gorsedd de Bretagne (assembl\u00e9e des druides, bardes et ovates) lors du congr\u00e8s de l&rsquo;URB \u00e0 Guingamp, dont il devient Grand Druide en 1933 apr\u00e8s la mort de Joseph Berthou.<\/p>\n<p style=\"text-align: justify;\">En 1902, face \u00e0 la circulaire Combes interdisant le breton dans les pr\u00eaches, il m\u00e8ne une campagne de protestation au Congr\u00e8s celtique de Dublin, obtenant un soutien international des \u00ab\u00a0pays celtiques\u00a0\u00bb.<\/p>\n<p style=\"text-align: justify;\">Sa vision est r\u00e9gionaliste au d\u00e9part, mais \u00e9volue vers un autonomisme : il relance les relations celtiques post-1918 et organise les F\u00eates interceltiques de Vannes en 1939 sous patronage \u00e9tatique.<\/p>\n<p style=\"text-align: justify;\">Pour l&rsquo;Emsav, Jaffrennou incarne la transition : de la sauvegarde folklorique \u00e0 une identit\u00e9 politique, mobilisant la diaspora parisienne via ses r\u00e9seaux \u00e9ditoriaux.<\/p>\n<ul>\n<li style=\"text-align: justify;\">Maurice Duhamel (1884-1940) : le musicien f\u00e9d\u00e9raliste et th\u00e9oricien de l&rsquo;ind\u00e9pendance<\/li>\n<\/ul>\n<p><img loading=\"lazy\" decoding=\"async\" class=\"aligncenter wp-image-4937 size-full\" src=\"https:\/\/stourm.news\/wp-content\/uploads\/2025\/10\/Capture-decran-2025-10-31-a-16.49.37.png\" alt=\"\" width=\"298\" height=\"358\" srcset=\"https:\/\/stourm.news\/wp-content\/uploads\/2025\/10\/Capture-decran-2025-10-31-a-16.49.37.png 298w, https:\/\/stourm.news\/wp-content\/uploads\/2025\/10\/Capture-decran-2025-10-31-a-16.49.37-250x300.png 250w\" sizes=\"(max-width: 298px) 100vw, 298px\" \/><\/p>\n<p style=\"text-align: justify;\">Maurice Duhamel, pseudonyme de Maurice Bourgeaux, na\u00eet le 23 f\u00e9vrier 1884 \u00e0 Rennes, fils d&rsquo;un marchand de charbon. Issu d&rsquo;un milieu bourgeois, il \u00e9tudie la musique au conservatoire de Rennes, o\u00f9 il excelle en piano et composition, avant de se tourner vers l&rsquo;activisme breton. Apprenant le breton en autodidacte, il adh\u00e8re en 1912 \u00e0 l&rsquo;Union R\u00e9gionaliste Bretonne (URB) aux c\u00f4t\u00e9s d&rsquo;\u00c9mile Masson et Fran\u00e7ois Vall\u00e9e, marquant son entr\u00e9e dans le mouvement.<\/p>\n<p style=\"text-align: justify;\">Sa contribution majeure est musicale et politique. En 1912, il co-fonde l&rsquo;Association des Compositeurs Bretons avec Paul Ladmirault et cr\u00e9e en 1906 la partition du Bro Gozh ma Zado\u00f9, dont le chant a \u00e9t\u00e9 choisi comme hymne national breton par l&rsquo;URB en 1903 \u2013 un symbole unificateur encore utilis\u00e9 aujourd&rsquo;hui.<\/p>\n<p style=\"text-align: justify;\">Son ouvrage Musique Bretonne (1913, r\u00e9\u00e9dit\u00e9 en 1998) est un jalon : il y note pr\u00e8s de 450 airs et variantes m\u00e9lodiques des chants populaires de Basse-Bretagne, collect\u00e9s par Luzel dans Gwerzio\u00f9 ha Sonio\u00f9 Breiz-Izel, avec des harmonies inspir\u00e9es du folklore celtique.<\/p>\n<p style=\"text-align: justify;\">Il lance en 1903 la revue L\u2019Hermine, premier journal explicitement nationaliste, o\u00f9 il publie en 1911 le manifeste appelant \u00e0 l'\u00a0\u00bbind\u00e9pendance nationale bretonne\u00a0\u00bb \u2013 une rupture avec le r\u00e9gionalisme mod\u00e9r\u00e9, influenc\u00e9e par les soul\u00e8vements irlandais. F\u00e9d\u00e9raliste et pacifiste, il rejoint le Parti Autonomiste Breton en 1926 et contribue \u00e0 Breiz Atao, le principal journal de l&rsquo;Emsav. Ses \u00e9crits th\u00e9oriques, comme La Question bretonne dans son cadre europ\u00e9en (1928), plaident pour un f\u00e9d\u00e9ralisme international int\u00e9grant la Bretagne dans une \u00ab\u00a0Internationale des nationalit\u00e9s\u00a0\u00bb, conciliant socialisme et autonomie. En 1939, son Histoire du Peuple Breton des origines \u00e0 1532 (saisi par le gouvernement pour \u00ab\u00a0s\u00e9dition anti-fran\u00e7aise\u00a0\u00bb) retrace un r\u00e9cit nationaliste, insistant sur l&rsquo;\u00e9mergence progressive d&rsquo;une conscience bretonne au sein du duch\u00e9.<\/p>\n<p style=\"text-align: justify;\">Duhamel influence le second Emsav : ses partitions animent les cercles celtiques, et sa doctrine contribue \u00e0 fa\u00e7onner la pens\u00e9e nationale bretonne dans les 1910 et 1920, notamment sa dimension politique dans le cadre europ\u00e9en et par l&rsquo;interceltisme. P\u00e8re de Morvan Duhamel (militant breton), il meurt le 5 f\u00e9vrier 1940 \u00e0 Rennes, laissant un fonds d&rsquo;archives riche en correspondances et photographies au CRBC de Brest.<\/p>\n<ul>\n<li style=\"text-align: justify;\">Camille Le Mercier d&rsquo;Erm (1888-1978) : le po\u00e8te nationaliste et fondateur de parti<\/li>\n<\/ul>\n<p><img loading=\"lazy\" decoding=\"async\" class=\"aligncenter\" src=\"https:\/\/encrypted-tbn0.gstatic.com\/images?q=tbn:ANd9GcS7VUpMbW0f4Swni_xy_oBzkNJSd-jtot0-Cg&amp;s\" width=\"397\" height=\"392\" \/><\/p>\n<p style=\"text-align: center;\"><em>Camille Le Mercier d&rsquo;Erm<\/em><\/p>\n<p style=\"text-align: justify;\">Camille Paul Marie Aristide Le Mercier d&rsquo;Erm, n\u00e9 le 12 novembre 1888 \u00e0 Niort (Deux-S\u00e8vres), mais \u00e9lev\u00e9 en Bretagne, est le petit-fils d&rsquo;un officier chouan \u2013 un h\u00e9ritage vend\u00e9en qui nourrit son anti-jacobinisme. Adopte le nom complet en ajoutant \u00ab\u00a0d&rsquo;Erm\u00a0\u00bb (nom de sa m\u00e8re) et le pseudonyme bardique Kammermor (\u00ab\u00a0Chanteur de la mer\u00a0\u00bb). Po\u00e8te, historien et \u00e9diteur, il symbolise l&rsquo;\u00e9mergence du nationalisme breton radical au d\u00e9but du XXe si\u00e8cle.<\/p>\n<p style=\"text-align: justify;\">En 1911, \u00e0 23 ans, il fonde le Parti Nationaliste Breton (PNB) \u00e0 Rennes \u2013 premier parti politique explicitement nationaliste et ind\u00e9pendantiste en Bretagne \u2013, et lance son organe Breiz Dishual (\u00ab\u00a0Bretagne libre\u00a0\u00bb). Son pamphlet La Bretagne aux Bretons (1912) est un programme fondateur : il y appelle \u00e0 la restitution de la souverainet\u00e9 bretonne, critiquant l&rsquo;annexion de 1532 comme un \u00ab\u00a0vol\u00a0\u00bb et pr\u00f4nant une nation bretonne la\u00efque et sociale, inspir\u00e9e de l&rsquo;Irlande.<\/p>\n<p style=\"text-align: justify;\">Ce texte, \u00e9dit\u00e9 \u00e0 500 exemplaires, circule dans les cercles urbains et influencera les jeunes militants. Ses \u0153uvres po\u00e9tiques, comme Irlande \u00e0 jamais (1919, odes aux martyrs de 1916) ou Les Bardes et po\u00e8tes nationaux de la Bretagne armoricaine (anthologie de 1913), exaltent une litt\u00e9rature \u00ab\u00a0nationale\u00a0\u00bb en fran\u00e7ais et breton, avec des hymnes celtiques bilingues. Historien, il publie Les Origines du nationalisme breton (1914) et L&rsquo;\u00c9trange Aventure de l&rsquo;Arm\u00e9e de Bretagne (1937, sur le drame de Conlie en 1870), soulignant les \u00ab\u00a0trahisons\u00a0\u00bb fran\u00e7aises contre les Bretons. En 1921, il lance La Bretagne libertaire, o\u00f9 il fusionne nationalisme et anarchisme (influenc\u00e9 par \u00c9mile Masson), plaidant pour une \u00ab\u00a0Bretagne libre dans l&rsquo;Internationale des peuples\u00a0\u00bb.<\/p>\n<p style=\"text-align: justify;\">Actif jusqu&rsquo;aux ann\u00e9es 1970, il \u00e9dite chez \u00ab\u00a0Les Argonautes\u00a0\u00bb et \u00ab\u00a0L&rsquo;Hermine\u00a0\u00bb, publiant Sang d&rsquo;Occident (1965) ou Patrie perdue (1973). Mort le 18 ao\u00fbt 1978 \u00e0 Dinard, il est une figure central de l&rsquo;Emsav, comme pionnier du premier parti national breton.<\/p>\n<p style=\"text-align: justify;\">Ces acteurs, par leurs plumes et r\u00e9seaux, pr\u00e9figurent un corps pr\u00e9-\u00e9tatique breton, adaptable au sionisme via une mobilisation culturelle interne.<\/p>\n<p><strong>III. Analyse comparative : les divergences structurelles<\/strong><\/p>\n<p style=\"text-align: justify;\"><strong>1. Crise existentielle contre crise culturelle<\/strong><\/p>\n<p style=\"text-align: justify;\">Le sionisme na\u00eet d\u2019une crise existentielle au sein de la diaspora juive : pogroms (1881), Affaire Dreyfus (1895). La survie physique est l&rsquo;enjeu et encourage une minorit\u00e9 \u00e0 s&rsquo;engager dans l&rsquo;action sioniste. La diaspora juive est souvent urbaine (70 % \u00e0 Vienne, 50 % \u00e0 Varsovie), \u00e9duqu\u00e9e, commer\u00e7ante. Herzl mobilise cette bourgeoisie : le Jewish Colonial Trust l\u00e8ve 2 millions de livres en 15 ans. Weizmann s\u2019appuie sur les r\u00e9seaux manchesteriens, juifs et britanniques. Ahad Ha\u2019am forme une \u00e9lite intellectuelle \u00e0 Odessa, capable de financer revues et \u00e9coles.\u00a0L&rsquo;absence de classe paysanne ancr\u00e9e dans un territoire unique permet une mobilit\u00e9 g\u00e9ographique et financi\u00e8re mondiale.<\/p>\n<p style=\"text-align: justify;\">L\u2019Emsav lui na\u00eet d\u2019une crise culturelle et politique : interdiction du breton et d\u00e9mant\u00e8lement des institutions nationale (1789). La survie identitaire est en jeu, mais pas la survie physique \u00e0 proprement parler. Le sionisme peut donc mobiliser gr\u00e2ce \u00e0 la peur tandis que l\u2019Emsav doit mobiliser en faisant appel \u00e0 une forme de nostalgie d&rsquo;une soci\u00e9t\u00e9 bretonne archa\u00efque qui dispara\u00eet. La soci\u00e9t\u00e9 bretonne est en effet rurale (80 % de paysans en 1900), catholique et pauvre. Jaffrennou parle \u00e0 des fermiers qui \u00e9migrent \u00e0 Paris pour survivre. Duhamel note des airs dans des villages o\u00f9 le fran\u00e7ais est synonyme d\u2019ascension sociale. Le Mercier d\u2019Erm \u00e9crit pour une intelligentsia locale, mais la diaspora bretonne s&rsquo;ins\u00e8re dans les \u00e9lites fran\u00e7aises. Le plein social \u2013 int\u00e9gration \u00e9conomique \u00e0 l\u2019\u00c9tat central \u2013 transforme les Bretons en agents de leur propre assimilation.<\/p>\n<p style=\"text-align: justify;\"><strong>3. Le vide territorial comme atout strat\u00e9gique<\/strong><\/p>\n<p style=\"text-align: justify;\">Le sionisme part d\u2019un vide territorial. Cela force la cr\u00e9ation d\u2019institutions parall\u00e8les : OSM, KKL, \u00e9coles. Ce vide devient un espace de libert\u00e9. L\u2019Emsav part d\u2019un territoire plein, occup\u00e9 et administr\u00e9 par l&rsquo;\u00c9tat fran\u00e7ais. Ce plein est un obstacle : la Bretagne est d\u00e9j\u00e0 int\u00e9gr\u00e9e \u00e0 la France et il n&rsquo;existe aucune marge pour un \u00ab\u00a0Yishouv\u00a0\u00bb breton. En cons\u00e9quence : le sionisme construit un \u00c9tat dans le vide politique du Proche-Orient tandis que l\u2019Emsav tente de construire au sein de l\u2019\u00c9tat fran\u00e7ais qui est id\u00e9ologiquement hostile au fait ethnique breton depuis la R\u00e9volution fran\u00e7aise.<\/p>\n<p style=\"text-align: justify;\"><strong>4. Financement : diaspora mondiale vs diaspora \u00ab\u00a0interne\u00a0\u00bb<\/strong><\/p>\n<p style=\"text-align: justify;\">Le sionisme mobilise 12 millions de Juifs dispers\u00e9s. Le KKL l\u00e8ve 2 millions de livres en 15 ans. L\u2019Emsav tente de mobiliser des millions de Bretons, dont la diaspora \u00e9tablie est pour l&rsquo;essentiel \u00e9tablie \u00e0 Paris, l&rsquo;une des capitales les plus dynamiques de l&rsquo;\u00e9poque. Mais cette diaspora, comme la bourgeoisie bretonne, est int\u00e9gr\u00e9e \u00e0 l\u2019\u00e9lite fran\u00e7aise et voit l&rsquo;\u00e9mancipation nationale de la Bretagne comme un frein \u00e0 cette ascension sociale. En cons\u00e9quence : le sionisme b\u00e9n\u00e9ficie de l&rsquo;appui de la puissance bourgeoisie juive internationale tandis que l\u2019Emsav n\u2019a pas de fonds et n&rsquo;est pas soutenu par la bourgeoisie bretonne qui se francise.<\/p>\n<p style=\"text-align: justify;\"><strong>5. Langue : r\u00e9surrection vs d\u00e9clin<\/strong><\/p>\n<p style=\"text-align: justify;\">Le sionisme ressuscite une langue morte modernis\u00e9e, l&rsquo;h\u00e9breu liturgique. Le Comit\u00e9 de la langue (1890) le standardise. Les \u00e9coles (1904) s&rsquo;imposent. En 1948, l\u2019h\u00e9breu devient la langue d\u2019\u00c9tat, 60 ans apr\u00e8s sa recr\u00e9ation.<\/p>\n<p style=\"text-align: justify;\">L\u2019Emsav pour sa part d\u00e9fend une langue encore vivante, mais en d\u00e9clin sous l&rsquo;effet de la francisation par laquelle les Bretons esp\u00e8rent acc\u00e9der \u00e0 la bourgeoisie. Aucune institution linguistique n&rsquo;est cr\u00e9\u00e9e avant la Premi\u00e8re guerre mondiale tandis que l&rsquo;\u00c9tat fran\u00e7ais m\u00e8ne une intense campagne d&rsquo;\u00e9radication de la langue d\u00e8s la R\u00e9volution fran\u00e7aise. L\u00e0 o\u00f9 le sionisme impose la langue avant l\u2019\u00c9tat, l\u2019Emsav perd la langue avant l\u2019\u00c9tat.<\/p>\n<p style=\"text-align: justify;\"><strong>6. Le vide g\u00e9opolitique<\/strong><\/p>\n<p style=\"text-align: justify;\">Herzl op\u00e8re dans un Proche-Orient ottoman en d\u00e9liquescence. L\u2019Empire ottoman, endett\u00e9 \u00e0 hauteur de 20 millions de livres sterling, vend des terres pour survivre. Le vide permet l\u2019achat l\u00e9gal de 100 000 dunams entre 1901 et 1914. Weizmann profite de la guerre mondiale : la Grande-Bretagne, en conqu\u00eate de l\u2019Orient, signe Balfour pour s\u00e9curiser ses routes imp\u00e9riales en s&rsquo;appuyant sur un r\u00e9seau, le r\u00e9seau sioniste, qui peut appuyer ses ambitions r\u00e9gionales. Ahad Ha\u2019am b\u00e9n\u00e9ficie d\u2019un espace culturel vierge : l\u2019h\u00e9breu, absent de la vie quotidienne, peut \u00eatre impos\u00e9 sans concurrence.<\/p>\n<p style=\"text-align: justify;\">Jaffrennou, Duhamel et Le Mercier d\u2019Erm affrontent une France unitaire, revancharde depuis 1871, consolid\u00e9e par des chefs jacobins id\u00e9ologiquement motiv\u00e9s comme Ferry et Combes. Le plein g\u00e9opolitique \u00e9touffe l&rsquo;Emsav naissant : pas de crise \u00e0 exploiter, pas de puissance \u00e9trang\u00e8re \u00e0 courtiser, une puissance occupante en ascension. La Bretagne est d\u00e9j\u00e0 administr\u00e9e, fiscalis\u00e9e. L\u00e0 o\u00f9 le sionisme dispose de marges consid\u00e9rables, l&rsquo;Emsav fait face \u00e0 un bloc herm\u00e9tique et dynamique.<\/p>\n<p style=\"text-align: justify;\">Le sionisme n\u00e9gocie avec l\u2019Empire ottoman, le Royaume-Uni, la SDN. La D\u00e9claration Balfour (1917) est un acte international. L\u2019Emsav tente de faire pression sur Paris et ne dispose d&rsquo;aucune marge politique. La France de 1918 est unitaire, stable, victorieuse et ultra-nationaliste. L\u00e0 o\u00f9 le sionisme exploite les crises mondiales, l\u2019Emsav subit la stabilit\u00e9 fran\u00e7aise qui s&rsquo;additionne \u00e0 sa dynamique \u00e9conomique et sociale.<\/p>\n<p style=\"text-align: justify;\"><strong>IV. Les le\u00e7ons d\u2019un \u00e9chec<\/strong><\/p>\n<p><img loading=\"lazy\" decoding=\"async\" class=\"alignnone size-medium\" src=\"https:\/\/upload.wikimedia.org\/wikipedia\/commons\/thumb\/3\/36\/Declaration_of_State_of_Israel_1948.jpg\/1599px-Declaration_of_State_of_Israel_1948.jpg\" width=\"1599\" height=\"1066\" \/><\/p>\n<p style=\"text-align: center;\"><em>D\u00e9claration d&rsquo;ind\u00e9pendance de l&rsquo;\u00c9tat d&rsquo;Isra\u00ebl (1948)<\/em><\/p>\n<p style=\"text-align: justify;\">Le sionisme a gagn\u00e9 parce qu\u2019il partait de rien dans un monde qui s\u2019effondrait. L\u2019Emsav a stagn\u00e9 parce qu\u2019il agissait dans un monde qui se consolidait. Mais la France de 2025 n\u2019est plus celle de 1914. L\u2019\u00c9tat central vacille : dette publique \u00e0 120 % du PIB, immigration de masse (500 000 entr\u00e9es nettes par an), balkanisation communautaire, fin de l\u2019assimilation r\u00e9publicaine.<\/p>\n<p style=\"text-align: justify;\">\u00c0 travers les portraits de Herzl, Weizmann, Ahad Ha\u2019am, Jaffrennou, Duhamel et Le Mercier d\u2019Erm, nous avons vu les freins d\u2019hier. Aujourd\u2019hui, ces freins deviennent des leviers.<\/p>\n<p><strong>1. Les freins d\u2019hier : assimilation, bourgeoisie francis\u00e9e, \u00c9tat fort<\/strong><\/p>\n<p style=\"text-align: justify;\">Herzl affrontait l\u2019antis\u00e9mitisme structurel qui remettait en cause le succ\u00e8s d&rsquo;une assimilation r\u00e9ussie. Weizmann pour sa part exploitait les opportunit\u00e9s g\u00e9opolitiques offertes par la guerre. Ahad Ha\u2019am ressuscitait une langue morte comme levier psychologique sur les masses juives. Jaffrennou, Duhamel et Le Mercier d\u2019Erm quant \u00e0 eux butaient sur le succ\u00e8s de l\u2019assimilation comme ascension sociale, le fran\u00e7ais ouvrant les portes de la bourgeoisie tandis que l\u2019\u00c9tat fran\u00e7ais, \u00e0 la t\u00eate d&rsquo;un empire mondial, \u00e9tait triomphant en 1918. Le plein territorial, social, culturel \u00e9touffait l\u2019Emsav et il n&rsquo;avait pas de marge pour cr\u00e9er un corps politique parall\u00e8le.<\/p>\n<p style=\"text-align: justify;\"><strong>2. La France qui se fracture : fin de l\u2019assimilation, balkanisation, crise de l\u2019\u00c9tat<\/strong><\/p>\n<p style=\"text-align: justify;\">Aujourd\u2019hui, l\u2019assimilation r\u00e9publicaine est morte. Avec l&rsquo;immigration de masse, pr\u00e8s de 10 millions de personnes n\u00e9es \u00e0 l\u2019\u00e9tranger ou enfants d\u2019immigr\u00e9s (INSEE 2024) vivent en France dans des quartiers entiers qui fonctionnent en arabe, wolof, turc. La balkanisation devient une r\u00e9alit\u00e9 structurelle avec des communaut\u00e9s ethniques et religieuses qui vivent en bloc, exigent des droits culturels et religieux (halal \u00e0 la cantine, voile \u00e0 l\u2019\u00e9cole) auxquelles l&rsquo;\u00c9tat fran\u00e7ais c\u00e8de sous le poids du nombre. Dans ce contexte, la francisation agressive du si\u00e8cle pass\u00e9e devient de plus en plus difficile \u00e0 justifier en Bretagne.<\/p>\n<p style=\"text-align: justify;\">La bourgeoisie bretonne ? Un revirement historique a lieu : elle cherche d\u00e9sormais \u00e0 revenir en Bretagne d\u00e8s qu&rsquo;elle en a l&rsquo;opportunit\u00e9. Les Bretons de Paris (descendants) red\u00e9couvrent leurs racines face \u00e0 l\u2019ins\u00e9curit\u00e9 culturelle. La langue bretonne n\u2019est plus con\u00e7u comme un handicap, mais comme un marqueur d\u2019identit\u00e9 dans un pays qui n\u2019en impose plus.<\/p>\n<p style=\"text-align: justify;\"><strong>3. Perspective pour un \u00c9tat breton<\/strong><\/p>\n<p style=\"text-align: justify;\">L\u2019Emsav a besoin d\u2019exploiter les fractures fran\u00e7aises comme le sionisme a exploit\u00e9 les d\u00e9faillances de l&rsquo;Empire ottoman.<\/p>\n<p style=\"text-align: justify;\"><em>Le breton comme langue refuge<\/em><\/p>\n<p style=\"text-align: justify;\">Renforcer le r\u00e9seau d\u2019\u00e9coles immersives priv\u00e9es (mod\u00e8le Diwan) afin que le breton devienne une langue d\u2019\u00e9lite pour les enfants de la bourgeoisie, notamment celle qui revient en Bretagne.<\/p>\n<p style=\"text-align: justify;\"><em>Le front diplomatique\u00a0<\/em><\/p>\n<p style=\"text-align: justify;\">L&rsquo;Emsav doit forger des liens avec les organisations des peuples de l\u2019Hexagone qui refusent l\u2019assimilation poursuivie par l&rsquo;\u00c9tat fran\u00e7ais et op\u00e8rent des perc\u00e9es au niveau politique et institutionnel : Corses, Alsaciens, Kanaks, entre autres. Il doit former une coalition flexible de mouvements nationalistes ou autonomistes, y compris au Parlement europ\u00e9en, pour exiger un statut sp\u00e9cial pour la Bretagne. Une telle coalition forcerait la main de Paris : la France, affaiblie par la balkanisation et sa crise financi\u00e8re, ne pourra refuser \u00e0 la Bretagne des avanc\u00e9es institutionnelles sans d\u00e9clencher une cascade de r\u00e9actions (Corse, Alsace). L&rsquo;Emsav doit \u00e9galement s\u00a0\u00bbaffirmer via l\u2019UNPO (Organisation des nations et peuples non repr\u00e9sent\u00e9s) pour une reconnaissance internationale pr\u00e9coce de la nation bretonne et ne s&rsquo;interdire aucune coop\u00e9ration avec des \u00c9tats favorables \u00e0 l&rsquo;autod\u00e9termination bretonne.<\/p>\n<p style=\"text-align: justify;\"><em>La bourgeoisie bretonne comme classe nationale<\/em><\/p>\n<p style=\"text-align: justify;\">Les Bretons de la diaspora se d\u00e9sassimilent psychologiquement : face \u00e0 la fin de l&rsquo;assimilation fran\u00e7aise, ils cherchent une identit\u00e9 commune qui leur permette de s&rsquo;organiser. Faire appel \u00e0 cette diaspora est une n\u00e9cessit\u00e9 essentielle pour b\u00e2tir l&rsquo;\u00c9tat breton et avancer vers l&rsquo;autod\u00e9termination.<\/p>\n<p style=\"text-align: justify;\"><em>Le Yishouv territorial : communes bretonnes comme proto-\u00c9tat<\/em><\/p>\n<p style=\"text-align: justify;\">Le mouvement linguistique breton ne doit plus ignorer la n\u00e9cessit\u00e9 de la continuit\u00e9 territoriale pour organiser la vie bretonne autour de la langue bretonne. Outre les revendications pour l&rsquo;officialit\u00e9 de la langue bretonne et son enseignement obligatoire \u00e0 l&rsquo;\u00e9cole, il doit cr\u00e9er de v\u00e9ritables foyers de peuplement \u00e0 l&rsquo;image de ce que fait Kervrezhon o\u00f9 le breton est la langue de la communaut\u00e9. Ces foyers deviendront les r\u00e9serves naturelles d&rsquo;activistes qui, demain, b\u00e2tiront l&rsquo;\u00c9tat breton.<\/p>\n<p style=\"text-align: right;\"><strong>Budig Gourmaelon<\/strong><\/p>\n","protected":false},"excerpt":{"rendered":"<p>Le 1er mars 1881, l\u2019assassinat du tsar Alexandre II d\u00e9clenche une vague de pogroms dans l\u2019Empire russe : 215 localit\u00e9s touch\u00e9es, 200 morts, 100 000 Juifs chass\u00e9s de leurs villages (source : Jewish Encyclopedia, 1906, vol. X, p. 113). Dix ans plus tard, le 13 janvier 1895, Alfred Dreyfus est d\u00e9grad\u00e9 dans la cour des [&hellip;]<\/p>\n","protected":false},"author":1,"featured_media":4934,"comment_status":"open","ping_status":"open","sticky":false,"template":"","format":"standard","meta":{"sb_editor_width":"","footnotes":""},"categories":[58,63,74,65],"tags":[],"class_list":["post-4933","post","type-post","status-publish","format-standard","has-post-thumbnail","hentry","category-breizh","category-editorial","category-emsav","category-principale"],"relative_dates":{"created":"6 mois ago","modified":"6 mois ago"},"yoast_head":"<!-- This site is optimized with the Yoast SEO plugin v26.3 - https:\/\/yoast.com\/wordpress\/plugins\/seo\/ -->\n<title>Le sionisme et l\u2019Emsav : les le\u00e7ons de deux exp\u00e9riences historiques - STOURM<\/title>\n<meta name=\"robots\" content=\"index, follow, max-snippet:-1, max-image-preview:large, max-video-preview:-1\" \/>\n<link rel=\"canonical\" href=\"https:\/\/stourm.news\/?p=4933\" \/>\n<meta property=\"og:locale\" content=\"fr_FR\" \/>\n<meta property=\"og:type\" content=\"article\" \/>\n<meta property=\"og:title\" content=\"Le sionisme et l\u2019Emsav : les le\u00e7ons de deux exp\u00e9riences historiques - STOURM\" \/>\n<meta property=\"og:description\" content=\"Le 1er mars 1881, l\u2019assassinat du tsar Alexandre II d\u00e9clenche une vague de pogroms dans l\u2019Empire russe : 215 localit\u00e9s touch\u00e9es, 200 morts, 100 000 Juifs chass\u00e9s de leurs villages (source : Jewish Encyclopedia, 1906, vol. X, p. 113). Dix ans plus tard, le 13 janvier 1895, Alfred Dreyfus est d\u00e9grad\u00e9 dans la cour des [&hellip;]\" \/>\n<meta property=\"og:url\" content=\"https:\/\/stourm.news\/?p=4933\" \/>\n<meta property=\"og:site_name\" content=\"STOURM\" \/>\n<meta property=\"article:publisher\" content=\"https:\/\/www.facebook.com\/stourmnews\/\" \/>\n<meta property=\"article:published_time\" content=\"2025-10-31T07:41:19+00:00\" \/>\n<meta property=\"article:modified_time\" content=\"2025-10-31T07:53:06+00:00\" \/>\n<meta property=\"og:image\" content=\"https:\/\/stourm.news\/wp-content\/uploads\/2025\/10\/BeFunky-collage-scaled.jpg\" \/>\n\t<meta property=\"og:image:width\" content=\"2560\" \/>\n\t<meta property=\"og:image:height\" content=\"1472\" \/>\n\t<meta property=\"og:image:type\" content=\"image\/jpeg\" \/>\n<meta name=\"author\" content=\"La r\u00e9daction\" \/>\n<meta name=\"twitter:card\" content=\"summary_large_image\" \/>\n<meta name=\"twitter:label1\" content=\"\u00c9crit par\" \/>\n\t<meta name=\"twitter:data1\" content=\"La r\u00e9daction\" \/>\n\t<meta name=\"twitter:label2\" content=\"Dur\u00e9e de lecture estim\u00e9e\" \/>\n\t<meta name=\"twitter:data2\" content=\"26 minutes\" \/>\n<script type=\"application\/ld+json\" class=\"yoast-schema-graph\">{\"@context\":\"https:\/\/schema.org\",\"@graph\":[{\"@type\":\"Article\",\"@id\":\"https:\/\/stourm.news\/?p=4933#article\",\"isPartOf\":{\"@id\":\"https:\/\/stourm.news\/?p=4933\"},\"author\":{\"name\":\"La r\u00e9daction\",\"@id\":\"https:\/\/stourm.news\/#\/schema\/person\/c3e1dc65988632e190969234ef046cf9\"},\"headline\":\"Le sionisme et l\u2019Emsav : les le\u00e7ons de deux exp\u00e9riences historiques\",\"datePublished\":\"2025-10-31T07:41:19+00:00\",\"dateModified\":\"2025-10-31T07:53:06+00:00\",\"mainEntityOfPage\":{\"@id\":\"https:\/\/stourm.news\/?p=4933\"},\"wordCount\":4991,\"commentCount\":0,\"publisher\":{\"@id\":\"https:\/\/stourm.news\/#organization\"},\"image\":{\"@id\":\"https:\/\/stourm.news\/?p=4933#primaryimage\"},\"thumbnailUrl\":\"https:\/\/stourm.news\/wp-content\/uploads\/2025\/10\/BeFunky-collage-scaled.jpg\",\"articleSection\":[\"Breizh\",\"Editorial\",\"Emsav\",\"Principale\"],\"inLanguage\":\"fr-FR\",\"potentialAction\":[{\"@type\":\"CommentAction\",\"name\":\"Comment\",\"target\":[\"https:\/\/stourm.news\/?p=4933#respond\"]}]},{\"@type\":\"WebPage\",\"@id\":\"https:\/\/stourm.news\/?p=4933\",\"url\":\"https:\/\/stourm.news\/?p=4933\",\"name\":\"Le sionisme et l\u2019Emsav : les le\u00e7ons de deux exp\u00e9riences historiques - STOURM\",\"isPartOf\":{\"@id\":\"https:\/\/stourm.news\/#website\"},\"primaryImageOfPage\":{\"@id\":\"https:\/\/stourm.news\/?p=4933#primaryimage\"},\"image\":{\"@id\":\"https:\/\/stourm.news\/?p=4933#primaryimage\"},\"thumbnailUrl\":\"https:\/\/stourm.news\/wp-content\/uploads\/2025\/10\/BeFunky-collage-scaled.jpg\",\"datePublished\":\"2025-10-31T07:41:19+00:00\",\"dateModified\":\"2025-10-31T07:53:06+00:00\",\"breadcrumb\":{\"@id\":\"https:\/\/stourm.news\/?p=4933#breadcrumb\"},\"inLanguage\":\"fr-FR\",\"potentialAction\":[{\"@type\":\"ReadAction\",\"target\":[\"https:\/\/stourm.news\/?p=4933\"]}]},{\"@type\":\"ImageObject\",\"inLanguage\":\"fr-FR\",\"@id\":\"https:\/\/stourm.news\/?p=4933#primaryimage\",\"url\":\"https:\/\/stourm.news\/wp-content\/uploads\/2025\/10\/BeFunky-collage-scaled.jpg\",\"contentUrl\":\"https:\/\/stourm.news\/wp-content\/uploads\/2025\/10\/BeFunky-collage-scaled.jpg\",\"width\":2560,\"height\":1472},{\"@type\":\"BreadcrumbList\",\"@id\":\"https:\/\/stourm.news\/?p=4933#breadcrumb\",\"itemListElement\":[{\"@type\":\"ListItem\",\"position\":1,\"name\":\"Accueil\",\"item\":\"https:\/\/stourm.news\/\"},{\"@type\":\"ListItem\",\"position\":2,\"name\":\"Le sionisme et l\u2019Emsav : les le\u00e7ons de deux exp\u00e9riences historiques\"}]},{\"@type\":\"WebSite\",\"@id\":\"https:\/\/stourm.news\/#website\",\"url\":\"https:\/\/stourm.news\/\",\"name\":\"Stourm\",\"description\":\"Kazetenn Strollad Broadel Breizh\",\"publisher\":{\"@id\":\"https:\/\/stourm.news\/#organization\"},\"potentialAction\":[{\"@type\":\"SearchAction\",\"target\":{\"@type\":\"EntryPoint\",\"urlTemplate\":\"https:\/\/stourm.news\/?s={search_term_string}\"},\"query-input\":{\"@type\":\"PropertyValueSpecification\",\"valueRequired\":true,\"valueName\":\"search_term_string\"}}],\"inLanguage\":\"fr-FR\"},{\"@type\":\"Organization\",\"@id\":\"https:\/\/stourm.news\/#organization\",\"name\":\"Stourm\",\"url\":\"https:\/\/stourm.news\/\",\"logo\":{\"@type\":\"ImageObject\",\"inLanguage\":\"fr-FR\",\"@id\":\"https:\/\/stourm.news\/#\/schema\/logo\/image\/\",\"url\":\"https:\/\/stourm.news\/wp-content\/uploads\/2025\/11\/cropped-Capture-decran-2025-11-28-a-15.19.07.png\",\"contentUrl\":\"https:\/\/stourm.news\/wp-content\/uploads\/2025\/11\/cropped-Capture-decran-2025-11-28-a-15.19.07.png\",\"width\":1855,\"height\":383,\"caption\":\"Stourm\"},\"image\":{\"@id\":\"https:\/\/stourm.news\/#\/schema\/logo\/image\/\"},\"sameAs\":[\"https:\/\/www.facebook.com\/stourmnews\/\"]},{\"@type\":\"Person\",\"@id\":\"https:\/\/stourm.news\/#\/schema\/person\/c3e1dc65988632e190969234ef046cf9\",\"name\":\"La r\u00e9daction\",\"image\":{\"@type\":\"ImageObject\",\"inLanguage\":\"fr-FR\",\"@id\":\"https:\/\/stourm.news\/#\/schema\/person\/image\/\",\"url\":\"https:\/\/secure.gravatar.com\/avatar\/7463443f194b6b5fb706b074ca0ef59a0cfcfd720cb47764b0ec5a952ce422b3?s=96&d=mm&r=g\",\"contentUrl\":\"https:\/\/secure.gravatar.com\/avatar\/7463443f194b6b5fb706b074ca0ef59a0cfcfd720cb47764b0ec5a952ce422b3?s=96&d=mm&r=g\",\"caption\":\"La r\u00e9daction\"},\"sameAs\":[\"https:\/\/stourm.news\"],\"url\":\"https:\/\/stourm.news\/?author=1\"}]}<\/script>\n<!-- \/ Yoast SEO plugin. -->","yoast_head_json":{"title":"Le sionisme et l\u2019Emsav : les le\u00e7ons de deux exp\u00e9riences historiques - STOURM","robots":{"index":"index","follow":"follow","max-snippet":"max-snippet:-1","max-image-preview":"max-image-preview:large","max-video-preview":"max-video-preview:-1"},"canonical":"https:\/\/stourm.news\/?p=4933","og_locale":"fr_FR","og_type":"article","og_title":"Le sionisme et l\u2019Emsav : les le\u00e7ons de deux exp\u00e9riences historiques - STOURM","og_description":"Le 1er mars 1881, l\u2019assassinat du tsar Alexandre II d\u00e9clenche une vague de pogroms dans l\u2019Empire russe : 215 localit\u00e9s touch\u00e9es, 200 morts, 100 000 Juifs chass\u00e9s de leurs villages (source : Jewish Encyclopedia, 1906, vol. X, p. 113). Dix ans plus tard, le 13 janvier 1895, Alfred Dreyfus est d\u00e9grad\u00e9 dans la cour des [&hellip;]","og_url":"https:\/\/stourm.news\/?p=4933","og_site_name":"STOURM","article_publisher":"https:\/\/www.facebook.com\/stourmnews\/","article_published_time":"2025-10-31T07:41:19+00:00","article_modified_time":"2025-10-31T07:53:06+00:00","og_image":[{"width":2560,"height":1472,"url":"https:\/\/stourm.news\/wp-content\/uploads\/2025\/10\/BeFunky-collage-scaled.jpg","type":"image\/jpeg"}],"author":"La r\u00e9daction","twitter_card":"summary_large_image","twitter_misc":{"\u00c9crit par":"La r\u00e9daction","Dur\u00e9e de lecture estim\u00e9e":"26 minutes"},"schema":{"@context":"https:\/\/schema.org","@graph":[{"@type":"Article","@id":"https:\/\/stourm.news\/?p=4933#article","isPartOf":{"@id":"https:\/\/stourm.news\/?p=4933"},"author":{"name":"La r\u00e9daction","@id":"https:\/\/stourm.news\/#\/schema\/person\/c3e1dc65988632e190969234ef046cf9"},"headline":"Le sionisme et l\u2019Emsav : les le\u00e7ons de deux exp\u00e9riences historiques","datePublished":"2025-10-31T07:41:19+00:00","dateModified":"2025-10-31T07:53:06+00:00","mainEntityOfPage":{"@id":"https:\/\/stourm.news\/?p=4933"},"wordCount":4991,"commentCount":0,"publisher":{"@id":"https:\/\/stourm.news\/#organization"},"image":{"@id":"https:\/\/stourm.news\/?p=4933#primaryimage"},"thumbnailUrl":"https:\/\/stourm.news\/wp-content\/uploads\/2025\/10\/BeFunky-collage-scaled.jpg","articleSection":["Breizh","Editorial","Emsav","Principale"],"inLanguage":"fr-FR","potentialAction":[{"@type":"CommentAction","name":"Comment","target":["https:\/\/stourm.news\/?p=4933#respond"]}]},{"@type":"WebPage","@id":"https:\/\/stourm.news\/?p=4933","url":"https:\/\/stourm.news\/?p=4933","name":"Le sionisme et l\u2019Emsav : les le\u00e7ons de deux exp\u00e9riences historiques - STOURM","isPartOf":{"@id":"https:\/\/stourm.news\/#website"},"primaryImageOfPage":{"@id":"https:\/\/stourm.news\/?p=4933#primaryimage"},"image":{"@id":"https:\/\/stourm.news\/?p=4933#primaryimage"},"thumbnailUrl":"https:\/\/stourm.news\/wp-content\/uploads\/2025\/10\/BeFunky-collage-scaled.jpg","datePublished":"2025-10-31T07:41:19+00:00","dateModified":"2025-10-31T07:53:06+00:00","breadcrumb":{"@id":"https:\/\/stourm.news\/?p=4933#breadcrumb"},"inLanguage":"fr-FR","potentialAction":[{"@type":"ReadAction","target":["https:\/\/stourm.news\/?p=4933"]}]},{"@type":"ImageObject","inLanguage":"fr-FR","@id":"https:\/\/stourm.news\/?p=4933#primaryimage","url":"https:\/\/stourm.news\/wp-content\/uploads\/2025\/10\/BeFunky-collage-scaled.jpg","contentUrl":"https:\/\/stourm.news\/wp-content\/uploads\/2025\/10\/BeFunky-collage-scaled.jpg","width":2560,"height":1472},{"@type":"BreadcrumbList","@id":"https:\/\/stourm.news\/?p=4933#breadcrumb","itemListElement":[{"@type":"ListItem","position":1,"name":"Accueil","item":"https:\/\/stourm.news\/"},{"@type":"ListItem","position":2,"name":"Le sionisme et l\u2019Emsav : les le\u00e7ons de deux exp\u00e9riences historiques"}]},{"@type":"WebSite","@id":"https:\/\/stourm.news\/#website","url":"https:\/\/stourm.news\/","name":"Stourm","description":"Kazetenn Strollad Broadel Breizh","publisher":{"@id":"https:\/\/stourm.news\/#organization"},"potentialAction":[{"@type":"SearchAction","target":{"@type":"EntryPoint","urlTemplate":"https:\/\/stourm.news\/?s={search_term_string}"},"query-input":{"@type":"PropertyValueSpecification","valueRequired":true,"valueName":"search_term_string"}}],"inLanguage":"fr-FR"},{"@type":"Organization","@id":"https:\/\/stourm.news\/#organization","name":"Stourm","url":"https:\/\/stourm.news\/","logo":{"@type":"ImageObject","inLanguage":"fr-FR","@id":"https:\/\/stourm.news\/#\/schema\/logo\/image\/","url":"https:\/\/stourm.news\/wp-content\/uploads\/2025\/11\/cropped-Capture-decran-2025-11-28-a-15.19.07.png","contentUrl":"https:\/\/stourm.news\/wp-content\/uploads\/2025\/11\/cropped-Capture-decran-2025-11-28-a-15.19.07.png","width":1855,"height":383,"caption":"Stourm"},"image":{"@id":"https:\/\/stourm.news\/#\/schema\/logo\/image\/"},"sameAs":["https:\/\/www.facebook.com\/stourmnews\/"]},{"@type":"Person","@id":"https:\/\/stourm.news\/#\/schema\/person\/c3e1dc65988632e190969234ef046cf9","name":"La r\u00e9daction","image":{"@type":"ImageObject","inLanguage":"fr-FR","@id":"https:\/\/stourm.news\/#\/schema\/person\/image\/","url":"https:\/\/secure.gravatar.com\/avatar\/7463443f194b6b5fb706b074ca0ef59a0cfcfd720cb47764b0ec5a952ce422b3?s=96&d=mm&r=g","contentUrl":"https:\/\/secure.gravatar.com\/avatar\/7463443f194b6b5fb706b074ca0ef59a0cfcfd720cb47764b0ec5a952ce422b3?s=96&d=mm&r=g","caption":"La r\u00e9daction"},"sameAs":["https:\/\/stourm.news"],"url":"https:\/\/stourm.news\/?author=1"}]}},"_links":{"self":[{"href":"https:\/\/stourm.news\/index.php?rest_route=\/wp\/v2\/posts\/4933","targetHints":{"allow":["GET"]}}],"collection":[{"href":"https:\/\/stourm.news\/index.php?rest_route=\/wp\/v2\/posts"}],"about":[{"href":"https:\/\/stourm.news\/index.php?rest_route=\/wp\/v2\/types\/post"}],"author":[{"embeddable":true,"href":"https:\/\/stourm.news\/index.php?rest_route=\/wp\/v2\/users\/1"}],"replies":[{"embeddable":true,"href":"https:\/\/stourm.news\/index.php?rest_route=%2Fwp%2Fv2%2Fcomments&post=4933"}],"version-history":[{"count":3,"href":"https:\/\/stourm.news\/index.php?rest_route=\/wp\/v2\/posts\/4933\/revisions"}],"predecessor-version":[{"id":4938,"href":"https:\/\/stourm.news\/index.php?rest_route=\/wp\/v2\/posts\/4933\/revisions\/4938"}],"wp:featuredmedia":[{"embeddable":true,"href":"https:\/\/stourm.news\/index.php?rest_route=\/wp\/v2\/media\/4934"}],"wp:attachment":[{"href":"https:\/\/stourm.news\/index.php?rest_route=%2Fwp%2Fv2%2Fmedia&parent=4933"}],"wp:term":[{"taxonomy":"category","embeddable":true,"href":"https:\/\/stourm.news\/index.php?rest_route=%2Fwp%2Fv2%2Fcategories&post=4933"},{"taxonomy":"post_tag","embeddable":true,"href":"https:\/\/stourm.news\/index.php?rest_route=%2Fwp%2Fv2%2Ftags&post=4933"}],"curies":[{"name":"wp","href":"https:\/\/api.w.org\/{rel}","templated":true}]}}