{"id":4942,"date":"2025-11-05T18:23:41","date_gmt":"2025-11-05T18:23:41","guid":{"rendered":"https:\/\/stourm.news\/?p=4942"},"modified":"2025-11-05T18:23:41","modified_gmt":"2025-11-05T18:23:41","slug":"goulien-les-cloches-de-langelus-derangent-une-etrangere-recemment-installee-le-maire-decale-lhoraire-et-seme-la-discorde-dans-le-village","status":"publish","type":"post","link":"https:\/\/stourm.news\/?p=4942","title":{"rendered":"Goulien : les cloches de l&rsquo;Ang\u00e9lus d\u00e9rangent une \u00e9trang\u00e8re r\u00e9cemment install\u00e9e : le maire d\u00e9cale l&rsquo;horaire et s\u00e8me la discorde dans le village"},"content":{"rendered":"<p style=\"text-align: justify;\">Dans le c\u0153ur battant du Cap-Sizun, \u00e0 Goulien, ce petit village de Cornouaille de 440 \u00e2mes nich\u00e9 entre oc\u00e9an et landes, les cloches de l&rsquo;Ang\u00e9lus, ces gardiennes de notre h\u00e9ritage breton, ont \u00e9t\u00e9 rel\u00e9gu\u00e9es \u00e0 un horaire matinal tardif par d\u00e9cision municipale d&rsquo;apr\u00e8s <strong><a href=\"https:\/\/france3-regions.franceinfo.fr\/bretagne\/finistere\/les-cloches-de-l-angelus-derangent-le-maire-decale-l-horaire-et-seme-la-discorde-dans-ce-village-du-finistere-3242884.html\">France 3 Bretagne<\/a><\/strong>. Ce qui n&rsquo;\u00e9tait qu&rsquo;une plainte isol\u00e9e d&rsquo;un \u00ab\u00a0nouveau\u00a0\u00bb habitant s&rsquo;est mu\u00e9 en scandale : une p\u00e9tition rassemble d\u00e9j\u00e0 150 signatures pour restaurer l&rsquo;ordre ancestral.<\/p>\n<p style=\"text-align: justify;\"><strong>Une tradition sacr\u00e9e<\/strong><\/p>\n<p style=\"text-align: justify;\">Depuis des si\u00e8cles, l&rsquo;Ang\u00e9lus rythme la vie des Bretons : trois coups solennels \u00e0 7h, 12h et 19h, suivis d&rsquo;une vol\u00e9e joyeuse. \u00c0 Goulien, comme dans tant de communes de Cornouaille, ces cloches ne sont pas un simple bruit : elles rappellent les moissons, les mar\u00e9es et les pri\u00e8res pour les p\u00eacheurs. Historiquement ancr\u00e9es dans notre terre de saints et de saints-patrons \u2013 pensez \u00e0 Saint-Goulven, protecteur de cette \u00e9glise locale \u2013, ces cloches sont l&rsquo;\u00e9cho de notre vieille Bretagne.<\/p>\n<p style=\"text-align: justify;\">Mais voil\u00e0 : depuis dix jours, le premier appel vesp\u00e9ral sonne \u00e0 8h au lieu de 7h. D\u00e9cision unilat\u00e9rale du maire Henri Goardon, qui refuse d\u00e9sormais de s&rsquo;exprimer, \u00e9puis\u00e9 par la \u00ab\u00a0pol\u00e9mique\u00a0\u00bb. Officiellement, c&rsquo;est pour apaiser une riveraine exasp\u00e9r\u00e9e par le \u00ab\u00a0bruit amplifi\u00e9\u00a0\u00bb apr\u00e8s des travaux sur la cloche. R\u00e9sultat ? Une fracture b\u00e9ante au c\u0153ur du village, o\u00f9 le caf\u00e9 Daiquiri \u2013 ce bastion des discussions gouliennoises \u2013 bourdonne de col\u00e8res contenues.<\/p>\n<p style=\"text-align: justify;\"><strong>Les plaintes des doryphores<\/strong><\/p>\n<p style=\"text-align: justify;\">Au centre de cette temp\u00eate, une habitante install\u00e9e \u00e0 deux pas de l&rsquo;\u00e9glise Saint-Goulven. Double vitrage, boules Quies : rien n&rsquo;y fait, jure-t-elle, pour masquer les \u00ab\u00a0nuisances\u00a0\u00bb matinales. \u00ab\u00a0J&rsquo;\u00e9tais tr\u00e8s heureuse de la r\u00e9ponse rapide du maire\u00a0\u00bb, confie-t-elle, tout en admettant que \u00ab\u00a0discuter ensemble aurait \u00e9t\u00e9 mieux\u00a0\u00bb. Cette logique effarante illustre le mal breton : l&rsquo;arriv\u00e9e massive de n\u00e9o-ruraux fran\u00e7ais r\u00e9fractaires aux r\u00e9alit\u00e9s bretonnes. Ils veulent la campagne sans le coq, la mer sans les mouettes, l&rsquo;Ang\u00e9lus sans ses cloches et, \u00e0 l&rsquo;\u00e9vidence, une Bretagne sans Bretons.<\/p>\n<p style=\"text-align: justify;\">Delphine Quillivic, co-autrice de la p\u00e9tition qui afflue de signatures \u2013 y compris d&rsquo;un marin en pleine mer, via son \u00e9pouse \u2013, ne m\u00e2che pas ses mots : \u00ab\u00a0Les gens de l&rsquo;ext\u00e9rieur qui veulent vivre \u00e0 la campagne, ils doivent vivre comme nous. C&rsquo;est tout. Il faut qu&rsquo;ils s&rsquo;adaptent.\u00a0\u00bb Et d&rsquo;ajouter, avec une lucidit\u00e9 proph\u00e9tique : \u00ab\u00a0Il y a des gens qui se l\u00e8vent avec l&rsquo;Ang\u00e9lus, c&rsquo;est un rep\u00e8re. Et si on laisse faire, on va bient\u00f4t sonner l&rsquo;Ang\u00e9lus de midi \u00e0 13h parce que l&rsquo;horaire ne convient pas \u00e0 tel ou tel.\u00a0\u00bb<\/p>\n<p style=\"text-align: justify;\"><strong>Le maire, complice d&rsquo;une \u00e9rosion culturelle<\/strong><\/p>\n<p style=\"text-align: justify;\">Henri Goardon, maire de Goulien, porte une lourde responsabilit\u00e9. Sans consultation publique, sans \u00e9gard pour la voix des anciens, il a c\u00e9d\u00e9 \u00e0 une plainte individuelle, ravivant les tensions entre Bretons et arrivistes. Dans un village o\u00f9 la tradition est le ciment social, cette d\u00e9cision unilat\u00e9rale est un affront. Si certains habitants se r\u00e9jouissent du d\u00e9calage pour \u00ab\u00a0dormir plus\u00a0\u00bb, ils sont minoritaires. La majorit\u00e9 bretonne plus si silencieuse, celle des p\u00eacheurs, des agriculteurs et des familles ancr\u00e9es dans le sol cornouaillais, gronde. Une rencontre avec le maire est pr\u00e9vue pour apaiser les esprits, mais sans retour en arri\u00e8re, la discorde risque de s&rsquo;enraciner.<\/p>\n<p style=\"text-align: right;\"><strong>Budig Gourmaelon<\/strong><\/p>\n","protected":false},"excerpt":{"rendered":"<p>Dans le c\u0153ur battant du Cap-Sizun, \u00e0 Goulien, ce petit village de Cornouaille de 440 \u00e2mes nich\u00e9 entre oc\u00e9an et landes, les cloches de l&rsquo;Ang\u00e9lus, ces gardiennes de notre h\u00e9ritage breton, ont \u00e9t\u00e9 rel\u00e9gu\u00e9es \u00e0 un horaire matinal tardif par d\u00e9cision municipale d&rsquo;apr\u00e8s France 3 Bretagne. Ce qui n&rsquo;\u00e9tait qu&rsquo;une plainte isol\u00e9e d&rsquo;un \u00ab\u00a0nouveau\u00a0\u00bb habitant [&hellip;]<\/p>\n","protected":false},"author":1,"featured_media":4943,"comment_status":"open","ping_status":"open","sticky":false,"template":"","format":"standard","meta":{"sb_editor_width":"","footnotes":""},"categories":[58,65,54],"tags":[],"class_list":["post-4942","post","type-post","status-publish","format-standard","has-post-thumbnail","hentry","category-breizh","category-principale","category-societe"],"relative_dates":{"created":"6 mois ago","modified":"6 mois ago"},"yoast_head":"<!-- This site is optimized with the Yoast SEO plugin v26.3 - https:\/\/yoast.com\/wordpress\/plugins\/seo\/ -->\n<title>Goulien : les cloches de l&#039;Ang\u00e9lus d\u00e9rangent une \u00e9trang\u00e8re r\u00e9cemment install\u00e9e : le maire d\u00e9cale l&#039;horaire et s\u00e8me la discorde dans le village - STOURM<\/title>\n<meta name=\"robots\" content=\"index, follow, max-snippet:-1, max-image-preview:large, max-video-preview:-1\" \/>\n<link rel=\"canonical\" href=\"https:\/\/stourm.news\/?p=4942\" \/>\n<meta property=\"og:locale\" content=\"fr_FR\" \/>\n<meta property=\"og:type\" content=\"article\" \/>\n<meta property=\"og:title\" content=\"Goulien : les cloches de l&#039;Ang\u00e9lus d\u00e9rangent une \u00e9trang\u00e8re r\u00e9cemment install\u00e9e : le maire d\u00e9cale l&#039;horaire et s\u00e8me la discorde dans le village - STOURM\" \/>\n<meta property=\"og:description\" content=\"Dans le c\u0153ur battant du Cap-Sizun, \u00e0 Goulien, ce petit village de Cornouaille de 440 \u00e2mes nich\u00e9 entre oc\u00e9an et landes, les cloches de l&rsquo;Ang\u00e9lus, ces gardiennes de notre h\u00e9ritage breton, ont \u00e9t\u00e9 rel\u00e9gu\u00e9es \u00e0 un horaire matinal tardif par d\u00e9cision municipale d&rsquo;apr\u00e8s France 3 Bretagne. Ce qui n&rsquo;\u00e9tait qu&rsquo;une plainte isol\u00e9e d&rsquo;un \u00ab\u00a0nouveau\u00a0\u00bb habitant [&hellip;]\" \/>\n<meta property=\"og:url\" content=\"https:\/\/stourm.news\/?p=4942\" \/>\n<meta property=\"og:site_name\" content=\"STOURM\" \/>\n<meta property=\"article:publisher\" content=\"https:\/\/www.facebook.com\/stourmnews\/\" \/>\n<meta property=\"article:published_time\" content=\"2025-11-05T18:23:41+00:00\" \/>\n<meta property=\"og:image\" content=\"https:\/\/stourm.news\/wp-content\/uploads\/2025\/11\/eglise-690777d735714351844395.jpg.webp\" \/>\n\t<meta property=\"og:image:width\" content=\"930\" \/>\n\t<meta property=\"og:image:height\" content=\"620\" \/>\n\t<meta property=\"og:image:type\" content=\"image\/webp\" \/>\n<meta name=\"author\" content=\"La r\u00e9daction\" \/>\n<meta name=\"twitter:card\" content=\"summary_large_image\" \/>\n<meta name=\"twitter:label1\" content=\"\u00c9crit par\" \/>\n\t<meta name=\"twitter:data1\" content=\"La r\u00e9daction\" \/>\n\t<meta name=\"twitter:label2\" content=\"Dur\u00e9e de lecture estim\u00e9e\" \/>\n\t<meta name=\"twitter:data2\" content=\"3 minutes\" \/>\n<script type=\"application\/ld+json\" class=\"yoast-schema-graph\">{\"@context\":\"https:\/\/schema.org\",\"@graph\":[{\"@type\":\"Article\",\"@id\":\"https:\/\/stourm.news\/?p=4942#article\",\"isPartOf\":{\"@id\":\"https:\/\/stourm.news\/?p=4942\"},\"author\":{\"name\":\"La r\u00e9daction\",\"@id\":\"https:\/\/stourm.news\/#\/schema\/person\/c3e1dc65988632e190969234ef046cf9\"},\"headline\":\"Goulien : les cloches de l&rsquo;Ang\u00e9lus d\u00e9rangent une \u00e9trang\u00e8re r\u00e9cemment install\u00e9e : le maire d\u00e9cale l&rsquo;horaire et s\u00e8me la discorde dans le village\",\"datePublished\":\"2025-11-05T18:23:41+00:00\",\"mainEntityOfPage\":{\"@id\":\"https:\/\/stourm.news\/?p=4942\"},\"wordCount\":611,\"commentCount\":0,\"publisher\":{\"@id\":\"https:\/\/stourm.news\/#organization\"},\"image\":{\"@id\":\"https:\/\/stourm.news\/?p=4942#primaryimage\"},\"thumbnailUrl\":\"https:\/\/stourm.news\/wp-content\/uploads\/2025\/11\/eglise-690777d735714351844395.jpg.webp\",\"articleSection\":[\"Breizh\",\"Principale\",\"Soci\u00e9t\u00e9\"],\"inLanguage\":\"fr-FR\",\"potentialAction\":[{\"@type\":\"CommentAction\",\"name\":\"Comment\",\"target\":[\"https:\/\/stourm.news\/?p=4942#respond\"]}]},{\"@type\":\"WebPage\",\"@id\":\"https:\/\/stourm.news\/?p=4942\",\"url\":\"https:\/\/stourm.news\/?p=4942\",\"name\":\"Goulien : les cloches de l'Ang\u00e9lus d\u00e9rangent une \u00e9trang\u00e8re r\u00e9cemment install\u00e9e : le maire d\u00e9cale l'horaire et s\u00e8me la discorde dans le village - STOURM\",\"isPartOf\":{\"@id\":\"https:\/\/stourm.news\/#website\"},\"primaryImageOfPage\":{\"@id\":\"https:\/\/stourm.news\/?p=4942#primaryimage\"},\"image\":{\"@id\":\"https:\/\/stourm.news\/?p=4942#primaryimage\"},\"thumbnailUrl\":\"https:\/\/stourm.news\/wp-content\/uploads\/2025\/11\/eglise-690777d735714351844395.jpg.webp\",\"datePublished\":\"2025-11-05T18:23:41+00:00\",\"breadcrumb\":{\"@id\":\"https:\/\/stourm.news\/?p=4942#breadcrumb\"},\"inLanguage\":\"fr-FR\",\"potentialAction\":[{\"@type\":\"ReadAction\",\"target\":[\"https:\/\/stourm.news\/?p=4942\"]}]},{\"@type\":\"ImageObject\",\"inLanguage\":\"fr-FR\",\"@id\":\"https:\/\/stourm.news\/?p=4942#primaryimage\",\"url\":\"https:\/\/stourm.news\/wp-content\/uploads\/2025\/11\/eglise-690777d735714351844395.jpg.webp\",\"contentUrl\":\"https:\/\/stourm.news\/wp-content\/uploads\/2025\/11\/eglise-690777d735714351844395.jpg.webp\",\"width\":930,\"height\":620},{\"@type\":\"BreadcrumbList\",\"@id\":\"https:\/\/stourm.news\/?p=4942#breadcrumb\",\"itemListElement\":[{\"@type\":\"ListItem\",\"position\":1,\"name\":\"Accueil\",\"item\":\"https:\/\/stourm.news\/\"},{\"@type\":\"ListItem\",\"position\":2,\"name\":\"Goulien : les cloches de l&rsquo;Ang\u00e9lus d\u00e9rangent une \u00e9trang\u00e8re r\u00e9cemment install\u00e9e : le maire d\u00e9cale l&rsquo;horaire et s\u00e8me la discorde dans le village\"}]},{\"@type\":\"WebSite\",\"@id\":\"https:\/\/stourm.news\/#website\",\"url\":\"https:\/\/stourm.news\/\",\"name\":\"Stourm\",\"description\":\"Kazetenn Strollad Broadel Breizh\",\"publisher\":{\"@id\":\"https:\/\/stourm.news\/#organization\"},\"potentialAction\":[{\"@type\":\"SearchAction\",\"target\":{\"@type\":\"EntryPoint\",\"urlTemplate\":\"https:\/\/stourm.news\/?s={search_term_string}\"},\"query-input\":{\"@type\":\"PropertyValueSpecification\",\"valueRequired\":true,\"valueName\":\"search_term_string\"}}],\"inLanguage\":\"fr-FR\"},{\"@type\":\"Organization\",\"@id\":\"https:\/\/stourm.news\/#organization\",\"name\":\"Stourm\",\"url\":\"https:\/\/stourm.news\/\",\"logo\":{\"@type\":\"ImageObject\",\"inLanguage\":\"fr-FR\",\"@id\":\"https:\/\/stourm.news\/#\/schema\/logo\/image\/\",\"url\":\"https:\/\/stourm.news\/wp-content\/uploads\/2025\/11\/cropped-Capture-decran-2025-11-28-a-15.19.07.png\",\"contentUrl\":\"https:\/\/stourm.news\/wp-content\/uploads\/2025\/11\/cropped-Capture-decran-2025-11-28-a-15.19.07.png\",\"width\":1855,\"height\":383,\"caption\":\"Stourm\"},\"image\":{\"@id\":\"https:\/\/stourm.news\/#\/schema\/logo\/image\/\"},\"sameAs\":[\"https:\/\/www.facebook.com\/stourmnews\/\"]},{\"@type\":\"Person\",\"@id\":\"https:\/\/stourm.news\/#\/schema\/person\/c3e1dc65988632e190969234ef046cf9\",\"name\":\"La r\u00e9daction\",\"image\":{\"@type\":\"ImageObject\",\"inLanguage\":\"fr-FR\",\"@id\":\"https:\/\/stourm.news\/#\/schema\/person\/image\/\",\"url\":\"https:\/\/secure.gravatar.com\/avatar\/7463443f194b6b5fb706b074ca0ef59a0cfcfd720cb47764b0ec5a952ce422b3?s=96&d=mm&r=g\",\"contentUrl\":\"https:\/\/secure.gravatar.com\/avatar\/7463443f194b6b5fb706b074ca0ef59a0cfcfd720cb47764b0ec5a952ce422b3?s=96&d=mm&r=g\",\"caption\":\"La r\u00e9daction\"},\"sameAs\":[\"https:\/\/stourm.news\"],\"url\":\"https:\/\/stourm.news\/?author=1\"}]}<\/script>\n<!-- \/ Yoast SEO plugin. -->","yoast_head_json":{"title":"Goulien : les cloches de l'Ang\u00e9lus d\u00e9rangent une \u00e9trang\u00e8re r\u00e9cemment install\u00e9e : le maire d\u00e9cale l'horaire et s\u00e8me la discorde dans le village - STOURM","robots":{"index":"index","follow":"follow","max-snippet":"max-snippet:-1","max-image-preview":"max-image-preview:large","max-video-preview":"max-video-preview:-1"},"canonical":"https:\/\/stourm.news\/?p=4942","og_locale":"fr_FR","og_type":"article","og_title":"Goulien : les cloches de l'Ang\u00e9lus d\u00e9rangent une \u00e9trang\u00e8re r\u00e9cemment install\u00e9e : le maire d\u00e9cale l'horaire et s\u00e8me la discorde dans le village - STOURM","og_description":"Dans le c\u0153ur battant du Cap-Sizun, \u00e0 Goulien, ce petit village de Cornouaille de 440 \u00e2mes nich\u00e9 entre oc\u00e9an et landes, les cloches de l&rsquo;Ang\u00e9lus, ces gardiennes de notre h\u00e9ritage breton, ont \u00e9t\u00e9 rel\u00e9gu\u00e9es \u00e0 un horaire matinal tardif par d\u00e9cision municipale d&rsquo;apr\u00e8s France 3 Bretagne. Ce qui n&rsquo;\u00e9tait qu&rsquo;une plainte isol\u00e9e d&rsquo;un \u00ab\u00a0nouveau\u00a0\u00bb habitant [&hellip;]","og_url":"https:\/\/stourm.news\/?p=4942","og_site_name":"STOURM","article_publisher":"https:\/\/www.facebook.com\/stourmnews\/","article_published_time":"2025-11-05T18:23:41+00:00","og_image":[{"width":930,"height":620,"url":"https:\/\/stourm.news\/wp-content\/uploads\/2025\/11\/eglise-690777d735714351844395.jpg.webp","type":"image\/webp"}],"author":"La r\u00e9daction","twitter_card":"summary_large_image","twitter_misc":{"\u00c9crit par":"La r\u00e9daction","Dur\u00e9e de lecture estim\u00e9e":"3 minutes"},"schema":{"@context":"https:\/\/schema.org","@graph":[{"@type":"Article","@id":"https:\/\/stourm.news\/?p=4942#article","isPartOf":{"@id":"https:\/\/stourm.news\/?p=4942"},"author":{"name":"La r\u00e9daction","@id":"https:\/\/stourm.news\/#\/schema\/person\/c3e1dc65988632e190969234ef046cf9"},"headline":"Goulien : les cloches de l&rsquo;Ang\u00e9lus d\u00e9rangent une \u00e9trang\u00e8re r\u00e9cemment install\u00e9e : le maire d\u00e9cale l&rsquo;horaire et s\u00e8me la discorde dans le village","datePublished":"2025-11-05T18:23:41+00:00","mainEntityOfPage":{"@id":"https:\/\/stourm.news\/?p=4942"},"wordCount":611,"commentCount":0,"publisher":{"@id":"https:\/\/stourm.news\/#organization"},"image":{"@id":"https:\/\/stourm.news\/?p=4942#primaryimage"},"thumbnailUrl":"https:\/\/stourm.news\/wp-content\/uploads\/2025\/11\/eglise-690777d735714351844395.jpg.webp","articleSection":["Breizh","Principale","Soci\u00e9t\u00e9"],"inLanguage":"fr-FR","potentialAction":[{"@type":"CommentAction","name":"Comment","target":["https:\/\/stourm.news\/?p=4942#respond"]}]},{"@type":"WebPage","@id":"https:\/\/stourm.news\/?p=4942","url":"https:\/\/stourm.news\/?p=4942","name":"Goulien : les cloches de l'Ang\u00e9lus d\u00e9rangent une \u00e9trang\u00e8re r\u00e9cemment install\u00e9e : le maire d\u00e9cale l'horaire et s\u00e8me la discorde dans le village - STOURM","isPartOf":{"@id":"https:\/\/stourm.news\/#website"},"primaryImageOfPage":{"@id":"https:\/\/stourm.news\/?p=4942#primaryimage"},"image":{"@id":"https:\/\/stourm.news\/?p=4942#primaryimage"},"thumbnailUrl":"https:\/\/stourm.news\/wp-content\/uploads\/2025\/11\/eglise-690777d735714351844395.jpg.webp","datePublished":"2025-11-05T18:23:41+00:00","breadcrumb":{"@id":"https:\/\/stourm.news\/?p=4942#breadcrumb"},"inLanguage":"fr-FR","potentialAction":[{"@type":"ReadAction","target":["https:\/\/stourm.news\/?p=4942"]}]},{"@type":"ImageObject","inLanguage":"fr-FR","@id":"https:\/\/stourm.news\/?p=4942#primaryimage","url":"https:\/\/stourm.news\/wp-content\/uploads\/2025\/11\/eglise-690777d735714351844395.jpg.webp","contentUrl":"https:\/\/stourm.news\/wp-content\/uploads\/2025\/11\/eglise-690777d735714351844395.jpg.webp","width":930,"height":620},{"@type":"BreadcrumbList","@id":"https:\/\/stourm.news\/?p=4942#breadcrumb","itemListElement":[{"@type":"ListItem","position":1,"name":"Accueil","item":"https:\/\/stourm.news\/"},{"@type":"ListItem","position":2,"name":"Goulien : les cloches de l&rsquo;Ang\u00e9lus d\u00e9rangent une \u00e9trang\u00e8re r\u00e9cemment install\u00e9e : le maire d\u00e9cale l&rsquo;horaire et s\u00e8me la discorde dans le village"}]},{"@type":"WebSite","@id":"https:\/\/stourm.news\/#website","url":"https:\/\/stourm.news\/","name":"Stourm","description":"Kazetenn Strollad Broadel Breizh","publisher":{"@id":"https:\/\/stourm.news\/#organization"},"potentialAction":[{"@type":"SearchAction","target":{"@type":"EntryPoint","urlTemplate":"https:\/\/stourm.news\/?s={search_term_string}"},"query-input":{"@type":"PropertyValueSpecification","valueRequired":true,"valueName":"search_term_string"}}],"inLanguage":"fr-FR"},{"@type":"Organization","@id":"https:\/\/stourm.news\/#organization","name":"Stourm","url":"https:\/\/stourm.news\/","logo":{"@type":"ImageObject","inLanguage":"fr-FR","@id":"https:\/\/stourm.news\/#\/schema\/logo\/image\/","url":"https:\/\/stourm.news\/wp-content\/uploads\/2025\/11\/cropped-Capture-decran-2025-11-28-a-15.19.07.png","contentUrl":"https:\/\/stourm.news\/wp-content\/uploads\/2025\/11\/cropped-Capture-decran-2025-11-28-a-15.19.07.png","width":1855,"height":383,"caption":"Stourm"},"image":{"@id":"https:\/\/stourm.news\/#\/schema\/logo\/image\/"},"sameAs":["https:\/\/www.facebook.com\/stourmnews\/"]},{"@type":"Person","@id":"https:\/\/stourm.news\/#\/schema\/person\/c3e1dc65988632e190969234ef046cf9","name":"La r\u00e9daction","image":{"@type":"ImageObject","inLanguage":"fr-FR","@id":"https:\/\/stourm.news\/#\/schema\/person\/image\/","url":"https:\/\/secure.gravatar.com\/avatar\/7463443f194b6b5fb706b074ca0ef59a0cfcfd720cb47764b0ec5a952ce422b3?s=96&d=mm&r=g","contentUrl":"https:\/\/secure.gravatar.com\/avatar\/7463443f194b6b5fb706b074ca0ef59a0cfcfd720cb47764b0ec5a952ce422b3?s=96&d=mm&r=g","caption":"La r\u00e9daction"},"sameAs":["https:\/\/stourm.news"],"url":"https:\/\/stourm.news\/?author=1"}]}},"_links":{"self":[{"href":"https:\/\/stourm.news\/index.php?rest_route=\/wp\/v2\/posts\/4942","targetHints":{"allow":["GET"]}}],"collection":[{"href":"https:\/\/stourm.news\/index.php?rest_route=\/wp\/v2\/posts"}],"about":[{"href":"https:\/\/stourm.news\/index.php?rest_route=\/wp\/v2\/types\/post"}],"author":[{"embeddable":true,"href":"https:\/\/stourm.news\/index.php?rest_route=\/wp\/v2\/users\/1"}],"replies":[{"embeddable":true,"href":"https:\/\/stourm.news\/index.php?rest_route=%2Fwp%2Fv2%2Fcomments&post=4942"}],"version-history":[{"count":1,"href":"https:\/\/stourm.news\/index.php?rest_route=\/wp\/v2\/posts\/4942\/revisions"}],"predecessor-version":[{"id":4944,"href":"https:\/\/stourm.news\/index.php?rest_route=\/wp\/v2\/posts\/4942\/revisions\/4944"}],"wp:featuredmedia":[{"embeddable":true,"href":"https:\/\/stourm.news\/index.php?rest_route=\/wp\/v2\/media\/4943"}],"wp:attachment":[{"href":"https:\/\/stourm.news\/index.php?rest_route=%2Fwp%2Fv2%2Fmedia&parent=4942"}],"wp:term":[{"taxonomy":"category","embeddable":true,"href":"https:\/\/stourm.news\/index.php?rest_route=%2Fwp%2Fv2%2Fcategories&post=4942"},{"taxonomy":"post_tag","embeddable":true,"href":"https:\/\/stourm.news\/index.php?rest_route=%2Fwp%2Fv2%2Ftags&post=4942"}],"curies":[{"name":"wp","href":"https:\/\/api.w.org\/{rel}","templated":true}]}}