{"id":4951,"date":"2025-11-06T09:07:15","date_gmt":"2025-11-06T09:07:15","guid":{"rendered":"https:\/\/stourm.news\/?p=4951"},"modified":"2025-11-06T09:07:15","modified_gmt":"2025-11-06T09:07:15","slug":"militantisme-pro-immigration-a-kemper-quimper-nous-avons-accueilli-des-familles-de-39-pays-differents","status":"publish","type":"post","link":"https:\/\/stourm.news\/?p=4951","title":{"rendered":"Militantisme pro-immigration \u00e0 Kemper (Quimper) : \u00ab\u00a0Nous avons accueilli des familles de 39 pays diff\u00e9rents\u00a0\u00bb"},"content":{"rendered":"<p style=\"text-align: justify;\">L\u2019association Droit d\u2018asile Quimper Cornouaille organise samedi 8 novembre \u00e0 partir de 19 h une soir\u00e9e festive au centre social des Abeilles, dans le quartier de la Terre Noire \u00e0 Penhars. Un appel \u00e0 la solidarit\u00e9 en m\u00eame temps qu\u2019un moment festif partag\u00e9. \u00ab Au fil de nos permanences, nous avons accueilli 131 personnes ou familles originaires de 39 pays diff\u00e9rents. Nous observons un accroissement du nombre de personnes accueillies en g\u00e9n\u00e9ral, en particulier d\u2018origine africaine \u00bb, relate Jean-Pierre Bigorgne, l\u2019un des responsables de l\u2019association. \u00ab Mais nous accueillons \u00e9galement des personnes dont l\u2019origine est assez nouvelle \u00e0 Quimper <strong>de Chine (Tibet), Mongolie, des USA, de Russie et Bi\u00e9lorussie, d\u2019Ukraine comme de pays du continent sud-am\u00e9ricain<\/strong>. Le nombre de b\u00e9n\u00e9voles participant \u00e0 la permanence est lui aussi fort heureusement en augmentation \u00bb. L\u2019association pr\u00e9pare repas compos\u00e9 d\u2019un cari coco poulet ou cari coco l\u00e9gumes, suivi d\u2019une For\u00eat noire ou far breton. Les Doigts toniques et DZ Eire assureront l\u2019animation musicale.<\/p>\n<p style=\"text-align: justify;\">Source : Le T\u00e9l\u00e9gramme<\/p>\n","protected":false},"excerpt":{"rendered":"<p>L\u2019association Droit d\u2018asile Quimper Cornouaille organise samedi 8 novembre \u00e0 partir de 19 h une soir\u00e9e festive au centre social des Abeilles, dans le quartier de la Terre Noire \u00e0 Penhars. Un appel \u00e0 la solidarit\u00e9 en m\u00eame temps qu\u2019un moment festif partag\u00e9. \u00ab Au fil de nos permanences, nous avons accueilli 131 personnes ou [&hellip;]<\/p>\n","protected":false},"author":1,"featured_media":4952,"comment_status":"open","ping_status":"open","sticky":false,"template":"","format":"standard","meta":{"sb_editor_width":"","footnotes":""},"categories":[36,38,33,62],"tags":[],"class_list":["post-4951","post","type-post","status-publish","format-standard","has-post-thumbnail","hentry","category-extreme-gauche","category-finistere","category-immigration","category-revue-de-presse"],"relative_dates":{"created":"6 mois ago","modified":"6 mois ago"},"yoast_head":"<!-- This site is optimized with the Yoast SEO plugin v26.3 - https:\/\/yoast.com\/wordpress\/plugins\/seo\/ -->\n<title>Militantisme pro-immigration \u00e0 Kemper (Quimper) : &quot;Nous avons accueilli des familles de 39 pays diff\u00e9rents&quot; - STOURM<\/title>\n<meta name=\"robots\" content=\"index, follow, max-snippet:-1, max-image-preview:large, max-video-preview:-1\" \/>\n<link rel=\"canonical\" href=\"https:\/\/stourm.news\/?p=4951\" \/>\n<meta property=\"og:locale\" content=\"fr_FR\" \/>\n<meta property=\"og:type\" content=\"article\" \/>\n<meta property=\"og:title\" content=\"Militantisme pro-immigration \u00e0 Kemper (Quimper) : &quot;Nous avons accueilli des familles de 39 pays diff\u00e9rents&quot; - STOURM\" \/>\n<meta property=\"og:description\" content=\"L\u2019association Droit d\u2018asile Quimper Cornouaille organise samedi 8 novembre \u00e0 partir de 19 h une soir\u00e9e festive au centre social des Abeilles, dans le quartier de la Terre Noire \u00e0 Penhars. Un appel \u00e0 la solidarit\u00e9 en m\u00eame temps qu\u2019un moment festif partag\u00e9. \u00ab Au fil de nos permanences, nous avons accueilli 131 personnes ou [&hellip;]\" \/>\n<meta property=\"og:url\" content=\"https:\/\/stourm.news\/?p=4951\" \/>\n<meta property=\"og:site_name\" content=\"STOURM\" \/>\n<meta property=\"article:publisher\" content=\"https:\/\/www.facebook.com\/stourmnews\/\" \/>\n<meta property=\"article:published_time\" content=\"2025-11-06T09:07:15+00:00\" \/>\n<meta property=\"og:image\" content=\"https:\/\/stourm.news\/wp-content\/uploads\/2025\/11\/Capture-decran-2025-11-06-a-18.05.07.png\" \/>\n\t<meta property=\"og:image:width\" content=\"1348\" \/>\n\t<meta property=\"og:image:height\" content=\"836\" \/>\n\t<meta property=\"og:image:type\" content=\"image\/png\" \/>\n<meta name=\"author\" content=\"La r\u00e9daction\" \/>\n<meta name=\"twitter:card\" content=\"summary_large_image\" \/>\n<meta name=\"twitter:label1\" content=\"\u00c9crit par\" \/>\n\t<meta name=\"twitter:data1\" content=\"La r\u00e9daction\" \/>\n\t<meta name=\"twitter:label2\" content=\"Dur\u00e9e de lecture estim\u00e9e\" \/>\n\t<meta name=\"twitter:data2\" content=\"1 minute\" \/>\n<script type=\"application\/ld+json\" class=\"yoast-schema-graph\">{\"@context\":\"https:\/\/schema.org\",\"@graph\":[{\"@type\":\"Article\",\"@id\":\"https:\/\/stourm.news\/?p=4951#article\",\"isPartOf\":{\"@id\":\"https:\/\/stourm.news\/?p=4951\"},\"author\":{\"name\":\"La r\u00e9daction\",\"@id\":\"https:\/\/stourm.news\/#\/schema\/person\/c3e1dc65988632e190969234ef046cf9\"},\"headline\":\"Militantisme pro-immigration \u00e0 Kemper (Quimper) : \u00ab\u00a0Nous avons accueilli des familles de 39 pays diff\u00e9rents\u00a0\u00bb\",\"datePublished\":\"2025-11-06T09:07:15+00:00\",\"mainEntityOfPage\":{\"@id\":\"https:\/\/stourm.news\/?p=4951\"},\"wordCount\":189,\"commentCount\":0,\"publisher\":{\"@id\":\"https:\/\/stourm.news\/#organization\"},\"image\":{\"@id\":\"https:\/\/stourm.news\/?p=4951#primaryimage\"},\"thumbnailUrl\":\"https:\/\/stourm.news\/wp-content\/uploads\/2025\/11\/Capture-decran-2025-11-06-a-18.05.07.png\",\"articleSection\":[\"Extr\u00eame-gauche\",\"Finist\u00e8re\",\"Immigration\",\"Revue de presse\"],\"inLanguage\":\"fr-FR\",\"potentialAction\":[{\"@type\":\"CommentAction\",\"name\":\"Comment\",\"target\":[\"https:\/\/stourm.news\/?p=4951#respond\"]}]},{\"@type\":\"WebPage\",\"@id\":\"https:\/\/stourm.news\/?p=4951\",\"url\":\"https:\/\/stourm.news\/?p=4951\",\"name\":\"Militantisme pro-immigration \u00e0 Kemper (Quimper) : \\\"Nous avons accueilli des familles de 39 pays diff\u00e9rents\\\" - STOURM\",\"isPartOf\":{\"@id\":\"https:\/\/stourm.news\/#website\"},\"primaryImageOfPage\":{\"@id\":\"https:\/\/stourm.news\/?p=4951#primaryimage\"},\"image\":{\"@id\":\"https:\/\/stourm.news\/?p=4951#primaryimage\"},\"thumbnailUrl\":\"https:\/\/stourm.news\/wp-content\/uploads\/2025\/11\/Capture-decran-2025-11-06-a-18.05.07.png\",\"datePublished\":\"2025-11-06T09:07:15+00:00\",\"breadcrumb\":{\"@id\":\"https:\/\/stourm.news\/?p=4951#breadcrumb\"},\"inLanguage\":\"fr-FR\",\"potentialAction\":[{\"@type\":\"ReadAction\",\"target\":[\"https:\/\/stourm.news\/?p=4951\"]}]},{\"@type\":\"ImageObject\",\"inLanguage\":\"fr-FR\",\"@id\":\"https:\/\/stourm.news\/?p=4951#primaryimage\",\"url\":\"https:\/\/stourm.news\/wp-content\/uploads\/2025\/11\/Capture-decran-2025-11-06-a-18.05.07.png\",\"contentUrl\":\"https:\/\/stourm.news\/wp-content\/uploads\/2025\/11\/Capture-decran-2025-11-06-a-18.05.07.png\",\"width\":1348,\"height\":836},{\"@type\":\"BreadcrumbList\",\"@id\":\"https:\/\/stourm.news\/?p=4951#breadcrumb\",\"itemListElement\":[{\"@type\":\"ListItem\",\"position\":1,\"name\":\"Accueil\",\"item\":\"https:\/\/stourm.news\/\"},{\"@type\":\"ListItem\",\"position\":2,\"name\":\"Militantisme pro-immigration \u00e0 Kemper (Quimper) : \u00ab\u00a0Nous avons accueilli des familles de 39 pays diff\u00e9rents\u00a0\u00bb\"}]},{\"@type\":\"WebSite\",\"@id\":\"https:\/\/stourm.news\/#website\",\"url\":\"https:\/\/stourm.news\/\",\"name\":\"Stourm\",\"description\":\"Kazetenn Strollad Broadel Breizh\",\"publisher\":{\"@id\":\"https:\/\/stourm.news\/#organization\"},\"potentialAction\":[{\"@type\":\"SearchAction\",\"target\":{\"@type\":\"EntryPoint\",\"urlTemplate\":\"https:\/\/stourm.news\/?s={search_term_string}\"},\"query-input\":{\"@type\":\"PropertyValueSpecification\",\"valueRequired\":true,\"valueName\":\"search_term_string\"}}],\"inLanguage\":\"fr-FR\"},{\"@type\":\"Organization\",\"@id\":\"https:\/\/stourm.news\/#organization\",\"name\":\"Stourm\",\"url\":\"https:\/\/stourm.news\/\",\"logo\":{\"@type\":\"ImageObject\",\"inLanguage\":\"fr-FR\",\"@id\":\"https:\/\/stourm.news\/#\/schema\/logo\/image\/\",\"url\":\"https:\/\/stourm.news\/wp-content\/uploads\/2025\/11\/cropped-Capture-decran-2025-11-28-a-15.19.07.png\",\"contentUrl\":\"https:\/\/stourm.news\/wp-content\/uploads\/2025\/11\/cropped-Capture-decran-2025-11-28-a-15.19.07.png\",\"width\":1855,\"height\":383,\"caption\":\"Stourm\"},\"image\":{\"@id\":\"https:\/\/stourm.news\/#\/schema\/logo\/image\/\"},\"sameAs\":[\"https:\/\/www.facebook.com\/stourmnews\/\"]},{\"@type\":\"Person\",\"@id\":\"https:\/\/stourm.news\/#\/schema\/person\/c3e1dc65988632e190969234ef046cf9\",\"name\":\"La r\u00e9daction\",\"image\":{\"@type\":\"ImageObject\",\"inLanguage\":\"fr-FR\",\"@id\":\"https:\/\/stourm.news\/#\/schema\/person\/image\/\",\"url\":\"https:\/\/secure.gravatar.com\/avatar\/7463443f194b6b5fb706b074ca0ef59a0cfcfd720cb47764b0ec5a952ce422b3?s=96&d=mm&r=g\",\"contentUrl\":\"https:\/\/secure.gravatar.com\/avatar\/7463443f194b6b5fb706b074ca0ef59a0cfcfd720cb47764b0ec5a952ce422b3?s=96&d=mm&r=g\",\"caption\":\"La r\u00e9daction\"},\"sameAs\":[\"https:\/\/stourm.news\"],\"url\":\"https:\/\/stourm.news\/?author=1\"}]}<\/script>\n<!-- \/ Yoast SEO plugin. -->","yoast_head_json":{"title":"Militantisme pro-immigration \u00e0 Kemper (Quimper) : \"Nous avons accueilli des familles de 39 pays diff\u00e9rents\" - STOURM","robots":{"index":"index","follow":"follow","max-snippet":"max-snippet:-1","max-image-preview":"max-image-preview:large","max-video-preview":"max-video-preview:-1"},"canonical":"https:\/\/stourm.news\/?p=4951","og_locale":"fr_FR","og_type":"article","og_title":"Militantisme pro-immigration \u00e0 Kemper (Quimper) : \"Nous avons accueilli des familles de 39 pays diff\u00e9rents\" - STOURM","og_description":"L\u2019association Droit d\u2018asile Quimper Cornouaille organise samedi 8 novembre \u00e0 partir de 19 h une soir\u00e9e festive au centre social des Abeilles, dans le quartier de la Terre Noire \u00e0 Penhars. Un appel \u00e0 la solidarit\u00e9 en m\u00eame temps qu\u2019un moment festif partag\u00e9. \u00ab Au fil de nos permanences, nous avons accueilli 131 personnes ou [&hellip;]","og_url":"https:\/\/stourm.news\/?p=4951","og_site_name":"STOURM","article_publisher":"https:\/\/www.facebook.com\/stourmnews\/","article_published_time":"2025-11-06T09:07:15+00:00","og_image":[{"width":1348,"height":836,"url":"https:\/\/stourm.news\/wp-content\/uploads\/2025\/11\/Capture-decran-2025-11-06-a-18.05.07.png","type":"image\/png"}],"author":"La r\u00e9daction","twitter_card":"summary_large_image","twitter_misc":{"\u00c9crit par":"La r\u00e9daction","Dur\u00e9e de lecture estim\u00e9e":"1 minute"},"schema":{"@context":"https:\/\/schema.org","@graph":[{"@type":"Article","@id":"https:\/\/stourm.news\/?p=4951#article","isPartOf":{"@id":"https:\/\/stourm.news\/?p=4951"},"author":{"name":"La r\u00e9daction","@id":"https:\/\/stourm.news\/#\/schema\/person\/c3e1dc65988632e190969234ef046cf9"},"headline":"Militantisme pro-immigration \u00e0 Kemper (Quimper) : \u00ab\u00a0Nous avons accueilli des familles de 39 pays diff\u00e9rents\u00a0\u00bb","datePublished":"2025-11-06T09:07:15+00:00","mainEntityOfPage":{"@id":"https:\/\/stourm.news\/?p=4951"},"wordCount":189,"commentCount":0,"publisher":{"@id":"https:\/\/stourm.news\/#organization"},"image":{"@id":"https:\/\/stourm.news\/?p=4951#primaryimage"},"thumbnailUrl":"https:\/\/stourm.news\/wp-content\/uploads\/2025\/11\/Capture-decran-2025-11-06-a-18.05.07.png","articleSection":["Extr\u00eame-gauche","Finist\u00e8re","Immigration","Revue de presse"],"inLanguage":"fr-FR","potentialAction":[{"@type":"CommentAction","name":"Comment","target":["https:\/\/stourm.news\/?p=4951#respond"]}]},{"@type":"WebPage","@id":"https:\/\/stourm.news\/?p=4951","url":"https:\/\/stourm.news\/?p=4951","name":"Militantisme pro-immigration \u00e0 Kemper (Quimper) : \"Nous avons accueilli des familles de 39 pays diff\u00e9rents\" - STOURM","isPartOf":{"@id":"https:\/\/stourm.news\/#website"},"primaryImageOfPage":{"@id":"https:\/\/stourm.news\/?p=4951#primaryimage"},"image":{"@id":"https:\/\/stourm.news\/?p=4951#primaryimage"},"thumbnailUrl":"https:\/\/stourm.news\/wp-content\/uploads\/2025\/11\/Capture-decran-2025-11-06-a-18.05.07.png","datePublished":"2025-11-06T09:07:15+00:00","breadcrumb":{"@id":"https:\/\/stourm.news\/?p=4951#breadcrumb"},"inLanguage":"fr-FR","potentialAction":[{"@type":"ReadAction","target":["https:\/\/stourm.news\/?p=4951"]}]},{"@type":"ImageObject","inLanguage":"fr-FR","@id":"https:\/\/stourm.news\/?p=4951#primaryimage","url":"https:\/\/stourm.news\/wp-content\/uploads\/2025\/11\/Capture-decran-2025-11-06-a-18.05.07.png","contentUrl":"https:\/\/stourm.news\/wp-content\/uploads\/2025\/11\/Capture-decran-2025-11-06-a-18.05.07.png","width":1348,"height":836},{"@type":"BreadcrumbList","@id":"https:\/\/stourm.news\/?p=4951#breadcrumb","itemListElement":[{"@type":"ListItem","position":1,"name":"Accueil","item":"https:\/\/stourm.news\/"},{"@type":"ListItem","position":2,"name":"Militantisme pro-immigration \u00e0 Kemper (Quimper) : \u00ab\u00a0Nous avons accueilli des familles de 39 pays diff\u00e9rents\u00a0\u00bb"}]},{"@type":"WebSite","@id":"https:\/\/stourm.news\/#website","url":"https:\/\/stourm.news\/","name":"Stourm","description":"Kazetenn Strollad Broadel Breizh","publisher":{"@id":"https:\/\/stourm.news\/#organization"},"potentialAction":[{"@type":"SearchAction","target":{"@type":"EntryPoint","urlTemplate":"https:\/\/stourm.news\/?s={search_term_string}"},"query-input":{"@type":"PropertyValueSpecification","valueRequired":true,"valueName":"search_term_string"}}],"inLanguage":"fr-FR"},{"@type":"Organization","@id":"https:\/\/stourm.news\/#organization","name":"Stourm","url":"https:\/\/stourm.news\/","logo":{"@type":"ImageObject","inLanguage":"fr-FR","@id":"https:\/\/stourm.news\/#\/schema\/logo\/image\/","url":"https:\/\/stourm.news\/wp-content\/uploads\/2025\/11\/cropped-Capture-decran-2025-11-28-a-15.19.07.png","contentUrl":"https:\/\/stourm.news\/wp-content\/uploads\/2025\/11\/cropped-Capture-decran-2025-11-28-a-15.19.07.png","width":1855,"height":383,"caption":"Stourm"},"image":{"@id":"https:\/\/stourm.news\/#\/schema\/logo\/image\/"},"sameAs":["https:\/\/www.facebook.com\/stourmnews\/"]},{"@type":"Person","@id":"https:\/\/stourm.news\/#\/schema\/person\/c3e1dc65988632e190969234ef046cf9","name":"La r\u00e9daction","image":{"@type":"ImageObject","inLanguage":"fr-FR","@id":"https:\/\/stourm.news\/#\/schema\/person\/image\/","url":"https:\/\/secure.gravatar.com\/avatar\/7463443f194b6b5fb706b074ca0ef59a0cfcfd720cb47764b0ec5a952ce422b3?s=96&d=mm&r=g","contentUrl":"https:\/\/secure.gravatar.com\/avatar\/7463443f194b6b5fb706b074ca0ef59a0cfcfd720cb47764b0ec5a952ce422b3?s=96&d=mm&r=g","caption":"La r\u00e9daction"},"sameAs":["https:\/\/stourm.news"],"url":"https:\/\/stourm.news\/?author=1"}]}},"_links":{"self":[{"href":"https:\/\/stourm.news\/index.php?rest_route=\/wp\/v2\/posts\/4951","targetHints":{"allow":["GET"]}}],"collection":[{"href":"https:\/\/stourm.news\/index.php?rest_route=\/wp\/v2\/posts"}],"about":[{"href":"https:\/\/stourm.news\/index.php?rest_route=\/wp\/v2\/types\/post"}],"author":[{"embeddable":true,"href":"https:\/\/stourm.news\/index.php?rest_route=\/wp\/v2\/users\/1"}],"replies":[{"embeddable":true,"href":"https:\/\/stourm.news\/index.php?rest_route=%2Fwp%2Fv2%2Fcomments&post=4951"}],"version-history":[{"count":1,"href":"https:\/\/stourm.news\/index.php?rest_route=\/wp\/v2\/posts\/4951\/revisions"}],"predecessor-version":[{"id":4953,"href":"https:\/\/stourm.news\/index.php?rest_route=\/wp\/v2\/posts\/4951\/revisions\/4953"}],"wp:featuredmedia":[{"embeddable":true,"href":"https:\/\/stourm.news\/index.php?rest_route=\/wp\/v2\/media\/4952"}],"wp:attachment":[{"href":"https:\/\/stourm.news\/index.php?rest_route=%2Fwp%2Fv2%2Fmedia&parent=4951"}],"wp:term":[{"taxonomy":"category","embeddable":true,"href":"https:\/\/stourm.news\/index.php?rest_route=%2Fwp%2Fv2%2Fcategories&post=4951"},{"taxonomy":"post_tag","embeddable":true,"href":"https:\/\/stourm.news\/index.php?rest_route=%2Fwp%2Fv2%2Ftags&post=4951"}],"curies":[{"name":"wp","href":"https:\/\/api.w.org\/{rel}","templated":true}]}}