{"id":4954,"date":"2025-11-06T09:10:37","date_gmt":"2025-11-06T09:10:37","guid":{"rendered":"https:\/\/stourm.news\/?p=4954"},"modified":"2025-11-06T09:10:37","modified_gmt":"2025-11-06T09:10:37","slug":"ploeren-le-mois-du-film-documentaire-celebrera-les-migrants-qui-revent-dun-monde-meilleur","status":"publish","type":"post","link":"https:\/\/stourm.news\/?p=4954","title":{"rendered":"Ploeren : Le mois du film documentaire c\u00e9l\u00e8brera les \u00ab\u00a0migrants\u00a0\u00bb qui \u00ab\u00a0r\u00eavent d&rsquo;un monde meilleur\u00a0\u00bb"},"content":{"rendered":"<p style=\"text-align: justify;\">Du 1er au 30 novembre prochain, c\u2019est la 26e \u00e9dition du Mois du film documentaire en France et dans le monde. Pour l\u2019occasion, le vendredi 7 novembre, \u00e0 partir de 20 h 30, dans la salle polyvalente du Triskell, sera projet\u00e9 \u00ab Try \u00bb de Philippe Lucas en pr\u00e9sence d\u2019un des membres de l\u2019\u00e9quipe du film. Ce documentaire de 52 minutes du c\u00f4t\u00e9 de Grande-Synthe, pr\u00e8s de Dunkerque, retracera le parcours <strong>de b\u00e9n\u00e9voles qui secourent des migrants<\/strong> tentant de rejoindre l\u2019Angleterre. Une plong\u00e9e brutale dans la r\u00e9alit\u00e9 <strong>de ces exil\u00e9s qui r\u00eavent d\u2019un monde meilleur.<\/strong><\/p>\n<p style=\"text-align: justify;\">Source : <a href=\"https:\/\/www.letelegramme.fr\/morbihan\/ploeren-56880\/le-mois-du-film-documentaire-sinvite-a-ploeren-avec-une-projection-organisee-le-7-novembre-au-triskell-6919090.php\">Le T\u00e9l\u00e9gramme<\/a><\/p>\n","protected":false},"excerpt":{"rendered":"<p>Du 1er au 30 novembre prochain, c\u2019est la 26e \u00e9dition du Mois du film documentaire en France et dans le monde. Pour l\u2019occasion, le vendredi 7 novembre, \u00e0 partir de 20 h 30, dans la salle polyvalente du Triskell, sera projet\u00e9 \u00ab Try \u00bb de Philippe Lucas en pr\u00e9sence d\u2019un des membres de l\u2019\u00e9quipe du [&hellip;]<\/p>\n","protected":false},"author":1,"featured_media":4955,"comment_status":"open","ping_status":"open","sticky":false,"template":"","format":"standard","meta":{"sb_editor_width":"","footnotes":""},"categories":[36,33,40,62],"tags":[],"class_list":["post-4954","post","type-post","status-publish","format-standard","has-post-thumbnail","hentry","category-extreme-gauche","category-immigration","category-morbihan","category-revue-de-presse"],"relative_dates":{"created":"6 mois ago","modified":"6 mois ago"},"yoast_head":"<!-- This site is optimized with the Yoast SEO plugin v26.3 - https:\/\/yoast.com\/wordpress\/plugins\/seo\/ -->\n<title>Ploeren : Le mois du film documentaire c\u00e9l\u00e8brera les &quot;migrants&quot; qui &quot;r\u00eavent d&#039;un monde meilleur&quot; - STOURM<\/title>\n<meta name=\"robots\" content=\"index, follow, max-snippet:-1, max-image-preview:large, max-video-preview:-1\" \/>\n<link rel=\"canonical\" href=\"https:\/\/stourm.news\/?p=4954\" \/>\n<meta property=\"og:locale\" content=\"fr_FR\" \/>\n<meta property=\"og:type\" content=\"article\" \/>\n<meta property=\"og:title\" content=\"Ploeren : Le mois du film documentaire c\u00e9l\u00e8brera les &quot;migrants&quot; qui &quot;r\u00eavent d&#039;un monde meilleur&quot; - STOURM\" \/>\n<meta property=\"og:description\" content=\"Du 1er au 30 novembre prochain, c\u2019est la 26e \u00e9dition du Mois du film documentaire en France et dans le monde. Pour l\u2019occasion, le vendredi 7 novembre, \u00e0 partir de 20 h 30, dans la salle polyvalente du Triskell, sera projet\u00e9 \u00ab Try \u00bb de Philippe Lucas en pr\u00e9sence d\u2019un des membres de l\u2019\u00e9quipe du [&hellip;]\" \/>\n<meta property=\"og:url\" content=\"https:\/\/stourm.news\/?p=4954\" \/>\n<meta property=\"og:site_name\" content=\"STOURM\" \/>\n<meta property=\"article:publisher\" content=\"https:\/\/www.facebook.com\/stourmnews\/\" \/>\n<meta property=\"article:published_time\" content=\"2025-11-06T09:10:37+00:00\" \/>\n<meta property=\"og:image\" content=\"https:\/\/stourm.news\/wp-content\/uploads\/2025\/11\/690359068078d8a53c04f7c2.1.webp\" \/>\n\t<meta property=\"og:image:width\" content=\"1200\" \/>\n\t<meta property=\"og:image:height\" content=\"750\" \/>\n\t<meta property=\"og:image:type\" content=\"image\/webp\" \/>\n<meta name=\"author\" content=\"La r\u00e9daction\" \/>\n<meta name=\"twitter:card\" content=\"summary_large_image\" \/>\n<meta name=\"twitter:label1\" content=\"\u00c9crit par\" \/>\n\t<meta name=\"twitter:data1\" content=\"La r\u00e9daction\" \/>\n\t<meta name=\"twitter:label2\" content=\"Dur\u00e9e de lecture estim\u00e9e\" \/>\n\t<meta name=\"twitter:data2\" content=\"1 minute\" \/>\n<script type=\"application\/ld+json\" class=\"yoast-schema-graph\">{\"@context\":\"https:\/\/schema.org\",\"@graph\":[{\"@type\":\"Article\",\"@id\":\"https:\/\/stourm.news\/?p=4954#article\",\"isPartOf\":{\"@id\":\"https:\/\/stourm.news\/?p=4954\"},\"author\":{\"name\":\"La r\u00e9daction\",\"@id\":\"https:\/\/stourm.news\/#\/schema\/person\/c3e1dc65988632e190969234ef046cf9\"},\"headline\":\"Ploeren : Le mois du film documentaire c\u00e9l\u00e8brera les \u00ab\u00a0migrants\u00a0\u00bb qui \u00ab\u00a0r\u00eavent d&rsquo;un monde meilleur\u00a0\u00bb\",\"datePublished\":\"2025-11-06T09:10:37+00:00\",\"mainEntityOfPage\":{\"@id\":\"https:\/\/stourm.news\/?p=4954\"},\"wordCount\":125,\"commentCount\":0,\"publisher\":{\"@id\":\"https:\/\/stourm.news\/#organization\"},\"image\":{\"@id\":\"https:\/\/stourm.news\/?p=4954#primaryimage\"},\"thumbnailUrl\":\"https:\/\/stourm.news\/wp-content\/uploads\/2025\/11\/690359068078d8a53c04f7c2.1.webp\",\"articleSection\":[\"Extr\u00eame-gauche\",\"Immigration\",\"Morbihan\",\"Revue de presse\"],\"inLanguage\":\"fr-FR\",\"potentialAction\":[{\"@type\":\"CommentAction\",\"name\":\"Comment\",\"target\":[\"https:\/\/stourm.news\/?p=4954#respond\"]}]},{\"@type\":\"WebPage\",\"@id\":\"https:\/\/stourm.news\/?p=4954\",\"url\":\"https:\/\/stourm.news\/?p=4954\",\"name\":\"Ploeren : Le mois du film documentaire c\u00e9l\u00e8brera les \\\"migrants\\\" qui \\\"r\u00eavent d'un monde meilleur\\\" - STOURM\",\"isPartOf\":{\"@id\":\"https:\/\/stourm.news\/#website\"},\"primaryImageOfPage\":{\"@id\":\"https:\/\/stourm.news\/?p=4954#primaryimage\"},\"image\":{\"@id\":\"https:\/\/stourm.news\/?p=4954#primaryimage\"},\"thumbnailUrl\":\"https:\/\/stourm.news\/wp-content\/uploads\/2025\/11\/690359068078d8a53c04f7c2.1.webp\",\"datePublished\":\"2025-11-06T09:10:37+00:00\",\"breadcrumb\":{\"@id\":\"https:\/\/stourm.news\/?p=4954#breadcrumb\"},\"inLanguage\":\"fr-FR\",\"potentialAction\":[{\"@type\":\"ReadAction\",\"target\":[\"https:\/\/stourm.news\/?p=4954\"]}]},{\"@type\":\"ImageObject\",\"inLanguage\":\"fr-FR\",\"@id\":\"https:\/\/stourm.news\/?p=4954#primaryimage\",\"url\":\"https:\/\/stourm.news\/wp-content\/uploads\/2025\/11\/690359068078d8a53c04f7c2.1.webp\",\"contentUrl\":\"https:\/\/stourm.news\/wp-content\/uploads\/2025\/11\/690359068078d8a53c04f7c2.1.webp\",\"width\":1200,\"height\":750},{\"@type\":\"BreadcrumbList\",\"@id\":\"https:\/\/stourm.news\/?p=4954#breadcrumb\",\"itemListElement\":[{\"@type\":\"ListItem\",\"position\":1,\"name\":\"Accueil\",\"item\":\"https:\/\/stourm.news\/\"},{\"@type\":\"ListItem\",\"position\":2,\"name\":\"Ploeren : Le mois du film documentaire c\u00e9l\u00e8brera les \u00ab\u00a0migrants\u00a0\u00bb qui \u00ab\u00a0r\u00eavent d&rsquo;un monde meilleur\u00a0\u00bb\"}]},{\"@type\":\"WebSite\",\"@id\":\"https:\/\/stourm.news\/#website\",\"url\":\"https:\/\/stourm.news\/\",\"name\":\"Stourm\",\"description\":\"Kazetenn Strollad Broadel Breizh\",\"publisher\":{\"@id\":\"https:\/\/stourm.news\/#organization\"},\"potentialAction\":[{\"@type\":\"SearchAction\",\"target\":{\"@type\":\"EntryPoint\",\"urlTemplate\":\"https:\/\/stourm.news\/?s={search_term_string}\"},\"query-input\":{\"@type\":\"PropertyValueSpecification\",\"valueRequired\":true,\"valueName\":\"search_term_string\"}}],\"inLanguage\":\"fr-FR\"},{\"@type\":\"Organization\",\"@id\":\"https:\/\/stourm.news\/#organization\",\"name\":\"Stourm\",\"url\":\"https:\/\/stourm.news\/\",\"logo\":{\"@type\":\"ImageObject\",\"inLanguage\":\"fr-FR\",\"@id\":\"https:\/\/stourm.news\/#\/schema\/logo\/image\/\",\"url\":\"https:\/\/stourm.news\/wp-content\/uploads\/2025\/11\/cropped-Capture-decran-2025-11-28-a-15.19.07.png\",\"contentUrl\":\"https:\/\/stourm.news\/wp-content\/uploads\/2025\/11\/cropped-Capture-decran-2025-11-28-a-15.19.07.png\",\"width\":1855,\"height\":383,\"caption\":\"Stourm\"},\"image\":{\"@id\":\"https:\/\/stourm.news\/#\/schema\/logo\/image\/\"},\"sameAs\":[\"https:\/\/www.facebook.com\/stourmnews\/\"]},{\"@type\":\"Person\",\"@id\":\"https:\/\/stourm.news\/#\/schema\/person\/c3e1dc65988632e190969234ef046cf9\",\"name\":\"La r\u00e9daction\",\"image\":{\"@type\":\"ImageObject\",\"inLanguage\":\"fr-FR\",\"@id\":\"https:\/\/stourm.news\/#\/schema\/person\/image\/\",\"url\":\"https:\/\/secure.gravatar.com\/avatar\/7463443f194b6b5fb706b074ca0ef59a0cfcfd720cb47764b0ec5a952ce422b3?s=96&d=mm&r=g\",\"contentUrl\":\"https:\/\/secure.gravatar.com\/avatar\/7463443f194b6b5fb706b074ca0ef59a0cfcfd720cb47764b0ec5a952ce422b3?s=96&d=mm&r=g\",\"caption\":\"La r\u00e9daction\"},\"sameAs\":[\"https:\/\/stourm.news\"],\"url\":\"https:\/\/stourm.news\/?author=1\"}]}<\/script>\n<!-- \/ Yoast SEO plugin. -->","yoast_head_json":{"title":"Ploeren : Le mois du film documentaire c\u00e9l\u00e8brera les \"migrants\" qui \"r\u00eavent d'un monde meilleur\" - STOURM","robots":{"index":"index","follow":"follow","max-snippet":"max-snippet:-1","max-image-preview":"max-image-preview:large","max-video-preview":"max-video-preview:-1"},"canonical":"https:\/\/stourm.news\/?p=4954","og_locale":"fr_FR","og_type":"article","og_title":"Ploeren : Le mois du film documentaire c\u00e9l\u00e8brera les \"migrants\" qui \"r\u00eavent d'un monde meilleur\" - STOURM","og_description":"Du 1er au 30 novembre prochain, c\u2019est la 26e \u00e9dition du Mois du film documentaire en France et dans le monde. Pour l\u2019occasion, le vendredi 7 novembre, \u00e0 partir de 20 h 30, dans la salle polyvalente du Triskell, sera projet\u00e9 \u00ab Try \u00bb de Philippe Lucas en pr\u00e9sence d\u2019un des membres de l\u2019\u00e9quipe du [&hellip;]","og_url":"https:\/\/stourm.news\/?p=4954","og_site_name":"STOURM","article_publisher":"https:\/\/www.facebook.com\/stourmnews\/","article_published_time":"2025-11-06T09:10:37+00:00","og_image":[{"width":1200,"height":750,"url":"https:\/\/stourm.news\/wp-content\/uploads\/2025\/11\/690359068078d8a53c04f7c2.1.webp","type":"image\/webp"}],"author":"La r\u00e9daction","twitter_card":"summary_large_image","twitter_misc":{"\u00c9crit par":"La r\u00e9daction","Dur\u00e9e de lecture estim\u00e9e":"1 minute"},"schema":{"@context":"https:\/\/schema.org","@graph":[{"@type":"Article","@id":"https:\/\/stourm.news\/?p=4954#article","isPartOf":{"@id":"https:\/\/stourm.news\/?p=4954"},"author":{"name":"La r\u00e9daction","@id":"https:\/\/stourm.news\/#\/schema\/person\/c3e1dc65988632e190969234ef046cf9"},"headline":"Ploeren : Le mois du film documentaire c\u00e9l\u00e8brera les \u00ab\u00a0migrants\u00a0\u00bb qui \u00ab\u00a0r\u00eavent d&rsquo;un monde meilleur\u00a0\u00bb","datePublished":"2025-11-06T09:10:37+00:00","mainEntityOfPage":{"@id":"https:\/\/stourm.news\/?p=4954"},"wordCount":125,"commentCount":0,"publisher":{"@id":"https:\/\/stourm.news\/#organization"},"image":{"@id":"https:\/\/stourm.news\/?p=4954#primaryimage"},"thumbnailUrl":"https:\/\/stourm.news\/wp-content\/uploads\/2025\/11\/690359068078d8a53c04f7c2.1.webp","articleSection":["Extr\u00eame-gauche","Immigration","Morbihan","Revue de presse"],"inLanguage":"fr-FR","potentialAction":[{"@type":"CommentAction","name":"Comment","target":["https:\/\/stourm.news\/?p=4954#respond"]}]},{"@type":"WebPage","@id":"https:\/\/stourm.news\/?p=4954","url":"https:\/\/stourm.news\/?p=4954","name":"Ploeren : Le mois du film documentaire c\u00e9l\u00e8brera les \"migrants\" qui \"r\u00eavent d'un monde meilleur\" - STOURM","isPartOf":{"@id":"https:\/\/stourm.news\/#website"},"primaryImageOfPage":{"@id":"https:\/\/stourm.news\/?p=4954#primaryimage"},"image":{"@id":"https:\/\/stourm.news\/?p=4954#primaryimage"},"thumbnailUrl":"https:\/\/stourm.news\/wp-content\/uploads\/2025\/11\/690359068078d8a53c04f7c2.1.webp","datePublished":"2025-11-06T09:10:37+00:00","breadcrumb":{"@id":"https:\/\/stourm.news\/?p=4954#breadcrumb"},"inLanguage":"fr-FR","potentialAction":[{"@type":"ReadAction","target":["https:\/\/stourm.news\/?p=4954"]}]},{"@type":"ImageObject","inLanguage":"fr-FR","@id":"https:\/\/stourm.news\/?p=4954#primaryimage","url":"https:\/\/stourm.news\/wp-content\/uploads\/2025\/11\/690359068078d8a53c04f7c2.1.webp","contentUrl":"https:\/\/stourm.news\/wp-content\/uploads\/2025\/11\/690359068078d8a53c04f7c2.1.webp","width":1200,"height":750},{"@type":"BreadcrumbList","@id":"https:\/\/stourm.news\/?p=4954#breadcrumb","itemListElement":[{"@type":"ListItem","position":1,"name":"Accueil","item":"https:\/\/stourm.news\/"},{"@type":"ListItem","position":2,"name":"Ploeren : Le mois du film documentaire c\u00e9l\u00e8brera les \u00ab\u00a0migrants\u00a0\u00bb qui \u00ab\u00a0r\u00eavent d&rsquo;un monde meilleur\u00a0\u00bb"}]},{"@type":"WebSite","@id":"https:\/\/stourm.news\/#website","url":"https:\/\/stourm.news\/","name":"Stourm","description":"Kazetenn Strollad Broadel Breizh","publisher":{"@id":"https:\/\/stourm.news\/#organization"},"potentialAction":[{"@type":"SearchAction","target":{"@type":"EntryPoint","urlTemplate":"https:\/\/stourm.news\/?s={search_term_string}"},"query-input":{"@type":"PropertyValueSpecification","valueRequired":true,"valueName":"search_term_string"}}],"inLanguage":"fr-FR"},{"@type":"Organization","@id":"https:\/\/stourm.news\/#organization","name":"Stourm","url":"https:\/\/stourm.news\/","logo":{"@type":"ImageObject","inLanguage":"fr-FR","@id":"https:\/\/stourm.news\/#\/schema\/logo\/image\/","url":"https:\/\/stourm.news\/wp-content\/uploads\/2025\/11\/cropped-Capture-decran-2025-11-28-a-15.19.07.png","contentUrl":"https:\/\/stourm.news\/wp-content\/uploads\/2025\/11\/cropped-Capture-decran-2025-11-28-a-15.19.07.png","width":1855,"height":383,"caption":"Stourm"},"image":{"@id":"https:\/\/stourm.news\/#\/schema\/logo\/image\/"},"sameAs":["https:\/\/www.facebook.com\/stourmnews\/"]},{"@type":"Person","@id":"https:\/\/stourm.news\/#\/schema\/person\/c3e1dc65988632e190969234ef046cf9","name":"La r\u00e9daction","image":{"@type":"ImageObject","inLanguage":"fr-FR","@id":"https:\/\/stourm.news\/#\/schema\/person\/image\/","url":"https:\/\/secure.gravatar.com\/avatar\/7463443f194b6b5fb706b074ca0ef59a0cfcfd720cb47764b0ec5a952ce422b3?s=96&d=mm&r=g","contentUrl":"https:\/\/secure.gravatar.com\/avatar\/7463443f194b6b5fb706b074ca0ef59a0cfcfd720cb47764b0ec5a952ce422b3?s=96&d=mm&r=g","caption":"La r\u00e9daction"},"sameAs":["https:\/\/stourm.news"],"url":"https:\/\/stourm.news\/?author=1"}]}},"_links":{"self":[{"href":"https:\/\/stourm.news\/index.php?rest_route=\/wp\/v2\/posts\/4954","targetHints":{"allow":["GET"]}}],"collection":[{"href":"https:\/\/stourm.news\/index.php?rest_route=\/wp\/v2\/posts"}],"about":[{"href":"https:\/\/stourm.news\/index.php?rest_route=\/wp\/v2\/types\/post"}],"author":[{"embeddable":true,"href":"https:\/\/stourm.news\/index.php?rest_route=\/wp\/v2\/users\/1"}],"replies":[{"embeddable":true,"href":"https:\/\/stourm.news\/index.php?rest_route=%2Fwp%2Fv2%2Fcomments&post=4954"}],"version-history":[{"count":1,"href":"https:\/\/stourm.news\/index.php?rest_route=\/wp\/v2\/posts\/4954\/revisions"}],"predecessor-version":[{"id":4956,"href":"https:\/\/stourm.news\/index.php?rest_route=\/wp\/v2\/posts\/4954\/revisions\/4956"}],"wp:featuredmedia":[{"embeddable":true,"href":"https:\/\/stourm.news\/index.php?rest_route=\/wp\/v2\/media\/4955"}],"wp:attachment":[{"href":"https:\/\/stourm.news\/index.php?rest_route=%2Fwp%2Fv2%2Fmedia&parent=4954"}],"wp:term":[{"taxonomy":"category","embeddable":true,"href":"https:\/\/stourm.news\/index.php?rest_route=%2Fwp%2Fv2%2Fcategories&post=4954"},{"taxonomy":"post_tag","embeddable":true,"href":"https:\/\/stourm.news\/index.php?rest_route=%2Fwp%2Fv2%2Ftags&post=4954"}],"curies":[{"name":"wp","href":"https:\/\/api.w.org\/{rel}","templated":true}]}}