{"id":5012,"date":"2025-11-13T06:19:02","date_gmt":"2025-11-13T06:19:02","guid":{"rendered":"https:\/\/stourm.news\/?p=5012"},"modified":"2025-11-13T06:19:02","modified_gmt":"2025-11-13T06:19:02","slug":"une-bretagne-post-francaise-la-voie-organique-dedmund-burke-au-xxie-siecle","status":"publish","type":"post","link":"https:\/\/stourm.news\/?p=5012","title":{"rendered":"Une Bretagne post-fran\u00e7aise : la voie organique d\u2019Edmund Burke au XXIe si\u00e8cle"},"content":{"rendered":"<p style=\"text-align: justify;\"><span style=\"font-family: arial, helvetica, sans-serif; font-size: 14pt;\">La France de 2025 est un corps sans organes. Elle a surv\u00e9cu \u00e0 la R\u00e9volution en arrachant tout ce qui faisait sa vie : les provinces, les paroisses, les m\u00e9tiers, les langues. Ce qui reste est une machine abstraite, un \u00c9tat qui ne sait plus changer parce qu\u2019il ne sait plus conserver. Edmund Burke, en novembre 1790, avait vu venir cette maladie mortelle. Il \u00e9crivait, avec une clart\u00e9 proph\u00e9tique : <strong>\u00ab Un \u00c9tat qui n\u2019a pas les moyens de quelque changement n\u2019a pas les moyens de sa conservation. \u00bb<\/strong><\/span><\/p>\n<p style=\"text-align: justify;\"><span style=\"font-family: arial, helvetica, sans-serif; font-size: 14pt;\">Ce n\u2019est pas une formule. C\u2019est une loi de la vie. Un arbre qui ne peut plus pousser de nouvelles branches meurt. Une soci\u00e9t\u00e9 qui ne peut plus \u00e9voluer \u00e0 partir de ce qu\u2019elle est devient une coquille vide, remplie de d\u00e9crets, de plans, de r\u00e9formes impos\u00e9es d\u2019en haut. La France jacobine est devenue cela. Elle stagne et d\u00e9truit. Elle ne conserve plus, elle confisque. La Bretagne, elle, porte encore en elle les ferments d\u2019une vie organique. Elle n\u2019a pas \u00e9t\u00e9 totalement arrach\u00e9e \u00e0 son sol. Elle a surv\u00e9cu, non pas gr\u00e2ce \u00e0 l\u2019\u00c9tat fran\u00e7ais, mais malgr\u00e9 lui. Quoique confus\u00e9ment, dans les fest-noz, dans les bagado\u00f9, dans les coop\u00e9ratives maritimes, dans les familles qui parlent encore breton, il y a une m\u00e9moire vivante, une disposition d\u2019\u00e2me que Burke aurait reconnue imm\u00e9diatement.<\/span><\/p>\n<p style=\"text-align: justify;\"><span style=\"font-family: arial, helvetica, sans-serif; font-size: 14pt;\"> Il disait : <strong>\u00ab \u00catre attach\u00e9 \u00e0 la subdivision, aimer le petit peloton auquel nous appartenons dans la soci\u00e9t\u00e9, est le premier principe (le germe, pour ainsi dire) des affections publiques. \u00bb<\/strong><\/span><\/p>\n<p style=\"text-align: justify;\"><span style=\"font-family: arial, helvetica, sans-serif; font-size: 14pt;\">Ce petit peloton existe encore en Bretagne. Il n\u2019est pas mort. Il attend. Il est pr\u00eat \u00e0 reprendre sa place par une restauration prudente, une renaissance organique qui tire les le\u00e7ons de Burke et les adapte au XXIe si\u00e8cle. En 2025, 68 % des jeunes Bretons se disent \u00ab d\u2019abord Bretons \u00bb (sondage BVA). Ce n\u2019est pas un slogan c\u2019est une m\u00e9moire organique. C\u2019est aussi la preuve que le petit peloton existe encore. Que la cha\u00eene des g\u00e9n\u00e9rations n\u2019a pas \u00e9t\u00e9 totalement rompue. Burke disait que la libert\u00e9 na\u00eet de cet attachement concret, de cette fid\u00e9lit\u00e9 au sol, \u00e0 la langue, \u00e0 la famille, \u00e0 la paroisse. Il disait : <strong>\u00ab Vous aviez cette action et cette disposition que la R\u00e9volution a d\u00e9truites en France, et qui, si elle avait \u00e9t\u00e9 pr\u00e9serv\u00e9e, l\u2019aurait sauv\u00e9e de toutes ses mis\u00e8res. \u00bb<\/strong><\/span><\/p>\n<p style=\"text-align: justify;\"><span style=\"font-family: arial, helvetica, sans-serif; font-size: 14pt;\">La Bretagne a pr\u00e9serv\u00e9 cela. Pas totalement. Pas partout. Mais assez pour que la renaissance soit possible. Assez pour que la libert\u00e9 ne soit pas un r\u00eave abstrait, mais un h\u00e9ritage vivant. La voie bretonne n\u2019est pas l\u2019ind\u00e9pendance violente. Ce n\u2019est pas non plus la soumission r\u00e9sign\u00e9e. C\u2019est une troisi\u00e8me voie : une renaissance qui reprend les libert\u00e9s anciennes et les adapte au XXIe si\u00e8cle. Burke approuverait. Il disait que la libert\u00e9 doit \u00eatre ancr\u00e9e dans les libert\u00e9s anciennes : <strong>\u00ab La R\u00e9volution a \u00e9t\u00e9 faite pour pr\u00e9server nos anciennes lois et libert\u00e9s incontestables, et cette ancienne constitution de gouvernement qui est notre seule garantie pour la loi et la libert\u00e9. \u00bb<\/strong><\/span><\/p>\n<p style=\"text-align: justify;\"><span style=\"font-family: arial, helvetica, sans-serif; font-size: 14pt;\">Une Bretagne burkienne prot\u00e9gerait la continuit\u00e9. La Bretagne a les moyens de le faire. Elle a les moyens de prouver que la libert\u00e9 n\u2019est pas un droit abstrait, mais un h\u00e9ritage vivant. Il ne s\u2019agit pas de r\u00eaver. Il s\u2019agit de commencer.<\/span><\/p>\n<p style=\"text-align: right;\"><span style=\"font-family: arial, helvetica, sans-serif; font-size: 14pt;\"><strong>Budig Gourmaelon<\/strong><\/span><\/p>\n","protected":false},"excerpt":{"rendered":"<p>La France de 2025 est un corps sans organes. Elle a surv\u00e9cu \u00e0 la R\u00e9volution en arrachant tout ce qui faisait sa vie : les provinces, les paroisses, les m\u00e9tiers, les langues. Ce qui reste est une machine abstraite, un \u00c9tat qui ne sait plus changer parce qu\u2019il ne sait plus conserver. Edmund Burke, en [&hellip;]<\/p>\n","protected":false},"author":1,"featured_media":5013,"comment_status":"open","ping_status":"open","sticky":false,"template":"","format":"standard","meta":{"sb_editor_width":"","footnotes":""},"categories":[63,65],"tags":[],"class_list":["post-5012","post","type-post","status-publish","format-standard","has-post-thumbnail","hentry","category-editorial","category-principale"],"relative_dates":{"created":"6 mois ago","modified":"6 mois ago"},"yoast_head":"<!-- This site is optimized with the Yoast SEO plugin v26.3 - https:\/\/yoast.com\/wordpress\/plugins\/seo\/ -->\n<title>Une Bretagne post-fran\u00e7aise : la voie organique d\u2019Edmund Burke au XXIe si\u00e8cle - STOURM<\/title>\n<meta name=\"robots\" content=\"index, follow, max-snippet:-1, max-image-preview:large, max-video-preview:-1\" \/>\n<link rel=\"canonical\" href=\"https:\/\/stourm.news\/?p=5012\" \/>\n<meta property=\"og:locale\" content=\"fr_FR\" \/>\n<meta property=\"og:type\" content=\"article\" \/>\n<meta property=\"og:title\" content=\"Une Bretagne post-fran\u00e7aise : la voie organique d\u2019Edmund Burke au XXIe si\u00e8cle - STOURM\" \/>\n<meta property=\"og:description\" content=\"La France de 2025 est un corps sans organes. Elle a surv\u00e9cu \u00e0 la R\u00e9volution en arrachant tout ce qui faisait sa vie : les provinces, les paroisses, les m\u00e9tiers, les langues. Ce qui reste est une machine abstraite, un \u00c9tat qui ne sait plus changer parce qu\u2019il ne sait plus conserver. Edmund Burke, en [&hellip;]\" \/>\n<meta property=\"og:url\" content=\"https:\/\/stourm.news\/?p=5012\" \/>\n<meta property=\"og:site_name\" content=\"STOURM\" \/>\n<meta property=\"article:publisher\" content=\"https:\/\/www.facebook.com\/stourmnews\/\" \/>\n<meta property=\"article:published_time\" content=\"2025-11-13T06:19:02+00:00\" \/>\n<meta name=\"author\" content=\"La r\u00e9daction\" \/>\n<meta name=\"twitter:card\" content=\"summary_large_image\" \/>\n<meta name=\"twitter:label1\" content=\"\u00c9crit par\" \/>\n\t<meta name=\"twitter:data1\" content=\"La r\u00e9daction\" \/>\n\t<meta name=\"twitter:label2\" content=\"Dur\u00e9e de lecture estim\u00e9e\" \/>\n\t<meta name=\"twitter:data2\" content=\"3 minutes\" \/>\n<script type=\"application\/ld+json\" class=\"yoast-schema-graph\">{\"@context\":\"https:\/\/schema.org\",\"@graph\":[{\"@type\":\"Article\",\"@id\":\"https:\/\/stourm.news\/?p=5012#article\",\"isPartOf\":{\"@id\":\"https:\/\/stourm.news\/?p=5012\"},\"author\":{\"name\":\"La r\u00e9daction\",\"@id\":\"https:\/\/stourm.news\/#\/schema\/person\/c3e1dc65988632e190969234ef046cf9\"},\"headline\":\"Une Bretagne post-fran\u00e7aise : la voie organique d\u2019Edmund Burke au XXIe si\u00e8cle\",\"datePublished\":\"2025-11-13T06:19:02+00:00\",\"mainEntityOfPage\":{\"@id\":\"https:\/\/stourm.news\/?p=5012\"},\"wordCount\":606,\"commentCount\":0,\"publisher\":{\"@id\":\"https:\/\/stourm.news\/#organization\"},\"image\":{\"@id\":\"https:\/\/stourm.news\/?p=5012#primaryimage\"},\"thumbnailUrl\":\"https:\/\/stourm.news\/wp-content\/uploads\/2025\/11\/Capture-decran-2025-11-13-a-15.18.28.png\",\"articleSection\":[\"Editorial\",\"Principale\"],\"inLanguage\":\"fr-FR\",\"potentialAction\":[{\"@type\":\"CommentAction\",\"name\":\"Comment\",\"target\":[\"https:\/\/stourm.news\/?p=5012#respond\"]}]},{\"@type\":\"WebPage\",\"@id\":\"https:\/\/stourm.news\/?p=5012\",\"url\":\"https:\/\/stourm.news\/?p=5012\",\"name\":\"Une Bretagne post-fran\u00e7aise : la voie organique d\u2019Edmund Burke au XXIe si\u00e8cle - STOURM\",\"isPartOf\":{\"@id\":\"https:\/\/stourm.news\/#website\"},\"primaryImageOfPage\":{\"@id\":\"https:\/\/stourm.news\/?p=5012#primaryimage\"},\"image\":{\"@id\":\"https:\/\/stourm.news\/?p=5012#primaryimage\"},\"thumbnailUrl\":\"https:\/\/stourm.news\/wp-content\/uploads\/2025\/11\/Capture-decran-2025-11-13-a-15.18.28.png\",\"datePublished\":\"2025-11-13T06:19:02+00:00\",\"breadcrumb\":{\"@id\":\"https:\/\/stourm.news\/?p=5012#breadcrumb\"},\"inLanguage\":\"fr-FR\",\"potentialAction\":[{\"@type\":\"ReadAction\",\"target\":[\"https:\/\/stourm.news\/?p=5012\"]}]},{\"@type\":\"ImageObject\",\"inLanguage\":\"fr-FR\",\"@id\":\"https:\/\/stourm.news\/?p=5012#primaryimage\",\"url\":\"https:\/\/stourm.news\/wp-content\/uploads\/2025\/11\/Capture-decran-2025-11-13-a-15.18.28.png\",\"contentUrl\":\"https:\/\/stourm.news\/wp-content\/uploads\/2025\/11\/Capture-decran-2025-11-13-a-15.18.28.png\",\"width\":1012,\"height\":700},{\"@type\":\"BreadcrumbList\",\"@id\":\"https:\/\/stourm.news\/?p=5012#breadcrumb\",\"itemListElement\":[{\"@type\":\"ListItem\",\"position\":1,\"name\":\"Accueil\",\"item\":\"https:\/\/stourm.news\/\"},{\"@type\":\"ListItem\",\"position\":2,\"name\":\"Une Bretagne post-fran\u00e7aise : la voie organique d\u2019Edmund Burke au XXIe si\u00e8cle\"}]},{\"@type\":\"WebSite\",\"@id\":\"https:\/\/stourm.news\/#website\",\"url\":\"https:\/\/stourm.news\/\",\"name\":\"Stourm\",\"description\":\"Kazetenn Strollad Broadel Breizh\",\"publisher\":{\"@id\":\"https:\/\/stourm.news\/#organization\"},\"potentialAction\":[{\"@type\":\"SearchAction\",\"target\":{\"@type\":\"EntryPoint\",\"urlTemplate\":\"https:\/\/stourm.news\/?s={search_term_string}\"},\"query-input\":{\"@type\":\"PropertyValueSpecification\",\"valueRequired\":true,\"valueName\":\"search_term_string\"}}],\"inLanguage\":\"fr-FR\"},{\"@type\":\"Organization\",\"@id\":\"https:\/\/stourm.news\/#organization\",\"name\":\"Stourm\",\"url\":\"https:\/\/stourm.news\/\",\"logo\":{\"@type\":\"ImageObject\",\"inLanguage\":\"fr-FR\",\"@id\":\"https:\/\/stourm.news\/#\/schema\/logo\/image\/\",\"url\":\"https:\/\/stourm.news\/wp-content\/uploads\/2025\/11\/cropped-Capture-decran-2025-11-28-a-15.19.07.png\",\"contentUrl\":\"https:\/\/stourm.news\/wp-content\/uploads\/2025\/11\/cropped-Capture-decran-2025-11-28-a-15.19.07.png\",\"width\":1855,\"height\":383,\"caption\":\"Stourm\"},\"image\":{\"@id\":\"https:\/\/stourm.news\/#\/schema\/logo\/image\/\"},\"sameAs\":[\"https:\/\/www.facebook.com\/stourmnews\/\"]},{\"@type\":\"Person\",\"@id\":\"https:\/\/stourm.news\/#\/schema\/person\/c3e1dc65988632e190969234ef046cf9\",\"name\":\"La r\u00e9daction\",\"image\":{\"@type\":\"ImageObject\",\"inLanguage\":\"fr-FR\",\"@id\":\"https:\/\/stourm.news\/#\/schema\/person\/image\/\",\"url\":\"https:\/\/secure.gravatar.com\/avatar\/7463443f194b6b5fb706b074ca0ef59a0cfcfd720cb47764b0ec5a952ce422b3?s=96&d=mm&r=g\",\"contentUrl\":\"https:\/\/secure.gravatar.com\/avatar\/7463443f194b6b5fb706b074ca0ef59a0cfcfd720cb47764b0ec5a952ce422b3?s=96&d=mm&r=g\",\"caption\":\"La r\u00e9daction\"},\"sameAs\":[\"https:\/\/stourm.news\"],\"url\":\"https:\/\/stourm.news\/?author=1\"}]}<\/script>\n<!-- \/ Yoast SEO plugin. -->","yoast_head_json":{"title":"Une Bretagne post-fran\u00e7aise : la voie organique d\u2019Edmund Burke au XXIe si\u00e8cle - STOURM","robots":{"index":"index","follow":"follow","max-snippet":"max-snippet:-1","max-image-preview":"max-image-preview:large","max-video-preview":"max-video-preview:-1"},"canonical":"https:\/\/stourm.news\/?p=5012","og_locale":"fr_FR","og_type":"article","og_title":"Une Bretagne post-fran\u00e7aise : la voie organique d\u2019Edmund Burke au XXIe si\u00e8cle - STOURM","og_description":"La France de 2025 est un corps sans organes. Elle a surv\u00e9cu \u00e0 la R\u00e9volution en arrachant tout ce qui faisait sa vie : les provinces, les paroisses, les m\u00e9tiers, les langues. Ce qui reste est une machine abstraite, un \u00c9tat qui ne sait plus changer parce qu\u2019il ne sait plus conserver. Edmund Burke, en [&hellip;]","og_url":"https:\/\/stourm.news\/?p=5012","og_site_name":"STOURM","article_publisher":"https:\/\/www.facebook.com\/stourmnews\/","article_published_time":"2025-11-13T06:19:02+00:00","author":"La r\u00e9daction","twitter_card":"summary_large_image","twitter_misc":{"\u00c9crit par":"La r\u00e9daction","Dur\u00e9e de lecture estim\u00e9e":"3 minutes"},"schema":{"@context":"https:\/\/schema.org","@graph":[{"@type":"Article","@id":"https:\/\/stourm.news\/?p=5012#article","isPartOf":{"@id":"https:\/\/stourm.news\/?p=5012"},"author":{"name":"La r\u00e9daction","@id":"https:\/\/stourm.news\/#\/schema\/person\/c3e1dc65988632e190969234ef046cf9"},"headline":"Une Bretagne post-fran\u00e7aise : la voie organique d\u2019Edmund Burke au XXIe si\u00e8cle","datePublished":"2025-11-13T06:19:02+00:00","mainEntityOfPage":{"@id":"https:\/\/stourm.news\/?p=5012"},"wordCount":606,"commentCount":0,"publisher":{"@id":"https:\/\/stourm.news\/#organization"},"image":{"@id":"https:\/\/stourm.news\/?p=5012#primaryimage"},"thumbnailUrl":"https:\/\/stourm.news\/wp-content\/uploads\/2025\/11\/Capture-decran-2025-11-13-a-15.18.28.png","articleSection":["Editorial","Principale"],"inLanguage":"fr-FR","potentialAction":[{"@type":"CommentAction","name":"Comment","target":["https:\/\/stourm.news\/?p=5012#respond"]}]},{"@type":"WebPage","@id":"https:\/\/stourm.news\/?p=5012","url":"https:\/\/stourm.news\/?p=5012","name":"Une Bretagne post-fran\u00e7aise : la voie organique d\u2019Edmund Burke au XXIe si\u00e8cle - STOURM","isPartOf":{"@id":"https:\/\/stourm.news\/#website"},"primaryImageOfPage":{"@id":"https:\/\/stourm.news\/?p=5012#primaryimage"},"image":{"@id":"https:\/\/stourm.news\/?p=5012#primaryimage"},"thumbnailUrl":"https:\/\/stourm.news\/wp-content\/uploads\/2025\/11\/Capture-decran-2025-11-13-a-15.18.28.png","datePublished":"2025-11-13T06:19:02+00:00","breadcrumb":{"@id":"https:\/\/stourm.news\/?p=5012#breadcrumb"},"inLanguage":"fr-FR","potentialAction":[{"@type":"ReadAction","target":["https:\/\/stourm.news\/?p=5012"]}]},{"@type":"ImageObject","inLanguage":"fr-FR","@id":"https:\/\/stourm.news\/?p=5012#primaryimage","url":"https:\/\/stourm.news\/wp-content\/uploads\/2025\/11\/Capture-decran-2025-11-13-a-15.18.28.png","contentUrl":"https:\/\/stourm.news\/wp-content\/uploads\/2025\/11\/Capture-decran-2025-11-13-a-15.18.28.png","width":1012,"height":700},{"@type":"BreadcrumbList","@id":"https:\/\/stourm.news\/?p=5012#breadcrumb","itemListElement":[{"@type":"ListItem","position":1,"name":"Accueil","item":"https:\/\/stourm.news\/"},{"@type":"ListItem","position":2,"name":"Une Bretagne post-fran\u00e7aise : la voie organique d\u2019Edmund Burke au XXIe si\u00e8cle"}]},{"@type":"WebSite","@id":"https:\/\/stourm.news\/#website","url":"https:\/\/stourm.news\/","name":"Stourm","description":"Kazetenn Strollad Broadel Breizh","publisher":{"@id":"https:\/\/stourm.news\/#organization"},"potentialAction":[{"@type":"SearchAction","target":{"@type":"EntryPoint","urlTemplate":"https:\/\/stourm.news\/?s={search_term_string}"},"query-input":{"@type":"PropertyValueSpecification","valueRequired":true,"valueName":"search_term_string"}}],"inLanguage":"fr-FR"},{"@type":"Organization","@id":"https:\/\/stourm.news\/#organization","name":"Stourm","url":"https:\/\/stourm.news\/","logo":{"@type":"ImageObject","inLanguage":"fr-FR","@id":"https:\/\/stourm.news\/#\/schema\/logo\/image\/","url":"https:\/\/stourm.news\/wp-content\/uploads\/2025\/11\/cropped-Capture-decran-2025-11-28-a-15.19.07.png","contentUrl":"https:\/\/stourm.news\/wp-content\/uploads\/2025\/11\/cropped-Capture-decran-2025-11-28-a-15.19.07.png","width":1855,"height":383,"caption":"Stourm"},"image":{"@id":"https:\/\/stourm.news\/#\/schema\/logo\/image\/"},"sameAs":["https:\/\/www.facebook.com\/stourmnews\/"]},{"@type":"Person","@id":"https:\/\/stourm.news\/#\/schema\/person\/c3e1dc65988632e190969234ef046cf9","name":"La r\u00e9daction","image":{"@type":"ImageObject","inLanguage":"fr-FR","@id":"https:\/\/stourm.news\/#\/schema\/person\/image\/","url":"https:\/\/secure.gravatar.com\/avatar\/7463443f194b6b5fb706b074ca0ef59a0cfcfd720cb47764b0ec5a952ce422b3?s=96&d=mm&r=g","contentUrl":"https:\/\/secure.gravatar.com\/avatar\/7463443f194b6b5fb706b074ca0ef59a0cfcfd720cb47764b0ec5a952ce422b3?s=96&d=mm&r=g","caption":"La r\u00e9daction"},"sameAs":["https:\/\/stourm.news"],"url":"https:\/\/stourm.news\/?author=1"}]}},"_links":{"self":[{"href":"https:\/\/stourm.news\/index.php?rest_route=\/wp\/v2\/posts\/5012","targetHints":{"allow":["GET"]}}],"collection":[{"href":"https:\/\/stourm.news\/index.php?rest_route=\/wp\/v2\/posts"}],"about":[{"href":"https:\/\/stourm.news\/index.php?rest_route=\/wp\/v2\/types\/post"}],"author":[{"embeddable":true,"href":"https:\/\/stourm.news\/index.php?rest_route=\/wp\/v2\/users\/1"}],"replies":[{"embeddable":true,"href":"https:\/\/stourm.news\/index.php?rest_route=%2Fwp%2Fv2%2Fcomments&post=5012"}],"version-history":[{"count":1,"href":"https:\/\/stourm.news\/index.php?rest_route=\/wp\/v2\/posts\/5012\/revisions"}],"predecessor-version":[{"id":5014,"href":"https:\/\/stourm.news\/index.php?rest_route=\/wp\/v2\/posts\/5012\/revisions\/5014"}],"wp:featuredmedia":[{"embeddable":true,"href":"https:\/\/stourm.news\/index.php?rest_route=\/wp\/v2\/media\/5013"}],"wp:attachment":[{"href":"https:\/\/stourm.news\/index.php?rest_route=%2Fwp%2Fv2%2Fmedia&parent=5012"}],"wp:term":[{"taxonomy":"category","embeddable":true,"href":"https:\/\/stourm.news\/index.php?rest_route=%2Fwp%2Fv2%2Fcategories&post=5012"},{"taxonomy":"post_tag","embeddable":true,"href":"https:\/\/stourm.news\/index.php?rest_route=%2Fwp%2Fv2%2Ftags&post=5012"}],"curies":[{"name":"wp","href":"https:\/\/api.w.org\/{rel}","templated":true}]}}