{"id":5021,"date":"2025-11-13T16:43:43","date_gmt":"2025-11-13T16:43:43","guid":{"rendered":"https:\/\/stourm.news\/?p=5021"},"modified":"2025-11-13T16:43:43","modified_gmt":"2025-11-13T16:43:43","slug":"immigration-quatre-vehicules-detruits-par-le-feu-la-nuit-derniere-a-brest","status":"publish","type":"post","link":"https:\/\/stourm.news\/?p=5021","title":{"rendered":"Immigration : quatre v\u00e9hicules d\u00e9truits par le feu la nuit derni\u00e8re \u00e0 Brest"},"content":{"rendered":"<p style=\"text-align: justify;\">La nuit du 12 au 13 novembre a \u00e9t\u00e9 marqu\u00e9e par des incidents alarmants \u00e0 Brest, o\u00f9 quatre v\u00e9hicules ont \u00e9t\u00e9 la proie des flammes dans deux quartiers distincts de la ville rapporte <strong><a href=\"https:\/\/www.letelegramme.fr\/finistere\/brest-29200\/quatre-vehicules-detruits-par-le-feu-la-nuit-derniere-a-brest-6927865.php\">Le T\u00e9l\u00e9gramme<\/a><\/strong>. Les faits se sont d\u00e9roul\u00e9s en deux temps. Vers 23h53, dans le quartier du Guelmeur, \u00e0 la rue Amiral d\u2019Estr\u00e9es, un v\u00e9hicule stationn\u00e9 \u2013 qualifi\u00e9 par les riverains de \u00ab\u00a0voiture ventouse\u00a0\u00bb, immobilis\u00e9 depuis plusieurs semaines sans bouger \u2013 a \u00e9t\u00e9 incendi\u00e9. Les sapeurs-pompiers de Brest sont intervenus rapidement, accompagn\u00e9s d&rsquo;une patrouille de police, pour circonscrire le sinistre. Heureusement, aucun bless\u00e9 n&rsquo;est \u00e0 d\u00e9plorer dans cet \u00e9pisode.<\/p>\n<p style=\"text-align: justify;\">\u00c0 peine une demi-heure plus tard, vers 00h15, un second foyer s&rsquo;est d\u00e9clar\u00e9 rue Jules-Lesven, au num\u00e9ro 8. Un t\u00e9moin oculaire, alert\u00e9 par des bruits inhabituels \u2013 \u00ab\u00a0des sortes de feux d\u2019artifice ou p\u00e9tards, mais avec un bruit diff\u00e9rent de d\u2019habitude\u00a0\u00bb \u2013, a aper\u00e7u une voiture en flammes sur le parking. Son appel imm\u00e9diat aux secours a permis une intervention prompte des pompiers, mais le feu s&rsquo;est propag\u00e9 \u00e0 deux v\u00e9hicules adjacents, les r\u00e9duisant en cendres. Au total, trois voitures ont \u00e9t\u00e9 compl\u00e8tement d\u00e9truites sur ce site, faisant de cette nuit une soir\u00e9e \u00ab\u00a0anim\u00e9e\u00a0\u00bb pour les services d&rsquo;urgence brestois.<\/p>\n<p style=\"text-align: right;\"><strong>Ewen Broc&rsquo;han<\/strong><\/p>\n","protected":false},"excerpt":{"rendered":"<p>La nuit du 12 au 13 novembre a \u00e9t\u00e9 marqu\u00e9e par des incidents alarmants \u00e0 Brest, o\u00f9 quatre v\u00e9hicules ont \u00e9t\u00e9 la proie des flammes dans deux quartiers distincts de la ville rapporte Le T\u00e9l\u00e9gramme. Les faits se sont d\u00e9roul\u00e9s en deux temps. Vers 23h53, dans le quartier du Guelmeur, \u00e0 la rue Amiral d\u2019Estr\u00e9es, [&hellip;]<\/p>\n","protected":false},"author":1,"featured_media":5022,"comment_status":"open","ping_status":"open","sticky":false,"template":"","format":"standard","meta":{"sb_editor_width":"","footnotes":""},"categories":[52,38,62],"tags":[],"class_list":["post-5021","post","type-post","status-publish","format-standard","has-post-thumbnail","hentry","category-faits-divers","category-finistere","category-revue-de-presse"],"relative_dates":{"created":"6 mois ago","modified":"6 mois ago"},"yoast_head":"<!-- This site is optimized with the Yoast SEO plugin v26.3 - https:\/\/yoast.com\/wordpress\/plugins\/seo\/ -->\n<title>Immigration : quatre v\u00e9hicules d\u00e9truits par le feu la nuit derni\u00e8re \u00e0 Brest - STOURM<\/title>\n<meta name=\"robots\" content=\"index, follow, max-snippet:-1, max-image-preview:large, max-video-preview:-1\" \/>\n<link rel=\"canonical\" href=\"https:\/\/stourm.news\/?p=5021\" \/>\n<meta property=\"og:locale\" content=\"fr_FR\" \/>\n<meta property=\"og:type\" content=\"article\" \/>\n<meta property=\"og:title\" content=\"Immigration : quatre v\u00e9hicules d\u00e9truits par le feu la nuit derni\u00e8re \u00e0 Brest - STOURM\" \/>\n<meta property=\"og:description\" content=\"La nuit du 12 au 13 novembre a \u00e9t\u00e9 marqu\u00e9e par des incidents alarmants \u00e0 Brest, o\u00f9 quatre v\u00e9hicules ont \u00e9t\u00e9 la proie des flammes dans deux quartiers distincts de la ville rapporte Le T\u00e9l\u00e9gramme. Les faits se sont d\u00e9roul\u00e9s en deux temps. Vers 23h53, dans le quartier du Guelmeur, \u00e0 la rue Amiral d\u2019Estr\u00e9es, [&hellip;]\" \/>\n<meta property=\"og:url\" content=\"https:\/\/stourm.news\/?p=5021\" \/>\n<meta property=\"og:site_name\" content=\"STOURM\" \/>\n<meta property=\"article:publisher\" content=\"https:\/\/www.facebook.com\/stourmnews\/\" \/>\n<meta property=\"article:published_time\" content=\"2025-11-13T16:43:43+00:00\" \/>\n<meta name=\"author\" content=\"La r\u00e9daction\" \/>\n<meta name=\"twitter:card\" content=\"summary_large_image\" \/>\n<meta name=\"twitter:label1\" content=\"\u00c9crit par\" \/>\n\t<meta name=\"twitter:data1\" content=\"La r\u00e9daction\" \/>\n\t<meta name=\"twitter:label2\" content=\"Dur\u00e9e de lecture estim\u00e9e\" \/>\n\t<meta name=\"twitter:data2\" content=\"2 minutes\" \/>\n<script type=\"application\/ld+json\" class=\"yoast-schema-graph\">{\"@context\":\"https:\/\/schema.org\",\"@graph\":[{\"@type\":\"Article\",\"@id\":\"https:\/\/stourm.news\/?p=5021#article\",\"isPartOf\":{\"@id\":\"https:\/\/stourm.news\/?p=5021\"},\"author\":{\"name\":\"La r\u00e9daction\",\"@id\":\"https:\/\/stourm.news\/#\/schema\/person\/c3e1dc65988632e190969234ef046cf9\"},\"headline\":\"Immigration : quatre v\u00e9hicules d\u00e9truits par le feu la nuit derni\u00e8re \u00e0 Brest\",\"datePublished\":\"2025-11-13T16:43:43+00:00\",\"mainEntityOfPage\":{\"@id\":\"https:\/\/stourm.news\/?p=5021\"},\"wordCount\":236,\"commentCount\":0,\"publisher\":{\"@id\":\"https:\/\/stourm.news\/#organization\"},\"image\":{\"@id\":\"https:\/\/stourm.news\/?p=5021#primaryimage\"},\"thumbnailUrl\":\"https:\/\/stourm.news\/wp-content\/uploads\/2025\/11\/Capture-decran-2025-11-14-a-01.42.21.png\",\"articleSection\":[\"Faits divers\",\"Finist\u00e8re\",\"Revue de presse\"],\"inLanguage\":\"fr-FR\",\"potentialAction\":[{\"@type\":\"CommentAction\",\"name\":\"Comment\",\"target\":[\"https:\/\/stourm.news\/?p=5021#respond\"]}]},{\"@type\":\"WebPage\",\"@id\":\"https:\/\/stourm.news\/?p=5021\",\"url\":\"https:\/\/stourm.news\/?p=5021\",\"name\":\"Immigration : quatre v\u00e9hicules d\u00e9truits par le feu la nuit derni\u00e8re \u00e0 Brest - STOURM\",\"isPartOf\":{\"@id\":\"https:\/\/stourm.news\/#website\"},\"primaryImageOfPage\":{\"@id\":\"https:\/\/stourm.news\/?p=5021#primaryimage\"},\"image\":{\"@id\":\"https:\/\/stourm.news\/?p=5021#primaryimage\"},\"thumbnailUrl\":\"https:\/\/stourm.news\/wp-content\/uploads\/2025\/11\/Capture-decran-2025-11-14-a-01.42.21.png\",\"datePublished\":\"2025-11-13T16:43:43+00:00\",\"breadcrumb\":{\"@id\":\"https:\/\/stourm.news\/?p=5021#breadcrumb\"},\"inLanguage\":\"fr-FR\",\"potentialAction\":[{\"@type\":\"ReadAction\",\"target\":[\"https:\/\/stourm.news\/?p=5021\"]}]},{\"@type\":\"ImageObject\",\"inLanguage\":\"fr-FR\",\"@id\":\"https:\/\/stourm.news\/?p=5021#primaryimage\",\"url\":\"https:\/\/stourm.news\/wp-content\/uploads\/2025\/11\/Capture-decran-2025-11-14-a-01.42.21.png\",\"contentUrl\":\"https:\/\/stourm.news\/wp-content\/uploads\/2025\/11\/Capture-decran-2025-11-14-a-01.42.21.png\",\"width\":900,\"height\":550},{\"@type\":\"BreadcrumbList\",\"@id\":\"https:\/\/stourm.news\/?p=5021#breadcrumb\",\"itemListElement\":[{\"@type\":\"ListItem\",\"position\":1,\"name\":\"Accueil\",\"item\":\"https:\/\/stourm.news\/\"},{\"@type\":\"ListItem\",\"position\":2,\"name\":\"Immigration : quatre v\u00e9hicules d\u00e9truits par le feu la nuit derni\u00e8re \u00e0 Brest\"}]},{\"@type\":\"WebSite\",\"@id\":\"https:\/\/stourm.news\/#website\",\"url\":\"https:\/\/stourm.news\/\",\"name\":\"Stourm\",\"description\":\"Kazetenn Strollad Broadel Breizh\",\"publisher\":{\"@id\":\"https:\/\/stourm.news\/#organization\"},\"potentialAction\":[{\"@type\":\"SearchAction\",\"target\":{\"@type\":\"EntryPoint\",\"urlTemplate\":\"https:\/\/stourm.news\/?s={search_term_string}\"},\"query-input\":{\"@type\":\"PropertyValueSpecification\",\"valueRequired\":true,\"valueName\":\"search_term_string\"}}],\"inLanguage\":\"fr-FR\"},{\"@type\":\"Organization\",\"@id\":\"https:\/\/stourm.news\/#organization\",\"name\":\"Stourm\",\"url\":\"https:\/\/stourm.news\/\",\"logo\":{\"@type\":\"ImageObject\",\"inLanguage\":\"fr-FR\",\"@id\":\"https:\/\/stourm.news\/#\/schema\/logo\/image\/\",\"url\":\"https:\/\/stourm.news\/wp-content\/uploads\/2025\/11\/cropped-Capture-decran-2025-11-28-a-15.19.07.png\",\"contentUrl\":\"https:\/\/stourm.news\/wp-content\/uploads\/2025\/11\/cropped-Capture-decran-2025-11-28-a-15.19.07.png\",\"width\":1855,\"height\":383,\"caption\":\"Stourm\"},\"image\":{\"@id\":\"https:\/\/stourm.news\/#\/schema\/logo\/image\/\"},\"sameAs\":[\"https:\/\/www.facebook.com\/stourmnews\/\"]},{\"@type\":\"Person\",\"@id\":\"https:\/\/stourm.news\/#\/schema\/person\/c3e1dc65988632e190969234ef046cf9\",\"name\":\"La r\u00e9daction\",\"image\":{\"@type\":\"ImageObject\",\"inLanguage\":\"fr-FR\",\"@id\":\"https:\/\/stourm.news\/#\/schema\/person\/image\/\",\"url\":\"https:\/\/secure.gravatar.com\/avatar\/7463443f194b6b5fb706b074ca0ef59a0cfcfd720cb47764b0ec5a952ce422b3?s=96&d=mm&r=g\",\"contentUrl\":\"https:\/\/secure.gravatar.com\/avatar\/7463443f194b6b5fb706b074ca0ef59a0cfcfd720cb47764b0ec5a952ce422b3?s=96&d=mm&r=g\",\"caption\":\"La r\u00e9daction\"},\"sameAs\":[\"https:\/\/stourm.news\"],\"url\":\"https:\/\/stourm.news\/?author=1\"}]}<\/script>\n<!-- \/ Yoast SEO plugin. -->","yoast_head_json":{"title":"Immigration : quatre v\u00e9hicules d\u00e9truits par le feu la nuit derni\u00e8re \u00e0 Brest - STOURM","robots":{"index":"index","follow":"follow","max-snippet":"max-snippet:-1","max-image-preview":"max-image-preview:large","max-video-preview":"max-video-preview:-1"},"canonical":"https:\/\/stourm.news\/?p=5021","og_locale":"fr_FR","og_type":"article","og_title":"Immigration : quatre v\u00e9hicules d\u00e9truits par le feu la nuit derni\u00e8re \u00e0 Brest - STOURM","og_description":"La nuit du 12 au 13 novembre a \u00e9t\u00e9 marqu\u00e9e par des incidents alarmants \u00e0 Brest, o\u00f9 quatre v\u00e9hicules ont \u00e9t\u00e9 la proie des flammes dans deux quartiers distincts de la ville rapporte Le T\u00e9l\u00e9gramme. Les faits se sont d\u00e9roul\u00e9s en deux temps. Vers 23h53, dans le quartier du Guelmeur, \u00e0 la rue Amiral d\u2019Estr\u00e9es, [&hellip;]","og_url":"https:\/\/stourm.news\/?p=5021","og_site_name":"STOURM","article_publisher":"https:\/\/www.facebook.com\/stourmnews\/","article_published_time":"2025-11-13T16:43:43+00:00","author":"La r\u00e9daction","twitter_card":"summary_large_image","twitter_misc":{"\u00c9crit par":"La r\u00e9daction","Dur\u00e9e de lecture estim\u00e9e":"2 minutes"},"schema":{"@context":"https:\/\/schema.org","@graph":[{"@type":"Article","@id":"https:\/\/stourm.news\/?p=5021#article","isPartOf":{"@id":"https:\/\/stourm.news\/?p=5021"},"author":{"name":"La r\u00e9daction","@id":"https:\/\/stourm.news\/#\/schema\/person\/c3e1dc65988632e190969234ef046cf9"},"headline":"Immigration : quatre v\u00e9hicules d\u00e9truits par le feu la nuit derni\u00e8re \u00e0 Brest","datePublished":"2025-11-13T16:43:43+00:00","mainEntityOfPage":{"@id":"https:\/\/stourm.news\/?p=5021"},"wordCount":236,"commentCount":0,"publisher":{"@id":"https:\/\/stourm.news\/#organization"},"image":{"@id":"https:\/\/stourm.news\/?p=5021#primaryimage"},"thumbnailUrl":"https:\/\/stourm.news\/wp-content\/uploads\/2025\/11\/Capture-decran-2025-11-14-a-01.42.21.png","articleSection":["Faits divers","Finist\u00e8re","Revue de presse"],"inLanguage":"fr-FR","potentialAction":[{"@type":"CommentAction","name":"Comment","target":["https:\/\/stourm.news\/?p=5021#respond"]}]},{"@type":"WebPage","@id":"https:\/\/stourm.news\/?p=5021","url":"https:\/\/stourm.news\/?p=5021","name":"Immigration : quatre v\u00e9hicules d\u00e9truits par le feu la nuit derni\u00e8re \u00e0 Brest - STOURM","isPartOf":{"@id":"https:\/\/stourm.news\/#website"},"primaryImageOfPage":{"@id":"https:\/\/stourm.news\/?p=5021#primaryimage"},"image":{"@id":"https:\/\/stourm.news\/?p=5021#primaryimage"},"thumbnailUrl":"https:\/\/stourm.news\/wp-content\/uploads\/2025\/11\/Capture-decran-2025-11-14-a-01.42.21.png","datePublished":"2025-11-13T16:43:43+00:00","breadcrumb":{"@id":"https:\/\/stourm.news\/?p=5021#breadcrumb"},"inLanguage":"fr-FR","potentialAction":[{"@type":"ReadAction","target":["https:\/\/stourm.news\/?p=5021"]}]},{"@type":"ImageObject","inLanguage":"fr-FR","@id":"https:\/\/stourm.news\/?p=5021#primaryimage","url":"https:\/\/stourm.news\/wp-content\/uploads\/2025\/11\/Capture-decran-2025-11-14-a-01.42.21.png","contentUrl":"https:\/\/stourm.news\/wp-content\/uploads\/2025\/11\/Capture-decran-2025-11-14-a-01.42.21.png","width":900,"height":550},{"@type":"BreadcrumbList","@id":"https:\/\/stourm.news\/?p=5021#breadcrumb","itemListElement":[{"@type":"ListItem","position":1,"name":"Accueil","item":"https:\/\/stourm.news\/"},{"@type":"ListItem","position":2,"name":"Immigration : quatre v\u00e9hicules d\u00e9truits par le feu la nuit derni\u00e8re \u00e0 Brest"}]},{"@type":"WebSite","@id":"https:\/\/stourm.news\/#website","url":"https:\/\/stourm.news\/","name":"Stourm","description":"Kazetenn Strollad Broadel Breizh","publisher":{"@id":"https:\/\/stourm.news\/#organization"},"potentialAction":[{"@type":"SearchAction","target":{"@type":"EntryPoint","urlTemplate":"https:\/\/stourm.news\/?s={search_term_string}"},"query-input":{"@type":"PropertyValueSpecification","valueRequired":true,"valueName":"search_term_string"}}],"inLanguage":"fr-FR"},{"@type":"Organization","@id":"https:\/\/stourm.news\/#organization","name":"Stourm","url":"https:\/\/stourm.news\/","logo":{"@type":"ImageObject","inLanguage":"fr-FR","@id":"https:\/\/stourm.news\/#\/schema\/logo\/image\/","url":"https:\/\/stourm.news\/wp-content\/uploads\/2025\/11\/cropped-Capture-decran-2025-11-28-a-15.19.07.png","contentUrl":"https:\/\/stourm.news\/wp-content\/uploads\/2025\/11\/cropped-Capture-decran-2025-11-28-a-15.19.07.png","width":1855,"height":383,"caption":"Stourm"},"image":{"@id":"https:\/\/stourm.news\/#\/schema\/logo\/image\/"},"sameAs":["https:\/\/www.facebook.com\/stourmnews\/"]},{"@type":"Person","@id":"https:\/\/stourm.news\/#\/schema\/person\/c3e1dc65988632e190969234ef046cf9","name":"La r\u00e9daction","image":{"@type":"ImageObject","inLanguage":"fr-FR","@id":"https:\/\/stourm.news\/#\/schema\/person\/image\/","url":"https:\/\/secure.gravatar.com\/avatar\/7463443f194b6b5fb706b074ca0ef59a0cfcfd720cb47764b0ec5a952ce422b3?s=96&d=mm&r=g","contentUrl":"https:\/\/secure.gravatar.com\/avatar\/7463443f194b6b5fb706b074ca0ef59a0cfcfd720cb47764b0ec5a952ce422b3?s=96&d=mm&r=g","caption":"La r\u00e9daction"},"sameAs":["https:\/\/stourm.news"],"url":"https:\/\/stourm.news\/?author=1"}]}},"_links":{"self":[{"href":"https:\/\/stourm.news\/index.php?rest_route=\/wp\/v2\/posts\/5021","targetHints":{"allow":["GET"]}}],"collection":[{"href":"https:\/\/stourm.news\/index.php?rest_route=\/wp\/v2\/posts"}],"about":[{"href":"https:\/\/stourm.news\/index.php?rest_route=\/wp\/v2\/types\/post"}],"author":[{"embeddable":true,"href":"https:\/\/stourm.news\/index.php?rest_route=\/wp\/v2\/users\/1"}],"replies":[{"embeddable":true,"href":"https:\/\/stourm.news\/index.php?rest_route=%2Fwp%2Fv2%2Fcomments&post=5021"}],"version-history":[{"count":1,"href":"https:\/\/stourm.news\/index.php?rest_route=\/wp\/v2\/posts\/5021\/revisions"}],"predecessor-version":[{"id":5023,"href":"https:\/\/stourm.news\/index.php?rest_route=\/wp\/v2\/posts\/5021\/revisions\/5023"}],"wp:featuredmedia":[{"embeddable":true,"href":"https:\/\/stourm.news\/index.php?rest_route=\/wp\/v2\/media\/5022"}],"wp:attachment":[{"href":"https:\/\/stourm.news\/index.php?rest_route=%2Fwp%2Fv2%2Fmedia&parent=5021"}],"wp:term":[{"taxonomy":"category","embeddable":true,"href":"https:\/\/stourm.news\/index.php?rest_route=%2Fwp%2Fv2%2Fcategories&post=5021"},{"taxonomy":"post_tag","embeddable":true,"href":"https:\/\/stourm.news\/index.php?rest_route=%2Fwp%2Fv2%2Ftags&post=5021"}],"curies":[{"name":"wp","href":"https:\/\/api.w.org\/{rel}","templated":true}]}}