{"id":5024,"date":"2025-11-16T04:16:19","date_gmt":"2025-11-16T04:16:19","guid":{"rendered":"https:\/\/stourm.news\/?p=5024"},"modified":"2025-11-16T04:16:19","modified_gmt":"2025-11-16T04:16:19","slug":"brest-un-migrant-francais-originaire-de-mayotte-tue-par-balle-dans-le-quartier-multiculturel-de-bellevue","status":"publish","type":"post","link":"https:\/\/stourm.news\/?p=5024","title":{"rendered":"Brest : un migrant fran\u00e7ais originaire de Mayotte tu\u00e9 par balle dans le quartier multiculturel de Bellevue"},"content":{"rendered":"<p style=\"text-align: justify;\">D&rsquo;apr\u00e8s <strong><a href=\"https:\/\/www.francebleu.fr\/infos\/faits-divers-justice\/un-homme-de-20-ans-tue-par-balles-dans-un-quartier-populaire-de-brest-9172764\">France Bleu Breizh Izel<\/a><\/strong>, dans la nuit du vendredi 14 novembre 2025, un allog\u00e8ne originaire de la colonie fran\u00e7aise de Mayotte a \u00e9t\u00e9 abattu d&rsquo;un coup de feu en pleine rue, dans le quartier multiculturel de Bellevue. La victime discutait sur un parking du quartier de Bellevue quand elle a \u00e9t\u00e9 abattue d&rsquo;un coup de feu. Malgr\u00e9 l&rsquo;intervention rapide des secours, l&rsquo;individu a succomb\u00e9 une demi-heure plus tard, vers 20h20.<\/p>\n<p style=\"text-align: justify;\">Selon les premiers \u00e9l\u00e9ments recueillis par la police, l&rsquo;attaque semble cibl\u00e9e, mais les motivations restent pour l&rsquo;heure obscures. Le parquet de Brest, alert\u00e9 dans la foul\u00e9e, ouvre imm\u00e9diatement une enqu\u00eate pour homicide volontaire.<\/p>\n<p style=\"text-align: justify;\">Il y a quelques mois \u00e0 peine, une quinzaine de coups de feu avaient retenti dans la m\u00eame zone suite \u00e0 une agression au couteau. Cette flamb\u00e9e de violence ethnique est le produit direct de l&rsquo;immigration non-europ\u00e9enne impos\u00e9e par l&rsquo;\u00c9tat fran\u00e7ais en Bretagne.<\/p>\n<p style=\"text-align: right;\"><strong>Ewen Broc&rsquo;han<\/strong><\/p>\n","protected":false},"excerpt":{"rendered":"<p>D&rsquo;apr\u00e8s France Bleu Breizh Izel, dans la nuit du vendredi 14 novembre 2025, un allog\u00e8ne originaire de la colonie fran\u00e7aise de Mayotte a \u00e9t\u00e9 abattu d&rsquo;un coup de feu en pleine rue, dans le quartier multiculturel de Bellevue. La victime discutait sur un parking du quartier de Bellevue quand elle a \u00e9t\u00e9 abattue d&rsquo;un coup [&hellip;]<\/p>\n","protected":false},"author":1,"featured_media":5025,"comment_status":"open","ping_status":"open","sticky":false,"template":"","format":"standard","meta":{"sb_editor_width":"","footnotes":""},"categories":[38,37,33,65,62],"tags":[],"class_list":["post-5024","post","type-post","status-publish","format-standard","has-post-thumbnail","hentry","category-finistere","category-homicide","category-immigration","category-principale","category-revue-de-presse"],"relative_dates":{"created":"5 mois ago","modified":"5 mois ago"},"yoast_head":"<!-- This site is optimized with the Yoast SEO plugin v26.3 - https:\/\/yoast.com\/wordpress\/plugins\/seo\/ -->\n<title>Brest : un migrant fran\u00e7ais originaire de Mayotte tu\u00e9 par balle dans le quartier multiculturel de Bellevue - STOURM<\/title>\n<meta name=\"robots\" content=\"index, follow, max-snippet:-1, max-image-preview:large, max-video-preview:-1\" \/>\n<link rel=\"canonical\" href=\"https:\/\/stourm.news\/?p=5024\" \/>\n<meta property=\"og:locale\" content=\"fr_FR\" \/>\n<meta property=\"og:type\" content=\"article\" \/>\n<meta property=\"og:title\" content=\"Brest : un migrant fran\u00e7ais originaire de Mayotte tu\u00e9 par balle dans le quartier multiculturel de Bellevue - STOURM\" \/>\n<meta property=\"og:description\" content=\"D&rsquo;apr\u00e8s France Bleu Breizh Izel, dans la nuit du vendredi 14 novembre 2025, un allog\u00e8ne originaire de la colonie fran\u00e7aise de Mayotte a \u00e9t\u00e9 abattu d&rsquo;un coup de feu en pleine rue, dans le quartier multiculturel de Bellevue. La victime discutait sur un parking du quartier de Bellevue quand elle a \u00e9t\u00e9 abattue d&rsquo;un coup [&hellip;]\" \/>\n<meta property=\"og:url\" content=\"https:\/\/stourm.news\/?p=5024\" \/>\n<meta property=\"og:site_name\" content=\"STOURM\" \/>\n<meta property=\"article:publisher\" content=\"https:\/\/www.facebook.com\/stourmnews\/\" \/>\n<meta property=\"article:published_time\" content=\"2025-11-16T04:16:19+00:00\" \/>\n<meta name=\"author\" content=\"La r\u00e9daction\" \/>\n<meta name=\"twitter:card\" content=\"summary_large_image\" \/>\n<meta name=\"twitter:label1\" content=\"\u00c9crit par\" \/>\n\t<meta name=\"twitter:data1\" content=\"La r\u00e9daction\" \/>\n\t<meta name=\"twitter:label2\" content=\"Dur\u00e9e de lecture estim\u00e9e\" \/>\n\t<meta name=\"twitter:data2\" content=\"1 minute\" \/>\n<script type=\"application\/ld+json\" class=\"yoast-schema-graph\">{\"@context\":\"https:\/\/schema.org\",\"@graph\":[{\"@type\":\"Article\",\"@id\":\"https:\/\/stourm.news\/?p=5024#article\",\"isPartOf\":{\"@id\":\"https:\/\/stourm.news\/?p=5024\"},\"author\":{\"name\":\"La r\u00e9daction\",\"@id\":\"https:\/\/stourm.news\/#\/schema\/person\/c3e1dc65988632e190969234ef046cf9\"},\"headline\":\"Brest : un migrant fran\u00e7ais originaire de Mayotte tu\u00e9 par balle dans le quartier multiculturel de Bellevue\",\"datePublished\":\"2025-11-16T04:16:19+00:00\",\"mainEntityOfPage\":{\"@id\":\"https:\/\/stourm.news\/?p=5024\"},\"wordCount\":185,\"commentCount\":0,\"publisher\":{\"@id\":\"https:\/\/stourm.news\/#organization\"},\"image\":{\"@id\":\"https:\/\/stourm.news\/?p=5024#primaryimage\"},\"thumbnailUrl\":\"https:\/\/stourm.news\/wp-content\/uploads\/2025\/11\/64c74c653b0c2f787c64ecb9.1.webp\",\"articleSection\":[\"Finist\u00e8re\",\"Homicide\",\"Immigration\",\"Principale\",\"Revue de presse\"],\"inLanguage\":\"fr-FR\",\"potentialAction\":[{\"@type\":\"CommentAction\",\"name\":\"Comment\",\"target\":[\"https:\/\/stourm.news\/?p=5024#respond\"]}]},{\"@type\":\"WebPage\",\"@id\":\"https:\/\/stourm.news\/?p=5024\",\"url\":\"https:\/\/stourm.news\/?p=5024\",\"name\":\"Brest : un migrant fran\u00e7ais originaire de Mayotte tu\u00e9 par balle dans le quartier multiculturel de Bellevue - STOURM\",\"isPartOf\":{\"@id\":\"https:\/\/stourm.news\/#website\"},\"primaryImageOfPage\":{\"@id\":\"https:\/\/stourm.news\/?p=5024#primaryimage\"},\"image\":{\"@id\":\"https:\/\/stourm.news\/?p=5024#primaryimage\"},\"thumbnailUrl\":\"https:\/\/stourm.news\/wp-content\/uploads\/2025\/11\/64c74c653b0c2f787c64ecb9.1.webp\",\"datePublished\":\"2025-11-16T04:16:19+00:00\",\"breadcrumb\":{\"@id\":\"https:\/\/stourm.news\/?p=5024#breadcrumb\"},\"inLanguage\":\"fr-FR\",\"potentialAction\":[{\"@type\":\"ReadAction\",\"target\":[\"https:\/\/stourm.news\/?p=5024\"]}]},{\"@type\":\"ImageObject\",\"inLanguage\":\"fr-FR\",\"@id\":\"https:\/\/stourm.news\/?p=5024#primaryimage\",\"url\":\"https:\/\/stourm.news\/wp-content\/uploads\/2025\/11\/64c74c653b0c2f787c64ecb9.1.webp\",\"contentUrl\":\"https:\/\/stourm.news\/wp-content\/uploads\/2025\/11\/64c74c653b0c2f787c64ecb9.1.webp\",\"width\":1200,\"height\":750},{\"@type\":\"BreadcrumbList\",\"@id\":\"https:\/\/stourm.news\/?p=5024#breadcrumb\",\"itemListElement\":[{\"@type\":\"ListItem\",\"position\":1,\"name\":\"Accueil\",\"item\":\"https:\/\/stourm.news\/\"},{\"@type\":\"ListItem\",\"position\":2,\"name\":\"Brest : un migrant fran\u00e7ais originaire de Mayotte tu\u00e9 par balle dans le quartier multiculturel de Bellevue\"}]},{\"@type\":\"WebSite\",\"@id\":\"https:\/\/stourm.news\/#website\",\"url\":\"https:\/\/stourm.news\/\",\"name\":\"Stourm\",\"description\":\"Kazetenn Strollad Broadel Breizh\",\"publisher\":{\"@id\":\"https:\/\/stourm.news\/#organization\"},\"potentialAction\":[{\"@type\":\"SearchAction\",\"target\":{\"@type\":\"EntryPoint\",\"urlTemplate\":\"https:\/\/stourm.news\/?s={search_term_string}\"},\"query-input\":{\"@type\":\"PropertyValueSpecification\",\"valueRequired\":true,\"valueName\":\"search_term_string\"}}],\"inLanguage\":\"fr-FR\"},{\"@type\":\"Organization\",\"@id\":\"https:\/\/stourm.news\/#organization\",\"name\":\"Stourm\",\"url\":\"https:\/\/stourm.news\/\",\"logo\":{\"@type\":\"ImageObject\",\"inLanguage\":\"fr-FR\",\"@id\":\"https:\/\/stourm.news\/#\/schema\/logo\/image\/\",\"url\":\"https:\/\/stourm.news\/wp-content\/uploads\/2025\/11\/cropped-Capture-decran-2025-11-28-a-15.19.07.png\",\"contentUrl\":\"https:\/\/stourm.news\/wp-content\/uploads\/2025\/11\/cropped-Capture-decran-2025-11-28-a-15.19.07.png\",\"width\":1855,\"height\":383,\"caption\":\"Stourm\"},\"image\":{\"@id\":\"https:\/\/stourm.news\/#\/schema\/logo\/image\/\"},\"sameAs\":[\"https:\/\/www.facebook.com\/stourmnews\/\"]},{\"@type\":\"Person\",\"@id\":\"https:\/\/stourm.news\/#\/schema\/person\/c3e1dc65988632e190969234ef046cf9\",\"name\":\"La r\u00e9daction\",\"image\":{\"@type\":\"ImageObject\",\"inLanguage\":\"fr-FR\",\"@id\":\"https:\/\/stourm.news\/#\/schema\/person\/image\/\",\"url\":\"https:\/\/secure.gravatar.com\/avatar\/7463443f194b6b5fb706b074ca0ef59a0cfcfd720cb47764b0ec5a952ce422b3?s=96&d=mm&r=g\",\"contentUrl\":\"https:\/\/secure.gravatar.com\/avatar\/7463443f194b6b5fb706b074ca0ef59a0cfcfd720cb47764b0ec5a952ce422b3?s=96&d=mm&r=g\",\"caption\":\"La r\u00e9daction\"},\"sameAs\":[\"https:\/\/stourm.news\"],\"url\":\"https:\/\/stourm.news\/?author=1\"}]}<\/script>\n<!-- \/ Yoast SEO plugin. -->","yoast_head_json":{"title":"Brest : un migrant fran\u00e7ais originaire de Mayotte tu\u00e9 par balle dans le quartier multiculturel de Bellevue - STOURM","robots":{"index":"index","follow":"follow","max-snippet":"max-snippet:-1","max-image-preview":"max-image-preview:large","max-video-preview":"max-video-preview:-1"},"canonical":"https:\/\/stourm.news\/?p=5024","og_locale":"fr_FR","og_type":"article","og_title":"Brest : un migrant fran\u00e7ais originaire de Mayotte tu\u00e9 par balle dans le quartier multiculturel de Bellevue - STOURM","og_description":"D&rsquo;apr\u00e8s France Bleu Breizh Izel, dans la nuit du vendredi 14 novembre 2025, un allog\u00e8ne originaire de la colonie fran\u00e7aise de Mayotte a \u00e9t\u00e9 abattu d&rsquo;un coup de feu en pleine rue, dans le quartier multiculturel de Bellevue. La victime discutait sur un parking du quartier de Bellevue quand elle a \u00e9t\u00e9 abattue d&rsquo;un coup [&hellip;]","og_url":"https:\/\/stourm.news\/?p=5024","og_site_name":"STOURM","article_publisher":"https:\/\/www.facebook.com\/stourmnews\/","article_published_time":"2025-11-16T04:16:19+00:00","author":"La r\u00e9daction","twitter_card":"summary_large_image","twitter_misc":{"\u00c9crit par":"La r\u00e9daction","Dur\u00e9e de lecture estim\u00e9e":"1 minute"},"schema":{"@context":"https:\/\/schema.org","@graph":[{"@type":"Article","@id":"https:\/\/stourm.news\/?p=5024#article","isPartOf":{"@id":"https:\/\/stourm.news\/?p=5024"},"author":{"name":"La r\u00e9daction","@id":"https:\/\/stourm.news\/#\/schema\/person\/c3e1dc65988632e190969234ef046cf9"},"headline":"Brest : un migrant fran\u00e7ais originaire de Mayotte tu\u00e9 par balle dans le quartier multiculturel de Bellevue","datePublished":"2025-11-16T04:16:19+00:00","mainEntityOfPage":{"@id":"https:\/\/stourm.news\/?p=5024"},"wordCount":185,"commentCount":0,"publisher":{"@id":"https:\/\/stourm.news\/#organization"},"image":{"@id":"https:\/\/stourm.news\/?p=5024#primaryimage"},"thumbnailUrl":"https:\/\/stourm.news\/wp-content\/uploads\/2025\/11\/64c74c653b0c2f787c64ecb9.1.webp","articleSection":["Finist\u00e8re","Homicide","Immigration","Principale","Revue de presse"],"inLanguage":"fr-FR","potentialAction":[{"@type":"CommentAction","name":"Comment","target":["https:\/\/stourm.news\/?p=5024#respond"]}]},{"@type":"WebPage","@id":"https:\/\/stourm.news\/?p=5024","url":"https:\/\/stourm.news\/?p=5024","name":"Brest : un migrant fran\u00e7ais originaire de Mayotte tu\u00e9 par balle dans le quartier multiculturel de Bellevue - STOURM","isPartOf":{"@id":"https:\/\/stourm.news\/#website"},"primaryImageOfPage":{"@id":"https:\/\/stourm.news\/?p=5024#primaryimage"},"image":{"@id":"https:\/\/stourm.news\/?p=5024#primaryimage"},"thumbnailUrl":"https:\/\/stourm.news\/wp-content\/uploads\/2025\/11\/64c74c653b0c2f787c64ecb9.1.webp","datePublished":"2025-11-16T04:16:19+00:00","breadcrumb":{"@id":"https:\/\/stourm.news\/?p=5024#breadcrumb"},"inLanguage":"fr-FR","potentialAction":[{"@type":"ReadAction","target":["https:\/\/stourm.news\/?p=5024"]}]},{"@type":"ImageObject","inLanguage":"fr-FR","@id":"https:\/\/stourm.news\/?p=5024#primaryimage","url":"https:\/\/stourm.news\/wp-content\/uploads\/2025\/11\/64c74c653b0c2f787c64ecb9.1.webp","contentUrl":"https:\/\/stourm.news\/wp-content\/uploads\/2025\/11\/64c74c653b0c2f787c64ecb9.1.webp","width":1200,"height":750},{"@type":"BreadcrumbList","@id":"https:\/\/stourm.news\/?p=5024#breadcrumb","itemListElement":[{"@type":"ListItem","position":1,"name":"Accueil","item":"https:\/\/stourm.news\/"},{"@type":"ListItem","position":2,"name":"Brest : un migrant fran\u00e7ais originaire de Mayotte tu\u00e9 par balle dans le quartier multiculturel de Bellevue"}]},{"@type":"WebSite","@id":"https:\/\/stourm.news\/#website","url":"https:\/\/stourm.news\/","name":"Stourm","description":"Kazetenn Strollad Broadel Breizh","publisher":{"@id":"https:\/\/stourm.news\/#organization"},"potentialAction":[{"@type":"SearchAction","target":{"@type":"EntryPoint","urlTemplate":"https:\/\/stourm.news\/?s={search_term_string}"},"query-input":{"@type":"PropertyValueSpecification","valueRequired":true,"valueName":"search_term_string"}}],"inLanguage":"fr-FR"},{"@type":"Organization","@id":"https:\/\/stourm.news\/#organization","name":"Stourm","url":"https:\/\/stourm.news\/","logo":{"@type":"ImageObject","inLanguage":"fr-FR","@id":"https:\/\/stourm.news\/#\/schema\/logo\/image\/","url":"https:\/\/stourm.news\/wp-content\/uploads\/2025\/11\/cropped-Capture-decran-2025-11-28-a-15.19.07.png","contentUrl":"https:\/\/stourm.news\/wp-content\/uploads\/2025\/11\/cropped-Capture-decran-2025-11-28-a-15.19.07.png","width":1855,"height":383,"caption":"Stourm"},"image":{"@id":"https:\/\/stourm.news\/#\/schema\/logo\/image\/"},"sameAs":["https:\/\/www.facebook.com\/stourmnews\/"]},{"@type":"Person","@id":"https:\/\/stourm.news\/#\/schema\/person\/c3e1dc65988632e190969234ef046cf9","name":"La r\u00e9daction","image":{"@type":"ImageObject","inLanguage":"fr-FR","@id":"https:\/\/stourm.news\/#\/schema\/person\/image\/","url":"https:\/\/secure.gravatar.com\/avatar\/7463443f194b6b5fb706b074ca0ef59a0cfcfd720cb47764b0ec5a952ce422b3?s=96&d=mm&r=g","contentUrl":"https:\/\/secure.gravatar.com\/avatar\/7463443f194b6b5fb706b074ca0ef59a0cfcfd720cb47764b0ec5a952ce422b3?s=96&d=mm&r=g","caption":"La r\u00e9daction"},"sameAs":["https:\/\/stourm.news"],"url":"https:\/\/stourm.news\/?author=1"}]}},"_links":{"self":[{"href":"https:\/\/stourm.news\/index.php?rest_route=\/wp\/v2\/posts\/5024","targetHints":{"allow":["GET"]}}],"collection":[{"href":"https:\/\/stourm.news\/index.php?rest_route=\/wp\/v2\/posts"}],"about":[{"href":"https:\/\/stourm.news\/index.php?rest_route=\/wp\/v2\/types\/post"}],"author":[{"embeddable":true,"href":"https:\/\/stourm.news\/index.php?rest_route=\/wp\/v2\/users\/1"}],"replies":[{"embeddable":true,"href":"https:\/\/stourm.news\/index.php?rest_route=%2Fwp%2Fv2%2Fcomments&post=5024"}],"version-history":[{"count":1,"href":"https:\/\/stourm.news\/index.php?rest_route=\/wp\/v2\/posts\/5024\/revisions"}],"predecessor-version":[{"id":5026,"href":"https:\/\/stourm.news\/index.php?rest_route=\/wp\/v2\/posts\/5024\/revisions\/5026"}],"wp:featuredmedia":[{"embeddable":true,"href":"https:\/\/stourm.news\/index.php?rest_route=\/wp\/v2\/media\/5025"}],"wp:attachment":[{"href":"https:\/\/stourm.news\/index.php?rest_route=%2Fwp%2Fv2%2Fmedia&parent=5024"}],"wp:term":[{"taxonomy":"category","embeddable":true,"href":"https:\/\/stourm.news\/index.php?rest_route=%2Fwp%2Fv2%2Fcategories&post=5024"},{"taxonomy":"post_tag","embeddable":true,"href":"https:\/\/stourm.news\/index.php?rest_route=%2Fwp%2Fv2%2Ftags&post=5024"}],"curies":[{"name":"wp","href":"https:\/\/api.w.org\/{rel}","templated":true}]}}