{"id":5027,"date":"2025-11-16T05:39:53","date_gmt":"2025-11-16T05:39:53","guid":{"rendered":"https:\/\/stourm.news\/?p=5027"},"modified":"2025-11-16T05:39:53","modified_gmt":"2025-11-16T05:39:53","slug":"blain-deux-adolescents-a-trottinette-electrique-sement-le-chaos-dans-les-rues-ils-sont-suspectes-de-nombreuses-degradations-dans-la-region","status":"publish","type":"post","link":"https:\/\/stourm.news\/?p=5027","title":{"rendered":"Blain : deux adolescents \u00e0 trottinette \u00e9lectrique s\u00e8ment le chaos dans les rues, ils sont suspect\u00e9s de nombreuses d\u00e9gradations dans la r\u00e9gion"},"content":{"rendered":"<p style=\"text-align: justify;\">Vendredi 14 novembre, vers 15 h, deux mineurs \u2013 un gar\u00e7on de 14 ans et une fille de 16 ans \u2013 ont sem\u00e9 la panique au centre de Blaen (Blain) rapporte <strong><a href=\"https:\/\/actu.fr\/pays-de-la-loire\/blain_44015\/loire-atlantique-deux-jeunes-arretes-et-places-en-garde-a-vue_63442329.html\">Actu.fr<\/a><\/strong>. \u00c0 bord d\u2019une trottinette \u00e9lectrique, ils grillent feux rouges, sens interdits et roulent dangereusement pr\u00e8s des voitures. Rep\u00e9r\u00e9s par les gendarmes de la brigade locale, ils refusent d\u2019obtemp\u00e9rer, les insultent, puis fuient. Les fuyards filent jusqu\u2019au chemin de halage de La Chevallerais, o\u00f9 ils sont enfin intercept\u00e9s sans violence. Plac\u00e9s en garde \u00e0 vue \u00e0 Blain, leurs profils correspondent \u00e0 des signalements r\u00e9cents. Les gendarmes explorent aussi un lien avec des d\u00e9gradations commises mardi 11 novembre \u00e0 Faouell (Fay-de-Bretagne) : abribus cass\u00e9s, vitrines bris\u00e9es.<\/p>\n<p style=\"text-align: right;\"><strong>Ewen Broc&rsquo;han<\/strong><\/p>\n","protected":false},"excerpt":{"rendered":"<p>Vendredi 14 novembre, vers 15 h, deux mineurs \u2013 un gar\u00e7on de 14 ans et une fille de 16 ans \u2013 ont sem\u00e9 la panique au centre de Blaen (Blain) rapporte Actu.fr. \u00c0 bord d\u2019une trottinette \u00e9lectrique, ils grillent feux rouges, sens interdits et roulent dangereusement pr\u00e8s des voitures. Rep\u00e9r\u00e9s par les gendarmes de la [&hellip;]<\/p>\n","protected":false},"author":1,"featured_media":5028,"comment_status":"open","ping_status":"open","sticky":false,"template":"","format":"standard","meta":{"sb_editor_width":"","footnotes":""},"categories":[52,42,62],"tags":[],"class_list":["post-5027","post","type-post","status-publish","format-standard","has-post-thumbnail","hentry","category-faits-divers","category-loire-atlantique","category-revue-de-presse"],"relative_dates":{"created":"5 mois ago","modified":"5 mois ago"},"yoast_head":"<!-- This site is optimized with the Yoast SEO plugin v26.3 - https:\/\/yoast.com\/wordpress\/plugins\/seo\/ -->\n<title>Blain : deux adolescents \u00e0 trottinette \u00e9lectrique s\u00e8ment le chaos dans les rues, ils sont suspect\u00e9s de nombreuses d\u00e9gradations dans la r\u00e9gion - STOURM<\/title>\n<meta name=\"robots\" content=\"index, follow, max-snippet:-1, max-image-preview:large, max-video-preview:-1\" \/>\n<link rel=\"canonical\" href=\"https:\/\/stourm.news\/?p=5027\" \/>\n<meta property=\"og:locale\" content=\"fr_FR\" \/>\n<meta property=\"og:type\" content=\"article\" \/>\n<meta property=\"og:title\" content=\"Blain : deux adolescents \u00e0 trottinette \u00e9lectrique s\u00e8ment le chaos dans les rues, ils sont suspect\u00e9s de nombreuses d\u00e9gradations dans la r\u00e9gion - STOURM\" \/>\n<meta property=\"og:description\" content=\"Vendredi 14 novembre, vers 15 h, deux mineurs \u2013 un gar\u00e7on de 14 ans et une fille de 16 ans \u2013 ont sem\u00e9 la panique au centre de Blaen (Blain) rapporte Actu.fr. \u00c0 bord d\u2019une trottinette \u00e9lectrique, ils grillent feux rouges, sens interdits et roulent dangereusement pr\u00e8s des voitures. Rep\u00e9r\u00e9s par les gendarmes de la [&hellip;]\" \/>\n<meta property=\"og:url\" content=\"https:\/\/stourm.news\/?p=5027\" \/>\n<meta property=\"og:site_name\" content=\"STOURM\" \/>\n<meta property=\"article:publisher\" content=\"https:\/\/www.facebook.com\/stourmnews\/\" \/>\n<meta property=\"article:published_time\" content=\"2025-11-16T05:39:53+00:00\" \/>\n<meta name=\"author\" content=\"La r\u00e9daction\" \/>\n<meta name=\"twitter:card\" content=\"summary_large_image\" \/>\n<meta name=\"twitter:label1\" content=\"\u00c9crit par\" \/>\n\t<meta name=\"twitter:data1\" content=\"La r\u00e9daction\" \/>\n\t<meta name=\"twitter:label2\" content=\"Dur\u00e9e de lecture estim\u00e9e\" \/>\n\t<meta name=\"twitter:data2\" content=\"1 minute\" \/>\n<script type=\"application\/ld+json\" class=\"yoast-schema-graph\">{\"@context\":\"https:\/\/schema.org\",\"@graph\":[{\"@type\":\"Article\",\"@id\":\"https:\/\/stourm.news\/?p=5027#article\",\"isPartOf\":{\"@id\":\"https:\/\/stourm.news\/?p=5027\"},\"author\":{\"name\":\"La r\u00e9daction\",\"@id\":\"https:\/\/stourm.news\/#\/schema\/person\/c3e1dc65988632e190969234ef046cf9\"},\"headline\":\"Blain : deux adolescents \u00e0 trottinette \u00e9lectrique s\u00e8ment le chaos dans les rues, ils sont suspect\u00e9s de nombreuses d\u00e9gradations dans la r\u00e9gion\",\"datePublished\":\"2025-11-16T05:39:53+00:00\",\"mainEntityOfPage\":{\"@id\":\"https:\/\/stourm.news\/?p=5027\"},\"wordCount\":145,\"commentCount\":0,\"publisher\":{\"@id\":\"https:\/\/stourm.news\/#organization\"},\"image\":{\"@id\":\"https:\/\/stourm.news\/?p=5027#primaryimage\"},\"thumbnailUrl\":\"https:\/\/stourm.news\/wp-content\/uploads\/2025\/11\/ville_de_blain_01_Decouvrir_la_ville_vue_aerienne-scaled-1.jpg\",\"articleSection\":[\"Faits divers\",\"Loire-Atlantique\",\"Revue de presse\"],\"inLanguage\":\"fr-FR\",\"potentialAction\":[{\"@type\":\"CommentAction\",\"name\":\"Comment\",\"target\":[\"https:\/\/stourm.news\/?p=5027#respond\"]}]},{\"@type\":\"WebPage\",\"@id\":\"https:\/\/stourm.news\/?p=5027\",\"url\":\"https:\/\/stourm.news\/?p=5027\",\"name\":\"Blain : deux adolescents \u00e0 trottinette \u00e9lectrique s\u00e8ment le chaos dans les rues, ils sont suspect\u00e9s de nombreuses d\u00e9gradations dans la r\u00e9gion - STOURM\",\"isPartOf\":{\"@id\":\"https:\/\/stourm.news\/#website\"},\"primaryImageOfPage\":{\"@id\":\"https:\/\/stourm.news\/?p=5027#primaryimage\"},\"image\":{\"@id\":\"https:\/\/stourm.news\/?p=5027#primaryimage\"},\"thumbnailUrl\":\"https:\/\/stourm.news\/wp-content\/uploads\/2025\/11\/ville_de_blain_01_Decouvrir_la_ville_vue_aerienne-scaled-1.jpg\",\"datePublished\":\"2025-11-16T05:39:53+00:00\",\"breadcrumb\":{\"@id\":\"https:\/\/stourm.news\/?p=5027#breadcrumb\"},\"inLanguage\":\"fr-FR\",\"potentialAction\":[{\"@type\":\"ReadAction\",\"target\":[\"https:\/\/stourm.news\/?p=5027\"]}]},{\"@type\":\"ImageObject\",\"inLanguage\":\"fr-FR\",\"@id\":\"https:\/\/stourm.news\/?p=5027#primaryimage\",\"url\":\"https:\/\/stourm.news\/wp-content\/uploads\/2025\/11\/ville_de_blain_01_Decouvrir_la_ville_vue_aerienne-scaled-1.jpg\",\"contentUrl\":\"https:\/\/stourm.news\/wp-content\/uploads\/2025\/11\/ville_de_blain_01_Decouvrir_la_ville_vue_aerienne-scaled-1.jpg\",\"width\":2560,\"height\":1707},{\"@type\":\"BreadcrumbList\",\"@id\":\"https:\/\/stourm.news\/?p=5027#breadcrumb\",\"itemListElement\":[{\"@type\":\"ListItem\",\"position\":1,\"name\":\"Accueil\",\"item\":\"https:\/\/stourm.news\/\"},{\"@type\":\"ListItem\",\"position\":2,\"name\":\"Blain : deux adolescents \u00e0 trottinette \u00e9lectrique s\u00e8ment le chaos dans les rues, ils sont suspect\u00e9s de nombreuses d\u00e9gradations dans la r\u00e9gion\"}]},{\"@type\":\"WebSite\",\"@id\":\"https:\/\/stourm.news\/#website\",\"url\":\"https:\/\/stourm.news\/\",\"name\":\"Stourm\",\"description\":\"Kazetenn Strollad Broadel Breizh\",\"publisher\":{\"@id\":\"https:\/\/stourm.news\/#organization\"},\"potentialAction\":[{\"@type\":\"SearchAction\",\"target\":{\"@type\":\"EntryPoint\",\"urlTemplate\":\"https:\/\/stourm.news\/?s={search_term_string}\"},\"query-input\":{\"@type\":\"PropertyValueSpecification\",\"valueRequired\":true,\"valueName\":\"search_term_string\"}}],\"inLanguage\":\"fr-FR\"},{\"@type\":\"Organization\",\"@id\":\"https:\/\/stourm.news\/#organization\",\"name\":\"Stourm\",\"url\":\"https:\/\/stourm.news\/\",\"logo\":{\"@type\":\"ImageObject\",\"inLanguage\":\"fr-FR\",\"@id\":\"https:\/\/stourm.news\/#\/schema\/logo\/image\/\",\"url\":\"https:\/\/stourm.news\/wp-content\/uploads\/2025\/11\/cropped-Capture-decran-2025-11-28-a-15.19.07.png\",\"contentUrl\":\"https:\/\/stourm.news\/wp-content\/uploads\/2025\/11\/cropped-Capture-decran-2025-11-28-a-15.19.07.png\",\"width\":1855,\"height\":383,\"caption\":\"Stourm\"},\"image\":{\"@id\":\"https:\/\/stourm.news\/#\/schema\/logo\/image\/\"},\"sameAs\":[\"https:\/\/www.facebook.com\/stourmnews\/\"]},{\"@type\":\"Person\",\"@id\":\"https:\/\/stourm.news\/#\/schema\/person\/c3e1dc65988632e190969234ef046cf9\",\"name\":\"La r\u00e9daction\",\"image\":{\"@type\":\"ImageObject\",\"inLanguage\":\"fr-FR\",\"@id\":\"https:\/\/stourm.news\/#\/schema\/person\/image\/\",\"url\":\"https:\/\/secure.gravatar.com\/avatar\/7463443f194b6b5fb706b074ca0ef59a0cfcfd720cb47764b0ec5a952ce422b3?s=96&d=mm&r=g\",\"contentUrl\":\"https:\/\/secure.gravatar.com\/avatar\/7463443f194b6b5fb706b074ca0ef59a0cfcfd720cb47764b0ec5a952ce422b3?s=96&d=mm&r=g\",\"caption\":\"La r\u00e9daction\"},\"sameAs\":[\"https:\/\/stourm.news\"],\"url\":\"https:\/\/stourm.news\/?author=1\"}]}<\/script>\n<!-- \/ Yoast SEO plugin. -->","yoast_head_json":{"title":"Blain : deux adolescents \u00e0 trottinette \u00e9lectrique s\u00e8ment le chaos dans les rues, ils sont suspect\u00e9s de nombreuses d\u00e9gradations dans la r\u00e9gion - STOURM","robots":{"index":"index","follow":"follow","max-snippet":"max-snippet:-1","max-image-preview":"max-image-preview:large","max-video-preview":"max-video-preview:-1"},"canonical":"https:\/\/stourm.news\/?p=5027","og_locale":"fr_FR","og_type":"article","og_title":"Blain : deux adolescents \u00e0 trottinette \u00e9lectrique s\u00e8ment le chaos dans les rues, ils sont suspect\u00e9s de nombreuses d\u00e9gradations dans la r\u00e9gion - STOURM","og_description":"Vendredi 14 novembre, vers 15 h, deux mineurs \u2013 un gar\u00e7on de 14 ans et une fille de 16 ans \u2013 ont sem\u00e9 la panique au centre de Blaen (Blain) rapporte Actu.fr. \u00c0 bord d\u2019une trottinette \u00e9lectrique, ils grillent feux rouges, sens interdits et roulent dangereusement pr\u00e8s des voitures. Rep\u00e9r\u00e9s par les gendarmes de la [&hellip;]","og_url":"https:\/\/stourm.news\/?p=5027","og_site_name":"STOURM","article_publisher":"https:\/\/www.facebook.com\/stourmnews\/","article_published_time":"2025-11-16T05:39:53+00:00","author":"La r\u00e9daction","twitter_card":"summary_large_image","twitter_misc":{"\u00c9crit par":"La r\u00e9daction","Dur\u00e9e de lecture estim\u00e9e":"1 minute"},"schema":{"@context":"https:\/\/schema.org","@graph":[{"@type":"Article","@id":"https:\/\/stourm.news\/?p=5027#article","isPartOf":{"@id":"https:\/\/stourm.news\/?p=5027"},"author":{"name":"La r\u00e9daction","@id":"https:\/\/stourm.news\/#\/schema\/person\/c3e1dc65988632e190969234ef046cf9"},"headline":"Blain : deux adolescents \u00e0 trottinette \u00e9lectrique s\u00e8ment le chaos dans les rues, ils sont suspect\u00e9s de nombreuses d\u00e9gradations dans la r\u00e9gion","datePublished":"2025-11-16T05:39:53+00:00","mainEntityOfPage":{"@id":"https:\/\/stourm.news\/?p=5027"},"wordCount":145,"commentCount":0,"publisher":{"@id":"https:\/\/stourm.news\/#organization"},"image":{"@id":"https:\/\/stourm.news\/?p=5027#primaryimage"},"thumbnailUrl":"https:\/\/stourm.news\/wp-content\/uploads\/2025\/11\/ville_de_blain_01_Decouvrir_la_ville_vue_aerienne-scaled-1.jpg","articleSection":["Faits divers","Loire-Atlantique","Revue de presse"],"inLanguage":"fr-FR","potentialAction":[{"@type":"CommentAction","name":"Comment","target":["https:\/\/stourm.news\/?p=5027#respond"]}]},{"@type":"WebPage","@id":"https:\/\/stourm.news\/?p=5027","url":"https:\/\/stourm.news\/?p=5027","name":"Blain : deux adolescents \u00e0 trottinette \u00e9lectrique s\u00e8ment le chaos dans les rues, ils sont suspect\u00e9s de nombreuses d\u00e9gradations dans la r\u00e9gion - STOURM","isPartOf":{"@id":"https:\/\/stourm.news\/#website"},"primaryImageOfPage":{"@id":"https:\/\/stourm.news\/?p=5027#primaryimage"},"image":{"@id":"https:\/\/stourm.news\/?p=5027#primaryimage"},"thumbnailUrl":"https:\/\/stourm.news\/wp-content\/uploads\/2025\/11\/ville_de_blain_01_Decouvrir_la_ville_vue_aerienne-scaled-1.jpg","datePublished":"2025-11-16T05:39:53+00:00","breadcrumb":{"@id":"https:\/\/stourm.news\/?p=5027#breadcrumb"},"inLanguage":"fr-FR","potentialAction":[{"@type":"ReadAction","target":["https:\/\/stourm.news\/?p=5027"]}]},{"@type":"ImageObject","inLanguage":"fr-FR","@id":"https:\/\/stourm.news\/?p=5027#primaryimage","url":"https:\/\/stourm.news\/wp-content\/uploads\/2025\/11\/ville_de_blain_01_Decouvrir_la_ville_vue_aerienne-scaled-1.jpg","contentUrl":"https:\/\/stourm.news\/wp-content\/uploads\/2025\/11\/ville_de_blain_01_Decouvrir_la_ville_vue_aerienne-scaled-1.jpg","width":2560,"height":1707},{"@type":"BreadcrumbList","@id":"https:\/\/stourm.news\/?p=5027#breadcrumb","itemListElement":[{"@type":"ListItem","position":1,"name":"Accueil","item":"https:\/\/stourm.news\/"},{"@type":"ListItem","position":2,"name":"Blain : deux adolescents \u00e0 trottinette \u00e9lectrique s\u00e8ment le chaos dans les rues, ils sont suspect\u00e9s de nombreuses d\u00e9gradations dans la r\u00e9gion"}]},{"@type":"WebSite","@id":"https:\/\/stourm.news\/#website","url":"https:\/\/stourm.news\/","name":"Stourm","description":"Kazetenn Strollad Broadel Breizh","publisher":{"@id":"https:\/\/stourm.news\/#organization"},"potentialAction":[{"@type":"SearchAction","target":{"@type":"EntryPoint","urlTemplate":"https:\/\/stourm.news\/?s={search_term_string}"},"query-input":{"@type":"PropertyValueSpecification","valueRequired":true,"valueName":"search_term_string"}}],"inLanguage":"fr-FR"},{"@type":"Organization","@id":"https:\/\/stourm.news\/#organization","name":"Stourm","url":"https:\/\/stourm.news\/","logo":{"@type":"ImageObject","inLanguage":"fr-FR","@id":"https:\/\/stourm.news\/#\/schema\/logo\/image\/","url":"https:\/\/stourm.news\/wp-content\/uploads\/2025\/11\/cropped-Capture-decran-2025-11-28-a-15.19.07.png","contentUrl":"https:\/\/stourm.news\/wp-content\/uploads\/2025\/11\/cropped-Capture-decran-2025-11-28-a-15.19.07.png","width":1855,"height":383,"caption":"Stourm"},"image":{"@id":"https:\/\/stourm.news\/#\/schema\/logo\/image\/"},"sameAs":["https:\/\/www.facebook.com\/stourmnews\/"]},{"@type":"Person","@id":"https:\/\/stourm.news\/#\/schema\/person\/c3e1dc65988632e190969234ef046cf9","name":"La r\u00e9daction","image":{"@type":"ImageObject","inLanguage":"fr-FR","@id":"https:\/\/stourm.news\/#\/schema\/person\/image\/","url":"https:\/\/secure.gravatar.com\/avatar\/7463443f194b6b5fb706b074ca0ef59a0cfcfd720cb47764b0ec5a952ce422b3?s=96&d=mm&r=g","contentUrl":"https:\/\/secure.gravatar.com\/avatar\/7463443f194b6b5fb706b074ca0ef59a0cfcfd720cb47764b0ec5a952ce422b3?s=96&d=mm&r=g","caption":"La r\u00e9daction"},"sameAs":["https:\/\/stourm.news"],"url":"https:\/\/stourm.news\/?author=1"}]}},"_links":{"self":[{"href":"https:\/\/stourm.news\/index.php?rest_route=\/wp\/v2\/posts\/5027","targetHints":{"allow":["GET"]}}],"collection":[{"href":"https:\/\/stourm.news\/index.php?rest_route=\/wp\/v2\/posts"}],"about":[{"href":"https:\/\/stourm.news\/index.php?rest_route=\/wp\/v2\/types\/post"}],"author":[{"embeddable":true,"href":"https:\/\/stourm.news\/index.php?rest_route=\/wp\/v2\/users\/1"}],"replies":[{"embeddable":true,"href":"https:\/\/stourm.news\/index.php?rest_route=%2Fwp%2Fv2%2Fcomments&post=5027"}],"version-history":[{"count":1,"href":"https:\/\/stourm.news\/index.php?rest_route=\/wp\/v2\/posts\/5027\/revisions"}],"predecessor-version":[{"id":5029,"href":"https:\/\/stourm.news\/index.php?rest_route=\/wp\/v2\/posts\/5027\/revisions\/5029"}],"wp:featuredmedia":[{"embeddable":true,"href":"https:\/\/stourm.news\/index.php?rest_route=\/wp\/v2\/media\/5028"}],"wp:attachment":[{"href":"https:\/\/stourm.news\/index.php?rest_route=%2Fwp%2Fv2%2Fmedia&parent=5027"}],"wp:term":[{"taxonomy":"category","embeddable":true,"href":"https:\/\/stourm.news\/index.php?rest_route=%2Fwp%2Fv2%2Fcategories&post=5027"},{"taxonomy":"post_tag","embeddable":true,"href":"https:\/\/stourm.news\/index.php?rest_route=%2Fwp%2Fv2%2Ftags&post=5027"}],"curies":[{"name":"wp","href":"https:\/\/api.w.org\/{rel}","templated":true}]}}