{"id":5039,"date":"2025-11-17T15:41:30","date_gmt":"2025-11-17T15:41:30","guid":{"rendered":"https:\/\/stourm.news\/?p=5039"},"modified":"2025-11-17T15:41:30","modified_gmt":"2025-11-17T15:41:30","slug":"lorient-une-banderole-en-hommage-au-criminel-soudanais-abattu-par-la-police","status":"publish","type":"post","link":"https:\/\/stourm.news\/?p=5039","title":{"rendered":"Lorient : une banderole en hommage au criminel soudanais abattu par la police"},"content":{"rendered":"<p style=\"text-align: justify;\">\u00c0 An Orient (Lorient), rue de Larmor, une banderole a \u00e9t\u00e9 accroch\u00e9e \u00a0: <strong>\u00ab Mohamed, ce sourire \u00e9tait sa signature \u00bb<\/strong>. Elle rend hommage \u00e0 Mohammed Hmadi Hamed, 23 ans, un allog\u00e8ne soudanais, tu\u00e9 par la police le 10 novembre 2025 apr\u00e8s avoir menac\u00e9 des agents avec un couteau de 20 cm lors d\u2019une intervention pour tapage nocturne et d\u00e9gradations. L\u2019homme \u00e9tait connu des services pour des faits similaires et se trouvait en \u00ab\u00a0obligation de quitter le territoire fran\u00e7ais\u00a0\u00bb (OQTF) depuis plusieurs mois, selon les informations confirm\u00e9es par le parquet de Lorient.<\/p>\n<p style=\"text-align: justify;\">Rapidement, des collectifs de la gauche loyaliste (Solidaires 56, LDH, Planning familial local, etc.) ont relay\u00e9 l\u2019affaire, organisant une marche blanche pr\u00e9vue samedi. Rien, en revanche, sur les deux policiers bless\u00e9s ni sur le contexte : l\u2019homme avait refus\u00e9 \u00e0 plusieurs reprises de d\u00e9poser son arme malgr\u00e9 les sommations et les tirs de taser inefficaces. En Bretagne, la gauche radicale fran\u00e7aise prend syst\u00e9matiquement le parti des ennemis du peuple breton d\u00e8s qu\u2019il s&rsquo;agit d&rsquo;\u00e9trangers, m\u00eame arm\u00e9s et d\u00e9termin\u00e9s \u00e0 tuer. Il est temps que les Bretons sortent du silence, car cette gauche fran\u00e7aise menace d\u00e9sormais ouvertement l&rsquo;avenir de la Bretagne et de nos enfants.<\/p>\n<p style=\"text-align: right;\"><strong>Budig Gourmaelon<\/strong><\/p>\n","protected":false},"excerpt":{"rendered":"<p>\u00c0 An Orient (Lorient), rue de Larmor, une banderole a \u00e9t\u00e9 accroch\u00e9e \u00a0: \u00ab Mohamed, ce sourire \u00e9tait sa signature \u00bb. Elle rend hommage \u00e0 Mohammed Hmadi Hamed, 23 ans, un allog\u00e8ne soudanais, tu\u00e9 par la police le 10 novembre 2025 apr\u00e8s avoir menac\u00e9 des agents avec un couteau de 20 cm lors d\u2019une intervention [&hellip;]<\/p>\n","protected":false},"author":1,"featured_media":5040,"comment_status":"open","ping_status":"open","sticky":false,"template":"","format":"standard","meta":{"sb_editor_width":"","footnotes":""},"categories":[36,33,40,65],"tags":[],"class_list":["post-5039","post","type-post","status-publish","format-standard","has-post-thumbnail","hentry","category-extreme-gauche","category-immigration","category-morbihan","category-principale"],"relative_dates":{"created":"5 mois ago","modified":"5 mois ago"},"yoast_head":"<!-- This site is optimized with the Yoast SEO plugin v26.3 - https:\/\/yoast.com\/wordpress\/plugins\/seo\/ -->\n<title>Lorient : une banderole en hommage au criminel soudanais abattu par la police - STOURM<\/title>\n<meta name=\"robots\" content=\"index, follow, max-snippet:-1, max-image-preview:large, max-video-preview:-1\" \/>\n<link rel=\"canonical\" href=\"https:\/\/stourm.news\/?p=5039\" \/>\n<meta property=\"og:locale\" content=\"fr_FR\" \/>\n<meta property=\"og:type\" content=\"article\" \/>\n<meta property=\"og:title\" content=\"Lorient : une banderole en hommage au criminel soudanais abattu par la police - STOURM\" \/>\n<meta property=\"og:description\" content=\"\u00c0 An Orient (Lorient), rue de Larmor, une banderole a \u00e9t\u00e9 accroch\u00e9e \u00a0: \u00ab Mohamed, ce sourire \u00e9tait sa signature \u00bb. Elle rend hommage \u00e0 Mohammed Hmadi Hamed, 23 ans, un allog\u00e8ne soudanais, tu\u00e9 par la police le 10 novembre 2025 apr\u00e8s avoir menac\u00e9 des agents avec un couteau de 20 cm lors d\u2019une intervention [&hellip;]\" \/>\n<meta property=\"og:url\" content=\"https:\/\/stourm.news\/?p=5039\" \/>\n<meta property=\"og:site_name\" content=\"STOURM\" \/>\n<meta property=\"article:publisher\" content=\"https:\/\/www.facebook.com\/stourmnews\/\" \/>\n<meta property=\"article:published_time\" content=\"2025-11-17T15:41:30+00:00\" \/>\n<meta name=\"author\" content=\"La r\u00e9daction\" \/>\n<meta name=\"twitter:card\" content=\"summary_large_image\" \/>\n<meta name=\"twitter:label1\" content=\"\u00c9crit par\" \/>\n\t<meta name=\"twitter:data1\" content=\"La r\u00e9daction\" \/>\n\t<meta name=\"twitter:label2\" content=\"Dur\u00e9e de lecture estim\u00e9e\" \/>\n\t<meta name=\"twitter:data2\" content=\"1 minute\" \/>\n<script type=\"application\/ld+json\" class=\"yoast-schema-graph\">{\"@context\":\"https:\/\/schema.org\",\"@graph\":[{\"@type\":\"Article\",\"@id\":\"https:\/\/stourm.news\/?p=5039#article\",\"isPartOf\":{\"@id\":\"https:\/\/stourm.news\/?p=5039\"},\"author\":{\"name\":\"La r\u00e9daction\",\"@id\":\"https:\/\/stourm.news\/#\/schema\/person\/c3e1dc65988632e190969234ef046cf9\"},\"headline\":\"Lorient : une banderole en hommage au criminel soudanais abattu par la police\",\"datePublished\":\"2025-11-17T15:41:30+00:00\",\"mainEntityOfPage\":{\"@id\":\"https:\/\/stourm.news\/?p=5039\"},\"wordCount\":223,\"commentCount\":0,\"publisher\":{\"@id\":\"https:\/\/stourm.news\/#organization\"},\"image\":{\"@id\":\"https:\/\/stourm.news\/?p=5039#primaryimage\"},\"thumbnailUrl\":\"https:\/\/stourm.news\/wp-content\/uploads\/2025\/11\/691b160c02a253eb91051871.1.webp\",\"articleSection\":[\"Extr\u00eame-gauche\",\"Immigration\",\"Morbihan\",\"Principale\"],\"inLanguage\":\"fr-FR\",\"potentialAction\":[{\"@type\":\"CommentAction\",\"name\":\"Comment\",\"target\":[\"https:\/\/stourm.news\/?p=5039#respond\"]}]},{\"@type\":\"WebPage\",\"@id\":\"https:\/\/stourm.news\/?p=5039\",\"url\":\"https:\/\/stourm.news\/?p=5039\",\"name\":\"Lorient : une banderole en hommage au criminel soudanais abattu par la police - STOURM\",\"isPartOf\":{\"@id\":\"https:\/\/stourm.news\/#website\"},\"primaryImageOfPage\":{\"@id\":\"https:\/\/stourm.news\/?p=5039#primaryimage\"},\"image\":{\"@id\":\"https:\/\/stourm.news\/?p=5039#primaryimage\"},\"thumbnailUrl\":\"https:\/\/stourm.news\/wp-content\/uploads\/2025\/11\/691b160c02a253eb91051871.1.webp\",\"datePublished\":\"2025-11-17T15:41:30+00:00\",\"breadcrumb\":{\"@id\":\"https:\/\/stourm.news\/?p=5039#breadcrumb\"},\"inLanguage\":\"fr-FR\",\"potentialAction\":[{\"@type\":\"ReadAction\",\"target\":[\"https:\/\/stourm.news\/?p=5039\"]}]},{\"@type\":\"ImageObject\",\"inLanguage\":\"fr-FR\",\"@id\":\"https:\/\/stourm.news\/?p=5039#primaryimage\",\"url\":\"https:\/\/stourm.news\/wp-content\/uploads\/2025\/11\/691b160c02a253eb91051871.1.webp\",\"contentUrl\":\"https:\/\/stourm.news\/wp-content\/uploads\/2025\/11\/691b160c02a253eb91051871.1.webp\",\"width\":1200,\"height\":750},{\"@type\":\"BreadcrumbList\",\"@id\":\"https:\/\/stourm.news\/?p=5039#breadcrumb\",\"itemListElement\":[{\"@type\":\"ListItem\",\"position\":1,\"name\":\"Accueil\",\"item\":\"https:\/\/stourm.news\/\"},{\"@type\":\"ListItem\",\"position\":2,\"name\":\"Lorient : une banderole en hommage au criminel soudanais abattu par la police\"}]},{\"@type\":\"WebSite\",\"@id\":\"https:\/\/stourm.news\/#website\",\"url\":\"https:\/\/stourm.news\/\",\"name\":\"Stourm\",\"description\":\"Kazetenn Strollad Broadel Breizh\",\"publisher\":{\"@id\":\"https:\/\/stourm.news\/#organization\"},\"potentialAction\":[{\"@type\":\"SearchAction\",\"target\":{\"@type\":\"EntryPoint\",\"urlTemplate\":\"https:\/\/stourm.news\/?s={search_term_string}\"},\"query-input\":{\"@type\":\"PropertyValueSpecification\",\"valueRequired\":true,\"valueName\":\"search_term_string\"}}],\"inLanguage\":\"fr-FR\"},{\"@type\":\"Organization\",\"@id\":\"https:\/\/stourm.news\/#organization\",\"name\":\"Stourm\",\"url\":\"https:\/\/stourm.news\/\",\"logo\":{\"@type\":\"ImageObject\",\"inLanguage\":\"fr-FR\",\"@id\":\"https:\/\/stourm.news\/#\/schema\/logo\/image\/\",\"url\":\"https:\/\/stourm.news\/wp-content\/uploads\/2025\/11\/cropped-Capture-decran-2025-11-28-a-15.19.07.png\",\"contentUrl\":\"https:\/\/stourm.news\/wp-content\/uploads\/2025\/11\/cropped-Capture-decran-2025-11-28-a-15.19.07.png\",\"width\":1855,\"height\":383,\"caption\":\"Stourm\"},\"image\":{\"@id\":\"https:\/\/stourm.news\/#\/schema\/logo\/image\/\"},\"sameAs\":[\"https:\/\/www.facebook.com\/stourmnews\/\"]},{\"@type\":\"Person\",\"@id\":\"https:\/\/stourm.news\/#\/schema\/person\/c3e1dc65988632e190969234ef046cf9\",\"name\":\"La r\u00e9daction\",\"image\":{\"@type\":\"ImageObject\",\"inLanguage\":\"fr-FR\",\"@id\":\"https:\/\/stourm.news\/#\/schema\/person\/image\/\",\"url\":\"https:\/\/secure.gravatar.com\/avatar\/7463443f194b6b5fb706b074ca0ef59a0cfcfd720cb47764b0ec5a952ce422b3?s=96&d=mm&r=g\",\"contentUrl\":\"https:\/\/secure.gravatar.com\/avatar\/7463443f194b6b5fb706b074ca0ef59a0cfcfd720cb47764b0ec5a952ce422b3?s=96&d=mm&r=g\",\"caption\":\"La r\u00e9daction\"},\"sameAs\":[\"https:\/\/stourm.news\"],\"url\":\"https:\/\/stourm.news\/?author=1\"}]}<\/script>\n<!-- \/ Yoast SEO plugin. -->","yoast_head_json":{"title":"Lorient : une banderole en hommage au criminel soudanais abattu par la police - STOURM","robots":{"index":"index","follow":"follow","max-snippet":"max-snippet:-1","max-image-preview":"max-image-preview:large","max-video-preview":"max-video-preview:-1"},"canonical":"https:\/\/stourm.news\/?p=5039","og_locale":"fr_FR","og_type":"article","og_title":"Lorient : une banderole en hommage au criminel soudanais abattu par la police - STOURM","og_description":"\u00c0 An Orient (Lorient), rue de Larmor, une banderole a \u00e9t\u00e9 accroch\u00e9e \u00a0: \u00ab Mohamed, ce sourire \u00e9tait sa signature \u00bb. Elle rend hommage \u00e0 Mohammed Hmadi Hamed, 23 ans, un allog\u00e8ne soudanais, tu\u00e9 par la police le 10 novembre 2025 apr\u00e8s avoir menac\u00e9 des agents avec un couteau de 20 cm lors d\u2019une intervention [&hellip;]","og_url":"https:\/\/stourm.news\/?p=5039","og_site_name":"STOURM","article_publisher":"https:\/\/www.facebook.com\/stourmnews\/","article_published_time":"2025-11-17T15:41:30+00:00","author":"La r\u00e9daction","twitter_card":"summary_large_image","twitter_misc":{"\u00c9crit par":"La r\u00e9daction","Dur\u00e9e de lecture estim\u00e9e":"1 minute"},"schema":{"@context":"https:\/\/schema.org","@graph":[{"@type":"Article","@id":"https:\/\/stourm.news\/?p=5039#article","isPartOf":{"@id":"https:\/\/stourm.news\/?p=5039"},"author":{"name":"La r\u00e9daction","@id":"https:\/\/stourm.news\/#\/schema\/person\/c3e1dc65988632e190969234ef046cf9"},"headline":"Lorient : une banderole en hommage au criminel soudanais abattu par la police","datePublished":"2025-11-17T15:41:30+00:00","mainEntityOfPage":{"@id":"https:\/\/stourm.news\/?p=5039"},"wordCount":223,"commentCount":0,"publisher":{"@id":"https:\/\/stourm.news\/#organization"},"image":{"@id":"https:\/\/stourm.news\/?p=5039#primaryimage"},"thumbnailUrl":"https:\/\/stourm.news\/wp-content\/uploads\/2025\/11\/691b160c02a253eb91051871.1.webp","articleSection":["Extr\u00eame-gauche","Immigration","Morbihan","Principale"],"inLanguage":"fr-FR","potentialAction":[{"@type":"CommentAction","name":"Comment","target":["https:\/\/stourm.news\/?p=5039#respond"]}]},{"@type":"WebPage","@id":"https:\/\/stourm.news\/?p=5039","url":"https:\/\/stourm.news\/?p=5039","name":"Lorient : une banderole en hommage au criminel soudanais abattu par la police - STOURM","isPartOf":{"@id":"https:\/\/stourm.news\/#website"},"primaryImageOfPage":{"@id":"https:\/\/stourm.news\/?p=5039#primaryimage"},"image":{"@id":"https:\/\/stourm.news\/?p=5039#primaryimage"},"thumbnailUrl":"https:\/\/stourm.news\/wp-content\/uploads\/2025\/11\/691b160c02a253eb91051871.1.webp","datePublished":"2025-11-17T15:41:30+00:00","breadcrumb":{"@id":"https:\/\/stourm.news\/?p=5039#breadcrumb"},"inLanguage":"fr-FR","potentialAction":[{"@type":"ReadAction","target":["https:\/\/stourm.news\/?p=5039"]}]},{"@type":"ImageObject","inLanguage":"fr-FR","@id":"https:\/\/stourm.news\/?p=5039#primaryimage","url":"https:\/\/stourm.news\/wp-content\/uploads\/2025\/11\/691b160c02a253eb91051871.1.webp","contentUrl":"https:\/\/stourm.news\/wp-content\/uploads\/2025\/11\/691b160c02a253eb91051871.1.webp","width":1200,"height":750},{"@type":"BreadcrumbList","@id":"https:\/\/stourm.news\/?p=5039#breadcrumb","itemListElement":[{"@type":"ListItem","position":1,"name":"Accueil","item":"https:\/\/stourm.news\/"},{"@type":"ListItem","position":2,"name":"Lorient : une banderole en hommage au criminel soudanais abattu par la police"}]},{"@type":"WebSite","@id":"https:\/\/stourm.news\/#website","url":"https:\/\/stourm.news\/","name":"Stourm","description":"Kazetenn Strollad Broadel Breizh","publisher":{"@id":"https:\/\/stourm.news\/#organization"},"potentialAction":[{"@type":"SearchAction","target":{"@type":"EntryPoint","urlTemplate":"https:\/\/stourm.news\/?s={search_term_string}"},"query-input":{"@type":"PropertyValueSpecification","valueRequired":true,"valueName":"search_term_string"}}],"inLanguage":"fr-FR"},{"@type":"Organization","@id":"https:\/\/stourm.news\/#organization","name":"Stourm","url":"https:\/\/stourm.news\/","logo":{"@type":"ImageObject","inLanguage":"fr-FR","@id":"https:\/\/stourm.news\/#\/schema\/logo\/image\/","url":"https:\/\/stourm.news\/wp-content\/uploads\/2025\/11\/cropped-Capture-decran-2025-11-28-a-15.19.07.png","contentUrl":"https:\/\/stourm.news\/wp-content\/uploads\/2025\/11\/cropped-Capture-decran-2025-11-28-a-15.19.07.png","width":1855,"height":383,"caption":"Stourm"},"image":{"@id":"https:\/\/stourm.news\/#\/schema\/logo\/image\/"},"sameAs":["https:\/\/www.facebook.com\/stourmnews\/"]},{"@type":"Person","@id":"https:\/\/stourm.news\/#\/schema\/person\/c3e1dc65988632e190969234ef046cf9","name":"La r\u00e9daction","image":{"@type":"ImageObject","inLanguage":"fr-FR","@id":"https:\/\/stourm.news\/#\/schema\/person\/image\/","url":"https:\/\/secure.gravatar.com\/avatar\/7463443f194b6b5fb706b074ca0ef59a0cfcfd720cb47764b0ec5a952ce422b3?s=96&d=mm&r=g","contentUrl":"https:\/\/secure.gravatar.com\/avatar\/7463443f194b6b5fb706b074ca0ef59a0cfcfd720cb47764b0ec5a952ce422b3?s=96&d=mm&r=g","caption":"La r\u00e9daction"},"sameAs":["https:\/\/stourm.news"],"url":"https:\/\/stourm.news\/?author=1"}]}},"_links":{"self":[{"href":"https:\/\/stourm.news\/index.php?rest_route=\/wp\/v2\/posts\/5039","targetHints":{"allow":["GET"]}}],"collection":[{"href":"https:\/\/stourm.news\/index.php?rest_route=\/wp\/v2\/posts"}],"about":[{"href":"https:\/\/stourm.news\/index.php?rest_route=\/wp\/v2\/types\/post"}],"author":[{"embeddable":true,"href":"https:\/\/stourm.news\/index.php?rest_route=\/wp\/v2\/users\/1"}],"replies":[{"embeddable":true,"href":"https:\/\/stourm.news\/index.php?rest_route=%2Fwp%2Fv2%2Fcomments&post=5039"}],"version-history":[{"count":1,"href":"https:\/\/stourm.news\/index.php?rest_route=\/wp\/v2\/posts\/5039\/revisions"}],"predecessor-version":[{"id":5041,"href":"https:\/\/stourm.news\/index.php?rest_route=\/wp\/v2\/posts\/5039\/revisions\/5041"}],"wp:featuredmedia":[{"embeddable":true,"href":"https:\/\/stourm.news\/index.php?rest_route=\/wp\/v2\/media\/5040"}],"wp:attachment":[{"href":"https:\/\/stourm.news\/index.php?rest_route=%2Fwp%2Fv2%2Fmedia&parent=5039"}],"wp:term":[{"taxonomy":"category","embeddable":true,"href":"https:\/\/stourm.news\/index.php?rest_route=%2Fwp%2Fv2%2Fcategories&post=5039"},{"taxonomy":"post_tag","embeddable":true,"href":"https:\/\/stourm.news\/index.php?rest_route=%2Fwp%2Fv2%2Ftags&post=5039"}],"curies":[{"name":"wp","href":"https:\/\/api.w.org\/{rel}","templated":true}]}}