{"id":5042,"date":"2025-11-19T05:07:27","date_gmt":"2025-11-19T05:07:27","guid":{"rendered":"https:\/\/stourm.news\/?p=5042"},"modified":"2025-11-19T05:47:13","modified_gmt":"2025-11-19T05:47:13","slug":"kemper-quimper-un-magistrat-retraite-assassine-a-larme-blanche-chez-lui","status":"publish","type":"post","link":"https:\/\/stourm.news\/?p=5042","title":{"rendered":"Kemper (Quimper) : un magistrat retrait\u00e9 assassin\u00e9 \u00e0 l&rsquo;arme blanche chez lui"},"content":{"rendered":"<p style=\"text-align: justify;\">\u00c9ric S\u00e9v\u00e8re-Jolivet, magistrat de 61 ans retrait\u00e9 depuis le 1er janvier 2025, a \u00e9t\u00e9 retrouv\u00e9 mort \u00e0 son domicile dimanche 17 novembre. L\u2019autopsie r\u00e9alis\u00e9e mardi 18 novembre a \u00e9tabli que le d\u00e9c\u00e8s r\u00e9sulte de plusieurs plaies par arme blanche. L\u2019intervention d\u2019un tiers constitue l\u2019hypoth\u00e8se principale indique <strong><a href=\"https:\/\/www.leparisien.fr\/faits-divers\/quimper-un-magistrat-a-la-retraite-tue-par-arme-blanche-a-son-domicile-18-11-2025-MDL6UZUOHNDJXKDLPTPBQZOFGU.php\">Le Parisien<\/a><\/strong>.<\/p>\n<p style=\"text-align: justify;\">Le corps a \u00e9t\u00e9 d\u00e9couvert au rez-de-chauss\u00e9e de la maison individuelle situ\u00e9e dans un quartier r\u00e9sidentiel de Quimper. Aucun signe d\u2019effraction n\u2019a \u00e9t\u00e9 constat\u00e9. Les pi\u00e8ces d\u2019identit\u00e9 de la victime ont disparu. Le v\u00e9hicule personnel d\u2019\u00c9ric S\u00e9v\u00e8re-Jolivet, une Peugeot 308, a \u00e9t\u00e9 retrouv\u00e9 accident\u00e9 \u00e0 proximit\u00e9, dans une rue perpendiculaire, sans occupant.Parcours professionnel connu : commis greffier, entr\u00e9e \u00e0 l\u2019\u00c9cole nationale de la magistrature, juge des enfants \u00e0 Brest, juge d\u2019instruction \u00e0 Cayenne (Guyane), formateur \u00e0 l\u2019ENM, vice-pr\u00e9sident au tribunal de Papeete (Polyn\u00e9sie fran\u00e7aise), substitut g\u00e9n\u00e9ral au parquet g\u00e9n\u00e9ral de Paris, puis avocat g\u00e9n\u00e9ral \u00e0 la cour d\u2019appel de Rennes jusqu\u2019\u00e0 son d\u00e9part \u00e0 la retraite.<\/p>\n<p style=\"text-align: justify;\">Le parquet de Quimper a ouvert une enqu\u00eate pour homicide volontaire. Les investigations sont confi\u00e9es \u00e0 la Division de la criminalit\u00e9 organis\u00e9e et sp\u00e9cialis\u00e9e (DCOS, ex-PJ) de Rennes, en co-saisine avec la brigade de s\u00fbret\u00e9 urbaine de Quimper. Des investigations techniques et scientifiques sont en cours sur le lieu du crime et sur le v\u00e9hicule retrouv\u00e9.Aucune interpellation n\u2019a eu lieu \u00e0 ce stade. Toutes les pistes restent ouvertes. Le parquet a indiqu\u00e9 qu\u2019aucune hypoth\u00e8se n\u2019est privil\u00e9gi\u00e9e concernant le mobile.<\/p>\n","protected":false},"excerpt":{"rendered":"<p>\u00c9ric S\u00e9v\u00e8re-Jolivet, magistrat de 61 ans retrait\u00e9 depuis le 1er janvier 2025, a \u00e9t\u00e9 retrouv\u00e9 mort \u00e0 son domicile dimanche 17 novembre. L\u2019autopsie r\u00e9alis\u00e9e mardi 18 novembre a \u00e9tabli que le d\u00e9c\u00e8s r\u00e9sulte de plusieurs plaies par arme blanche. L\u2019intervention d\u2019un tiers constitue l\u2019hypoth\u00e8se principale indique Le Parisien. Le corps a \u00e9t\u00e9 d\u00e9couvert au rez-de-chauss\u00e9e [&hellip;]<\/p>\n","protected":false},"author":1,"featured_media":5043,"comment_status":"open","ping_status":"open","sticky":false,"template":"","format":"standard","meta":{"sb_editor_width":"","footnotes":""},"categories":[38,37,65,62],"tags":[],"class_list":["post-5042","post","type-post","status-publish","format-standard","has-post-thumbnail","hentry","category-finistere","category-homicide","category-principale","category-revue-de-presse"],"relative_dates":{"created":"5 mois ago","modified":"5 mois ago"},"yoast_head":"<!-- This site is optimized with the Yoast SEO plugin v26.3 - https:\/\/yoast.com\/wordpress\/plugins\/seo\/ -->\n<title>Kemper (Quimper) : un magistrat retrait\u00e9 assassin\u00e9 \u00e0 l&#039;arme blanche chez lui - STOURM<\/title>\n<meta name=\"robots\" content=\"index, follow, max-snippet:-1, max-image-preview:large, max-video-preview:-1\" \/>\n<link rel=\"canonical\" href=\"https:\/\/stourm.news\/?p=5042\" \/>\n<meta property=\"og:locale\" content=\"fr_FR\" \/>\n<meta property=\"og:type\" content=\"article\" \/>\n<meta property=\"og:title\" content=\"Kemper (Quimper) : un magistrat retrait\u00e9 assassin\u00e9 \u00e0 l&#039;arme blanche chez lui - STOURM\" \/>\n<meta property=\"og:description\" content=\"\u00c9ric S\u00e9v\u00e8re-Jolivet, magistrat de 61 ans retrait\u00e9 depuis le 1er janvier 2025, a \u00e9t\u00e9 retrouv\u00e9 mort \u00e0 son domicile dimanche 17 novembre. L\u2019autopsie r\u00e9alis\u00e9e mardi 18 novembre a \u00e9tabli que le d\u00e9c\u00e8s r\u00e9sulte de plusieurs plaies par arme blanche. L\u2019intervention d\u2019un tiers constitue l\u2019hypoth\u00e8se principale indique Le Parisien. Le corps a \u00e9t\u00e9 d\u00e9couvert au rez-de-chauss\u00e9e [&hellip;]\" \/>\n<meta property=\"og:url\" content=\"https:\/\/stourm.news\/?p=5042\" \/>\n<meta property=\"og:site_name\" content=\"STOURM\" \/>\n<meta property=\"article:publisher\" content=\"https:\/\/www.facebook.com\/stourmnews\/\" \/>\n<meta property=\"article:published_time\" content=\"2025-11-19T05:07:27+00:00\" \/>\n<meta property=\"article:modified_time\" content=\"2025-11-19T05:47:13+00:00\" \/>\n<meta property=\"og:image\" content=\"https:\/\/stourm.news\/wp-content\/uploads\/2025\/11\/visiter-quimper-que-voir-a-quimper.jpg\" \/>\n\t<meta property=\"og:image:width\" content=\"1500\" \/>\n\t<meta property=\"og:image:height\" content=\"1000\" \/>\n\t<meta property=\"og:image:type\" content=\"image\/jpeg\" \/>\n<meta name=\"author\" content=\"La r\u00e9daction\" \/>\n<meta name=\"twitter:card\" content=\"summary_large_image\" \/>\n<meta name=\"twitter:label1\" content=\"\u00c9crit par\" \/>\n\t<meta name=\"twitter:data1\" content=\"La r\u00e9daction\" \/>\n\t<meta name=\"twitter:label2\" content=\"Dur\u00e9e de lecture estim\u00e9e\" \/>\n\t<meta name=\"twitter:data2\" content=\"2 minutes\" \/>\n<script type=\"application\/ld+json\" class=\"yoast-schema-graph\">{\"@context\":\"https:\/\/schema.org\",\"@graph\":[{\"@type\":\"Article\",\"@id\":\"https:\/\/stourm.news\/?p=5042#article\",\"isPartOf\":{\"@id\":\"https:\/\/stourm.news\/?p=5042\"},\"author\":{\"name\":\"La r\u00e9daction\",\"@id\":\"https:\/\/stourm.news\/#\/schema\/person\/c3e1dc65988632e190969234ef046cf9\"},\"headline\":\"Kemper (Quimper) : un magistrat retrait\u00e9 assassin\u00e9 \u00e0 l&rsquo;arme blanche chez lui\",\"datePublished\":\"2025-11-19T05:07:27+00:00\",\"dateModified\":\"2025-11-19T05:47:13+00:00\",\"mainEntityOfPage\":{\"@id\":\"https:\/\/stourm.news\/?p=5042\"},\"wordCount\":282,\"commentCount\":0,\"publisher\":{\"@id\":\"https:\/\/stourm.news\/#organization\"},\"image\":{\"@id\":\"https:\/\/stourm.news\/?p=5042#primaryimage\"},\"thumbnailUrl\":\"https:\/\/stourm.news\/wp-content\/uploads\/2025\/11\/visiter-quimper-que-voir-a-quimper.jpg\",\"articleSection\":[\"Finist\u00e8re\",\"Homicide\",\"Principale\",\"Revue de presse\"],\"inLanguage\":\"fr-FR\",\"potentialAction\":[{\"@type\":\"CommentAction\",\"name\":\"Comment\",\"target\":[\"https:\/\/stourm.news\/?p=5042#respond\"]}]},{\"@type\":\"WebPage\",\"@id\":\"https:\/\/stourm.news\/?p=5042\",\"url\":\"https:\/\/stourm.news\/?p=5042\",\"name\":\"Kemper (Quimper) : un magistrat retrait\u00e9 assassin\u00e9 \u00e0 l'arme blanche chez lui - STOURM\",\"isPartOf\":{\"@id\":\"https:\/\/stourm.news\/#website\"},\"primaryImageOfPage\":{\"@id\":\"https:\/\/stourm.news\/?p=5042#primaryimage\"},\"image\":{\"@id\":\"https:\/\/stourm.news\/?p=5042#primaryimage\"},\"thumbnailUrl\":\"https:\/\/stourm.news\/wp-content\/uploads\/2025\/11\/visiter-quimper-que-voir-a-quimper.jpg\",\"datePublished\":\"2025-11-19T05:07:27+00:00\",\"dateModified\":\"2025-11-19T05:47:13+00:00\",\"breadcrumb\":{\"@id\":\"https:\/\/stourm.news\/?p=5042#breadcrumb\"},\"inLanguage\":\"fr-FR\",\"potentialAction\":[{\"@type\":\"ReadAction\",\"target\":[\"https:\/\/stourm.news\/?p=5042\"]}]},{\"@type\":\"ImageObject\",\"inLanguage\":\"fr-FR\",\"@id\":\"https:\/\/stourm.news\/?p=5042#primaryimage\",\"url\":\"https:\/\/stourm.news\/wp-content\/uploads\/2025\/11\/visiter-quimper-que-voir-a-quimper.jpg\",\"contentUrl\":\"https:\/\/stourm.news\/wp-content\/uploads\/2025\/11\/visiter-quimper-que-voir-a-quimper.jpg\",\"width\":1500,\"height\":1000},{\"@type\":\"BreadcrumbList\",\"@id\":\"https:\/\/stourm.news\/?p=5042#breadcrumb\",\"itemListElement\":[{\"@type\":\"ListItem\",\"position\":1,\"name\":\"Accueil\",\"item\":\"https:\/\/stourm.news\/\"},{\"@type\":\"ListItem\",\"position\":2,\"name\":\"Kemper (Quimper) : un magistrat retrait\u00e9 assassin\u00e9 \u00e0 l&rsquo;arme blanche chez lui\"}]},{\"@type\":\"WebSite\",\"@id\":\"https:\/\/stourm.news\/#website\",\"url\":\"https:\/\/stourm.news\/\",\"name\":\"Stourm\",\"description\":\"Kazetenn Strollad Broadel Breizh\",\"publisher\":{\"@id\":\"https:\/\/stourm.news\/#organization\"},\"potentialAction\":[{\"@type\":\"SearchAction\",\"target\":{\"@type\":\"EntryPoint\",\"urlTemplate\":\"https:\/\/stourm.news\/?s={search_term_string}\"},\"query-input\":{\"@type\":\"PropertyValueSpecification\",\"valueRequired\":true,\"valueName\":\"search_term_string\"}}],\"inLanguage\":\"fr-FR\"},{\"@type\":\"Organization\",\"@id\":\"https:\/\/stourm.news\/#organization\",\"name\":\"Stourm\",\"url\":\"https:\/\/stourm.news\/\",\"logo\":{\"@type\":\"ImageObject\",\"inLanguage\":\"fr-FR\",\"@id\":\"https:\/\/stourm.news\/#\/schema\/logo\/image\/\",\"url\":\"https:\/\/stourm.news\/wp-content\/uploads\/2025\/11\/cropped-Capture-decran-2025-11-28-a-15.19.07.png\",\"contentUrl\":\"https:\/\/stourm.news\/wp-content\/uploads\/2025\/11\/cropped-Capture-decran-2025-11-28-a-15.19.07.png\",\"width\":1855,\"height\":383,\"caption\":\"Stourm\"},\"image\":{\"@id\":\"https:\/\/stourm.news\/#\/schema\/logo\/image\/\"},\"sameAs\":[\"https:\/\/www.facebook.com\/stourmnews\/\"]},{\"@type\":\"Person\",\"@id\":\"https:\/\/stourm.news\/#\/schema\/person\/c3e1dc65988632e190969234ef046cf9\",\"name\":\"La r\u00e9daction\",\"image\":{\"@type\":\"ImageObject\",\"inLanguage\":\"fr-FR\",\"@id\":\"https:\/\/stourm.news\/#\/schema\/person\/image\/\",\"url\":\"https:\/\/secure.gravatar.com\/avatar\/7463443f194b6b5fb706b074ca0ef59a0cfcfd720cb47764b0ec5a952ce422b3?s=96&d=mm&r=g\",\"contentUrl\":\"https:\/\/secure.gravatar.com\/avatar\/7463443f194b6b5fb706b074ca0ef59a0cfcfd720cb47764b0ec5a952ce422b3?s=96&d=mm&r=g\",\"caption\":\"La r\u00e9daction\"},\"sameAs\":[\"https:\/\/stourm.news\"],\"url\":\"https:\/\/stourm.news\/?author=1\"}]}<\/script>\n<!-- \/ Yoast SEO plugin. -->","yoast_head_json":{"title":"Kemper (Quimper) : un magistrat retrait\u00e9 assassin\u00e9 \u00e0 l'arme blanche chez lui - STOURM","robots":{"index":"index","follow":"follow","max-snippet":"max-snippet:-1","max-image-preview":"max-image-preview:large","max-video-preview":"max-video-preview:-1"},"canonical":"https:\/\/stourm.news\/?p=5042","og_locale":"fr_FR","og_type":"article","og_title":"Kemper (Quimper) : un magistrat retrait\u00e9 assassin\u00e9 \u00e0 l'arme blanche chez lui - STOURM","og_description":"\u00c9ric S\u00e9v\u00e8re-Jolivet, magistrat de 61 ans retrait\u00e9 depuis le 1er janvier 2025, a \u00e9t\u00e9 retrouv\u00e9 mort \u00e0 son domicile dimanche 17 novembre. L\u2019autopsie r\u00e9alis\u00e9e mardi 18 novembre a \u00e9tabli que le d\u00e9c\u00e8s r\u00e9sulte de plusieurs plaies par arme blanche. L\u2019intervention d\u2019un tiers constitue l\u2019hypoth\u00e8se principale indique Le Parisien. Le corps a \u00e9t\u00e9 d\u00e9couvert au rez-de-chauss\u00e9e [&hellip;]","og_url":"https:\/\/stourm.news\/?p=5042","og_site_name":"STOURM","article_publisher":"https:\/\/www.facebook.com\/stourmnews\/","article_published_time":"2025-11-19T05:07:27+00:00","article_modified_time":"2025-11-19T05:47:13+00:00","og_image":[{"width":1500,"height":1000,"url":"https:\/\/stourm.news\/wp-content\/uploads\/2025\/11\/visiter-quimper-que-voir-a-quimper.jpg","type":"image\/jpeg"}],"author":"La r\u00e9daction","twitter_card":"summary_large_image","twitter_misc":{"\u00c9crit par":"La r\u00e9daction","Dur\u00e9e de lecture estim\u00e9e":"2 minutes"},"schema":{"@context":"https:\/\/schema.org","@graph":[{"@type":"Article","@id":"https:\/\/stourm.news\/?p=5042#article","isPartOf":{"@id":"https:\/\/stourm.news\/?p=5042"},"author":{"name":"La r\u00e9daction","@id":"https:\/\/stourm.news\/#\/schema\/person\/c3e1dc65988632e190969234ef046cf9"},"headline":"Kemper (Quimper) : un magistrat retrait\u00e9 assassin\u00e9 \u00e0 l&rsquo;arme blanche chez lui","datePublished":"2025-11-19T05:07:27+00:00","dateModified":"2025-11-19T05:47:13+00:00","mainEntityOfPage":{"@id":"https:\/\/stourm.news\/?p=5042"},"wordCount":282,"commentCount":0,"publisher":{"@id":"https:\/\/stourm.news\/#organization"},"image":{"@id":"https:\/\/stourm.news\/?p=5042#primaryimage"},"thumbnailUrl":"https:\/\/stourm.news\/wp-content\/uploads\/2025\/11\/visiter-quimper-que-voir-a-quimper.jpg","articleSection":["Finist\u00e8re","Homicide","Principale","Revue de presse"],"inLanguage":"fr-FR","potentialAction":[{"@type":"CommentAction","name":"Comment","target":["https:\/\/stourm.news\/?p=5042#respond"]}]},{"@type":"WebPage","@id":"https:\/\/stourm.news\/?p=5042","url":"https:\/\/stourm.news\/?p=5042","name":"Kemper (Quimper) : un magistrat retrait\u00e9 assassin\u00e9 \u00e0 l'arme blanche chez lui - STOURM","isPartOf":{"@id":"https:\/\/stourm.news\/#website"},"primaryImageOfPage":{"@id":"https:\/\/stourm.news\/?p=5042#primaryimage"},"image":{"@id":"https:\/\/stourm.news\/?p=5042#primaryimage"},"thumbnailUrl":"https:\/\/stourm.news\/wp-content\/uploads\/2025\/11\/visiter-quimper-que-voir-a-quimper.jpg","datePublished":"2025-11-19T05:07:27+00:00","dateModified":"2025-11-19T05:47:13+00:00","breadcrumb":{"@id":"https:\/\/stourm.news\/?p=5042#breadcrumb"},"inLanguage":"fr-FR","potentialAction":[{"@type":"ReadAction","target":["https:\/\/stourm.news\/?p=5042"]}]},{"@type":"ImageObject","inLanguage":"fr-FR","@id":"https:\/\/stourm.news\/?p=5042#primaryimage","url":"https:\/\/stourm.news\/wp-content\/uploads\/2025\/11\/visiter-quimper-que-voir-a-quimper.jpg","contentUrl":"https:\/\/stourm.news\/wp-content\/uploads\/2025\/11\/visiter-quimper-que-voir-a-quimper.jpg","width":1500,"height":1000},{"@type":"BreadcrumbList","@id":"https:\/\/stourm.news\/?p=5042#breadcrumb","itemListElement":[{"@type":"ListItem","position":1,"name":"Accueil","item":"https:\/\/stourm.news\/"},{"@type":"ListItem","position":2,"name":"Kemper (Quimper) : un magistrat retrait\u00e9 assassin\u00e9 \u00e0 l&rsquo;arme blanche chez lui"}]},{"@type":"WebSite","@id":"https:\/\/stourm.news\/#website","url":"https:\/\/stourm.news\/","name":"Stourm","description":"Kazetenn Strollad Broadel Breizh","publisher":{"@id":"https:\/\/stourm.news\/#organization"},"potentialAction":[{"@type":"SearchAction","target":{"@type":"EntryPoint","urlTemplate":"https:\/\/stourm.news\/?s={search_term_string}"},"query-input":{"@type":"PropertyValueSpecification","valueRequired":true,"valueName":"search_term_string"}}],"inLanguage":"fr-FR"},{"@type":"Organization","@id":"https:\/\/stourm.news\/#organization","name":"Stourm","url":"https:\/\/stourm.news\/","logo":{"@type":"ImageObject","inLanguage":"fr-FR","@id":"https:\/\/stourm.news\/#\/schema\/logo\/image\/","url":"https:\/\/stourm.news\/wp-content\/uploads\/2025\/11\/cropped-Capture-decran-2025-11-28-a-15.19.07.png","contentUrl":"https:\/\/stourm.news\/wp-content\/uploads\/2025\/11\/cropped-Capture-decran-2025-11-28-a-15.19.07.png","width":1855,"height":383,"caption":"Stourm"},"image":{"@id":"https:\/\/stourm.news\/#\/schema\/logo\/image\/"},"sameAs":["https:\/\/www.facebook.com\/stourmnews\/"]},{"@type":"Person","@id":"https:\/\/stourm.news\/#\/schema\/person\/c3e1dc65988632e190969234ef046cf9","name":"La r\u00e9daction","image":{"@type":"ImageObject","inLanguage":"fr-FR","@id":"https:\/\/stourm.news\/#\/schema\/person\/image\/","url":"https:\/\/secure.gravatar.com\/avatar\/7463443f194b6b5fb706b074ca0ef59a0cfcfd720cb47764b0ec5a952ce422b3?s=96&d=mm&r=g","contentUrl":"https:\/\/secure.gravatar.com\/avatar\/7463443f194b6b5fb706b074ca0ef59a0cfcfd720cb47764b0ec5a952ce422b3?s=96&d=mm&r=g","caption":"La r\u00e9daction"},"sameAs":["https:\/\/stourm.news"],"url":"https:\/\/stourm.news\/?author=1"}]}},"_links":{"self":[{"href":"https:\/\/stourm.news\/index.php?rest_route=\/wp\/v2\/posts\/5042","targetHints":{"allow":["GET"]}}],"collection":[{"href":"https:\/\/stourm.news\/index.php?rest_route=\/wp\/v2\/posts"}],"about":[{"href":"https:\/\/stourm.news\/index.php?rest_route=\/wp\/v2\/types\/post"}],"author":[{"embeddable":true,"href":"https:\/\/stourm.news\/index.php?rest_route=\/wp\/v2\/users\/1"}],"replies":[{"embeddable":true,"href":"https:\/\/stourm.news\/index.php?rest_route=%2Fwp%2Fv2%2Fcomments&post=5042"}],"version-history":[{"count":2,"href":"https:\/\/stourm.news\/index.php?rest_route=\/wp\/v2\/posts\/5042\/revisions"}],"predecessor-version":[{"id":5053,"href":"https:\/\/stourm.news\/index.php?rest_route=\/wp\/v2\/posts\/5042\/revisions\/5053"}],"wp:featuredmedia":[{"embeddable":true,"href":"https:\/\/stourm.news\/index.php?rest_route=\/wp\/v2\/media\/5043"}],"wp:attachment":[{"href":"https:\/\/stourm.news\/index.php?rest_route=%2Fwp%2Fv2%2Fmedia&parent=5042"}],"wp:term":[{"taxonomy":"category","embeddable":true,"href":"https:\/\/stourm.news\/index.php?rest_route=%2Fwp%2Fv2%2Fcategories&post=5042"},{"taxonomy":"post_tag","embeddable":true,"href":"https:\/\/stourm.news\/index.php?rest_route=%2Fwp%2Fv2%2Ftags&post=5042"}],"curies":[{"name":"wp","href":"https:\/\/api.w.org\/{rel}","templated":true}]}}