{"id":5055,"date":"2025-11-19T06:24:30","date_gmt":"2025-11-19T06:24:30","guid":{"rendered":"https:\/\/stourm.news\/?p=5055"},"modified":"2025-11-19T06:24:30","modified_gmt":"2025-11-19T06:24:30","slug":"concarneau-la-gauche-radicale-avec-laide-du-gouvernement-francais-exige-que-la-bretagne-accueille-une-famille-musulmane-de-gaza","status":"publish","type":"post","link":"https:\/\/stourm.news\/?p=5055","title":{"rendered":"Concarneau : la gauche radicale, avec l&rsquo;aide du gouvernement fran\u00e7ais, exige que la Bretagne accueille une famille musulmane de Gaza"},"content":{"rendered":"<p style=\"text-align: justify;\">D&rsquo;apr\u00e8s <strong><a href=\"https:\/\/www.letelegramme.fr\/finistere\/concarneau-29900\/ils-se-mobilisent-pour-une-evacuation-de-la-famille-al-rayyes-de-gaza-vers-la-bretagne-6931205.php?utm_content=photo&amp;utm_term=letelegramme.concarneau&amp;utm_campaign=facebook&amp;utm_source=nonli&amp;utm_medium=Social&amp;fbclid=IwY2xjawOKPbdleHRuA2FlbQIxMABzcnRjBmFwcF9pZA81MTQ3NzE1NjkyMjgwNjEAAR5dsA2NAsb0uYwU2YdMGHacZiX_6oLd-71ZxwpYziK8lOBm1_g4wH0Za7fTnQ_aem_UE3jgWXAzI0p-2PbBuMBVQ\">Le T\u00e9l\u00e9gramme<\/a><\/strong>, la gauche radicale fran\u00e7aise se mobilise pour organiser l&rsquo;\u00e9vacuation de la famille arabo-musulmane Al Rayyes, originaire de Gaza, vers la Bretagne. La famille comprend Yaser Al Rayyes, palestinien install\u00e9 \u00e0 Konk-Kerne (Concarneau) depuis plusieurs ann\u00e9es, son p\u00e8re Arafat Al Rayyes, sa m\u00e8re Sanaa, deux filles et un gar\u00e7on.<\/p>\n<p style=\"text-align: justify;\">Le CHU de Brest, travaill\u00e9 par des \u00e9l\u00e9ments d&rsquo;extr\u00eame-gauche, a approuv\u00e9 la prise en charge m\u00e9dicale d&rsquo;Arafat Al Rayyes en cas d&rsquo;\u00e9vacuation. Ces efforts politiques pour transf\u00e9rer cette famille musulmane en Bretagne sont en cours depuis plusieurs semaines entre la gauche radicale et le gouvernement fran\u00e7ais. Le comit\u00e9 de soutien, bas\u00e9 \u00e0 Concarneau, coordonne les d\u00e9marches administratives et logistiques avec les autorit\u00e9s hexagonales pour imposer en Bretagne cette pr\u00e9sence ind\u00e9sirable.<\/p>\n<p style=\"text-align: justify;\">Des \u00e9lus de gauche radicale du Finist\u00e8re participent \u00e0 la mobilisation pour acc\u00e9l\u00e9rer les proc\u00e9dures d&rsquo;obtention de visas et de passages s\u00e9curis\u00e9s depuis Gaza. Le comit\u00e9 pr\u00e9voit un accueil logistique en Bretagne une fois l&rsquo;\u00e9vacuation effective et il exige que tout soit pris en charge par les contribuables bretons.<\/p>\n<p style=\"text-align: right;\"><strong>Ewen Broc&rsquo;han<\/strong><\/p>\n","protected":false},"excerpt":{"rendered":"<p>D&rsquo;apr\u00e8s Le T\u00e9l\u00e9gramme, la gauche radicale fran\u00e7aise se mobilise pour organiser l&rsquo;\u00e9vacuation de la famille arabo-musulmane Al Rayyes, originaire de Gaza, vers la Bretagne. La famille comprend Yaser Al Rayyes, palestinien install\u00e9 \u00e0 Konk-Kerne (Concarneau) depuis plusieurs ann\u00e9es, son p\u00e8re Arafat Al Rayyes, sa m\u00e8re Sanaa, deux filles et un gar\u00e7on. Le CHU de Brest, [&hellip;]<\/p>\n","protected":false},"author":1,"featured_media":5056,"comment_status":"open","ping_status":"open","sticky":false,"template":"","format":"standard","meta":{"sb_editor_width":"","footnotes":""},"categories":[36,33,65],"tags":[],"class_list":["post-5055","post","type-post","status-publish","format-standard","has-post-thumbnail","hentry","category-extreme-gauche","category-immigration","category-principale"],"relative_dates":{"created":"5 mois ago","modified":"5 mois ago"},"yoast_head":"<!-- This site is optimized with the Yoast SEO plugin v26.3 - https:\/\/yoast.com\/wordpress\/plugins\/seo\/ -->\n<title>Concarneau : la gauche radicale, avec l&#039;aide du gouvernement fran\u00e7ais, exige que la Bretagne accueille une famille musulmane de Gaza - STOURM<\/title>\n<meta name=\"robots\" content=\"index, follow, max-snippet:-1, max-image-preview:large, max-video-preview:-1\" \/>\n<link rel=\"canonical\" href=\"https:\/\/stourm.news\/?p=5055\" \/>\n<meta property=\"og:locale\" content=\"fr_FR\" \/>\n<meta property=\"og:type\" content=\"article\" \/>\n<meta property=\"og:title\" content=\"Concarneau : la gauche radicale, avec l&#039;aide du gouvernement fran\u00e7ais, exige que la Bretagne accueille une famille musulmane de Gaza - STOURM\" \/>\n<meta property=\"og:description\" content=\"D&rsquo;apr\u00e8s Le T\u00e9l\u00e9gramme, la gauche radicale fran\u00e7aise se mobilise pour organiser l&rsquo;\u00e9vacuation de la famille arabo-musulmane Al Rayyes, originaire de Gaza, vers la Bretagne. La famille comprend Yaser Al Rayyes, palestinien install\u00e9 \u00e0 Konk-Kerne (Concarneau) depuis plusieurs ann\u00e9es, son p\u00e8re Arafat Al Rayyes, sa m\u00e8re Sanaa, deux filles et un gar\u00e7on. Le CHU de Brest, [&hellip;]\" \/>\n<meta property=\"og:url\" content=\"https:\/\/stourm.news\/?p=5055\" \/>\n<meta property=\"og:site_name\" content=\"STOURM\" \/>\n<meta property=\"article:publisher\" content=\"https:\/\/www.facebook.com\/stourmnews\/\" \/>\n<meta property=\"article:published_time\" content=\"2025-11-19T06:24:30+00:00\" \/>\n<meta name=\"author\" content=\"La r\u00e9daction\" \/>\n<meta name=\"twitter:card\" content=\"summary_large_image\" \/>\n<meta name=\"twitter:label1\" content=\"\u00c9crit par\" \/>\n\t<meta name=\"twitter:data1\" content=\"La r\u00e9daction\" \/>\n\t<meta name=\"twitter:label2\" content=\"Dur\u00e9e de lecture estim\u00e9e\" \/>\n\t<meta name=\"twitter:data2\" content=\"1 minute\" \/>\n<script type=\"application\/ld+json\" class=\"yoast-schema-graph\">{\"@context\":\"https:\/\/schema.org\",\"@graph\":[{\"@type\":\"Article\",\"@id\":\"https:\/\/stourm.news\/?p=5055#article\",\"isPartOf\":{\"@id\":\"https:\/\/stourm.news\/?p=5055\"},\"author\":{\"name\":\"La r\u00e9daction\",\"@id\":\"https:\/\/stourm.news\/#\/schema\/person\/c3e1dc65988632e190969234ef046cf9\"},\"headline\":\"Concarneau : la gauche radicale, avec l&rsquo;aide du gouvernement fran\u00e7ais, exige que la Bretagne accueille une famille musulmane de Gaza\",\"datePublished\":\"2025-11-19T06:24:30+00:00\",\"mainEntityOfPage\":{\"@id\":\"https:\/\/stourm.news\/?p=5055\"},\"wordCount\":222,\"commentCount\":0,\"publisher\":{\"@id\":\"https:\/\/stourm.news\/#organization\"},\"image\":{\"@id\":\"https:\/\/stourm.news\/?p=5055#primaryimage\"},\"thumbnailUrl\":\"https:\/\/stourm.news\/wp-content\/uploads\/2025\/11\/691ca9de25c52f75eb022958.1.webp\",\"articleSection\":[\"Extr\u00eame-gauche\",\"Immigration\",\"Principale\"],\"inLanguage\":\"fr-FR\",\"potentialAction\":[{\"@type\":\"CommentAction\",\"name\":\"Comment\",\"target\":[\"https:\/\/stourm.news\/?p=5055#respond\"]}]},{\"@type\":\"WebPage\",\"@id\":\"https:\/\/stourm.news\/?p=5055\",\"url\":\"https:\/\/stourm.news\/?p=5055\",\"name\":\"Concarneau : la gauche radicale, avec l'aide du gouvernement fran\u00e7ais, exige que la Bretagne accueille une famille musulmane de Gaza - STOURM\",\"isPartOf\":{\"@id\":\"https:\/\/stourm.news\/#website\"},\"primaryImageOfPage\":{\"@id\":\"https:\/\/stourm.news\/?p=5055#primaryimage\"},\"image\":{\"@id\":\"https:\/\/stourm.news\/?p=5055#primaryimage\"},\"thumbnailUrl\":\"https:\/\/stourm.news\/wp-content\/uploads\/2025\/11\/691ca9de25c52f75eb022958.1.webp\",\"datePublished\":\"2025-11-19T06:24:30+00:00\",\"breadcrumb\":{\"@id\":\"https:\/\/stourm.news\/?p=5055#breadcrumb\"},\"inLanguage\":\"fr-FR\",\"potentialAction\":[{\"@type\":\"ReadAction\",\"target\":[\"https:\/\/stourm.news\/?p=5055\"]}]},{\"@type\":\"ImageObject\",\"inLanguage\":\"fr-FR\",\"@id\":\"https:\/\/stourm.news\/?p=5055#primaryimage\",\"url\":\"https:\/\/stourm.news\/wp-content\/uploads\/2025\/11\/691ca9de25c52f75eb022958.1.webp\",\"contentUrl\":\"https:\/\/stourm.news\/wp-content\/uploads\/2025\/11\/691ca9de25c52f75eb022958.1.webp\",\"width\":1200,\"height\":750},{\"@type\":\"BreadcrumbList\",\"@id\":\"https:\/\/stourm.news\/?p=5055#breadcrumb\",\"itemListElement\":[{\"@type\":\"ListItem\",\"position\":1,\"name\":\"Accueil\",\"item\":\"https:\/\/stourm.news\/\"},{\"@type\":\"ListItem\",\"position\":2,\"name\":\"Concarneau : la gauche radicale, avec l&rsquo;aide du gouvernement fran\u00e7ais, exige que la Bretagne accueille une famille musulmane de Gaza\"}]},{\"@type\":\"WebSite\",\"@id\":\"https:\/\/stourm.news\/#website\",\"url\":\"https:\/\/stourm.news\/\",\"name\":\"Stourm\",\"description\":\"Kazetenn Strollad Broadel Breizh\",\"publisher\":{\"@id\":\"https:\/\/stourm.news\/#organization\"},\"potentialAction\":[{\"@type\":\"SearchAction\",\"target\":{\"@type\":\"EntryPoint\",\"urlTemplate\":\"https:\/\/stourm.news\/?s={search_term_string}\"},\"query-input\":{\"@type\":\"PropertyValueSpecification\",\"valueRequired\":true,\"valueName\":\"search_term_string\"}}],\"inLanguage\":\"fr-FR\"},{\"@type\":\"Organization\",\"@id\":\"https:\/\/stourm.news\/#organization\",\"name\":\"Stourm\",\"url\":\"https:\/\/stourm.news\/\",\"logo\":{\"@type\":\"ImageObject\",\"inLanguage\":\"fr-FR\",\"@id\":\"https:\/\/stourm.news\/#\/schema\/logo\/image\/\",\"url\":\"https:\/\/stourm.news\/wp-content\/uploads\/2025\/11\/cropped-Capture-decran-2025-11-28-a-15.19.07.png\",\"contentUrl\":\"https:\/\/stourm.news\/wp-content\/uploads\/2025\/11\/cropped-Capture-decran-2025-11-28-a-15.19.07.png\",\"width\":1855,\"height\":383,\"caption\":\"Stourm\"},\"image\":{\"@id\":\"https:\/\/stourm.news\/#\/schema\/logo\/image\/\"},\"sameAs\":[\"https:\/\/www.facebook.com\/stourmnews\/\"]},{\"@type\":\"Person\",\"@id\":\"https:\/\/stourm.news\/#\/schema\/person\/c3e1dc65988632e190969234ef046cf9\",\"name\":\"La r\u00e9daction\",\"image\":{\"@type\":\"ImageObject\",\"inLanguage\":\"fr-FR\",\"@id\":\"https:\/\/stourm.news\/#\/schema\/person\/image\/\",\"url\":\"https:\/\/secure.gravatar.com\/avatar\/7463443f194b6b5fb706b074ca0ef59a0cfcfd720cb47764b0ec5a952ce422b3?s=96&d=mm&r=g\",\"contentUrl\":\"https:\/\/secure.gravatar.com\/avatar\/7463443f194b6b5fb706b074ca0ef59a0cfcfd720cb47764b0ec5a952ce422b3?s=96&d=mm&r=g\",\"caption\":\"La r\u00e9daction\"},\"sameAs\":[\"https:\/\/stourm.news\"],\"url\":\"https:\/\/stourm.news\/?author=1\"}]}<\/script>\n<!-- \/ Yoast SEO plugin. -->","yoast_head_json":{"title":"Concarneau : la gauche radicale, avec l'aide du gouvernement fran\u00e7ais, exige que la Bretagne accueille une famille musulmane de Gaza - STOURM","robots":{"index":"index","follow":"follow","max-snippet":"max-snippet:-1","max-image-preview":"max-image-preview:large","max-video-preview":"max-video-preview:-1"},"canonical":"https:\/\/stourm.news\/?p=5055","og_locale":"fr_FR","og_type":"article","og_title":"Concarneau : la gauche radicale, avec l'aide du gouvernement fran\u00e7ais, exige que la Bretagne accueille une famille musulmane de Gaza - STOURM","og_description":"D&rsquo;apr\u00e8s Le T\u00e9l\u00e9gramme, la gauche radicale fran\u00e7aise se mobilise pour organiser l&rsquo;\u00e9vacuation de la famille arabo-musulmane Al Rayyes, originaire de Gaza, vers la Bretagne. La famille comprend Yaser Al Rayyes, palestinien install\u00e9 \u00e0 Konk-Kerne (Concarneau) depuis plusieurs ann\u00e9es, son p\u00e8re Arafat Al Rayyes, sa m\u00e8re Sanaa, deux filles et un gar\u00e7on. Le CHU de Brest, [&hellip;]","og_url":"https:\/\/stourm.news\/?p=5055","og_site_name":"STOURM","article_publisher":"https:\/\/www.facebook.com\/stourmnews\/","article_published_time":"2025-11-19T06:24:30+00:00","author":"La r\u00e9daction","twitter_card":"summary_large_image","twitter_misc":{"\u00c9crit par":"La r\u00e9daction","Dur\u00e9e de lecture estim\u00e9e":"1 minute"},"schema":{"@context":"https:\/\/schema.org","@graph":[{"@type":"Article","@id":"https:\/\/stourm.news\/?p=5055#article","isPartOf":{"@id":"https:\/\/stourm.news\/?p=5055"},"author":{"name":"La r\u00e9daction","@id":"https:\/\/stourm.news\/#\/schema\/person\/c3e1dc65988632e190969234ef046cf9"},"headline":"Concarneau : la gauche radicale, avec l&rsquo;aide du gouvernement fran\u00e7ais, exige que la Bretagne accueille une famille musulmane de Gaza","datePublished":"2025-11-19T06:24:30+00:00","mainEntityOfPage":{"@id":"https:\/\/stourm.news\/?p=5055"},"wordCount":222,"commentCount":0,"publisher":{"@id":"https:\/\/stourm.news\/#organization"},"image":{"@id":"https:\/\/stourm.news\/?p=5055#primaryimage"},"thumbnailUrl":"https:\/\/stourm.news\/wp-content\/uploads\/2025\/11\/691ca9de25c52f75eb022958.1.webp","articleSection":["Extr\u00eame-gauche","Immigration","Principale"],"inLanguage":"fr-FR","potentialAction":[{"@type":"CommentAction","name":"Comment","target":["https:\/\/stourm.news\/?p=5055#respond"]}]},{"@type":"WebPage","@id":"https:\/\/stourm.news\/?p=5055","url":"https:\/\/stourm.news\/?p=5055","name":"Concarneau : la gauche radicale, avec l'aide du gouvernement fran\u00e7ais, exige que la Bretagne accueille une famille musulmane de Gaza - STOURM","isPartOf":{"@id":"https:\/\/stourm.news\/#website"},"primaryImageOfPage":{"@id":"https:\/\/stourm.news\/?p=5055#primaryimage"},"image":{"@id":"https:\/\/stourm.news\/?p=5055#primaryimage"},"thumbnailUrl":"https:\/\/stourm.news\/wp-content\/uploads\/2025\/11\/691ca9de25c52f75eb022958.1.webp","datePublished":"2025-11-19T06:24:30+00:00","breadcrumb":{"@id":"https:\/\/stourm.news\/?p=5055#breadcrumb"},"inLanguage":"fr-FR","potentialAction":[{"@type":"ReadAction","target":["https:\/\/stourm.news\/?p=5055"]}]},{"@type":"ImageObject","inLanguage":"fr-FR","@id":"https:\/\/stourm.news\/?p=5055#primaryimage","url":"https:\/\/stourm.news\/wp-content\/uploads\/2025\/11\/691ca9de25c52f75eb022958.1.webp","contentUrl":"https:\/\/stourm.news\/wp-content\/uploads\/2025\/11\/691ca9de25c52f75eb022958.1.webp","width":1200,"height":750},{"@type":"BreadcrumbList","@id":"https:\/\/stourm.news\/?p=5055#breadcrumb","itemListElement":[{"@type":"ListItem","position":1,"name":"Accueil","item":"https:\/\/stourm.news\/"},{"@type":"ListItem","position":2,"name":"Concarneau : la gauche radicale, avec l&rsquo;aide du gouvernement fran\u00e7ais, exige que la Bretagne accueille une famille musulmane de Gaza"}]},{"@type":"WebSite","@id":"https:\/\/stourm.news\/#website","url":"https:\/\/stourm.news\/","name":"Stourm","description":"Kazetenn Strollad Broadel Breizh","publisher":{"@id":"https:\/\/stourm.news\/#organization"},"potentialAction":[{"@type":"SearchAction","target":{"@type":"EntryPoint","urlTemplate":"https:\/\/stourm.news\/?s={search_term_string}"},"query-input":{"@type":"PropertyValueSpecification","valueRequired":true,"valueName":"search_term_string"}}],"inLanguage":"fr-FR"},{"@type":"Organization","@id":"https:\/\/stourm.news\/#organization","name":"Stourm","url":"https:\/\/stourm.news\/","logo":{"@type":"ImageObject","inLanguage":"fr-FR","@id":"https:\/\/stourm.news\/#\/schema\/logo\/image\/","url":"https:\/\/stourm.news\/wp-content\/uploads\/2025\/11\/cropped-Capture-decran-2025-11-28-a-15.19.07.png","contentUrl":"https:\/\/stourm.news\/wp-content\/uploads\/2025\/11\/cropped-Capture-decran-2025-11-28-a-15.19.07.png","width":1855,"height":383,"caption":"Stourm"},"image":{"@id":"https:\/\/stourm.news\/#\/schema\/logo\/image\/"},"sameAs":["https:\/\/www.facebook.com\/stourmnews\/"]},{"@type":"Person","@id":"https:\/\/stourm.news\/#\/schema\/person\/c3e1dc65988632e190969234ef046cf9","name":"La r\u00e9daction","image":{"@type":"ImageObject","inLanguage":"fr-FR","@id":"https:\/\/stourm.news\/#\/schema\/person\/image\/","url":"https:\/\/secure.gravatar.com\/avatar\/7463443f194b6b5fb706b074ca0ef59a0cfcfd720cb47764b0ec5a952ce422b3?s=96&d=mm&r=g","contentUrl":"https:\/\/secure.gravatar.com\/avatar\/7463443f194b6b5fb706b074ca0ef59a0cfcfd720cb47764b0ec5a952ce422b3?s=96&d=mm&r=g","caption":"La r\u00e9daction"},"sameAs":["https:\/\/stourm.news"],"url":"https:\/\/stourm.news\/?author=1"}]}},"_links":{"self":[{"href":"https:\/\/stourm.news\/index.php?rest_route=\/wp\/v2\/posts\/5055","targetHints":{"allow":["GET"]}}],"collection":[{"href":"https:\/\/stourm.news\/index.php?rest_route=\/wp\/v2\/posts"}],"about":[{"href":"https:\/\/stourm.news\/index.php?rest_route=\/wp\/v2\/types\/post"}],"author":[{"embeddable":true,"href":"https:\/\/stourm.news\/index.php?rest_route=\/wp\/v2\/users\/1"}],"replies":[{"embeddable":true,"href":"https:\/\/stourm.news\/index.php?rest_route=%2Fwp%2Fv2%2Fcomments&post=5055"}],"version-history":[{"count":1,"href":"https:\/\/stourm.news\/index.php?rest_route=\/wp\/v2\/posts\/5055\/revisions"}],"predecessor-version":[{"id":5057,"href":"https:\/\/stourm.news\/index.php?rest_route=\/wp\/v2\/posts\/5055\/revisions\/5057"}],"wp:featuredmedia":[{"embeddable":true,"href":"https:\/\/stourm.news\/index.php?rest_route=\/wp\/v2\/media\/5056"}],"wp:attachment":[{"href":"https:\/\/stourm.news\/index.php?rest_route=%2Fwp%2Fv2%2Fmedia&parent=5055"}],"wp:term":[{"taxonomy":"category","embeddable":true,"href":"https:\/\/stourm.news\/index.php?rest_route=%2Fwp%2Fv2%2Fcategories&post=5055"},{"taxonomy":"post_tag","embeddable":true,"href":"https:\/\/stourm.news\/index.php?rest_route=%2Fwp%2Fv2%2Ftags&post=5055"}],"curies":[{"name":"wp","href":"https:\/\/api.w.org\/{rel}","templated":true}]}}