{"id":5064,"date":"2025-11-20T08:35:14","date_gmt":"2025-11-20T08:35:14","guid":{"rendered":"https:\/\/stourm.news\/?p=5064"},"modified":"2025-11-20T08:36:38","modified_gmt":"2025-11-20T08:36:38","slug":"la-france-veut-sacrifier-les-enfants-bretons-face-a-la-russie","status":"publish","type":"post","link":"https:\/\/stourm.news\/?p=5064","title":{"rendered":"La France veut sacrifier les enfants bretons face \u00e0 la Russie"},"content":{"rendered":"<p style=\"text-align: justify;\"><span style=\"font-family: arial, helvetica, sans-serif; font-size: 14pt;\">Fabien Mandon, chef de l&rsquo;\u00e9tat-major hexagonal, l\u2019a formul\u00e9 avec la pr\u00e9cision d\u2019un acte notari\u00e9 : un conflit de haute intensit\u00e9 contre la Russie \u00e0 l&rsquo;horizon de 3 ou 4 ans impliquerait \u00ab le sacrifice de nos enfants \u00bb. Traduisons : au tr\u00e8s bas mot des dizaines de milliers de jeunes Bretons morts ou mutil\u00e9s pour des objectifs strat\u00e9giques qui ne concernent en rien la Bretagne et sa d\u00e9fense.<\/span><\/p>\n<blockquote class=\"twitter-tweet\">\n<p dir=\"ltr\" lang=\"fr\">\ud83d\udde8\ufe0f \u00ab\u00a0Si notre pays flanche parce qu&rsquo;il n&rsquo;est pas pr\u00eat \u00e0 accepter de perdre ses enfants (&#8230;) alors on est en risque.\u00a0\u00bb<\/p>\n<p>L&rsquo;alerte du chef d\u2019\u00e9tat-major des arm\u00e9es fran\u00e7aises, Fabien Mandon, esquissant devant les maires le retour d&rsquo;un conflit \u00ab\u00a0sur notre continent\u00a0\u00bb<a href=\"https:\/\/twitter.com\/hashtag\/canal16?src=hash&amp;ref_src=twsrc%5Etfw\">#canal16<\/a> <a href=\"https:\/\/t.co\/tQEapOUVJN\">pic.twitter.com\/tQEapOUVJN<\/a><\/p>\n<p>\u2014 franceinfo (@franceinfo) <a href=\"https:\/\/twitter.com\/franceinfo\/status\/1991395467784015876?ref_src=twsrc%5Etfw\">November 20, 2025<\/a><\/p><\/blockquote>\n<p><script src=\"https:\/\/platform.twitter.com\/widgets.js\" async=\"\" charset=\"utf-8\"><\/script><\/p>\n<p style=\"text-align: justify;\"><span style=\"font-family: arial, helvetica, sans-serif; font-size: 14pt;\">Depuis 1532, chaque fois que la France a engag\u00e9 une guerre majeure, la Bretagne a pay\u00e9 un tribut disproportionn\u00e9 :<\/span><\/p>\n<ul>\n<li style=\"text-align: justify;\"><span style=\"font-family: arial, helvetica, sans-serif; font-size: 14pt;\">1870 : camp de Conlie, 40 000 mobilis\u00e9s bretons d\u00e9lib\u00e9r\u00e9ment sacrifi\u00e9s.<\/span><\/li>\n<li style=\"text-align: justify;\"><span style=\"font-family: arial, helvetica, sans-serif; font-size: 14pt;\">1914-1918 : 600 000 mobilis\u00e9s, 200 000 tu\u00e9s.<\/span><\/li>\n<li style=\"text-align: justify;\"><span style=\"font-family: arial, helvetica, sans-serif; font-size: 14pt;\">1939-1945 : des centaines de milliers de prisonniers bretons, nos villes bombard\u00e9es.<\/span><\/li>\n<\/ul>\n<p style=\"text-align: justify;\"><span style=\"font-family: arial, helvetica, sans-serif; font-size: 14pt;\">\u00c0 chaque fois, en violation de la neutralit\u00e9 de la Bretagne qui demeure un \u00c9tat ind\u00e9pendant occup\u00e9 par la France. Aujourd\u2019hui, les donn\u00e9es sont les m\u00eames. Paris utilise la Bretagne comme r\u00e9servoir humain \u00e0 bas co\u00fbt politique : les manifestations contre les guerres y sont rares, la m\u00e9moire collective traumatis\u00e9e, la classe politique servile.<\/span><\/p>\n<p style=\"text-align: justify;\"><span style=\"font-family: arial, helvetica, sans-serif; font-size: 14pt;\">Quoi que l&rsquo;on pense de la guerre en Ukraine, aucun int\u00e9r\u00eat vital breton n\u2019y est engag\u00e9. Il n&rsquo;y a pas de menace directe sur le territoire breton, pas de d\u00e9pendance \u00e9nerg\u00e9tique critique vis-\u00e0-vis de l\u2019Ukraine, pas d\u2019enjeu culturel ou \u00e9conomique. Rien ne justifie que la Bretagne soit engag\u00e9e directement dans un conflit avec la Russie, sinon notre suj\u00e9tion actuelle vis-\u00e0-vis de la France.<\/span><\/p>\n<p style=\"text-align: justify;\"><span style=\"font-family: arial, helvetica, sans-serif; font-size: 14pt;\">L\u2019engagement fran\u00e7ais rel\u00e8ve exclusivement d&rsquo;une tentative de pr\u00e9servation de son rang par une puissance tr\u00e8s d\u00e9clinante. La Bretagne n\u2019a rien \u00e0 gagner et tout \u00e0 perdre dans un tel conflit.<\/span><\/p>\n<p style=\"text-align: justify;\"><span style=\"font-family: arial, helvetica, sans-serif; font-size: 14pt;\">Rester dans le cadre fran\u00e7ais, c\u2019est accepter trois certitudes :<\/span><\/p>\n<ul>\n<li style=\"text-align: justify;\"><span style=\"font-family: arial, helvetica, sans-serif; font-size: 14pt;\">Nous, Bretons, n\u2019aurons jamais voix au chapitre sur les d\u00e9cisions de guerre.<\/span><\/li>\n<li style=\"text-align: justify;\"><span style=\"font-family: arial, helvetica, sans-serif; font-size: 14pt;\">Nous fournirons toujours un contingent sup\u00e9rieur \u00e0 notre poids d\u00e9mographique, sans gain politique.<\/span><\/li>\n<li style=\"text-align: justify;\"><span style=\"font-family: arial, helvetica, sans-serif; font-size: 14pt;\">Nous n\u2019obtiendrons jamais de compensations proportionnelles (reconstruction, investissements, statut).<\/span><\/li>\n<\/ul>\n<p style=\"text-align: justify;\"><span style=\"font-family: arial, helvetica, sans-serif; font-size: 14pt;\">La seule r\u00e9ponse rationnelle est la rupture institutionnelle compl\u00e8te. Une Bretagne redevenue un \u00c9tat souverain en Europe disposerait instantan\u00e9ment des leviers suivants :<\/span><\/p>\n<ul>\n<li style=\"text-align: justify;\"><span style=\"font-family: arial, helvetica, sans-serif; font-size: 14pt;\">Proclamation imm\u00e9diate de neutralit\u00e9 arm\u00e9e (mod\u00e8le suisse ou autrichien 1955).<\/span><\/li>\n<li style=\"text-align: justify;\"><span style=\"font-family: arial, helvetica, sans-serif; font-size: 14pt;\">Cr\u00e9ation d\u2019une force de d\u00e9fense nationale, dimensionn\u00e9e pour la protection du territoire et des 1 300 km de c\u00f4tes, financ\u00e9e par la r\u00e9cup\u00e9ration de la totalit\u00e9 de l\u2019imp\u00f4t breton.<\/span><\/li>\n<li style=\"text-align: justify;\"><span style=\"font-family: arial, helvetica, sans-serif; font-size: 14pt;\">Participation aux m\u00e9canismes europ\u00e9ens de d\u00e9fense exclusivement sur la base d\u2019accords bilat\u00e9raux ou multilat\u00e9raux volontaires, \u00e0 la carte, r\u00e9visables chaque ann\u00e9e (mod\u00e8le finlandais ou su\u00e9dois, sans abandon de souverainet\u00e9).<\/span><\/li>\n<\/ul>\n<p style=\"text-align: justify;\"><span style=\"font-family: arial, helvetica, sans-serif; font-size: 14pt;\">Cette arm\u00e9e bretonne ne serait pas isolationniste : elle pourrait coop\u00e9rer avec les nations europ\u00e9ennes, mais uniquement quand les int\u00e9r\u00eats bretons sont clairement identifi\u00e9s et prot\u00e9g\u00e9s. Elle refuserait syst\u00e9matiquement toute op\u00e9ration hors zone d\u2019int\u00e9r\u00eat vital (Mer Celtique, Atlantique Nord-Est, protection des c\u00e2bles sous-marins et des ZEE). Le <strong><a href=\"https:\/\/partinationalbreton.com\/wp-content\/uploads\/2025\/10\/StrategieDefenseNationaleBretonne2035.pdf\">programme de d\u00e9fense nationale<\/a><\/strong> pr\u00e9sent\u00e9 par le Parti National Breton \u00e9claire ce que serait cette arm\u00e9e bretonne.<\/span><\/p>\n<p style=\"text-align: justify;\"><span style=\"font-family: arial, helvetica, sans-serif; font-size: 14pt;\">L\u2019ind\u00e9pendance n\u2019est pas un slogan romantique, ni un concept us\u00e9. C\u2019est l\u2019outil qui permet de faire pr\u00e9valoir l\u2019int\u00e9r\u00eat national breton sur les int\u00e9r\u00eats \u00e9trangers. Tant que la Bretagne sera rel\u00e9gu\u00e9e au rang de \u00ab\u00a0r\u00e9gion\u00a0\u00bb fran\u00e7aise, elle restera une variable d\u2019ajustement d\u00e9mographique et budg\u00e9taire. D\u00e8s la proclamation de l&rsquo;ind\u00e9pendance, nous, Bretons, devenons un sujet g\u00e9opolitique \u00e0 part enti\u00e8re.<\/span><\/p>\n<p style=\"text-align: justify;\"><span style=\"font-family: arial, helvetica, sans-serif; font-size: 14pt;\">Fabien Mandon a eu le m\u00e9rite de la clart\u00e9 : Paris est pr\u00eat \u00e0 sacrifier une g\u00e9n\u00e9ration. La conclusion est froide : il est temps de quitter la table avant que la facture ne nous soit pr\u00e9sent\u00e9e. La Bretagne a d\u00e9j\u00e0 pay\u00e9 plus que sa part. Elle ne doit plus rien. Il est temps de redevenir un \u00c9tat, de lever une arm\u00e9e qui d\u00e9fende la Bretagne et seulement la Bretagne, son peuple et ses int\u00e9r\u00eats, et de choisir nous-m\u00eames quand, comment et avec qui coop\u00e9rer en Europe. Rien de moins.<\/span><\/p>\n<p style=\"text-align: right;\"><span style=\"font-family: arial, helvetica, sans-serif; font-size: 14pt;\"><strong>Budig Gourmaelon<\/strong><\/span><\/p>\n","protected":false},"excerpt":{"rendered":"<p>Fabien Mandon, chef de l&rsquo;\u00e9tat-major hexagonal, l\u2019a formul\u00e9 avec la pr\u00e9cision d\u2019un acte notari\u00e9 : un conflit de haute intensit\u00e9 contre la Russie \u00e0 l&rsquo;horizon de 3 ou 4 ans impliquerait \u00ab le sacrifice de nos enfants \u00bb. Traduisons : au tr\u00e8s bas mot des dizaines de milliers de jeunes Bretons morts ou mutil\u00e9s pour [&hellip;]<\/p>\n","protected":false},"author":1,"featured_media":5065,"comment_status":"open","ping_status":"open","sticky":false,"template":"","format":"standard","meta":{"sb_editor_width":"","footnotes":""},"categories":[63,65],"tags":[],"class_list":["post-5064","post","type-post","status-publish","format-standard","has-post-thumbnail","hentry","category-editorial","category-principale"],"relative_dates":{"created":"5 mois ago","modified":"5 mois ago"},"yoast_head":"<!-- This site is optimized with the Yoast SEO plugin v26.3 - https:\/\/yoast.com\/wordpress\/plugins\/seo\/ -->\n<title>La France veut sacrifier les enfants bretons face \u00e0 la Russie - STOURM<\/title>\n<meta name=\"robots\" content=\"index, follow, max-snippet:-1, max-image-preview:large, max-video-preview:-1\" \/>\n<link rel=\"canonical\" href=\"https:\/\/stourm.news\/?p=5064\" \/>\n<meta property=\"og:locale\" content=\"fr_FR\" \/>\n<meta property=\"og:type\" content=\"article\" \/>\n<meta property=\"og:title\" content=\"La France veut sacrifier les enfants bretons face \u00e0 la Russie - STOURM\" \/>\n<meta property=\"og:description\" content=\"Fabien Mandon, chef de l&rsquo;\u00e9tat-major hexagonal, l\u2019a formul\u00e9 avec la pr\u00e9cision d\u2019un acte notari\u00e9 : un conflit de haute intensit\u00e9 contre la Russie \u00e0 l&rsquo;horizon de 3 ou 4 ans impliquerait \u00ab le sacrifice de nos enfants \u00bb. Traduisons : au tr\u00e8s bas mot des dizaines de milliers de jeunes Bretons morts ou mutil\u00e9s pour [&hellip;]\" \/>\n<meta property=\"og:url\" content=\"https:\/\/stourm.news\/?p=5064\" \/>\n<meta property=\"og:site_name\" content=\"STOURM\" \/>\n<meta property=\"article:publisher\" content=\"https:\/\/www.facebook.com\/stourmnews\/\" \/>\n<meta property=\"article:published_time\" content=\"2025-11-20T08:35:14+00:00\" \/>\n<meta property=\"article:modified_time\" content=\"2025-11-20T08:36:38+00:00\" \/>\n<meta property=\"og:image\" content=\"https:\/\/stourm.news\/wp-content\/uploads\/2025\/11\/lugh3437_an_ugly_french_soldier_angry_and_screaming_covered_w_f25def27-e5c1-429d-9a16-d84520c55b71_2-1024x771.png\" \/>\n\t<meta property=\"og:image:width\" content=\"1024\" \/>\n\t<meta property=\"og:image:height\" content=\"771\" \/>\n\t<meta property=\"og:image:type\" content=\"image\/png\" \/>\n<meta name=\"author\" content=\"La r\u00e9daction\" \/>\n<meta name=\"twitter:card\" content=\"summary_large_image\" \/>\n<meta name=\"twitter:label1\" content=\"\u00c9crit par\" \/>\n\t<meta name=\"twitter:data1\" content=\"La r\u00e9daction\" \/>\n\t<meta name=\"twitter:label2\" content=\"Dur\u00e9e de lecture estim\u00e9e\" \/>\n\t<meta name=\"twitter:data2\" content=\"4 minutes\" \/>\n<script type=\"application\/ld+json\" class=\"yoast-schema-graph\">{\"@context\":\"https:\/\/schema.org\",\"@graph\":[{\"@type\":\"Article\",\"@id\":\"https:\/\/stourm.news\/?p=5064#article\",\"isPartOf\":{\"@id\":\"https:\/\/stourm.news\/?p=5064\"},\"author\":{\"name\":\"La r\u00e9daction\",\"@id\":\"https:\/\/stourm.news\/#\/schema\/person\/c3e1dc65988632e190969234ef046cf9\"},\"headline\":\"La France veut sacrifier les enfants bretons face \u00e0 la Russie\",\"datePublished\":\"2025-11-20T08:35:14+00:00\",\"dateModified\":\"2025-11-20T08:36:38+00:00\",\"mainEntityOfPage\":{\"@id\":\"https:\/\/stourm.news\/?p=5064\"},\"wordCount\":775,\"commentCount\":0,\"publisher\":{\"@id\":\"https:\/\/stourm.news\/#organization\"},\"image\":{\"@id\":\"https:\/\/stourm.news\/?p=5064#primaryimage\"},\"thumbnailUrl\":\"https:\/\/stourm.news\/wp-content\/uploads\/2025\/11\/lugh3437_an_ugly_french_soldier_angry_and_screaming_covered_w_f25def27-e5c1-429d-9a16-d84520c55b71_2.png\",\"articleSection\":[\"Editorial\",\"Principale\"],\"inLanguage\":\"fr-FR\",\"potentialAction\":[{\"@type\":\"CommentAction\",\"name\":\"Comment\",\"target\":[\"https:\/\/stourm.news\/?p=5064#respond\"]}]},{\"@type\":\"WebPage\",\"@id\":\"https:\/\/stourm.news\/?p=5064\",\"url\":\"https:\/\/stourm.news\/?p=5064\",\"name\":\"La France veut sacrifier les enfants bretons face \u00e0 la Russie - STOURM\",\"isPartOf\":{\"@id\":\"https:\/\/stourm.news\/#website\"},\"primaryImageOfPage\":{\"@id\":\"https:\/\/stourm.news\/?p=5064#primaryimage\"},\"image\":{\"@id\":\"https:\/\/stourm.news\/?p=5064#primaryimage\"},\"thumbnailUrl\":\"https:\/\/stourm.news\/wp-content\/uploads\/2025\/11\/lugh3437_an_ugly_french_soldier_angry_and_screaming_covered_w_f25def27-e5c1-429d-9a16-d84520c55b71_2.png\",\"datePublished\":\"2025-11-20T08:35:14+00:00\",\"dateModified\":\"2025-11-20T08:36:38+00:00\",\"breadcrumb\":{\"@id\":\"https:\/\/stourm.news\/?p=5064#breadcrumb\"},\"inLanguage\":\"fr-FR\",\"potentialAction\":[{\"@type\":\"ReadAction\",\"target\":[\"https:\/\/stourm.news\/?p=5064\"]}]},{\"@type\":\"ImageObject\",\"inLanguage\":\"fr-FR\",\"@id\":\"https:\/\/stourm.news\/?p=5064#primaryimage\",\"url\":\"https:\/\/stourm.news\/wp-content\/uploads\/2025\/11\/lugh3437_an_ugly_french_soldier_angry_and_screaming_covered_w_f25def27-e5c1-429d-9a16-d84520c55b71_2.png\",\"contentUrl\":\"https:\/\/stourm.news\/wp-content\/uploads\/2025\/11\/lugh3437_an_ugly_french_soldier_angry_and_screaming_covered_w_f25def27-e5c1-429d-9a16-d84520c55b71_2.png\",\"width\":1232,\"height\":928},{\"@type\":\"BreadcrumbList\",\"@id\":\"https:\/\/stourm.news\/?p=5064#breadcrumb\",\"itemListElement\":[{\"@type\":\"ListItem\",\"position\":1,\"name\":\"Accueil\",\"item\":\"https:\/\/stourm.news\/\"},{\"@type\":\"ListItem\",\"position\":2,\"name\":\"La France veut sacrifier les enfants bretons face \u00e0 la Russie\"}]},{\"@type\":\"WebSite\",\"@id\":\"https:\/\/stourm.news\/#website\",\"url\":\"https:\/\/stourm.news\/\",\"name\":\"Stourm\",\"description\":\"Kazetenn Strollad Broadel Breizh\",\"publisher\":{\"@id\":\"https:\/\/stourm.news\/#organization\"},\"potentialAction\":[{\"@type\":\"SearchAction\",\"target\":{\"@type\":\"EntryPoint\",\"urlTemplate\":\"https:\/\/stourm.news\/?s={search_term_string}\"},\"query-input\":{\"@type\":\"PropertyValueSpecification\",\"valueRequired\":true,\"valueName\":\"search_term_string\"}}],\"inLanguage\":\"fr-FR\"},{\"@type\":\"Organization\",\"@id\":\"https:\/\/stourm.news\/#organization\",\"name\":\"Stourm\",\"url\":\"https:\/\/stourm.news\/\",\"logo\":{\"@type\":\"ImageObject\",\"inLanguage\":\"fr-FR\",\"@id\":\"https:\/\/stourm.news\/#\/schema\/logo\/image\/\",\"url\":\"https:\/\/stourm.news\/wp-content\/uploads\/2025\/11\/cropped-Capture-decran-2025-11-28-a-15.19.07.png\",\"contentUrl\":\"https:\/\/stourm.news\/wp-content\/uploads\/2025\/11\/cropped-Capture-decran-2025-11-28-a-15.19.07.png\",\"width\":1855,\"height\":383,\"caption\":\"Stourm\"},\"image\":{\"@id\":\"https:\/\/stourm.news\/#\/schema\/logo\/image\/\"},\"sameAs\":[\"https:\/\/www.facebook.com\/stourmnews\/\"]},{\"@type\":\"Person\",\"@id\":\"https:\/\/stourm.news\/#\/schema\/person\/c3e1dc65988632e190969234ef046cf9\",\"name\":\"La r\u00e9daction\",\"image\":{\"@type\":\"ImageObject\",\"inLanguage\":\"fr-FR\",\"@id\":\"https:\/\/stourm.news\/#\/schema\/person\/image\/\",\"url\":\"https:\/\/secure.gravatar.com\/avatar\/7463443f194b6b5fb706b074ca0ef59a0cfcfd720cb47764b0ec5a952ce422b3?s=96&d=mm&r=g\",\"contentUrl\":\"https:\/\/secure.gravatar.com\/avatar\/7463443f194b6b5fb706b074ca0ef59a0cfcfd720cb47764b0ec5a952ce422b3?s=96&d=mm&r=g\",\"caption\":\"La r\u00e9daction\"},\"sameAs\":[\"https:\/\/stourm.news\"],\"url\":\"https:\/\/stourm.news\/?author=1\"}]}<\/script>\n<!-- \/ Yoast SEO plugin. -->","yoast_head_json":{"title":"La France veut sacrifier les enfants bretons face \u00e0 la Russie - STOURM","robots":{"index":"index","follow":"follow","max-snippet":"max-snippet:-1","max-image-preview":"max-image-preview:large","max-video-preview":"max-video-preview:-1"},"canonical":"https:\/\/stourm.news\/?p=5064","og_locale":"fr_FR","og_type":"article","og_title":"La France veut sacrifier les enfants bretons face \u00e0 la Russie - STOURM","og_description":"Fabien Mandon, chef de l&rsquo;\u00e9tat-major hexagonal, l\u2019a formul\u00e9 avec la pr\u00e9cision d\u2019un acte notari\u00e9 : un conflit de haute intensit\u00e9 contre la Russie \u00e0 l&rsquo;horizon de 3 ou 4 ans impliquerait \u00ab le sacrifice de nos enfants \u00bb. Traduisons : au tr\u00e8s bas mot des dizaines de milliers de jeunes Bretons morts ou mutil\u00e9s pour [&hellip;]","og_url":"https:\/\/stourm.news\/?p=5064","og_site_name":"STOURM","article_publisher":"https:\/\/www.facebook.com\/stourmnews\/","article_published_time":"2025-11-20T08:35:14+00:00","article_modified_time":"2025-11-20T08:36:38+00:00","og_image":[{"width":1024,"height":771,"url":"https:\/\/stourm.news\/wp-content\/uploads\/2025\/11\/lugh3437_an_ugly_french_soldier_angry_and_screaming_covered_w_f25def27-e5c1-429d-9a16-d84520c55b71_2-1024x771.png","type":"image\/png"}],"author":"La r\u00e9daction","twitter_card":"summary_large_image","twitter_misc":{"\u00c9crit par":"La r\u00e9daction","Dur\u00e9e de lecture estim\u00e9e":"4 minutes"},"schema":{"@context":"https:\/\/schema.org","@graph":[{"@type":"Article","@id":"https:\/\/stourm.news\/?p=5064#article","isPartOf":{"@id":"https:\/\/stourm.news\/?p=5064"},"author":{"name":"La r\u00e9daction","@id":"https:\/\/stourm.news\/#\/schema\/person\/c3e1dc65988632e190969234ef046cf9"},"headline":"La France veut sacrifier les enfants bretons face \u00e0 la Russie","datePublished":"2025-11-20T08:35:14+00:00","dateModified":"2025-11-20T08:36:38+00:00","mainEntityOfPage":{"@id":"https:\/\/stourm.news\/?p=5064"},"wordCount":775,"commentCount":0,"publisher":{"@id":"https:\/\/stourm.news\/#organization"},"image":{"@id":"https:\/\/stourm.news\/?p=5064#primaryimage"},"thumbnailUrl":"https:\/\/stourm.news\/wp-content\/uploads\/2025\/11\/lugh3437_an_ugly_french_soldier_angry_and_screaming_covered_w_f25def27-e5c1-429d-9a16-d84520c55b71_2.png","articleSection":["Editorial","Principale"],"inLanguage":"fr-FR","potentialAction":[{"@type":"CommentAction","name":"Comment","target":["https:\/\/stourm.news\/?p=5064#respond"]}]},{"@type":"WebPage","@id":"https:\/\/stourm.news\/?p=5064","url":"https:\/\/stourm.news\/?p=5064","name":"La France veut sacrifier les enfants bretons face \u00e0 la Russie - STOURM","isPartOf":{"@id":"https:\/\/stourm.news\/#website"},"primaryImageOfPage":{"@id":"https:\/\/stourm.news\/?p=5064#primaryimage"},"image":{"@id":"https:\/\/stourm.news\/?p=5064#primaryimage"},"thumbnailUrl":"https:\/\/stourm.news\/wp-content\/uploads\/2025\/11\/lugh3437_an_ugly_french_soldier_angry_and_screaming_covered_w_f25def27-e5c1-429d-9a16-d84520c55b71_2.png","datePublished":"2025-11-20T08:35:14+00:00","dateModified":"2025-11-20T08:36:38+00:00","breadcrumb":{"@id":"https:\/\/stourm.news\/?p=5064#breadcrumb"},"inLanguage":"fr-FR","potentialAction":[{"@type":"ReadAction","target":["https:\/\/stourm.news\/?p=5064"]}]},{"@type":"ImageObject","inLanguage":"fr-FR","@id":"https:\/\/stourm.news\/?p=5064#primaryimage","url":"https:\/\/stourm.news\/wp-content\/uploads\/2025\/11\/lugh3437_an_ugly_french_soldier_angry_and_screaming_covered_w_f25def27-e5c1-429d-9a16-d84520c55b71_2.png","contentUrl":"https:\/\/stourm.news\/wp-content\/uploads\/2025\/11\/lugh3437_an_ugly_french_soldier_angry_and_screaming_covered_w_f25def27-e5c1-429d-9a16-d84520c55b71_2.png","width":1232,"height":928},{"@type":"BreadcrumbList","@id":"https:\/\/stourm.news\/?p=5064#breadcrumb","itemListElement":[{"@type":"ListItem","position":1,"name":"Accueil","item":"https:\/\/stourm.news\/"},{"@type":"ListItem","position":2,"name":"La France veut sacrifier les enfants bretons face \u00e0 la Russie"}]},{"@type":"WebSite","@id":"https:\/\/stourm.news\/#website","url":"https:\/\/stourm.news\/","name":"Stourm","description":"Kazetenn Strollad Broadel Breizh","publisher":{"@id":"https:\/\/stourm.news\/#organization"},"potentialAction":[{"@type":"SearchAction","target":{"@type":"EntryPoint","urlTemplate":"https:\/\/stourm.news\/?s={search_term_string}"},"query-input":{"@type":"PropertyValueSpecification","valueRequired":true,"valueName":"search_term_string"}}],"inLanguage":"fr-FR"},{"@type":"Organization","@id":"https:\/\/stourm.news\/#organization","name":"Stourm","url":"https:\/\/stourm.news\/","logo":{"@type":"ImageObject","inLanguage":"fr-FR","@id":"https:\/\/stourm.news\/#\/schema\/logo\/image\/","url":"https:\/\/stourm.news\/wp-content\/uploads\/2025\/11\/cropped-Capture-decran-2025-11-28-a-15.19.07.png","contentUrl":"https:\/\/stourm.news\/wp-content\/uploads\/2025\/11\/cropped-Capture-decran-2025-11-28-a-15.19.07.png","width":1855,"height":383,"caption":"Stourm"},"image":{"@id":"https:\/\/stourm.news\/#\/schema\/logo\/image\/"},"sameAs":["https:\/\/www.facebook.com\/stourmnews\/"]},{"@type":"Person","@id":"https:\/\/stourm.news\/#\/schema\/person\/c3e1dc65988632e190969234ef046cf9","name":"La r\u00e9daction","image":{"@type":"ImageObject","inLanguage":"fr-FR","@id":"https:\/\/stourm.news\/#\/schema\/person\/image\/","url":"https:\/\/secure.gravatar.com\/avatar\/7463443f194b6b5fb706b074ca0ef59a0cfcfd720cb47764b0ec5a952ce422b3?s=96&d=mm&r=g","contentUrl":"https:\/\/secure.gravatar.com\/avatar\/7463443f194b6b5fb706b074ca0ef59a0cfcfd720cb47764b0ec5a952ce422b3?s=96&d=mm&r=g","caption":"La r\u00e9daction"},"sameAs":["https:\/\/stourm.news"],"url":"https:\/\/stourm.news\/?author=1"}]}},"_links":{"self":[{"href":"https:\/\/stourm.news\/index.php?rest_route=\/wp\/v2\/posts\/5064","targetHints":{"allow":["GET"]}}],"collection":[{"href":"https:\/\/stourm.news\/index.php?rest_route=\/wp\/v2\/posts"}],"about":[{"href":"https:\/\/stourm.news\/index.php?rest_route=\/wp\/v2\/types\/post"}],"author":[{"embeddable":true,"href":"https:\/\/stourm.news\/index.php?rest_route=\/wp\/v2\/users\/1"}],"replies":[{"embeddable":true,"href":"https:\/\/stourm.news\/index.php?rest_route=%2Fwp%2Fv2%2Fcomments&post=5064"}],"version-history":[{"count":2,"href":"https:\/\/stourm.news\/index.php?rest_route=\/wp\/v2\/posts\/5064\/revisions"}],"predecessor-version":[{"id":5067,"href":"https:\/\/stourm.news\/index.php?rest_route=\/wp\/v2\/posts\/5064\/revisions\/5067"}],"wp:featuredmedia":[{"embeddable":true,"href":"https:\/\/stourm.news\/index.php?rest_route=\/wp\/v2\/media\/5065"}],"wp:attachment":[{"href":"https:\/\/stourm.news\/index.php?rest_route=%2Fwp%2Fv2%2Fmedia&parent=5064"}],"wp:term":[{"taxonomy":"category","embeddable":true,"href":"https:\/\/stourm.news\/index.php?rest_route=%2Fwp%2Fv2%2Fcategories&post=5064"},{"taxonomy":"post_tag","embeddable":true,"href":"https:\/\/stourm.news\/index.php?rest_route=%2Fwp%2Fv2%2Ftags&post=5064"}],"curies":[{"name":"wp","href":"https:\/\/api.w.org\/{rel}","templated":true}]}}