{"id":5074,"date":"2025-11-21T20:12:09","date_gmt":"2025-11-21T20:12:09","guid":{"rendered":"https:\/\/stourm.news\/?p=5074"},"modified":"2025-11-21T20:12:09","modified_gmt":"2025-11-21T20:12:09","slug":"genocide-vendeen-la-republique-francaise-avait-programme-lextermination-de-la-bretagne-reynald-secher","status":"publish","type":"post","link":"https:\/\/stourm.news\/?p=5074","title":{"rendered":"G\u00e9nocide vend\u00e9en : la r\u00e9publique fran\u00e7aise \u00ab\u00a0avait programm\u00e9 l&rsquo;extermination de la Bretagne\u00a0\u00bb (Reynald Secher)"},"content":{"rendered":"<p style=\"text-align: justify;\"><span style=\"font-family: arial, helvetica, sans-serif; font-size: 14pt;\">Dans l&rsquo;entretien qui suit accord\u00e9 par l&rsquo;historien des guerres de Vend\u00e9e et du g\u00e9nocide Reynald Seycher, ce dernier \u00e9voque \u00e9galement le projet d&rsquo;extermination de la population bretonne pr\u00e9vue par la r\u00e9publique fran\u00e7aise dans le prolongement de l&rsquo;extermination des Vend\u00e9ens. Un entretien \u00e0 \u00e9couter (\u00e0 partir de 34:00&prime;).<\/span><\/p>\n<p><iframe title=\"YouTube video player\" src=\"https:\/\/www.youtube.com\/embed\/fNsWlTHA7Hg?si=AssRlsIWIHVhVRCy\" width=\"640\" height=\"400\" frameborder=\"0\" allowfullscreen=\"allowfullscreen\"><span data-mce-type=\"bookmark\" style=\"display: inline-block; width: 0px; overflow: hidden; line-height: 0;\" class=\"mce_SELRES_start\">\ufeff<\/span><\/iframe><\/p>\n","protected":false},"excerpt":{"rendered":"<p>Dans l&rsquo;entretien qui suit accord\u00e9 par l&rsquo;historien des guerres de Vend\u00e9e et du g\u00e9nocide Reynald Seycher, ce dernier \u00e9voque \u00e9galement le projet d&rsquo;extermination de la population bretonne pr\u00e9vue par la r\u00e9publique fran\u00e7aise dans le prolongement de l&rsquo;extermination des Vend\u00e9ens. Un entretien \u00e0 \u00e9couter (\u00e0 partir de 34:00&prime;). \ufeff<\/p>\n","protected":false},"author":1,"featured_media":5075,"comment_status":"open","ping_status":"open","sticky":false,"template":"","format":"standard","meta":{"sb_editor_width":"","footnotes":""},"categories":[58,50,65],"tags":[],"class_list":["post-5074","post","type-post","status-publish","format-standard","has-post-thumbnail","hentry","category-breizh","category-histoire-de-bretagne","category-principale"],"relative_dates":{"created":"5 mois ago","modified":"5 mois ago"},"yoast_head":"<!-- This site is optimized with the Yoast SEO plugin v26.3 - https:\/\/yoast.com\/wordpress\/plugins\/seo\/ -->\n<title>G\u00e9nocide vend\u00e9en : la r\u00e9publique fran\u00e7aise &quot;avait programm\u00e9 l&#039;extermination de la Bretagne&quot; (Reynald Secher) - STOURM<\/title>\n<meta name=\"robots\" content=\"index, follow, max-snippet:-1, max-image-preview:large, max-video-preview:-1\" \/>\n<link rel=\"canonical\" href=\"https:\/\/stourm.news\/?p=5074\" \/>\n<meta property=\"og:locale\" content=\"fr_FR\" \/>\n<meta property=\"og:type\" content=\"article\" \/>\n<meta property=\"og:title\" content=\"G\u00e9nocide vend\u00e9en : la r\u00e9publique fran\u00e7aise &quot;avait programm\u00e9 l&#039;extermination de la Bretagne&quot; (Reynald Secher) - STOURM\" \/>\n<meta property=\"og:description\" content=\"Dans l&rsquo;entretien qui suit accord\u00e9 par l&rsquo;historien des guerres de Vend\u00e9e et du g\u00e9nocide Reynald Seycher, ce dernier \u00e9voque \u00e9galement le projet d&rsquo;extermination de la population bretonne pr\u00e9vue par la r\u00e9publique fran\u00e7aise dans le prolongement de l&rsquo;extermination des Vend\u00e9ens. Un entretien \u00e0 \u00e9couter (\u00e0 partir de 34:00&prime;). \ufeff\" \/>\n<meta property=\"og:url\" content=\"https:\/\/stourm.news\/?p=5074\" \/>\n<meta property=\"og:site_name\" content=\"STOURM\" \/>\n<meta property=\"article:publisher\" content=\"https:\/\/www.facebook.com\/stourmnews\/\" \/>\n<meta property=\"article:published_time\" content=\"2025-11-21T20:12:09+00:00\" \/>\n<meta name=\"author\" content=\"La r\u00e9daction\" \/>\n<meta name=\"twitter:card\" content=\"summary_large_image\" \/>\n<meta name=\"twitter:label1\" content=\"\u00c9crit par\" \/>\n\t<meta name=\"twitter:data1\" content=\"La r\u00e9daction\" \/>\n\t<meta name=\"twitter:label2\" content=\"Dur\u00e9e de lecture estim\u00e9e\" \/>\n\t<meta name=\"twitter:data2\" content=\"1 minute\" \/>\n<script type=\"application\/ld+json\" class=\"yoast-schema-graph\">{\"@context\":\"https:\/\/schema.org\",\"@graph\":[{\"@type\":\"Article\",\"@id\":\"https:\/\/stourm.news\/?p=5074#article\",\"isPartOf\":{\"@id\":\"https:\/\/stourm.news\/?p=5074\"},\"author\":{\"name\":\"La r\u00e9daction\",\"@id\":\"https:\/\/stourm.news\/#\/schema\/person\/c3e1dc65988632e190969234ef046cf9\"},\"headline\":\"G\u00e9nocide vend\u00e9en : la r\u00e9publique fran\u00e7aise \u00ab\u00a0avait programm\u00e9 l&rsquo;extermination de la Bretagne\u00a0\u00bb (Reynald Secher)\",\"datePublished\":\"2025-11-21T20:12:09+00:00\",\"mainEntityOfPage\":{\"@id\":\"https:\/\/stourm.news\/?p=5074\"},\"wordCount\":72,\"commentCount\":0,\"publisher\":{\"@id\":\"https:\/\/stourm.news\/#organization\"},\"image\":{\"@id\":\"https:\/\/stourm.news\/?p=5074#primaryimage\"},\"thumbnailUrl\":\"https:\/\/stourm.news\/wp-content\/uploads\/2025\/11\/Capture-decran-2025-11-22-a-04.24.38.png\",\"articleSection\":[\"Breizh\",\"Histoire de Bretagne\",\"Principale\"],\"inLanguage\":\"fr-FR\",\"potentialAction\":[{\"@type\":\"CommentAction\",\"name\":\"Comment\",\"target\":[\"https:\/\/stourm.news\/?p=5074#respond\"]}]},{\"@type\":\"WebPage\",\"@id\":\"https:\/\/stourm.news\/?p=5074\",\"url\":\"https:\/\/stourm.news\/?p=5074\",\"name\":\"G\u00e9nocide vend\u00e9en : la r\u00e9publique fran\u00e7aise \\\"avait programm\u00e9 l'extermination de la Bretagne\\\" (Reynald Secher) - STOURM\",\"isPartOf\":{\"@id\":\"https:\/\/stourm.news\/#website\"},\"primaryImageOfPage\":{\"@id\":\"https:\/\/stourm.news\/?p=5074#primaryimage\"},\"image\":{\"@id\":\"https:\/\/stourm.news\/?p=5074#primaryimage\"},\"thumbnailUrl\":\"https:\/\/stourm.news\/wp-content\/uploads\/2025\/11\/Capture-decran-2025-11-22-a-04.24.38.png\",\"datePublished\":\"2025-11-21T20:12:09+00:00\",\"breadcrumb\":{\"@id\":\"https:\/\/stourm.news\/?p=5074#breadcrumb\"},\"inLanguage\":\"fr-FR\",\"potentialAction\":[{\"@type\":\"ReadAction\",\"target\":[\"https:\/\/stourm.news\/?p=5074\"]}]},{\"@type\":\"ImageObject\",\"inLanguage\":\"fr-FR\",\"@id\":\"https:\/\/stourm.news\/?p=5074#primaryimage\",\"url\":\"https:\/\/stourm.news\/wp-content\/uploads\/2025\/11\/Capture-decran-2025-11-22-a-04.24.38.png\",\"contentUrl\":\"https:\/\/stourm.news\/wp-content\/uploads\/2025\/11\/Capture-decran-2025-11-22-a-04.24.38.png\",\"width\":1612,\"height\":926},{\"@type\":\"BreadcrumbList\",\"@id\":\"https:\/\/stourm.news\/?p=5074#breadcrumb\",\"itemListElement\":[{\"@type\":\"ListItem\",\"position\":1,\"name\":\"Accueil\",\"item\":\"https:\/\/stourm.news\/\"},{\"@type\":\"ListItem\",\"position\":2,\"name\":\"G\u00e9nocide vend\u00e9en : la r\u00e9publique fran\u00e7aise \u00ab\u00a0avait programm\u00e9 l&rsquo;extermination de la Bretagne\u00a0\u00bb (Reynald Secher)\"}]},{\"@type\":\"WebSite\",\"@id\":\"https:\/\/stourm.news\/#website\",\"url\":\"https:\/\/stourm.news\/\",\"name\":\"Stourm\",\"description\":\"Kazetenn Strollad Broadel Breizh\",\"publisher\":{\"@id\":\"https:\/\/stourm.news\/#organization\"},\"potentialAction\":[{\"@type\":\"SearchAction\",\"target\":{\"@type\":\"EntryPoint\",\"urlTemplate\":\"https:\/\/stourm.news\/?s={search_term_string}\"},\"query-input\":{\"@type\":\"PropertyValueSpecification\",\"valueRequired\":true,\"valueName\":\"search_term_string\"}}],\"inLanguage\":\"fr-FR\"},{\"@type\":\"Organization\",\"@id\":\"https:\/\/stourm.news\/#organization\",\"name\":\"Stourm\",\"url\":\"https:\/\/stourm.news\/\",\"logo\":{\"@type\":\"ImageObject\",\"inLanguage\":\"fr-FR\",\"@id\":\"https:\/\/stourm.news\/#\/schema\/logo\/image\/\",\"url\":\"https:\/\/stourm.news\/wp-content\/uploads\/2025\/11\/cropped-Capture-decran-2025-11-28-a-15.19.07.png\",\"contentUrl\":\"https:\/\/stourm.news\/wp-content\/uploads\/2025\/11\/cropped-Capture-decran-2025-11-28-a-15.19.07.png\",\"width\":1855,\"height\":383,\"caption\":\"Stourm\"},\"image\":{\"@id\":\"https:\/\/stourm.news\/#\/schema\/logo\/image\/\"},\"sameAs\":[\"https:\/\/www.facebook.com\/stourmnews\/\"]},{\"@type\":\"Person\",\"@id\":\"https:\/\/stourm.news\/#\/schema\/person\/c3e1dc65988632e190969234ef046cf9\",\"name\":\"La r\u00e9daction\",\"image\":{\"@type\":\"ImageObject\",\"inLanguage\":\"fr-FR\",\"@id\":\"https:\/\/stourm.news\/#\/schema\/person\/image\/\",\"url\":\"https:\/\/secure.gravatar.com\/avatar\/7463443f194b6b5fb706b074ca0ef59a0cfcfd720cb47764b0ec5a952ce422b3?s=96&d=mm&r=g\",\"contentUrl\":\"https:\/\/secure.gravatar.com\/avatar\/7463443f194b6b5fb706b074ca0ef59a0cfcfd720cb47764b0ec5a952ce422b3?s=96&d=mm&r=g\",\"caption\":\"La r\u00e9daction\"},\"sameAs\":[\"https:\/\/stourm.news\"],\"url\":\"https:\/\/stourm.news\/?author=1\"}]}<\/script>\n<!-- \/ Yoast SEO plugin. -->","yoast_head_json":{"title":"G\u00e9nocide vend\u00e9en : la r\u00e9publique fran\u00e7aise \"avait programm\u00e9 l'extermination de la Bretagne\" (Reynald Secher) - STOURM","robots":{"index":"index","follow":"follow","max-snippet":"max-snippet:-1","max-image-preview":"max-image-preview:large","max-video-preview":"max-video-preview:-1"},"canonical":"https:\/\/stourm.news\/?p=5074","og_locale":"fr_FR","og_type":"article","og_title":"G\u00e9nocide vend\u00e9en : la r\u00e9publique fran\u00e7aise \"avait programm\u00e9 l'extermination de la Bretagne\" (Reynald Secher) - STOURM","og_description":"Dans l&rsquo;entretien qui suit accord\u00e9 par l&rsquo;historien des guerres de Vend\u00e9e et du g\u00e9nocide Reynald Seycher, ce dernier \u00e9voque \u00e9galement le projet d&rsquo;extermination de la population bretonne pr\u00e9vue par la r\u00e9publique fran\u00e7aise dans le prolongement de l&rsquo;extermination des Vend\u00e9ens. Un entretien \u00e0 \u00e9couter (\u00e0 partir de 34:00&prime;). \ufeff","og_url":"https:\/\/stourm.news\/?p=5074","og_site_name":"STOURM","article_publisher":"https:\/\/www.facebook.com\/stourmnews\/","article_published_time":"2025-11-21T20:12:09+00:00","author":"La r\u00e9daction","twitter_card":"summary_large_image","twitter_misc":{"\u00c9crit par":"La r\u00e9daction","Dur\u00e9e de lecture estim\u00e9e":"1 minute"},"schema":{"@context":"https:\/\/schema.org","@graph":[{"@type":"Article","@id":"https:\/\/stourm.news\/?p=5074#article","isPartOf":{"@id":"https:\/\/stourm.news\/?p=5074"},"author":{"name":"La r\u00e9daction","@id":"https:\/\/stourm.news\/#\/schema\/person\/c3e1dc65988632e190969234ef046cf9"},"headline":"G\u00e9nocide vend\u00e9en : la r\u00e9publique fran\u00e7aise \u00ab\u00a0avait programm\u00e9 l&rsquo;extermination de la Bretagne\u00a0\u00bb (Reynald Secher)","datePublished":"2025-11-21T20:12:09+00:00","mainEntityOfPage":{"@id":"https:\/\/stourm.news\/?p=5074"},"wordCount":72,"commentCount":0,"publisher":{"@id":"https:\/\/stourm.news\/#organization"},"image":{"@id":"https:\/\/stourm.news\/?p=5074#primaryimage"},"thumbnailUrl":"https:\/\/stourm.news\/wp-content\/uploads\/2025\/11\/Capture-decran-2025-11-22-a-04.24.38.png","articleSection":["Breizh","Histoire de Bretagne","Principale"],"inLanguage":"fr-FR","potentialAction":[{"@type":"CommentAction","name":"Comment","target":["https:\/\/stourm.news\/?p=5074#respond"]}]},{"@type":"WebPage","@id":"https:\/\/stourm.news\/?p=5074","url":"https:\/\/stourm.news\/?p=5074","name":"G\u00e9nocide vend\u00e9en : la r\u00e9publique fran\u00e7aise \"avait programm\u00e9 l'extermination de la Bretagne\" (Reynald Secher) - STOURM","isPartOf":{"@id":"https:\/\/stourm.news\/#website"},"primaryImageOfPage":{"@id":"https:\/\/stourm.news\/?p=5074#primaryimage"},"image":{"@id":"https:\/\/stourm.news\/?p=5074#primaryimage"},"thumbnailUrl":"https:\/\/stourm.news\/wp-content\/uploads\/2025\/11\/Capture-decran-2025-11-22-a-04.24.38.png","datePublished":"2025-11-21T20:12:09+00:00","breadcrumb":{"@id":"https:\/\/stourm.news\/?p=5074#breadcrumb"},"inLanguage":"fr-FR","potentialAction":[{"@type":"ReadAction","target":["https:\/\/stourm.news\/?p=5074"]}]},{"@type":"ImageObject","inLanguage":"fr-FR","@id":"https:\/\/stourm.news\/?p=5074#primaryimage","url":"https:\/\/stourm.news\/wp-content\/uploads\/2025\/11\/Capture-decran-2025-11-22-a-04.24.38.png","contentUrl":"https:\/\/stourm.news\/wp-content\/uploads\/2025\/11\/Capture-decran-2025-11-22-a-04.24.38.png","width":1612,"height":926},{"@type":"BreadcrumbList","@id":"https:\/\/stourm.news\/?p=5074#breadcrumb","itemListElement":[{"@type":"ListItem","position":1,"name":"Accueil","item":"https:\/\/stourm.news\/"},{"@type":"ListItem","position":2,"name":"G\u00e9nocide vend\u00e9en : la r\u00e9publique fran\u00e7aise \u00ab\u00a0avait programm\u00e9 l&rsquo;extermination de la Bretagne\u00a0\u00bb (Reynald Secher)"}]},{"@type":"WebSite","@id":"https:\/\/stourm.news\/#website","url":"https:\/\/stourm.news\/","name":"Stourm","description":"Kazetenn Strollad Broadel Breizh","publisher":{"@id":"https:\/\/stourm.news\/#organization"},"potentialAction":[{"@type":"SearchAction","target":{"@type":"EntryPoint","urlTemplate":"https:\/\/stourm.news\/?s={search_term_string}"},"query-input":{"@type":"PropertyValueSpecification","valueRequired":true,"valueName":"search_term_string"}}],"inLanguage":"fr-FR"},{"@type":"Organization","@id":"https:\/\/stourm.news\/#organization","name":"Stourm","url":"https:\/\/stourm.news\/","logo":{"@type":"ImageObject","inLanguage":"fr-FR","@id":"https:\/\/stourm.news\/#\/schema\/logo\/image\/","url":"https:\/\/stourm.news\/wp-content\/uploads\/2025\/11\/cropped-Capture-decran-2025-11-28-a-15.19.07.png","contentUrl":"https:\/\/stourm.news\/wp-content\/uploads\/2025\/11\/cropped-Capture-decran-2025-11-28-a-15.19.07.png","width":1855,"height":383,"caption":"Stourm"},"image":{"@id":"https:\/\/stourm.news\/#\/schema\/logo\/image\/"},"sameAs":["https:\/\/www.facebook.com\/stourmnews\/"]},{"@type":"Person","@id":"https:\/\/stourm.news\/#\/schema\/person\/c3e1dc65988632e190969234ef046cf9","name":"La r\u00e9daction","image":{"@type":"ImageObject","inLanguage":"fr-FR","@id":"https:\/\/stourm.news\/#\/schema\/person\/image\/","url":"https:\/\/secure.gravatar.com\/avatar\/7463443f194b6b5fb706b074ca0ef59a0cfcfd720cb47764b0ec5a952ce422b3?s=96&d=mm&r=g","contentUrl":"https:\/\/secure.gravatar.com\/avatar\/7463443f194b6b5fb706b074ca0ef59a0cfcfd720cb47764b0ec5a952ce422b3?s=96&d=mm&r=g","caption":"La r\u00e9daction"},"sameAs":["https:\/\/stourm.news"],"url":"https:\/\/stourm.news\/?author=1"}]}},"_links":{"self":[{"href":"https:\/\/stourm.news\/index.php?rest_route=\/wp\/v2\/posts\/5074","targetHints":{"allow":["GET"]}}],"collection":[{"href":"https:\/\/stourm.news\/index.php?rest_route=\/wp\/v2\/posts"}],"about":[{"href":"https:\/\/stourm.news\/index.php?rest_route=\/wp\/v2\/types\/post"}],"author":[{"embeddable":true,"href":"https:\/\/stourm.news\/index.php?rest_route=\/wp\/v2\/users\/1"}],"replies":[{"embeddable":true,"href":"https:\/\/stourm.news\/index.php?rest_route=%2Fwp%2Fv2%2Fcomments&post=5074"}],"version-history":[{"count":1,"href":"https:\/\/stourm.news\/index.php?rest_route=\/wp\/v2\/posts\/5074\/revisions"}],"predecessor-version":[{"id":5076,"href":"https:\/\/stourm.news\/index.php?rest_route=\/wp\/v2\/posts\/5074\/revisions\/5076"}],"wp:featuredmedia":[{"embeddable":true,"href":"https:\/\/stourm.news\/index.php?rest_route=\/wp\/v2\/media\/5075"}],"wp:attachment":[{"href":"https:\/\/stourm.news\/index.php?rest_route=%2Fwp%2Fv2%2Fmedia&parent=5074"}],"wp:term":[{"taxonomy":"category","embeddable":true,"href":"https:\/\/stourm.news\/index.php?rest_route=%2Fwp%2Fv2%2Fcategories&post=5074"},{"taxonomy":"post_tag","embeddable":true,"href":"https:\/\/stourm.news\/index.php?rest_route=%2Fwp%2Fv2%2Ftags&post=5074"}],"curies":[{"name":"wp","href":"https:\/\/api.w.org\/{rel}","templated":true}]}}