{"id":5077,"date":"2025-11-22T07:58:07","date_gmt":"2025-11-22T07:58:07","guid":{"rendered":"https:\/\/stourm.news\/?p=5077"},"modified":"2025-11-22T08:13:51","modified_gmt":"2025-11-22T08:13:51","slug":"editorial-quand-on-est-un-patriote-breton-on-milite-politiquement","status":"publish","type":"post","link":"https:\/\/stourm.news\/?p=5077","title":{"rendered":"\u00c9ditorial : \u00ab\u00a0Quand on est un patriote breton, on milite politiquement !\u00a0\u00bb"},"content":{"rendered":"<p style=\"text-align: justify;\"><span style=\"font-family: arial, helvetica, sans-serif; font-size: 14pt;\">Aujourd&rsquo;hui, plus que jamais, notre vieux pays, la Bretagne, est menac\u00e9 dans son existence. Les raisons externes en sont connues, les raisons internes beaucoup moins. En d\u00e9finitive, une nation ne p\u00e9rit pas tant sous les coups de ses ennemis, que de la passivit\u00e9, de l&rsquo;indiff\u00e9rence, et, pire, de la trahison de ses propres membres. <\/span><\/p>\n<p style=\"text-align: justify;\"><span style=\"font-family: arial, helvetica, sans-serif; font-size: 14pt;\">C&rsquo;est peu dire que militer pour la nation bretonne rel\u00e8ve de l&rsquo;h\u00e9ro\u00efsme. Il ne s&rsquo;agit pas seulement de faire face aux menaces qu&rsquo;affrontent toutes les nations occidentales, mais encore de faire rena\u00eetre une des plus vieilles nations d&rsquo;Europe qui a fini par s&rsquo;oublier elle-m\u00eame. \u00c0 la survie imm\u00e9diate s&rsquo;ajoute la renaissance de l&rsquo;\u00c9tat breton, levier de notre r\u00e9g\u00e9n\u00e9rescence nationale. Ce n&rsquo;est pas l&rsquo;\u00c9tat fran\u00e7ais qui constitue le plus grand obstacle \u00e0 la renaissance de la Bretagne, mais les Bretons eux-m\u00eames. <\/span><\/p>\n<p style=\"text-align: justify;\"><span style=\"font-family: arial, helvetica, sans-serif; font-size: 14pt;\">La francisation m\u00e9thodique et durable de notre peuple explique en partie son avachissement, mais cela ne saurait expliquer pourquoi, chez ceux des Bretons conscients ethniquement et nationalement, il y a une persistance dans les comportements les plus nuisibles et destructeurs : anarchisme comportemental, fain\u00e9antise, absence de sens pratique. Certes, les Bretons ont des qualit\u00e9s personnelles dont l&rsquo;id\u00e9alisme est la plus solidement ancr\u00e9e chez eux, mais le manque de volont\u00e9 et un go\u00fbt marqu\u00e9 pour le laxisme personnel ob\u00e8rent gravement leurs chances de survie au 21e si\u00e8cle, car c&rsquo;est bien de cela qu&rsquo;il s&rsquo;agit.<\/span><\/p>\n<p style=\"text-align: justify;\"><span style=\"font-family: arial, helvetica, sans-serif; font-size: 14pt;\">Le Parti National Breton a repris, au tournant de l&rsquo;ann\u00e9e 2022, la banni\u00e8re du nationalisme breton qui avait \u00e9t\u00e9 abandonn\u00e9e. Il a, avec peu de moyens et une poign\u00e9e d&rsquo;hommes r\u00e9solus, redresser cette banni\u00e8re en d\u00e9fiance d&rsquo;un syst\u00e8me et d&rsquo;un ensemble de r\u00e9alit\u00e9s. Les ennemis de la Bretagne n&rsquo;en ont rien manqu\u00e9 et l&rsquo;ont fait savoir par leurs menaces. C&rsquo;est l\u00e0 parfaitement normal, et m\u00eame bienvenu. Cependant, trop peu de patriotes bretons pr\u00e9f\u00e8rent encore se complaire dans l&rsquo;inaction ou le commentaire plus que dans l&rsquo;action politique, justifiant leur attitude nihiliste par une somme d&rsquo;excuses grotesques, voire obsc\u00e8nes. <\/span><\/p>\n<p style=\"text-align: justify;\"><span style=\"font-family: arial, helvetica, sans-serif; font-size: 14pt;\">Si l&rsquo;Emsav existe en premier lieu, c&rsquo;est parce que des h\u00e9ros, le mot n&rsquo;est pas trop faible, ont voulu l&rsquo;impossible et souvent r\u00e9alis\u00e9 l&rsquo;impossible, \u00e0 un contre mille. Dans sa constitution, la qualit\u00e9 a toujours prim\u00e9 la quantit\u00e9, la quantit\u00e9 \u00e9tant du c\u00f4t\u00e9 du loyalisme fran\u00e7ais pour des raisons \u00e9videntes d&rsquo;opportunisme social, mat\u00e9riel, politique. Si notre si\u00e8cle ne d\u00e9roge pas \u00e0 cette r\u00e8gle, nous constatons que la qualit\u00e9 objective a tellement baiss\u00e9 que l&rsquo;Emsav a virtuellement cess\u00e9 d&rsquo;exister, si ce n&rsquo;est pour la r\u00e9action du Parti National Breton qui a conjur\u00e9 la d\u00e9ch\u00e9ance r\u00e9gionaliste et brandi avec une nouvelle vigueur l&rsquo;id\u00e9e nationaliste.<\/span><\/p>\n<p style=\"text-align: justify;\"><span style=\"font-family: arial, helvetica, sans-serif; font-size: 14pt;\">Les patriotes bretons qui continuent de procrastiner, de botter en touche, de ne rien faire, ou de se borner \u00e0 l&rsquo;action non-politique (une sp\u00e9cialit\u00e9 mortif\u00e8re du r\u00e9gionalisme), sont autrement plus responsables de la d\u00e9r\u00e9liction qui afflige la Bretagne que n&rsquo;importe quel pr\u00e9fet. Nous ne redoutons pas nos ennemis, mais l&rsquo;indiff\u00e9rence de nos amis. Cet apolitisme, renforc\u00e9 par la propension d&rsquo;une soci\u00e9t\u00e9 individualiste \u00e0 se contenter de r\u00e9agir virtuellement sur les r\u00e9seaux sociaux, paralyse les n\u00e9cessaires r\u00e9actions d&rsquo;auto-d\u00e9fense. Une nation n&rsquo;est pas virtuelle, mais r\u00e9elle. Elle n&rsquo;est pas un spectacle, mais une r\u00e9alit\u00e9 vivante. Elle suppose de la part de ses membres un engagement actif pour sa d\u00e9fense, sa continuit\u00e9, sa prosp\u00e9rit\u00e9. Sinon, on reste le prisonnier de la soci\u00e9t\u00e9 fran\u00e7aise, un simple contribuable de l&rsquo;Hexagone inutile pour la cause nationale.\u00a0<\/span><\/p>\n<p style=\"text-align: justify;\"><span style=\"font-family: arial, helvetica, sans-serif; font-size: 14pt;\">Les patriotes bretons qui refusent de s&rsquo;engager politiquement pour leur patrie, donc l&rsquo;Emsav politique, perdent le droit de se plaindre de leur sort. Jamais probablement dans l&rsquo;histoire un peuple n&rsquo;a \u00e9t\u00e9 aussi averti des menaces qui p\u00e8sent sur lui et ses enfants, et jamais n&rsquo;a-t-il montr\u00e9 plus d&rsquo;indiff\u00e9rence et d&rsquo;apathie alors m\u00eame que les moyens de l&rsquo;action ne lui ont jamais \u00e9t\u00e9 si accessibles. Que l&rsquo;on songe aux tr\u00e9sors de volont\u00e9 de nos anciens qui, dans les ann\u00e9es 1920, mont\u00e8rent le mouvement national sans quasiment d&rsquo;automobiles, de t\u00e9l\u00e9phone, de m\u00e9dias de masse : quelle exemplaire t\u00e9nacit\u00e9 ! \u00c0 ces pionniers ont succ\u00e9d\u00e9 un si\u00e8cle plus tard des pousseurs de caddies plus pr\u00e9occup\u00e9s par leur prochaine sortie que par le salut de la patrie bretonne, comme s&rsquo;ils pouvaient avoir un futur dissoci\u00e9 de celle-ci. Ne voient-ils pas que si la Bretagne sombre, ils sombreront avec elle ?<\/span><\/p>\n<p style=\"text-align: justify;\"><span style=\"font-family: arial, helvetica, sans-serif; font-size: 14pt;\">On pourra se plaindre tant que l&rsquo;on voudra du gouvernement fran\u00e7ais, des politiciens fran\u00e7ais, ou du torrent migratoire qui submerge nos villes bretonnes : la culpabilit\u00e9 en incombe exclusivement \u00e0 un peuple, le peuple breton, qui pr\u00e9f\u00e8re ses petits plaisirs que le combat. Un grand peuple, peu importe lequel, est un peuple r\u00e9volutionnaire, un peuple conscient de lui, de sa place, de sa dignit\u00e9, et qui ne c\u00e8de rien de son rang. Le salaire de l&rsquo;indiff\u00e9rence et du m&rsquo;en-foutisme est invariablement le m\u00eame : la disparition. <\/span><\/p>\n<p style=\"text-align: justify;\"><span style=\"font-family: arial, helvetica, sans-serif; font-size: 14pt;\">Nous faisons face \u00e0 une \u00e9preuve ultime pour d\u00e9terminer si oui ou non nous, Bretons, m\u00e9ritons de vivre et de disposer d&rsquo;un avenir pour nos enfants. <\/span><span style=\"font-family: arial, helvetica, sans-serif; font-size: 14pt;\">Un authentique Breton s&rsquo;engage pour son pays dans les rangs du nationalisme, il y consacre son temps et son argent, jusqu&rsquo;\u00e0 ce que la nation bretonne remporte victorieusement cette guerre pour la survie. Concr\u00e8tement, son r\u00f4le est de militer dans les rangs nationalistes, de tout faire pour offrir une alternative \u00e0 son peuple, sans se d\u00e9courager, avec m\u00e9thode et discipline, ann\u00e9e apr\u00e8s ann\u00e9e, avec patience et r\u00e9solution. <\/span><\/p>\n<p style=\"text-align: right;\"><span style=\"font-family: arial, helvetica, sans-serif; font-size: 14pt;\"><strong>Budig Gourmaleon<\/strong><\/span><\/p>\n","protected":false},"excerpt":{"rendered":"<p>Aujourd&rsquo;hui, plus que jamais, notre vieux pays, la Bretagne, est menac\u00e9 dans son existence. Les raisons externes en sont connues, les raisons internes beaucoup moins. En d\u00e9finitive, une nation ne p\u00e9rit pas tant sous les coups de ses ennemis, que de la passivit\u00e9, de l&rsquo;indiff\u00e9rence, et, pire, de la trahison de ses propres membres. C&rsquo;est [&hellip;]<\/p>\n","protected":false},"author":1,"featured_media":5079,"comment_status":"open","ping_status":"open","sticky":false,"template":"","format":"standard","meta":{"sb_editor_width":"","footnotes":""},"categories":[63,65],"tags":[],"class_list":["post-5077","post","type-post","status-publish","format-standard","has-post-thumbnail","hentry","category-editorial","category-principale"],"relative_dates":{"created":"5 mois ago","modified":"5 mois ago"},"yoast_head":"<!-- This site is optimized with the Yoast SEO plugin v26.3 - https:\/\/yoast.com\/wordpress\/plugins\/seo\/ -->\n<title>\u00c9ditorial : &quot;Quand on est un patriote breton, on milite politiquement !&quot; - STOURM<\/title>\n<meta name=\"robots\" content=\"index, follow, max-snippet:-1, max-image-preview:large, max-video-preview:-1\" \/>\n<link rel=\"canonical\" href=\"https:\/\/stourm.news\/?p=5077\" \/>\n<meta property=\"og:locale\" content=\"fr_FR\" \/>\n<meta property=\"og:type\" content=\"article\" \/>\n<meta property=\"og:title\" content=\"\u00c9ditorial : &quot;Quand on est un patriote breton, on milite politiquement !&quot; - STOURM\" \/>\n<meta property=\"og:description\" content=\"Aujourd&rsquo;hui, plus que jamais, notre vieux pays, la Bretagne, est menac\u00e9 dans son existence. Les raisons externes en sont connues, les raisons internes beaucoup moins. En d\u00e9finitive, une nation ne p\u00e9rit pas tant sous les coups de ses ennemis, que de la passivit\u00e9, de l&rsquo;indiff\u00e9rence, et, pire, de la trahison de ses propres membres. C&rsquo;est [&hellip;]\" \/>\n<meta property=\"og:url\" content=\"https:\/\/stourm.news\/?p=5077\" \/>\n<meta property=\"og:site_name\" content=\"STOURM\" \/>\n<meta property=\"article:publisher\" content=\"https:\/\/www.facebook.com\/stourmnews\/\" \/>\n<meta property=\"article:published_time\" content=\"2025-11-22T07:58:07+00:00\" \/>\n<meta property=\"article:modified_time\" content=\"2025-11-22T08:13:51+00:00\" \/>\n<meta property=\"og:image\" content=\"https:\/\/stourm.news\/wp-content\/uploads\/2025\/11\/Capture-decran-2025-11-22-a-16.57.43.png\" \/>\n\t<meta property=\"og:image:width\" content=\"808\" \/>\n\t<meta property=\"og:image:height\" content=\"560\" \/>\n\t<meta property=\"og:image:type\" content=\"image\/png\" \/>\n<meta name=\"author\" content=\"La r\u00e9daction\" \/>\n<meta name=\"twitter:card\" content=\"summary_large_image\" \/>\n<meta name=\"twitter:label1\" content=\"\u00c9crit par\" \/>\n\t<meta name=\"twitter:data1\" content=\"La r\u00e9daction\" \/>\n\t<meta name=\"twitter:label2\" content=\"Dur\u00e9e de lecture estim\u00e9e\" \/>\n\t<meta name=\"twitter:data2\" content=\"5 minutes\" \/>\n<script type=\"application\/ld+json\" class=\"yoast-schema-graph\">{\"@context\":\"https:\/\/schema.org\",\"@graph\":[{\"@type\":\"Article\",\"@id\":\"https:\/\/stourm.news\/?p=5077#article\",\"isPartOf\":{\"@id\":\"https:\/\/stourm.news\/?p=5077\"},\"author\":{\"name\":\"La r\u00e9daction\",\"@id\":\"https:\/\/stourm.news\/#\/schema\/person\/c3e1dc65988632e190969234ef046cf9\"},\"headline\":\"\u00c9ditorial : \u00ab\u00a0Quand on est un patriote breton, on milite politiquement !\u00a0\u00bb\",\"datePublished\":\"2025-11-22T07:58:07+00:00\",\"dateModified\":\"2025-11-22T08:13:51+00:00\",\"mainEntityOfPage\":{\"@id\":\"https:\/\/stourm.news\/?p=5077\"},\"wordCount\":1035,\"commentCount\":0,\"publisher\":{\"@id\":\"https:\/\/stourm.news\/#organization\"},\"image\":{\"@id\":\"https:\/\/stourm.news\/?p=5077#primaryimage\"},\"thumbnailUrl\":\"https:\/\/stourm.news\/wp-content\/uploads\/2025\/11\/Capture-decran-2025-11-22-a-16.57.43.png\",\"articleSection\":[\"Editorial\",\"Principale\"],\"inLanguage\":\"fr-FR\",\"potentialAction\":[{\"@type\":\"CommentAction\",\"name\":\"Comment\",\"target\":[\"https:\/\/stourm.news\/?p=5077#respond\"]}]},{\"@type\":\"WebPage\",\"@id\":\"https:\/\/stourm.news\/?p=5077\",\"url\":\"https:\/\/stourm.news\/?p=5077\",\"name\":\"\u00c9ditorial : \\\"Quand on est un patriote breton, on milite politiquement !\\\" - STOURM\",\"isPartOf\":{\"@id\":\"https:\/\/stourm.news\/#website\"},\"primaryImageOfPage\":{\"@id\":\"https:\/\/stourm.news\/?p=5077#primaryimage\"},\"image\":{\"@id\":\"https:\/\/stourm.news\/?p=5077#primaryimage\"},\"thumbnailUrl\":\"https:\/\/stourm.news\/wp-content\/uploads\/2025\/11\/Capture-decran-2025-11-22-a-16.57.43.png\",\"datePublished\":\"2025-11-22T07:58:07+00:00\",\"dateModified\":\"2025-11-22T08:13:51+00:00\",\"breadcrumb\":{\"@id\":\"https:\/\/stourm.news\/?p=5077#breadcrumb\"},\"inLanguage\":\"fr-FR\",\"potentialAction\":[{\"@type\":\"ReadAction\",\"target\":[\"https:\/\/stourm.news\/?p=5077\"]}]},{\"@type\":\"ImageObject\",\"inLanguage\":\"fr-FR\",\"@id\":\"https:\/\/stourm.news\/?p=5077#primaryimage\",\"url\":\"https:\/\/stourm.news\/wp-content\/uploads\/2025\/11\/Capture-decran-2025-11-22-a-16.57.43.png\",\"contentUrl\":\"https:\/\/stourm.news\/wp-content\/uploads\/2025\/11\/Capture-decran-2025-11-22-a-16.57.43.png\",\"width\":808,\"height\":560},{\"@type\":\"BreadcrumbList\",\"@id\":\"https:\/\/stourm.news\/?p=5077#breadcrumb\",\"itemListElement\":[{\"@type\":\"ListItem\",\"position\":1,\"name\":\"Accueil\",\"item\":\"https:\/\/stourm.news\/\"},{\"@type\":\"ListItem\",\"position\":2,\"name\":\"\u00c9ditorial : \u00ab\u00a0Quand on est un patriote breton, on milite politiquement !\u00a0\u00bb\"}]},{\"@type\":\"WebSite\",\"@id\":\"https:\/\/stourm.news\/#website\",\"url\":\"https:\/\/stourm.news\/\",\"name\":\"Stourm\",\"description\":\"Kazetenn Strollad Broadel Breizh\",\"publisher\":{\"@id\":\"https:\/\/stourm.news\/#organization\"},\"potentialAction\":[{\"@type\":\"SearchAction\",\"target\":{\"@type\":\"EntryPoint\",\"urlTemplate\":\"https:\/\/stourm.news\/?s={search_term_string}\"},\"query-input\":{\"@type\":\"PropertyValueSpecification\",\"valueRequired\":true,\"valueName\":\"search_term_string\"}}],\"inLanguage\":\"fr-FR\"},{\"@type\":\"Organization\",\"@id\":\"https:\/\/stourm.news\/#organization\",\"name\":\"Stourm\",\"url\":\"https:\/\/stourm.news\/\",\"logo\":{\"@type\":\"ImageObject\",\"inLanguage\":\"fr-FR\",\"@id\":\"https:\/\/stourm.news\/#\/schema\/logo\/image\/\",\"url\":\"https:\/\/stourm.news\/wp-content\/uploads\/2025\/11\/cropped-Capture-decran-2025-11-28-a-15.19.07.png\",\"contentUrl\":\"https:\/\/stourm.news\/wp-content\/uploads\/2025\/11\/cropped-Capture-decran-2025-11-28-a-15.19.07.png\",\"width\":1855,\"height\":383,\"caption\":\"Stourm\"},\"image\":{\"@id\":\"https:\/\/stourm.news\/#\/schema\/logo\/image\/\"},\"sameAs\":[\"https:\/\/www.facebook.com\/stourmnews\/\"]},{\"@type\":\"Person\",\"@id\":\"https:\/\/stourm.news\/#\/schema\/person\/c3e1dc65988632e190969234ef046cf9\",\"name\":\"La r\u00e9daction\",\"image\":{\"@type\":\"ImageObject\",\"inLanguage\":\"fr-FR\",\"@id\":\"https:\/\/stourm.news\/#\/schema\/person\/image\/\",\"url\":\"https:\/\/secure.gravatar.com\/avatar\/7463443f194b6b5fb706b074ca0ef59a0cfcfd720cb47764b0ec5a952ce422b3?s=96&d=mm&r=g\",\"contentUrl\":\"https:\/\/secure.gravatar.com\/avatar\/7463443f194b6b5fb706b074ca0ef59a0cfcfd720cb47764b0ec5a952ce422b3?s=96&d=mm&r=g\",\"caption\":\"La r\u00e9daction\"},\"sameAs\":[\"https:\/\/stourm.news\"],\"url\":\"https:\/\/stourm.news\/?author=1\"}]}<\/script>\n<!-- \/ Yoast SEO plugin. -->","yoast_head_json":{"title":"\u00c9ditorial : \"Quand on est un patriote breton, on milite politiquement !\" - STOURM","robots":{"index":"index","follow":"follow","max-snippet":"max-snippet:-1","max-image-preview":"max-image-preview:large","max-video-preview":"max-video-preview:-1"},"canonical":"https:\/\/stourm.news\/?p=5077","og_locale":"fr_FR","og_type":"article","og_title":"\u00c9ditorial : \"Quand on est un patriote breton, on milite politiquement !\" - STOURM","og_description":"Aujourd&rsquo;hui, plus que jamais, notre vieux pays, la Bretagne, est menac\u00e9 dans son existence. Les raisons externes en sont connues, les raisons internes beaucoup moins. En d\u00e9finitive, une nation ne p\u00e9rit pas tant sous les coups de ses ennemis, que de la passivit\u00e9, de l&rsquo;indiff\u00e9rence, et, pire, de la trahison de ses propres membres. C&rsquo;est [&hellip;]","og_url":"https:\/\/stourm.news\/?p=5077","og_site_name":"STOURM","article_publisher":"https:\/\/www.facebook.com\/stourmnews\/","article_published_time":"2025-11-22T07:58:07+00:00","article_modified_time":"2025-11-22T08:13:51+00:00","og_image":[{"width":808,"height":560,"url":"https:\/\/stourm.news\/wp-content\/uploads\/2025\/11\/Capture-decran-2025-11-22-a-16.57.43.png","type":"image\/png"}],"author":"La r\u00e9daction","twitter_card":"summary_large_image","twitter_misc":{"\u00c9crit par":"La r\u00e9daction","Dur\u00e9e de lecture estim\u00e9e":"5 minutes"},"schema":{"@context":"https:\/\/schema.org","@graph":[{"@type":"Article","@id":"https:\/\/stourm.news\/?p=5077#article","isPartOf":{"@id":"https:\/\/stourm.news\/?p=5077"},"author":{"name":"La r\u00e9daction","@id":"https:\/\/stourm.news\/#\/schema\/person\/c3e1dc65988632e190969234ef046cf9"},"headline":"\u00c9ditorial : \u00ab\u00a0Quand on est un patriote breton, on milite politiquement !\u00a0\u00bb","datePublished":"2025-11-22T07:58:07+00:00","dateModified":"2025-11-22T08:13:51+00:00","mainEntityOfPage":{"@id":"https:\/\/stourm.news\/?p=5077"},"wordCount":1035,"commentCount":0,"publisher":{"@id":"https:\/\/stourm.news\/#organization"},"image":{"@id":"https:\/\/stourm.news\/?p=5077#primaryimage"},"thumbnailUrl":"https:\/\/stourm.news\/wp-content\/uploads\/2025\/11\/Capture-decran-2025-11-22-a-16.57.43.png","articleSection":["Editorial","Principale"],"inLanguage":"fr-FR","potentialAction":[{"@type":"CommentAction","name":"Comment","target":["https:\/\/stourm.news\/?p=5077#respond"]}]},{"@type":"WebPage","@id":"https:\/\/stourm.news\/?p=5077","url":"https:\/\/stourm.news\/?p=5077","name":"\u00c9ditorial : \"Quand on est un patriote breton, on milite politiquement !\" - STOURM","isPartOf":{"@id":"https:\/\/stourm.news\/#website"},"primaryImageOfPage":{"@id":"https:\/\/stourm.news\/?p=5077#primaryimage"},"image":{"@id":"https:\/\/stourm.news\/?p=5077#primaryimage"},"thumbnailUrl":"https:\/\/stourm.news\/wp-content\/uploads\/2025\/11\/Capture-decran-2025-11-22-a-16.57.43.png","datePublished":"2025-11-22T07:58:07+00:00","dateModified":"2025-11-22T08:13:51+00:00","breadcrumb":{"@id":"https:\/\/stourm.news\/?p=5077#breadcrumb"},"inLanguage":"fr-FR","potentialAction":[{"@type":"ReadAction","target":["https:\/\/stourm.news\/?p=5077"]}]},{"@type":"ImageObject","inLanguage":"fr-FR","@id":"https:\/\/stourm.news\/?p=5077#primaryimage","url":"https:\/\/stourm.news\/wp-content\/uploads\/2025\/11\/Capture-decran-2025-11-22-a-16.57.43.png","contentUrl":"https:\/\/stourm.news\/wp-content\/uploads\/2025\/11\/Capture-decran-2025-11-22-a-16.57.43.png","width":808,"height":560},{"@type":"BreadcrumbList","@id":"https:\/\/stourm.news\/?p=5077#breadcrumb","itemListElement":[{"@type":"ListItem","position":1,"name":"Accueil","item":"https:\/\/stourm.news\/"},{"@type":"ListItem","position":2,"name":"\u00c9ditorial : \u00ab\u00a0Quand on est un patriote breton, on milite politiquement !\u00a0\u00bb"}]},{"@type":"WebSite","@id":"https:\/\/stourm.news\/#website","url":"https:\/\/stourm.news\/","name":"Stourm","description":"Kazetenn Strollad Broadel Breizh","publisher":{"@id":"https:\/\/stourm.news\/#organization"},"potentialAction":[{"@type":"SearchAction","target":{"@type":"EntryPoint","urlTemplate":"https:\/\/stourm.news\/?s={search_term_string}"},"query-input":{"@type":"PropertyValueSpecification","valueRequired":true,"valueName":"search_term_string"}}],"inLanguage":"fr-FR"},{"@type":"Organization","@id":"https:\/\/stourm.news\/#organization","name":"Stourm","url":"https:\/\/stourm.news\/","logo":{"@type":"ImageObject","inLanguage":"fr-FR","@id":"https:\/\/stourm.news\/#\/schema\/logo\/image\/","url":"https:\/\/stourm.news\/wp-content\/uploads\/2025\/11\/cropped-Capture-decran-2025-11-28-a-15.19.07.png","contentUrl":"https:\/\/stourm.news\/wp-content\/uploads\/2025\/11\/cropped-Capture-decran-2025-11-28-a-15.19.07.png","width":1855,"height":383,"caption":"Stourm"},"image":{"@id":"https:\/\/stourm.news\/#\/schema\/logo\/image\/"},"sameAs":["https:\/\/www.facebook.com\/stourmnews\/"]},{"@type":"Person","@id":"https:\/\/stourm.news\/#\/schema\/person\/c3e1dc65988632e190969234ef046cf9","name":"La r\u00e9daction","image":{"@type":"ImageObject","inLanguage":"fr-FR","@id":"https:\/\/stourm.news\/#\/schema\/person\/image\/","url":"https:\/\/secure.gravatar.com\/avatar\/7463443f194b6b5fb706b074ca0ef59a0cfcfd720cb47764b0ec5a952ce422b3?s=96&d=mm&r=g","contentUrl":"https:\/\/secure.gravatar.com\/avatar\/7463443f194b6b5fb706b074ca0ef59a0cfcfd720cb47764b0ec5a952ce422b3?s=96&d=mm&r=g","caption":"La r\u00e9daction"},"sameAs":["https:\/\/stourm.news"],"url":"https:\/\/stourm.news\/?author=1"}]}},"_links":{"self":[{"href":"https:\/\/stourm.news\/index.php?rest_route=\/wp\/v2\/posts\/5077","targetHints":{"allow":["GET"]}}],"collection":[{"href":"https:\/\/stourm.news\/index.php?rest_route=\/wp\/v2\/posts"}],"about":[{"href":"https:\/\/stourm.news\/index.php?rest_route=\/wp\/v2\/types\/post"}],"author":[{"embeddable":true,"href":"https:\/\/stourm.news\/index.php?rest_route=\/wp\/v2\/users\/1"}],"replies":[{"embeddable":true,"href":"https:\/\/stourm.news\/index.php?rest_route=%2Fwp%2Fv2%2Fcomments&post=5077"}],"version-history":[{"count":4,"href":"https:\/\/stourm.news\/index.php?rest_route=\/wp\/v2\/posts\/5077\/revisions"}],"predecessor-version":[{"id":5083,"href":"https:\/\/stourm.news\/index.php?rest_route=\/wp\/v2\/posts\/5077\/revisions\/5083"}],"wp:featuredmedia":[{"embeddable":true,"href":"https:\/\/stourm.news\/index.php?rest_route=\/wp\/v2\/media\/5079"}],"wp:attachment":[{"href":"https:\/\/stourm.news\/index.php?rest_route=%2Fwp%2Fv2%2Fmedia&parent=5077"}],"wp:term":[{"taxonomy":"category","embeddable":true,"href":"https:\/\/stourm.news\/index.php?rest_route=%2Fwp%2Fv2%2Fcategories&post=5077"},{"taxonomy":"post_tag","embeddable":true,"href":"https:\/\/stourm.news\/index.php?rest_route=%2Fwp%2Fv2%2Ftags&post=5077"}],"curies":[{"name":"wp","href":"https:\/\/api.w.org\/{rel}","templated":true}]}}