{"id":5088,"date":"2025-11-26T04:58:34","date_gmt":"2025-11-26T04:58:34","guid":{"rendered":"https:\/\/stourm.news\/?p=5088"},"modified":"2025-11-26T04:58:34","modified_gmt":"2025-11-26T04:58:34","slug":"un-jeune-egyptien-accuse-dune-sanglante-agression-a-brest-fait-appel-de-sa-trop-lourde-peine","status":"publish","type":"post","link":"https:\/\/stourm.news\/?p=5088","title":{"rendered":"Un jeune \u00c9gyptien accus\u00e9 d&rsquo;une sanglante agression \u00e0 Brest fait appel de sa \u00ab\u00a0trop\u00a0\u00bb lourde peine"},"content":{"rendered":"<p style=\"text-align: justify;\">Le 18 novembre 2025, la cour d&rsquo;appel de Rennes a rejug\u00e9 un jeune \u00c9gyptien de 18 ans, en situation irr\u00e9guli\u00e8re \u00e0 Brest depuis deux ans, condamn\u00e9 en premi\u00e8re instance \u00e0 trois ans de prison ferme pour vol avec violence aggrav\u00e9 relate <strong><a href=\"https:\/\/actu.fr\/bretagne\/brest_29019\/le-jeune-egyptien-accuse-dune-sanglante-agression-a-brest-fait-appel-de-sa-trop-lourde-peine_63485935.html\">Actu.fr<\/a><\/strong>.<\/p>\n<p style=\"text-align: justify;\">Les faits remontent au 8 ao\u00fbt 2025, dans le quartier de Lanr\u00e9dec \u00e0 Brest : la victime, un jeune homme boitant suite \u00e0 une op\u00e9ration du genou, rentrait d&rsquo;un festival avec un ami quand trois agresseurs l&rsquo;ont attaqu\u00e9 apr\u00e8s lui avoir demand\u00e9 l&rsquo;heure. Ils l&rsquo;ont rattrap\u00e9, l&rsquo;ont frapp\u00e9 \u00e0 la barre de fer au cr\u00e2ne et poignard\u00e9 deux fois \u00e0 la cuisse, lui volant son t\u00e9l\u00e9phone et sa carte bancaire (dont le code). L&rsquo;ami s&rsquo;est \u00e9chapp\u00e9 pour alerter la police ; la victime, retrouv\u00e9e dans une mare de sang, a subi cinq jours d&rsquo;ITT mais a perdu beaucoup de sang. Le lendemain, un retrait frauduleux de 26,80 euros a permis, via la vid\u00e9osurveillance, d&rsquo;identifier le pr\u00e9venu comme l&rsquo;auteur, d\u00e9crit par la victime comme le plus mena\u00e7ant et celui qui tenait le couteau. Interpell\u00e9 le 18 ao\u00fbt avec le m\u00eame maillot de foot, il avait ni\u00e9 en garde \u00e0 vue.<\/p>\n<p style=\"text-align: justify;\">En appel, le jeune homme a reconnu sa participation mais contest\u00e9 les coups de couteau, affirmant n&rsquo;avoir frapp\u00e9 qu&rsquo;avec la main \u00ab pour de l&rsquo;argent \u00bb, sans anticiper les cons\u00e9quences. Il a plaid\u00e9 pour une r\u00e9duction de peine, invoquant son d\u00e9sir de travailler dans le b\u00e2timent et d&rsquo;\u00eatre h\u00e9berg\u00e9 chez sa petite amie, tout en exprimant sa peur de retourner en \u00c9gypte. La pr\u00e9sidente a soulign\u00e9 le traumatisme durable de la victime, qui craint d\u00e9sormais de sortir, et l&rsquo;avocate g\u00e9n\u00e9rale a requis la confirmation des trois ans ferme, une interdiction de territoire de dix ans et d&rsquo;armes de cinq ans, vu la gravit\u00e9 potentiellement l\u00e9tale des faits et le manque de remords. La d\u00e9fense, par Me Sarah Mazo, a admis une peine ferme mais sugg\u00e9r\u00e9 18 mois pour permettre un am\u00e9nagement rapide. La cour a mis en d\u00e9lib\u00e9r\u00e9 et rendra son arr\u00eat dans un mois environ.<\/p>\n","protected":false},"excerpt":{"rendered":"<p>Le 18 novembre 2025, la cour d&rsquo;appel de Rennes a rejug\u00e9 un jeune \u00c9gyptien de 18 ans, en situation irr\u00e9guli\u00e8re \u00e0 Brest depuis deux ans, condamn\u00e9 en premi\u00e8re instance \u00e0 trois ans de prison ferme pour vol avec violence aggrav\u00e9 relate Actu.fr. Les faits remontent au 8 ao\u00fbt 2025, dans le quartier de Lanr\u00e9dec \u00e0 [&hellip;]<\/p>\n","protected":false},"author":1,"featured_media":5089,"comment_status":"open","ping_status":"open","sticky":false,"template":"","format":"standard","meta":{"sb_editor_width":"","footnotes":""},"categories":[38,33,65,62],"tags":[],"class_list":["post-5088","post","type-post","status-publish","format-standard","has-post-thumbnail","hentry","category-finistere","category-immigration","category-principale","category-revue-de-presse"],"relative_dates":{"created":"5 mois ago","modified":"5 mois ago"},"yoast_head":"<!-- This site is optimized with the Yoast SEO plugin v26.3 - https:\/\/yoast.com\/wordpress\/plugins\/seo\/ -->\n<title>Un jeune \u00c9gyptien accus\u00e9 d&#039;une sanglante agression \u00e0 Brest fait appel de sa &quot;trop&quot; lourde peine - STOURM<\/title>\n<meta name=\"robots\" content=\"index, follow, max-snippet:-1, max-image-preview:large, max-video-preview:-1\" \/>\n<link rel=\"canonical\" href=\"https:\/\/stourm.news\/?p=5088\" \/>\n<meta property=\"og:locale\" content=\"fr_FR\" \/>\n<meta property=\"og:type\" content=\"article\" \/>\n<meta property=\"og:title\" content=\"Un jeune \u00c9gyptien accus\u00e9 d&#039;une sanglante agression \u00e0 Brest fait appel de sa &quot;trop&quot; lourde peine - STOURM\" \/>\n<meta property=\"og:description\" content=\"Le 18 novembre 2025, la cour d&rsquo;appel de Rennes a rejug\u00e9 un jeune \u00c9gyptien de 18 ans, en situation irr\u00e9guli\u00e8re \u00e0 Brest depuis deux ans, condamn\u00e9 en premi\u00e8re instance \u00e0 trois ans de prison ferme pour vol avec violence aggrav\u00e9 relate Actu.fr. Les faits remontent au 8 ao\u00fbt 2025, dans le quartier de Lanr\u00e9dec \u00e0 [&hellip;]\" \/>\n<meta property=\"og:url\" content=\"https:\/\/stourm.news\/?p=5088\" \/>\n<meta property=\"og:site_name\" content=\"STOURM\" \/>\n<meta property=\"article:publisher\" content=\"https:\/\/www.facebook.com\/stourmnews\/\" \/>\n<meta property=\"article:published_time\" content=\"2025-11-26T04:58:34+00:00\" \/>\n<meta name=\"author\" content=\"La r\u00e9daction\" \/>\n<meta name=\"twitter:card\" content=\"summary_large_image\" \/>\n<meta name=\"twitter:label1\" content=\"\u00c9crit par\" \/>\n\t<meta name=\"twitter:data1\" content=\"La r\u00e9daction\" \/>\n\t<meta name=\"twitter:label2\" content=\"Dur\u00e9e de lecture estim\u00e9e\" \/>\n\t<meta name=\"twitter:data2\" content=\"2 minutes\" \/>\n<script type=\"application\/ld+json\" class=\"yoast-schema-graph\">{\"@context\":\"https:\/\/schema.org\",\"@graph\":[{\"@type\":\"Article\",\"@id\":\"https:\/\/stourm.news\/?p=5088#article\",\"isPartOf\":{\"@id\":\"https:\/\/stourm.news\/?p=5088\"},\"author\":{\"name\":\"La r\u00e9daction\",\"@id\":\"https:\/\/stourm.news\/#\/schema\/person\/c3e1dc65988632e190969234ef046cf9\"},\"headline\":\"Un jeune \u00c9gyptien accus\u00e9 d&rsquo;une sanglante agression \u00e0 Brest fait appel de sa \u00ab\u00a0trop\u00a0\u00bb lourde peine\",\"datePublished\":\"2025-11-26T04:58:34+00:00\",\"mainEntityOfPage\":{\"@id\":\"https:\/\/stourm.news\/?p=5088\"},\"wordCount\":385,\"commentCount\":0,\"publisher\":{\"@id\":\"https:\/\/stourm.news\/#organization\"},\"image\":{\"@id\":\"https:\/\/stourm.news\/?p=5088#primaryimage\"},\"thumbnailUrl\":\"https:\/\/stourm.news\/wp-content\/uploads\/2025\/11\/Capture-decran-2025-11-26-a-13.57.30.png\",\"articleSection\":[\"Finist\u00e8re\",\"Immigration\",\"Principale\",\"Revue de presse\"],\"inLanguage\":\"fr-FR\",\"potentialAction\":[{\"@type\":\"CommentAction\",\"name\":\"Comment\",\"target\":[\"https:\/\/stourm.news\/?p=5088#respond\"]}]},{\"@type\":\"WebPage\",\"@id\":\"https:\/\/stourm.news\/?p=5088\",\"url\":\"https:\/\/stourm.news\/?p=5088\",\"name\":\"Un jeune \u00c9gyptien accus\u00e9 d'une sanglante agression \u00e0 Brest fait appel de sa \\\"trop\\\" lourde peine - STOURM\",\"isPartOf\":{\"@id\":\"https:\/\/stourm.news\/#website\"},\"primaryImageOfPage\":{\"@id\":\"https:\/\/stourm.news\/?p=5088#primaryimage\"},\"image\":{\"@id\":\"https:\/\/stourm.news\/?p=5088#primaryimage\"},\"thumbnailUrl\":\"https:\/\/stourm.news\/wp-content\/uploads\/2025\/11\/Capture-decran-2025-11-26-a-13.57.30.png\",\"datePublished\":\"2025-11-26T04:58:34+00:00\",\"breadcrumb\":{\"@id\":\"https:\/\/stourm.news\/?p=5088#breadcrumb\"},\"inLanguage\":\"fr-FR\",\"potentialAction\":[{\"@type\":\"ReadAction\",\"target\":[\"https:\/\/stourm.news\/?p=5088\"]}]},{\"@type\":\"ImageObject\",\"inLanguage\":\"fr-FR\",\"@id\":\"https:\/\/stourm.news\/?p=5088#primaryimage\",\"url\":\"https:\/\/stourm.news\/wp-content\/uploads\/2025\/11\/Capture-decran-2025-11-26-a-13.57.30.png\",\"contentUrl\":\"https:\/\/stourm.news\/wp-content\/uploads\/2025\/11\/Capture-decran-2025-11-26-a-13.57.30.png\",\"width\":800,\"height\":490},{\"@type\":\"BreadcrumbList\",\"@id\":\"https:\/\/stourm.news\/?p=5088#breadcrumb\",\"itemListElement\":[{\"@type\":\"ListItem\",\"position\":1,\"name\":\"Accueil\",\"item\":\"https:\/\/stourm.news\/\"},{\"@type\":\"ListItem\",\"position\":2,\"name\":\"Un jeune \u00c9gyptien accus\u00e9 d&rsquo;une sanglante agression \u00e0 Brest fait appel de sa \u00ab\u00a0trop\u00a0\u00bb lourde peine\"}]},{\"@type\":\"WebSite\",\"@id\":\"https:\/\/stourm.news\/#website\",\"url\":\"https:\/\/stourm.news\/\",\"name\":\"Stourm\",\"description\":\"Kazetenn Strollad Broadel Breizh\",\"publisher\":{\"@id\":\"https:\/\/stourm.news\/#organization\"},\"potentialAction\":[{\"@type\":\"SearchAction\",\"target\":{\"@type\":\"EntryPoint\",\"urlTemplate\":\"https:\/\/stourm.news\/?s={search_term_string}\"},\"query-input\":{\"@type\":\"PropertyValueSpecification\",\"valueRequired\":true,\"valueName\":\"search_term_string\"}}],\"inLanguage\":\"fr-FR\"},{\"@type\":\"Organization\",\"@id\":\"https:\/\/stourm.news\/#organization\",\"name\":\"Stourm\",\"url\":\"https:\/\/stourm.news\/\",\"logo\":{\"@type\":\"ImageObject\",\"inLanguage\":\"fr-FR\",\"@id\":\"https:\/\/stourm.news\/#\/schema\/logo\/image\/\",\"url\":\"https:\/\/stourm.news\/wp-content\/uploads\/2025\/11\/cropped-Capture-decran-2025-11-28-a-15.19.07.png\",\"contentUrl\":\"https:\/\/stourm.news\/wp-content\/uploads\/2025\/11\/cropped-Capture-decran-2025-11-28-a-15.19.07.png\",\"width\":1855,\"height\":383,\"caption\":\"Stourm\"},\"image\":{\"@id\":\"https:\/\/stourm.news\/#\/schema\/logo\/image\/\"},\"sameAs\":[\"https:\/\/www.facebook.com\/stourmnews\/\"]},{\"@type\":\"Person\",\"@id\":\"https:\/\/stourm.news\/#\/schema\/person\/c3e1dc65988632e190969234ef046cf9\",\"name\":\"La r\u00e9daction\",\"image\":{\"@type\":\"ImageObject\",\"inLanguage\":\"fr-FR\",\"@id\":\"https:\/\/stourm.news\/#\/schema\/person\/image\/\",\"url\":\"https:\/\/secure.gravatar.com\/avatar\/7463443f194b6b5fb706b074ca0ef59a0cfcfd720cb47764b0ec5a952ce422b3?s=96&d=mm&r=g\",\"contentUrl\":\"https:\/\/secure.gravatar.com\/avatar\/7463443f194b6b5fb706b074ca0ef59a0cfcfd720cb47764b0ec5a952ce422b3?s=96&d=mm&r=g\",\"caption\":\"La r\u00e9daction\"},\"sameAs\":[\"https:\/\/stourm.news\"],\"url\":\"https:\/\/stourm.news\/?author=1\"}]}<\/script>\n<!-- \/ Yoast SEO plugin. -->","yoast_head_json":{"title":"Un jeune \u00c9gyptien accus\u00e9 d'une sanglante agression \u00e0 Brest fait appel de sa \"trop\" lourde peine - STOURM","robots":{"index":"index","follow":"follow","max-snippet":"max-snippet:-1","max-image-preview":"max-image-preview:large","max-video-preview":"max-video-preview:-1"},"canonical":"https:\/\/stourm.news\/?p=5088","og_locale":"fr_FR","og_type":"article","og_title":"Un jeune \u00c9gyptien accus\u00e9 d'une sanglante agression \u00e0 Brest fait appel de sa \"trop\" lourde peine - STOURM","og_description":"Le 18 novembre 2025, la cour d&rsquo;appel de Rennes a rejug\u00e9 un jeune \u00c9gyptien de 18 ans, en situation irr\u00e9guli\u00e8re \u00e0 Brest depuis deux ans, condamn\u00e9 en premi\u00e8re instance \u00e0 trois ans de prison ferme pour vol avec violence aggrav\u00e9 relate Actu.fr. Les faits remontent au 8 ao\u00fbt 2025, dans le quartier de Lanr\u00e9dec \u00e0 [&hellip;]","og_url":"https:\/\/stourm.news\/?p=5088","og_site_name":"STOURM","article_publisher":"https:\/\/www.facebook.com\/stourmnews\/","article_published_time":"2025-11-26T04:58:34+00:00","author":"La r\u00e9daction","twitter_card":"summary_large_image","twitter_misc":{"\u00c9crit par":"La r\u00e9daction","Dur\u00e9e de lecture estim\u00e9e":"2 minutes"},"schema":{"@context":"https:\/\/schema.org","@graph":[{"@type":"Article","@id":"https:\/\/stourm.news\/?p=5088#article","isPartOf":{"@id":"https:\/\/stourm.news\/?p=5088"},"author":{"name":"La r\u00e9daction","@id":"https:\/\/stourm.news\/#\/schema\/person\/c3e1dc65988632e190969234ef046cf9"},"headline":"Un jeune \u00c9gyptien accus\u00e9 d&rsquo;une sanglante agression \u00e0 Brest fait appel de sa \u00ab\u00a0trop\u00a0\u00bb lourde peine","datePublished":"2025-11-26T04:58:34+00:00","mainEntityOfPage":{"@id":"https:\/\/stourm.news\/?p=5088"},"wordCount":385,"commentCount":0,"publisher":{"@id":"https:\/\/stourm.news\/#organization"},"image":{"@id":"https:\/\/stourm.news\/?p=5088#primaryimage"},"thumbnailUrl":"https:\/\/stourm.news\/wp-content\/uploads\/2025\/11\/Capture-decran-2025-11-26-a-13.57.30.png","articleSection":["Finist\u00e8re","Immigration","Principale","Revue de presse"],"inLanguage":"fr-FR","potentialAction":[{"@type":"CommentAction","name":"Comment","target":["https:\/\/stourm.news\/?p=5088#respond"]}]},{"@type":"WebPage","@id":"https:\/\/stourm.news\/?p=5088","url":"https:\/\/stourm.news\/?p=5088","name":"Un jeune \u00c9gyptien accus\u00e9 d'une sanglante agression \u00e0 Brest fait appel de sa \"trop\" lourde peine - STOURM","isPartOf":{"@id":"https:\/\/stourm.news\/#website"},"primaryImageOfPage":{"@id":"https:\/\/stourm.news\/?p=5088#primaryimage"},"image":{"@id":"https:\/\/stourm.news\/?p=5088#primaryimage"},"thumbnailUrl":"https:\/\/stourm.news\/wp-content\/uploads\/2025\/11\/Capture-decran-2025-11-26-a-13.57.30.png","datePublished":"2025-11-26T04:58:34+00:00","breadcrumb":{"@id":"https:\/\/stourm.news\/?p=5088#breadcrumb"},"inLanguage":"fr-FR","potentialAction":[{"@type":"ReadAction","target":["https:\/\/stourm.news\/?p=5088"]}]},{"@type":"ImageObject","inLanguage":"fr-FR","@id":"https:\/\/stourm.news\/?p=5088#primaryimage","url":"https:\/\/stourm.news\/wp-content\/uploads\/2025\/11\/Capture-decran-2025-11-26-a-13.57.30.png","contentUrl":"https:\/\/stourm.news\/wp-content\/uploads\/2025\/11\/Capture-decran-2025-11-26-a-13.57.30.png","width":800,"height":490},{"@type":"BreadcrumbList","@id":"https:\/\/stourm.news\/?p=5088#breadcrumb","itemListElement":[{"@type":"ListItem","position":1,"name":"Accueil","item":"https:\/\/stourm.news\/"},{"@type":"ListItem","position":2,"name":"Un jeune \u00c9gyptien accus\u00e9 d&rsquo;une sanglante agression \u00e0 Brest fait appel de sa \u00ab\u00a0trop\u00a0\u00bb lourde peine"}]},{"@type":"WebSite","@id":"https:\/\/stourm.news\/#website","url":"https:\/\/stourm.news\/","name":"Stourm","description":"Kazetenn Strollad Broadel Breizh","publisher":{"@id":"https:\/\/stourm.news\/#organization"},"potentialAction":[{"@type":"SearchAction","target":{"@type":"EntryPoint","urlTemplate":"https:\/\/stourm.news\/?s={search_term_string}"},"query-input":{"@type":"PropertyValueSpecification","valueRequired":true,"valueName":"search_term_string"}}],"inLanguage":"fr-FR"},{"@type":"Organization","@id":"https:\/\/stourm.news\/#organization","name":"Stourm","url":"https:\/\/stourm.news\/","logo":{"@type":"ImageObject","inLanguage":"fr-FR","@id":"https:\/\/stourm.news\/#\/schema\/logo\/image\/","url":"https:\/\/stourm.news\/wp-content\/uploads\/2025\/11\/cropped-Capture-decran-2025-11-28-a-15.19.07.png","contentUrl":"https:\/\/stourm.news\/wp-content\/uploads\/2025\/11\/cropped-Capture-decran-2025-11-28-a-15.19.07.png","width":1855,"height":383,"caption":"Stourm"},"image":{"@id":"https:\/\/stourm.news\/#\/schema\/logo\/image\/"},"sameAs":["https:\/\/www.facebook.com\/stourmnews\/"]},{"@type":"Person","@id":"https:\/\/stourm.news\/#\/schema\/person\/c3e1dc65988632e190969234ef046cf9","name":"La r\u00e9daction","image":{"@type":"ImageObject","inLanguage":"fr-FR","@id":"https:\/\/stourm.news\/#\/schema\/person\/image\/","url":"https:\/\/secure.gravatar.com\/avatar\/7463443f194b6b5fb706b074ca0ef59a0cfcfd720cb47764b0ec5a952ce422b3?s=96&d=mm&r=g","contentUrl":"https:\/\/secure.gravatar.com\/avatar\/7463443f194b6b5fb706b074ca0ef59a0cfcfd720cb47764b0ec5a952ce422b3?s=96&d=mm&r=g","caption":"La r\u00e9daction"},"sameAs":["https:\/\/stourm.news"],"url":"https:\/\/stourm.news\/?author=1"}]}},"_links":{"self":[{"href":"https:\/\/stourm.news\/index.php?rest_route=\/wp\/v2\/posts\/5088","targetHints":{"allow":["GET"]}}],"collection":[{"href":"https:\/\/stourm.news\/index.php?rest_route=\/wp\/v2\/posts"}],"about":[{"href":"https:\/\/stourm.news\/index.php?rest_route=\/wp\/v2\/types\/post"}],"author":[{"embeddable":true,"href":"https:\/\/stourm.news\/index.php?rest_route=\/wp\/v2\/users\/1"}],"replies":[{"embeddable":true,"href":"https:\/\/stourm.news\/index.php?rest_route=%2Fwp%2Fv2%2Fcomments&post=5088"}],"version-history":[{"count":1,"href":"https:\/\/stourm.news\/index.php?rest_route=\/wp\/v2\/posts\/5088\/revisions"}],"predecessor-version":[{"id":5090,"href":"https:\/\/stourm.news\/index.php?rest_route=\/wp\/v2\/posts\/5088\/revisions\/5090"}],"wp:featuredmedia":[{"embeddable":true,"href":"https:\/\/stourm.news\/index.php?rest_route=\/wp\/v2\/media\/5089"}],"wp:attachment":[{"href":"https:\/\/stourm.news\/index.php?rest_route=%2Fwp%2Fv2%2Fmedia&parent=5088"}],"wp:term":[{"taxonomy":"category","embeddable":true,"href":"https:\/\/stourm.news\/index.php?rest_route=%2Fwp%2Fv2%2Fcategories&post=5088"},{"taxonomy":"post_tag","embeddable":true,"href":"https:\/\/stourm.news\/index.php?rest_route=%2Fwp%2Fv2%2Ftags&post=5088"}],"curies":[{"name":"wp","href":"https:\/\/api.w.org\/{rel}","templated":true}]}}