{"id":5091,"date":"2025-11-26T05:13:31","date_gmt":"2025-11-26T05:13:31","guid":{"rendered":"https:\/\/stourm.news\/?p=5091"},"modified":"2025-11-26T05:13:31","modified_gmt":"2025-11-26T05:13:31","slug":"coups-de-feu-a-nantes-la-circulation-des-trams-interrompue-pendant-une-heure","status":"publish","type":"post","link":"https:\/\/stourm.news\/?p=5091","title":{"rendered":"Coups de feu \u00e0 Nantes : la circulation des trams interrompue pendant une heure"},"content":{"rendered":"<p style=\"text-align: justify;\"><span style=\"font-family: arial, helvetica, sans-serif; font-size: 14pt;\">Mardi 26 novembre 2025, vers 15h45, des coups de feu ont retenti dans le quartier Pirmil, au sud de Nantes (Loire-Atlantique), pr\u00e8s de la station de tramway du m\u00eame nom. Cet incident s&rsquo;inscrit dans une s\u00e9rie d&rsquo;\u00e9pisodes violents survenus ces derniers mois dans le secteur, li\u00e9s au contr\u00f4le d&rsquo;un point de deal de stup\u00e9fiants par les gangs ethniques qui op\u00e8rent dans le secteur. <\/span><\/p>\n<p style=\"text-align: justify;\"><span style=\"font-family: arial, helvetica, sans-serif; font-size: 14pt;\">Naolib, l&rsquo;op\u00e9rateur des transports en commun, a signal\u00e9 des perturbations sur les lignes 2 et 3 du tramway en raison d'\u00a0\u00bbincivilit\u00e9s\u00a0\u00bb. En r\u00e9ponse, la circulation des trams a \u00e9t\u00e9 imm\u00e9diatement interrompue pour des raisons de s\u00e9curit\u00e9 : la ligne 2 a \u00e9t\u00e9 stopp\u00e9e entre les stations Wattignies et Gare de Pont-Rousseau, tandis que la ligne 3 a \u00e9t\u00e9 coup\u00e9e entre H\u00f4tel-Dieu et 8-Mai 1945 rapporte <a href=\"https:\/\/actu.fr\/pays-de-la-loire\/nantes_44109\/coups-de-feu-a-nantes-la-circulation-des-trams-interrompue-pendant-une-heure_63487813.html\">Actu.fr<\/a>.<\/span><\/p>\n<p style=\"text-align: justify;\"><span style=\"font-family: arial, helvetica, sans-serif; font-size: 14pt;\">Cette interruption a dur\u00e9 environ une heure, avant que le trafic ne reprenne normalement. Aucune information n&rsquo;a \u00e9t\u00e9 communiqu\u00e9e sur d&rsquo;\u00e9ventuelles victimes ou interpellations, mais l&rsquo;\u00e9v\u00e9nement illustre les tensions r\u00e9currentes dans ce quartier sensible.<\/span><\/p>\n","protected":false},"excerpt":{"rendered":"<p>Mardi 26 novembre 2025, vers 15h45, des coups de feu ont retenti dans le quartier Pirmil, au sud de Nantes (Loire-Atlantique), pr\u00e8s de la station de tramway du m\u00eame nom. Cet incident s&rsquo;inscrit dans une s\u00e9rie d&rsquo;\u00e9pisodes violents survenus ces derniers mois dans le secteur, li\u00e9s au contr\u00f4le d&rsquo;un point de deal de stup\u00e9fiants par [&hellip;]<\/p>\n","protected":false},"author":1,"featured_media":5092,"comment_status":"open","ping_status":"open","sticky":false,"template":"","format":"standard","meta":{"sb_editor_width":"","footnotes":""},"categories":[52,42,65,62],"tags":[],"class_list":["post-5091","post","type-post","status-publish","format-standard","has-post-thumbnail","hentry","category-faits-divers","category-loire-atlantique","category-principale","category-revue-de-presse"],"relative_dates":{"created":"5 mois ago","modified":"5 mois ago"},"yoast_head":"<!-- This site is optimized with the Yoast SEO plugin v26.3 - https:\/\/yoast.com\/wordpress\/plugins\/seo\/ -->\n<title>Coups de feu \u00e0 Nantes : la circulation des trams interrompue pendant une heure - STOURM<\/title>\n<meta name=\"robots\" content=\"index, follow, max-snippet:-1, max-image-preview:large, max-video-preview:-1\" \/>\n<link rel=\"canonical\" href=\"https:\/\/stourm.news\/?p=5091\" \/>\n<meta property=\"og:locale\" content=\"fr_FR\" \/>\n<meta property=\"og:type\" content=\"article\" \/>\n<meta property=\"og:title\" content=\"Coups de feu \u00e0 Nantes : la circulation des trams interrompue pendant une heure - STOURM\" \/>\n<meta property=\"og:description\" content=\"Mardi 26 novembre 2025, vers 15h45, des coups de feu ont retenti dans le quartier Pirmil, au sud de Nantes (Loire-Atlantique), pr\u00e8s de la station de tramway du m\u00eame nom. Cet incident s&rsquo;inscrit dans une s\u00e9rie d&rsquo;\u00e9pisodes violents survenus ces derniers mois dans le secteur, li\u00e9s au contr\u00f4le d&rsquo;un point de deal de stup\u00e9fiants par [&hellip;]\" \/>\n<meta property=\"og:url\" content=\"https:\/\/stourm.news\/?p=5091\" \/>\n<meta property=\"og:site_name\" content=\"STOURM\" \/>\n<meta property=\"article:publisher\" content=\"https:\/\/www.facebook.com\/stourmnews\/\" \/>\n<meta property=\"article:published_time\" content=\"2025-11-26T05:13:31+00:00\" \/>\n<meta name=\"author\" content=\"La r\u00e9daction\" \/>\n<meta name=\"twitter:card\" content=\"summary_large_image\" \/>\n<meta name=\"twitter:label1\" content=\"\u00c9crit par\" \/>\n\t<meta name=\"twitter:data1\" content=\"La r\u00e9daction\" \/>\n\t<meta name=\"twitter:label2\" content=\"Dur\u00e9e de lecture estim\u00e9e\" \/>\n\t<meta name=\"twitter:data2\" content=\"1 minute\" \/>\n<script type=\"application\/ld+json\" class=\"yoast-schema-graph\">{\"@context\":\"https:\/\/schema.org\",\"@graph\":[{\"@type\":\"Article\",\"@id\":\"https:\/\/stourm.news\/?p=5091#article\",\"isPartOf\":{\"@id\":\"https:\/\/stourm.news\/?p=5091\"},\"author\":{\"name\":\"La r\u00e9daction\",\"@id\":\"https:\/\/stourm.news\/#\/schema\/person\/c3e1dc65988632e190969234ef046cf9\"},\"headline\":\"Coups de feu \u00e0 Nantes : la circulation des trams interrompue pendant une heure\",\"datePublished\":\"2025-11-26T05:13:31+00:00\",\"mainEntityOfPage\":{\"@id\":\"https:\/\/stourm.news\/?p=5091\"},\"wordCount\":194,\"commentCount\":0,\"publisher\":{\"@id\":\"https:\/\/stourm.news\/#organization\"},\"image\":{\"@id\":\"https:\/\/stourm.news\/?p=5091#primaryimage\"},\"thumbnailUrl\":\"https:\/\/stourm.news\/wp-content\/uploads\/2025\/11\/nantes-tram-nouveau-naolib-tan-transports-tramway-3.jpg\",\"articleSection\":[\"Faits divers\",\"Loire-Atlantique\",\"Principale\",\"Revue de presse\"],\"inLanguage\":\"fr-FR\",\"potentialAction\":[{\"@type\":\"CommentAction\",\"name\":\"Comment\",\"target\":[\"https:\/\/stourm.news\/?p=5091#respond\"]}]},{\"@type\":\"WebPage\",\"@id\":\"https:\/\/stourm.news\/?p=5091\",\"url\":\"https:\/\/stourm.news\/?p=5091\",\"name\":\"Coups de feu \u00e0 Nantes : la circulation des trams interrompue pendant une heure - STOURM\",\"isPartOf\":{\"@id\":\"https:\/\/stourm.news\/#website\"},\"primaryImageOfPage\":{\"@id\":\"https:\/\/stourm.news\/?p=5091#primaryimage\"},\"image\":{\"@id\":\"https:\/\/stourm.news\/?p=5091#primaryimage\"},\"thumbnailUrl\":\"https:\/\/stourm.news\/wp-content\/uploads\/2025\/11\/nantes-tram-nouveau-naolib-tan-transports-tramway-3.jpg\",\"datePublished\":\"2025-11-26T05:13:31+00:00\",\"breadcrumb\":{\"@id\":\"https:\/\/stourm.news\/?p=5091#breadcrumb\"},\"inLanguage\":\"fr-FR\",\"potentialAction\":[{\"@type\":\"ReadAction\",\"target\":[\"https:\/\/stourm.news\/?p=5091\"]}]},{\"@type\":\"ImageObject\",\"inLanguage\":\"fr-FR\",\"@id\":\"https:\/\/stourm.news\/?p=5091#primaryimage\",\"url\":\"https:\/\/stourm.news\/wp-content\/uploads\/2025\/11\/nantes-tram-nouveau-naolib-tan-transports-tramway-3.jpg\",\"contentUrl\":\"https:\/\/stourm.news\/wp-content\/uploads\/2025\/11\/nantes-tram-nouveau-naolib-tan-transports-tramway-3.jpg\",\"width\":1280,\"height\":721},{\"@type\":\"BreadcrumbList\",\"@id\":\"https:\/\/stourm.news\/?p=5091#breadcrumb\",\"itemListElement\":[{\"@type\":\"ListItem\",\"position\":1,\"name\":\"Accueil\",\"item\":\"https:\/\/stourm.news\/\"},{\"@type\":\"ListItem\",\"position\":2,\"name\":\"Coups de feu \u00e0 Nantes : la circulation des trams interrompue pendant une heure\"}]},{\"@type\":\"WebSite\",\"@id\":\"https:\/\/stourm.news\/#website\",\"url\":\"https:\/\/stourm.news\/\",\"name\":\"Stourm\",\"description\":\"Kazetenn Strollad Broadel Breizh\",\"publisher\":{\"@id\":\"https:\/\/stourm.news\/#organization\"},\"potentialAction\":[{\"@type\":\"SearchAction\",\"target\":{\"@type\":\"EntryPoint\",\"urlTemplate\":\"https:\/\/stourm.news\/?s={search_term_string}\"},\"query-input\":{\"@type\":\"PropertyValueSpecification\",\"valueRequired\":true,\"valueName\":\"search_term_string\"}}],\"inLanguage\":\"fr-FR\"},{\"@type\":\"Organization\",\"@id\":\"https:\/\/stourm.news\/#organization\",\"name\":\"Stourm\",\"url\":\"https:\/\/stourm.news\/\",\"logo\":{\"@type\":\"ImageObject\",\"inLanguage\":\"fr-FR\",\"@id\":\"https:\/\/stourm.news\/#\/schema\/logo\/image\/\",\"url\":\"https:\/\/stourm.news\/wp-content\/uploads\/2025\/11\/cropped-Capture-decran-2025-11-28-a-15.19.07.png\",\"contentUrl\":\"https:\/\/stourm.news\/wp-content\/uploads\/2025\/11\/cropped-Capture-decran-2025-11-28-a-15.19.07.png\",\"width\":1855,\"height\":383,\"caption\":\"Stourm\"},\"image\":{\"@id\":\"https:\/\/stourm.news\/#\/schema\/logo\/image\/\"},\"sameAs\":[\"https:\/\/www.facebook.com\/stourmnews\/\"]},{\"@type\":\"Person\",\"@id\":\"https:\/\/stourm.news\/#\/schema\/person\/c3e1dc65988632e190969234ef046cf9\",\"name\":\"La r\u00e9daction\",\"image\":{\"@type\":\"ImageObject\",\"inLanguage\":\"fr-FR\",\"@id\":\"https:\/\/stourm.news\/#\/schema\/person\/image\/\",\"url\":\"https:\/\/secure.gravatar.com\/avatar\/7463443f194b6b5fb706b074ca0ef59a0cfcfd720cb47764b0ec5a952ce422b3?s=96&d=mm&r=g\",\"contentUrl\":\"https:\/\/secure.gravatar.com\/avatar\/7463443f194b6b5fb706b074ca0ef59a0cfcfd720cb47764b0ec5a952ce422b3?s=96&d=mm&r=g\",\"caption\":\"La r\u00e9daction\"},\"sameAs\":[\"https:\/\/stourm.news\"],\"url\":\"https:\/\/stourm.news\/?author=1\"}]}<\/script>\n<!-- \/ Yoast SEO plugin. -->","yoast_head_json":{"title":"Coups de feu \u00e0 Nantes : la circulation des trams interrompue pendant une heure - STOURM","robots":{"index":"index","follow":"follow","max-snippet":"max-snippet:-1","max-image-preview":"max-image-preview:large","max-video-preview":"max-video-preview:-1"},"canonical":"https:\/\/stourm.news\/?p=5091","og_locale":"fr_FR","og_type":"article","og_title":"Coups de feu \u00e0 Nantes : la circulation des trams interrompue pendant une heure - STOURM","og_description":"Mardi 26 novembre 2025, vers 15h45, des coups de feu ont retenti dans le quartier Pirmil, au sud de Nantes (Loire-Atlantique), pr\u00e8s de la station de tramway du m\u00eame nom. Cet incident s&rsquo;inscrit dans une s\u00e9rie d&rsquo;\u00e9pisodes violents survenus ces derniers mois dans le secteur, li\u00e9s au contr\u00f4le d&rsquo;un point de deal de stup\u00e9fiants par [&hellip;]","og_url":"https:\/\/stourm.news\/?p=5091","og_site_name":"STOURM","article_publisher":"https:\/\/www.facebook.com\/stourmnews\/","article_published_time":"2025-11-26T05:13:31+00:00","author":"La r\u00e9daction","twitter_card":"summary_large_image","twitter_misc":{"\u00c9crit par":"La r\u00e9daction","Dur\u00e9e de lecture estim\u00e9e":"1 minute"},"schema":{"@context":"https:\/\/schema.org","@graph":[{"@type":"Article","@id":"https:\/\/stourm.news\/?p=5091#article","isPartOf":{"@id":"https:\/\/stourm.news\/?p=5091"},"author":{"name":"La r\u00e9daction","@id":"https:\/\/stourm.news\/#\/schema\/person\/c3e1dc65988632e190969234ef046cf9"},"headline":"Coups de feu \u00e0 Nantes : la circulation des trams interrompue pendant une heure","datePublished":"2025-11-26T05:13:31+00:00","mainEntityOfPage":{"@id":"https:\/\/stourm.news\/?p=5091"},"wordCount":194,"commentCount":0,"publisher":{"@id":"https:\/\/stourm.news\/#organization"},"image":{"@id":"https:\/\/stourm.news\/?p=5091#primaryimage"},"thumbnailUrl":"https:\/\/stourm.news\/wp-content\/uploads\/2025\/11\/nantes-tram-nouveau-naolib-tan-transports-tramway-3.jpg","articleSection":["Faits divers","Loire-Atlantique","Principale","Revue de presse"],"inLanguage":"fr-FR","potentialAction":[{"@type":"CommentAction","name":"Comment","target":["https:\/\/stourm.news\/?p=5091#respond"]}]},{"@type":"WebPage","@id":"https:\/\/stourm.news\/?p=5091","url":"https:\/\/stourm.news\/?p=5091","name":"Coups de feu \u00e0 Nantes : la circulation des trams interrompue pendant une heure - STOURM","isPartOf":{"@id":"https:\/\/stourm.news\/#website"},"primaryImageOfPage":{"@id":"https:\/\/stourm.news\/?p=5091#primaryimage"},"image":{"@id":"https:\/\/stourm.news\/?p=5091#primaryimage"},"thumbnailUrl":"https:\/\/stourm.news\/wp-content\/uploads\/2025\/11\/nantes-tram-nouveau-naolib-tan-transports-tramway-3.jpg","datePublished":"2025-11-26T05:13:31+00:00","breadcrumb":{"@id":"https:\/\/stourm.news\/?p=5091#breadcrumb"},"inLanguage":"fr-FR","potentialAction":[{"@type":"ReadAction","target":["https:\/\/stourm.news\/?p=5091"]}]},{"@type":"ImageObject","inLanguage":"fr-FR","@id":"https:\/\/stourm.news\/?p=5091#primaryimage","url":"https:\/\/stourm.news\/wp-content\/uploads\/2025\/11\/nantes-tram-nouveau-naolib-tan-transports-tramway-3.jpg","contentUrl":"https:\/\/stourm.news\/wp-content\/uploads\/2025\/11\/nantes-tram-nouveau-naolib-tan-transports-tramway-3.jpg","width":1280,"height":721},{"@type":"BreadcrumbList","@id":"https:\/\/stourm.news\/?p=5091#breadcrumb","itemListElement":[{"@type":"ListItem","position":1,"name":"Accueil","item":"https:\/\/stourm.news\/"},{"@type":"ListItem","position":2,"name":"Coups de feu \u00e0 Nantes : la circulation des trams interrompue pendant une heure"}]},{"@type":"WebSite","@id":"https:\/\/stourm.news\/#website","url":"https:\/\/stourm.news\/","name":"Stourm","description":"Kazetenn Strollad Broadel Breizh","publisher":{"@id":"https:\/\/stourm.news\/#organization"},"potentialAction":[{"@type":"SearchAction","target":{"@type":"EntryPoint","urlTemplate":"https:\/\/stourm.news\/?s={search_term_string}"},"query-input":{"@type":"PropertyValueSpecification","valueRequired":true,"valueName":"search_term_string"}}],"inLanguage":"fr-FR"},{"@type":"Organization","@id":"https:\/\/stourm.news\/#organization","name":"Stourm","url":"https:\/\/stourm.news\/","logo":{"@type":"ImageObject","inLanguage":"fr-FR","@id":"https:\/\/stourm.news\/#\/schema\/logo\/image\/","url":"https:\/\/stourm.news\/wp-content\/uploads\/2025\/11\/cropped-Capture-decran-2025-11-28-a-15.19.07.png","contentUrl":"https:\/\/stourm.news\/wp-content\/uploads\/2025\/11\/cropped-Capture-decran-2025-11-28-a-15.19.07.png","width":1855,"height":383,"caption":"Stourm"},"image":{"@id":"https:\/\/stourm.news\/#\/schema\/logo\/image\/"},"sameAs":["https:\/\/www.facebook.com\/stourmnews\/"]},{"@type":"Person","@id":"https:\/\/stourm.news\/#\/schema\/person\/c3e1dc65988632e190969234ef046cf9","name":"La r\u00e9daction","image":{"@type":"ImageObject","inLanguage":"fr-FR","@id":"https:\/\/stourm.news\/#\/schema\/person\/image\/","url":"https:\/\/secure.gravatar.com\/avatar\/7463443f194b6b5fb706b074ca0ef59a0cfcfd720cb47764b0ec5a952ce422b3?s=96&d=mm&r=g","contentUrl":"https:\/\/secure.gravatar.com\/avatar\/7463443f194b6b5fb706b074ca0ef59a0cfcfd720cb47764b0ec5a952ce422b3?s=96&d=mm&r=g","caption":"La r\u00e9daction"},"sameAs":["https:\/\/stourm.news"],"url":"https:\/\/stourm.news\/?author=1"}]}},"_links":{"self":[{"href":"https:\/\/stourm.news\/index.php?rest_route=\/wp\/v2\/posts\/5091","targetHints":{"allow":["GET"]}}],"collection":[{"href":"https:\/\/stourm.news\/index.php?rest_route=\/wp\/v2\/posts"}],"about":[{"href":"https:\/\/stourm.news\/index.php?rest_route=\/wp\/v2\/types\/post"}],"author":[{"embeddable":true,"href":"https:\/\/stourm.news\/index.php?rest_route=\/wp\/v2\/users\/1"}],"replies":[{"embeddable":true,"href":"https:\/\/stourm.news\/index.php?rest_route=%2Fwp%2Fv2%2Fcomments&post=5091"}],"version-history":[{"count":1,"href":"https:\/\/stourm.news\/index.php?rest_route=\/wp\/v2\/posts\/5091\/revisions"}],"predecessor-version":[{"id":5093,"href":"https:\/\/stourm.news\/index.php?rest_route=\/wp\/v2\/posts\/5091\/revisions\/5093"}],"wp:featuredmedia":[{"embeddable":true,"href":"https:\/\/stourm.news\/index.php?rest_route=\/wp\/v2\/media\/5092"}],"wp:attachment":[{"href":"https:\/\/stourm.news\/index.php?rest_route=%2Fwp%2Fv2%2Fmedia&parent=5091"}],"wp:term":[{"taxonomy":"category","embeddable":true,"href":"https:\/\/stourm.news\/index.php?rest_route=%2Fwp%2Fv2%2Fcategories&post=5091"},{"taxonomy":"post_tag","embeddable":true,"href":"https:\/\/stourm.news\/index.php?rest_route=%2Fwp%2Fv2%2Ftags&post=5091"}],"curies":[{"name":"wp","href":"https:\/\/api.w.org\/{rel}","templated":true}]}}