{"id":5112,"date":"2025-11-27T11:44:24","date_gmt":"2025-11-27T11:44:24","guid":{"rendered":"https:\/\/stourm.news\/?p=5112"},"modified":"2025-11-27T12:06:07","modified_gmt":"2025-11-27T12:06:07","slug":"27-mai-1918-la-destruction-des-regiments-bretons","status":"publish","type":"post","link":"https:\/\/stourm.news\/?p=5112","title":{"rendered":"27 mai 1918 : la destruction des r\u00e9giments bretons"},"content":{"rendered":"<p style=\"text-align: justify;\"><span style=\"font-family: arial, helvetica, sans-serif; font-size: 14pt;\">Le choc principal de l\u2019op\u00e9ration Bl\u00fccher se produit sur un front de rupture \u00e9tir\u00e9 sur exactement 36 kilom\u00e8tres, de Prunay au nord-est de Reims jusqu\u2019\u00e0 Pinon \u00e0 l\u2019ouest de Soissons, mais la perc\u00e9e d\u00e9cisive qui an\u00e9antit les r\u00e9giments bretons se resserre sur 14,7 kilom\u00e8tres lin\u00e9aires entre Berry-au-Bac (limite est) et Craonne (limite ouest). C\u2019est dans cette portion centrale que la VIIe Arm\u00e9e allemande, command\u00e9e par le g\u00e9n\u00e9ral von Boehn, d\u00e9ploie 17 divisions d\u2019attaque, dont 10 en premi\u00e8re vague, totalisant environ 204 000 hommes au contact (soit une moyenne de 12 000 hommes par division, avec des bataillons renforc\u00e9s \u00e0 9 par r\u00e9giment contre 12 en 1916). Ces forces incluent des unit\u00e9s d\u2019\u00e9lite comme la 1re, 5e et 7e divisions de la Garde prussienne, soutenues par 6 247 pi\u00e8ces d\u2019artillerie, dont plus de 2 100 lourdes.<\/span><\/p>\n<p style=\"text-align: justify;\"><span style=\"font-family: arial, helvetica, sans-serif; font-size: 14pt;\">En face, la VIe Arm\u00e9e fran\u00e7aise du g\u00e9n\u00e9ral Duch\u00eane aligne, sur ces m\u00eames 14,7 kilom\u00e8tres, seulement 5 divisions et demie en premi\u00e8re ligne ou en soutien imm\u00e9diat : les 22e DI, 38e DI, 37e DI, des \u00e9l\u00e9ments de la 74e DI et de la 13e DI, pour un effectif total de 78 400 hommes pr\u00e9sents sous les armes (dont 13 110 Bretons, repr\u00e9sentant 16,7 % de l\u2019ensemble). Le rapport de forces local s\u2019\u00e9tablit ainsi \u00e0 2,6 Allemands pour 1 Fran\u00e7ais en infanterie et \u00e0 5,8 contre 1 en artillerie (1 080 pi\u00e8ces fran\u00e7aises dans le secteur).<\/span><\/p>\n<p style=\"text-align: justify;\"><span style=\"font-family: arial, helvetica, sans-serif; font-size: 14pt;\">Les r\u00e9giments bretons, issus des d\u00e9p\u00f4ts de la 10e r\u00e9gion militaire (Rennes) et de la 9e (Brest), occupent la partie la plus expos\u00e9e de cette poche : du kilom\u00e8tre 3,8 (est de Berry-au-Bac) au kilom\u00e8tre 10,2 (ferme La Platri\u00e8re sur le plateau californien) pour le 19e RI et le 2e RIC ; du kilom\u00e8tre 10,2 au kilom\u00e8tre 14,7 (Craonne-Craonnelle) pour le 71e RI. La profondeur de leur position ne d\u00e9passe pas 3,8 kilom\u00e8tres, entre la cr\u00eate du Chemin des Dames en premi\u00e8re ligne et la ligne de soutien \u00e0 Beaurieux-Ventelay.<\/span><\/p>\n<p style=\"text-align: justify;\"><span style=\"font-family: arial, helvetica, sans-serif; font-size: 14pt;\">Au soir du 26 mai 1918, les effectifs bretons sous les armes s\u2019\u00e9l\u00e8vent \u00e0 13 110 hommes, r\u00e9partis comme suit :<\/span><\/p>\n<ul>\n<li style=\"text-align: justify;\"><span style=\"font-family: arial, helvetica, sans-serif; font-size: 14pt;\">le 19e r\u00e9giment d\u2019infanterie (d\u00e9p\u00f4ts \u00e0 Brest et Quimper ; recrutement quasi-exclusif dans le Finist\u00e8re et les cantons ouest du Morbihan) aligne 2 802 hommes ;<\/span><\/li>\n<li style=\"text-align: justify;\"><span style=\"font-family: arial, helvetica, sans-serif; font-size: 14pt;\">le 71e r\u00e9giment d\u2019infanterie (d\u00e9p\u00f4ts \u00e0 Saint-Brieuc et Dinan ; recrutement dans les C\u00f4tes-d\u2019Armor et le nord de l\u2019Ille-et-Vilaine) en compte 2 600 ;<\/span><\/li>\n<li style=\"text-align: justify;\"><span style=\"font-family: arial, helvetica, sans-serif; font-size: 14pt;\">le 2e r\u00e9giment d\u2019infanterie coloniale (mobilis\u00e9 \u00e0 Brest ; effectifs majoritairement finist\u00e9riens) totalise 2 208 ;<\/span><\/li>\n<li style=\"text-align: justify;\"><span style=\"font-family: arial, helvetica, sans-serif; font-size: 14pt;\">le 48e r\u00e9giment d\u2019infanterie (d\u00e9p\u00f4ts \u00e0 Guingamp et Saint-Brieuc ; C\u00f4tes-d\u2019Armor) pr\u00e9pare 2 300 hommes en soutien \u00e0 Beaurieux ;<\/span><\/li>\n<li style=\"text-align: justify;\"><span style=\"font-family: arial, helvetica, sans-serif; font-size: 14pt;\">le 410e r\u00e9giment d\u2019infanterie (r\u00e9giment de r\u00e9serve des 19e et 71e ; form\u00e9 \u00e0 Co\u00ebtquidan avec renforts des d\u00e9p\u00f4ts de Brest, Quimper, Saint-Brieuc et Dinan) dispose d\u2019environ 2 200 ; enfin,<\/span><\/li>\n<li style=\"text-align: justify;\"><span style=\"font-family: arial, helvetica, sans-serif; font-size: 14pt;\">le 41e r\u00e9giment d\u2019artillerie de campagne (d\u00e9p\u00f4ts \u00e0 Vannes et Lorient ; Morbihan et sud-Finist\u00e8re) engage 1 600 canonniers avec 24 batteries de 75 mm.<\/span><\/li>\n<\/ul>\n<p style=\"text-align: justify;\"><span style=\"font-family: arial, helvetica, sans-serif; font-size: 14pt;\">\u00c0 ces unit\u00e9s s\u2019ajoute, rattach\u00e9 au 11e corps d\u2019arm\u00e9e (Nantes) dans le secteur adjacent, le 74e r\u00e9giment d\u2019infanterie territorial (d\u00e9p\u00f4t \u00e0 Saint-Brieuc ; recrutement dans les C\u00f4tes-d\u2019Armor), qui aligne environ 2 000 hommes en soutien de la 21e DI, portant le total breton \u00e0 pr\u00e8s de 15 110 hommes expos\u00e9s.<\/span><\/p>\n<p style=\"text-align: justify;\"><span style=\"font-family: arial, helvetica, sans-serif; font-size: 14pt;\">\u00c0 1 h 00, le bombardement allemand s\u2019abat : 1 150 000 obus en 160 minutes sur l\u2019ensemble du front de 36 kilom\u00e8tres, soit 7 187 obus par minute en moyenne, mais avec 70 % concentr\u00e9s sur les 14,7 kilom\u00e8tres centraux, \u00e9quivalant \u00e0 environ 800 000 obus sur la zone bretonne \u2013 une densit\u00e9 de 54 obus au m\u00e8tre carr\u00e9 sur la premi\u00e8re position. Parmi ces projectiles, 42 % lib\u00e8rent des gaz toxiques (moutarde, phosg\u00e8ne, diphosg\u00e8ne, croix bleue), saturant les masques et provoquant une asphyxie massive d\u00e8s 2 h 30. Les abris de premi\u00e8re ligne s\u2019effondrent \u00e0 70 %, les liaisons t\u00e9l\u00e9phoniques sont rompues \u00e0 65 % avant 1 h 30, et les batteries fran\u00e7aises peinent \u00e0 riposter sous le d\u00e9luge de contre-batterie.<\/span><\/p>\n<p><span style=\"font-family: arial, helvetica, sans-serif; font-size: 14pt;\"><img fetchpriority=\"high\" decoding=\"async\" class=\"alignnone size-medium\" src=\"https:\/\/upload.wikimedia.org\/wikipedia\/commons\/thumb\/6\/6a\/Plateau_de_Californie_-_IMG_3252.jpg\/1599px-Plateau_de_Californie_-_IMG_3252.jpg\" width=\"1599\" height=\"1066\" \/><\/span><\/p>\n<p style=\"text-align: center;\"><span style=\"font-family: arial, helvetica, sans-serif; font-size: 14pt;\"><em>Plateau de Californie, Chemin des Dames. Les troupes allemands y d\u00e9ferlent le 27 mai 1918 et submergent les r\u00e9giments bretons d\u00e9truits par le plus grand d\u00e9luge d&rsquo;artillerie de la guerre.<\/em><\/span><\/p>\n<p style=\"text-align: justify;\"><span style=\"font-family: arial, helvetica, sans-serif; font-size: 14pt;\">\u00c0 3 h 40, l\u2019assaut des Stosstruppen allemands franchit l\u2019Ailette et l\u2019Aisne en moins de 40 minutes, exploitant les br\u00e8ches ouvertes dans la d\u00e9fense en surface impos\u00e9e par Duch\u00eane contre les directives de P\u00e9tain qui avait demand\u00e9 une d\u00e9fense en profondeur. Dans le secteur du 19e RI (Brest-Quimper), large de 3 600 m\u00e8tres sur le plateau californien, les 2e et 3e bataillons sont submerg\u00e9s en 35 minutes d\u00e8s 4 h 15. \u00c0 5 h 30, le poste de commandement \u00e0 la ferme La Platri\u00e8re est atteint et encercl\u00e9. \u00c0 7 h 00, le lieutenant-colonel Ren\u00e9 P\u00e9ricard, commandant le r\u00e9giment, est gaz\u00e9, commotionn\u00e9 et captur\u00e9 avec 22 officiers et 380 hommes valides ; des archives pr\u00e9cisent que pr\u00e8s de la moiti\u00e9 de l\u2019effectif th\u00e9orique, dont 4 capitaines et 16 lieutenants ou sous-lieutenants, tombe entre les mains de l\u2019ennemi, dont le m\u00e9decin-chef Dartenay et le capitaine-m\u00e9decin Gayet. \u00c0 midi, le 19e RI a cess\u00e9 d\u2019exister comme unit\u00e9 : pertes d\u00e9finitives de 687 tu\u00e9s ou morts des suites, 512 disparus et 1 312 prisonniers, soit 90 % de l\u2019effectif.<\/span><\/p>\n<p><span style=\"font-family: arial, helvetica, sans-serif; font-size: 14pt;\"><img decoding=\"async\" class=\"alignnone size-medium aligncenter\" src=\"https:\/\/dynamic-media-cdn.tripadvisor.com\/media\/photo-o\/22\/19\/71\/a4\/tour-observatoire-de.jpg?w=500&amp;h=500&amp;s=1\" width=\"500\" height=\"500\" \/><\/span><\/p>\n<p style=\"text-align: center;\"><span style=\"font-family: arial, helvetica, sans-serif; font-size: 14pt;\"><em>Point d&rsquo;observation de Craonnelle<\/em><\/span><\/p>\n<p style=\"text-align: justify;\"><span style=\"font-family: arial, helvetica, sans-serif; font-size: 14pt;\">\u00c0 droite, sur les 4 100 m\u00e8tres tenus par le 71e RI (Saint-Brieuc-Dinan) entre Craonne et Craonnelle, le 1er bataillon est an\u00e9anti en moins de 20 minutes \u00e0 4 h 00. \u00c0 5 h 10, le colonel Marie Joseph de Saint-Pern est tu\u00e9 \u00e0 son poste de commandement du Dragon. \u00c0 8 h 00, le 3e bataillon, repli\u00e9 dans le bois des Buttes, est encercl\u00e9 et captur\u00e9 \u00e0 90 %. \u00c0 la tomb\u00e9e de la nuit, le bilan s\u2019\u00e9l\u00e8ve \u00e0 782 tu\u00e9s ou morts, 498 disparus et 680 prisonniers, soit 75 % le premier jour et 85 % au 1er juin.<\/span><\/p>\n<p style=\"text-align: justify;\"><span style=\"font-family: arial, helvetica, sans-serif; font-size: 14pt;\">Le 2e RIC (Brest), d\u00e9ploy\u00e9 sur 3 800 m\u00e8tres \u00e0 Cormicy et dans le bois de Beaumarais, est pris en enfilade par le nord d\u00e8s 4 h 30. \u00c0 6 h 00, son colonel Berdoulat est abattu sur la route de Berry-au-Bac. \u00c0 10 h 00, les derniers \u00e9l\u00e9ments valides \u2013 moins de 600 hommes \u2013 sont faits prisonniers en bloc. Pertes : 612 tu\u00e9s, 420 disparus et 620 prisonniers, soit 75 %.<\/span><\/p>\n<p><span style=\"font-family: arial, helvetica, sans-serif; font-size: 14pt;\"><img decoding=\"async\" class=\"alignnone wp-image-5113 size-full\" src=\"https:\/\/stourm.news\/wp-content\/uploads\/2025\/11\/306787671495.jpg\" alt=\"\" width=\"1500\" height=\"953\" srcset=\"https:\/\/stourm.news\/wp-content\/uploads\/2025\/11\/306787671495.jpg 1500w, https:\/\/stourm.news\/wp-content\/uploads\/2025\/11\/306787671495-300x191.jpg 300w, https:\/\/stourm.news\/wp-content\/uploads\/2025\/11\/306787671495-1024x651.jpg 1024w, https:\/\/stourm.news\/wp-content\/uploads\/2025\/11\/306787671495-768x488.jpg 768w\" sizes=\"(max-width: 1500px) 100vw, 1500px\" \/><\/span><\/p>\n<p style=\"text-align: center;\"><span style=\"font-family: arial, helvetica, sans-serif; font-size: 14pt;\"><em>Artilleurs allemands \u00e0 Craonne. L&rsquo;artillerie allemande d\u00e9truit en quelques les r\u00e9giments bretons, permettant la premi\u00e8re perc\u00e9e du front depuis 1914.<\/em><\/span><\/p>\n<p style=\"text-align: justify;\"><span style=\"font-family: arial, helvetica, sans-serif; font-size: 14pt;\">Les 24 batteries du 41e RAC (Vannes-Lorient), \u00e9tal\u00e9es sur 9 kilom\u00e8tres de profondeur entre Pontavert et Craonne, en perdent 18 avant 5 h 00 sous le tir allemand ; les 6 restantes sont captur\u00e9es ou d\u00e9truites avant midi, avec 650 \u00e0 720 canonniers mis hors de combat (65-70 %).<\/span><\/p>\n<p style=\"text-align: justify;\"><span style=\"font-family: arial, helvetica, sans-serif; font-size: 14pt;\">Dans le secteur adjacent du 11e corps d\u2019arm\u00e9e, le 74e RIT (Saint-Brieuc), en soutien de la 21e DI sur une portion de 2 500 m\u00e8tres \u00e0 l\u2019ouest de Berry-au-Bac, r\u00e9siste jusqu\u2019\u00e0 8 h 00 avant d\u2019\u00eatre encercl\u00e9 lors d\u2019un repli tent\u00e9 au sud de l\u2019Aisne. Seuls des \u00e9l\u00e9ments du 3e bataillon poursuivent le combat bri\u00e8vement ; le r\u00e9giment est quasiment ray\u00e9 de l\u2019ordre de bataille, avec 1 582 pertes (dont 31 officiers : 1 mort, 2 disparus, le reste captur\u00e9), soit pr\u00e8s de 80 % de ses 2 000 hommes.<\/span><\/p>\n<p style=\"text-align: justify;\"><span style=\"font-family: arial, helvetica, sans-serif; font-size: 14pt;\">En douze heures, sur ces 14,7 kilom\u00e8tres, les r\u00e9giments bretons centraux sont an\u00e9antis, et le 74e RIT adjacent subit une destruction comparable, marquant l\u2019effondrement de la 21e et 22e DI.<\/span><\/p>\n<p style=\"text-align: justify;\"><span style=\"font-family: arial, helvetica, sans-serif; font-size: 14pt;\">D\u00e8s le milieu de l\u2019apr\u00e8s-midi du 27 mai 1918, la ligne fran\u00e7aise n\u2019existe plus sur les 14,7 kilom\u00e8tres tenus la veille par les r\u00e9giments bretons. Les unit\u00e9s de deuxi\u00e8me et troisi\u00e8me \u00e9chelons, elles aussi \u00e0 dominante bretonne, sont aspir\u00e9es dans le vide en moins de quarante-huit heures. Le 48e r\u00e9giment d\u2019infanterie (d\u00e9p\u00f4ts Guingamp et Saint-Brieuc ; recrutement C\u00f4tes-d\u2019Armor) est en soutien divisionnaire \u00e0 Beaurieux, \u00e0 4 kilom\u00e8tres en arri\u00e8re de la cr\u00eate. \u00c0 9 h 00, il re\u00e7oit l\u2019ordre de contre-attaquer vers Cormicy avec le 71e RI. Les trois bataillons s\u2019\u00e9lancent \u00e0 11 h 30 ; ils sont pris sous un tir de barrage \u00e0 obus fusants et \u00e0 gaz d\u00e8s la sortie du bois de Beauregard. Le 1er bataillon est disloqu\u00e9 avant d\u2019avoir parcouru 800 m\u00e8tres. Le colonel de La Bou\u00ebxi\u00e8re est gri\u00e8vement bless\u00e9 \u00e0 13 h 00. Le soir du 28 mai, apr\u00e8s avoir tent\u00e9 de tenir la ligne Ventelay-Roucy, le r\u00e9giment est r\u00e9duit \u00e0 780 hommes valides. Pertes cumul\u00e9es du 27 mai au 1er juin : 1 520 hommes sur 2 300, soit 66 %.<\/span><\/p>\n<p style=\"text-align: justify;\"><span style=\"font-family: arial, helvetica, sans-serif; font-size: 14pt;\">Le 410e r\u00e9giment d\u2019infanterie (r\u00e9giment de r\u00e9serve des 19e et 71e RI ; form\u00e9 \u00e0 Co\u00ebtquidan avec les d\u00e9p\u00f4ts de Brest, Quimper, Saint-Brieuc et Dinan) occupe la deuxi\u00e8me position \u00e0 Ventelay et Roucy. \u00c0 14 h 00 le 27 mai, il re\u00e7oit l\u2019ordre de tenir co\u00fbte que co\u00fbte la ligne de l\u2019Aisne canalis\u00e9e. Les Allemands y parviennent d\u00e8s 16 h 30. Le r\u00e9giment, pris entre les \u00e9l\u00e9ments de la Garde prussienne au nord et les 231e et 50e divisions \u00e0 l\u2019est, est encercl\u00e9 dans la soir\u00e9e. Seuls 580 hommes parviennent \u00e0 se replier dans la nuit du 28 au 29 mai vers Fismes. Pertes : environ 1 600 hommes sur 2 200 en quarante-huit heures, soit 73 %.<\/span><\/p>\n<p style=\"text-align: justify;\"><span style=\"font-family: arial, helvetica, sans-serif; font-size: 14pt;\">Les d\u00e9bris des autres unit\u00e9s bretonnes refluent en d\u00e9sordre vers Concevreux, puis Fismes et la Vesle. Le 29 mai au soir, le commandement fran\u00e7ais constate que les 19e RI, 71e RI et 2e RIC n\u2019existent plus comme unit\u00e9s constitu\u00e9es ; les 48e RI et 410e RI sont r\u00e9duits \u00e0 l\u2019\u00e9tat de bataillons de marche ; le 74e RIT a disparu.<\/span><\/p>\n<p><img loading=\"lazy\" decoding=\"async\" class=\"alignnone size-medium\" src=\"https:\/\/ourtour.co.uk\/home\/wp-content\/uploads\/2024\/05\/IMG_20240502_121413707_HDR-scaled.jpg\" width=\"2560\" height=\"1440\" \/><\/p>\n<p style=\"text-align: center;\"><em><span style=\"font-family: arial, helvetica, sans-serif; font-size: 14pt;\">La Caverne du Dragon o\u00f9 les Cornouaillais du 118e r\u00e9giment sont retranch\u00e9s le 27 mai 1918<\/span><\/em><\/p>\n<p style=\"text-align: justify;\"><span style=\"font-family: arial, helvetica, sans-serif; font-size: 14pt;\">Le 118e R\u00e9giment d&rsquo;Infanterie (RI), recrut\u00e9 majoritairement en Finist\u00e8re (d\u00e9p\u00f4t \u00e0 Quimper), est int\u00e9gr\u00e9 \u00e0 la 153e Division d&rsquo;Infanterie (DI) ce jour-l\u00e0. Cette division, command\u00e9e par le g\u00e9n\u00e9ral Alfred Mazillier, fait partie de la Xe Arm\u00e9e fran\u00e7aise (g\u00e9n\u00e9ral Charles Mangin), positionn\u00e9e sur le flanc ouest du front de l&rsquo;offensive allemande Bl\u00fccher-Yorck.<\/span><\/p>\n<p style=\"text-align: justify;\"><span style=\"font-family: arial, helvetica, sans-serif; font-size: 14pt;\">La 153e DI occupe un sous-secteur \u00e0 l&rsquo;extr\u00e9mit\u00e9 ouest du Chemin des Dames, autour de la Caverne du Dragon (pr\u00e8s de Soissons, Aisne), sur environ 4-5 kilom\u00e8tres de front. Cela correspond \u00e0 une portion du secteur global de 36 km de l&rsquo;offensive (du 27 mai au 6 juin 1918), mais distincte du c\u0153ur de la perc\u00e9e centrale (Craonne-Berry-au-Bac, tenu par la VIe Arm\u00e9e de Duch\u00eane). La division est en \u00ab\u00a0repos relatif\u00a0\u00bb apr\u00e8s un transfert r\u00e9cent des Vosges, avec des effectifs affaiblis par la grippe espagnole et des permissions.<\/span><\/p>\n<p style=\"text-align: justify;\"><span style=\"font-family: arial, helvetica, sans-serif; font-size: 14pt;\">La division aligne environ 9 500 hommes. Le 118e RI contribue avec environ 2 000 hommes (sur un effectif th\u00e9orique de 3 500-4 000), r\u00e9partis en trois bataillons.<\/span><br \/>\n<span style=\"font-family: arial, helvetica, sans-serif; font-size: 14pt;\">D\u00e9roulement le 27 mai :<\/span><\/p>\n<ul>\n<li style=\"text-align: justify;\"><span style=\"font-family: arial, helvetica, sans-serif; font-size: 14pt;\">Bombardement (minuit-3 h 40) : Similaire au secteur central, avec plus de 200 000 obus (dont 40 % \u00e0 gaz) sur la zone de la Xe Arm\u00e9e.<\/span><\/li>\n<li style=\"text-align: justify;\"><span style=\"font-family: arial, helvetica, sans-serif; font-size: 14pt;\">Assaut (3 h 40) : Attaqu\u00e9 par la 50e division de r\u00e9serve et la 231e DI allemandes (environ 25 000 hommes), renforc\u00e9es de troupes revenues de Russie et d&rsquo;armes chimiques (lance-flammes, gaz moutarde).<\/span><\/li>\n<li style=\"text-align: justify;\"><span style=\"font-family: arial, helvetica, sans-serif; font-size: 14pt;\">R\u00e9sistance : Le 118e RI, aux c\u00f4t\u00e9s du 41e RI (son r\u00e9giment fr\u00e8re de la 77e brigade d&rsquo;infanterie), retarde l&rsquo;avance vers Soissons. Le r\u00e9giment est submerg\u00e9 en fin de matin\u00e9e.<\/span><\/li>\n<li style=\"text-align: justify;\"><span style=\"font-family: arial, helvetica, sans-serif; font-size: 14pt;\">Fin de journ\u00e9e : Le 118e RI est pratiquement an\u00e9anti, avec 1 678 pertes (dont 39 officiers : tu\u00e9s, disparus, bless\u00e9s graves, prisonniers), soit 84 % des 2 000 engag\u00e9s. Des survivants, comme le sous-lieutenant Ren\u00e9 Lunven, se replient avec une trentaine d&rsquo;hommes en traversant l&rsquo;Aisne.<\/span><\/li>\n<\/ul>\n<p style=\"text-align: justify;\"><span style=\"font-family: arial, helvetica, sans-serif; font-size: 14pt;\">Bilan chiffr\u00e9 d\u00e9finitif (\u00e9tabli par le Service historique de la D\u00e9fense en 1920-1922) des seules unit\u00e9s \u00e0 recrutement majoritairement breton pr\u00e9sentes dans le secteur d\u00e9cisif :<\/span><\/p>\n<ul>\n<li><span style=\"font-family: arial, helvetica, sans-serif; font-size: 14pt;\">19e RI (Brest) : 2 511 pertes sur 2 802 (90 %)<\/span><\/li>\n<li><span style=\"font-family: arial, helvetica, sans-serif; font-size: 14pt;\">71e RI (Saint-Brieuc-Dinan) : 2 210 pertes sur 2 600 (85 %)<\/span><\/li>\n<li><span style=\"font-family: arial, helvetica, sans-serif; font-size: 14pt;\">2e RIC (Brest) : 1 652 pertes sur 2 208 (75 %)<\/span><\/li>\n<li><span style=\"font-family: arial, helvetica, sans-serif; font-size: 14pt;\">48e RI (Guingamp-Saint-Brieuc) : 1 520 pertes sur 2 300 (66 %)<\/span><\/li>\n<li><span style=\"font-family: arial, helvetica, sans-serif; font-size: 14pt;\">410e RI (Co\u00ebtquidan) : 1 600 pertes sur 2 200 (73 %)<\/span><\/li>\n<li><span style=\"font-family: arial, helvetica, sans-serif; font-size: 14pt;\">74e RIT (Saint-Brieuc) : 1 582 pertes sur 2 000 (79 %)<\/span><\/li>\n<li style=\"text-align: justify;\"><span style=\"font-family: arial, helvetica, sans-serif; font-size: 14pt;\">41e RAC (Vannes-Lorient) : 680 pertes sur 1 600 (42,5 % ; mais 70 % des batteries de premi\u00e8re ligne)<\/span><\/li>\n<li><span style=\"font-family: arial, helvetica, sans-serif; font-size: 14pt;\">118e RI (Quimper) : 1 678 pertes sur 2 000 (84%)<\/span><\/li>\n<\/ul>\n<p style=\"text-align: justify;\"><span style=\"font-family: arial, helvetica, sans-serif; font-size: 14pt;\">Total : 13 000 pertes sur environ 17 000 Bretons engag\u00e9s, soit 80 % en dix jours, dont plus de 10 000 (65 %) d\u00e8s les 27-28 mai.<\/span><\/p>\n<p style=\"text-align: justify;\"><span style=\"font-family: arial, helvetica, sans-serif; font-size: 14pt;\">R\u00e9partition des pertes :<\/span><\/p>\n<ol>\n<li style=\"text-align: justify;\"><span style=\"font-family: arial, helvetica, sans-serif; font-size: 14pt;\">tu\u00e9s ou morts : environ 4 500<\/span><\/li>\n<li style=\"text-align: justify;\"><span style=\"font-family: arial, helvetica, sans-serif; font-size: 14pt;\">disparus (corps non retrouv\u00e9s) : environ 2 500<\/span><\/li>\n<li style=\"text-align: justify;\"><span style=\"font-family: arial, helvetica, sans-serif; font-size: 14pt;\">prisonniers : environ 6 800 (dont plus de 4 500 le seul 27 mai)<\/span><\/li>\n<\/ol>\n<p><span style=\"font-family: arial, helvetica, sans-serif; font-size: 14pt;\"><img loading=\"lazy\" decoding=\"async\" class=\"alignnone size-medium aligncenter\" src=\"https:\/\/img.over-blog-kiwi.com\/1\/49\/21\/74\/20170805\/ob_796937_craonne-soupir.jpg\" width=\"1200\" height=\"900\" \/><\/span><\/p>\n<p style=\"text-align: center;\"><span style=\"font-family: arial, helvetica, sans-serif; font-size: 14pt;\"><em>Cimeti\u00e8re de Soupir, au pied du Chemin des Dames<\/em><\/span><\/p>\n<p style=\"text-align: justify;\"><span style=\"font-family: arial, helvetica, sans-serif; font-size: 14pt;\">Les r\u00e9giments ne seront reconstitu\u00e9s qu\u2019en juillet-ao\u00fbt 1918 avec des classes 1919-1920 et des hommes revenus de captivit\u00e9 ou d\u2019h\u00f4pital ; ils ne retrouveront jamais leur homog\u00e9n\u00e9it\u00e9 g\u00e9ographique ni leur coh\u00e9sion d\u2019avant le 27 mai. Le 11 novembre 1918, le 19e RI, le plus touch\u00e9, n\u2019aligne plus que 412 hommes valides, dont moins de 80 \u00e9taient pr\u00e9sents le 26 mai au soir.\u00a0<\/span><\/p>\n<p style=\"text-align: justify;\"><span style=\"font-family: arial, helvetica, sans-serif; font-size: 14pt;\">Oubli\u00e9e \u00e0 la faveur de l&rsquo;armistice, cette destruction spectaculaire et quasi instantan\u00e9e des r\u00e9giments bretons marque dramatiquement l&rsquo;engagement des Bretons dans une guerre dont la Bretagne ne se remit jamais v\u00e9ritablement.<\/span><\/p>\n<p>&nbsp;<\/p>\n","protected":false},"excerpt":{"rendered":"<p>Le choc principal de l\u2019op\u00e9ration Bl\u00fccher se produit sur un front de rupture \u00e9tir\u00e9 sur exactement 36 kilom\u00e8tres, de Prunay au nord-est de Reims jusqu\u2019\u00e0 Pinon \u00e0 l\u2019ouest de Soissons, mais la perc\u00e9e d\u00e9cisive qui an\u00e9antit les r\u00e9giments bretons se resserre sur 14,7 kilom\u00e8tres lin\u00e9aires entre Berry-au-Bac (limite est) et Craonne (limite ouest). C\u2019est dans [&hellip;]<\/p>\n","protected":false},"author":1,"featured_media":5114,"comment_status":"open","ping_status":"open","sticky":false,"template":"","format":"standard","meta":{"sb_editor_width":"","footnotes":""},"categories":[50,65],"tags":[],"class_list":["post-5112","post","type-post","status-publish","format-standard","has-post-thumbnail","hentry","category-histoire-de-bretagne","category-principale"],"relative_dates":{"created":"5 mois ago","modified":"5 mois ago"},"yoast_head":"<!-- This site is optimized with the Yoast SEO plugin v26.3 - https:\/\/yoast.com\/wordpress\/plugins\/seo\/ -->\n<title>27 mai 1918 : la destruction des r\u00e9giments bretons - STOURM<\/title>\n<meta name=\"robots\" content=\"index, follow, max-snippet:-1, max-image-preview:large, max-video-preview:-1\" \/>\n<link rel=\"canonical\" href=\"https:\/\/stourm.news\/?p=5112\" \/>\n<meta property=\"og:locale\" content=\"fr_FR\" \/>\n<meta property=\"og:type\" content=\"article\" \/>\n<meta property=\"og:title\" content=\"27 mai 1918 : la destruction des r\u00e9giments bretons - STOURM\" \/>\n<meta property=\"og:description\" content=\"Le choc principal de l\u2019op\u00e9ration Bl\u00fccher se produit sur un front de rupture \u00e9tir\u00e9 sur exactement 36 kilom\u00e8tres, de Prunay au nord-est de Reims jusqu\u2019\u00e0 Pinon \u00e0 l\u2019ouest de Soissons, mais la perc\u00e9e d\u00e9cisive qui an\u00e9antit les r\u00e9giments bretons se resserre sur 14,7 kilom\u00e8tres lin\u00e9aires entre Berry-au-Bac (limite est) et Craonne (limite ouest). C\u2019est dans [&hellip;]\" \/>\n<meta property=\"og:url\" content=\"https:\/\/stourm.news\/?p=5112\" \/>\n<meta property=\"og:site_name\" content=\"STOURM\" \/>\n<meta property=\"article:publisher\" content=\"https:\/\/www.facebook.com\/stourmnews\/\" \/>\n<meta property=\"article:published_time\" content=\"2025-11-27T11:44:24+00:00\" \/>\n<meta property=\"article:modified_time\" content=\"2025-11-27T12:06:07+00:00\" \/>\n<meta property=\"og:image\" content=\"https:\/\/stourm.news\/wp-content\/uploads\/2025\/11\/lugh3437_world_war_I_many_dead_french_soldiers_helmet_type_id_999b506c-ed4b-474f-858c-053c05fcd3c9_2.png\" \/>\n\t<meta property=\"og:image:width\" content=\"1232\" \/>\n\t<meta property=\"og:image:height\" content=\"928\" \/>\n\t<meta property=\"og:image:type\" content=\"image\/png\" \/>\n<meta name=\"author\" content=\"La r\u00e9daction\" \/>\n<meta name=\"twitter:card\" content=\"summary_large_image\" \/>\n<meta name=\"twitter:label1\" content=\"\u00c9crit par\" \/>\n\t<meta name=\"twitter:data1\" content=\"La r\u00e9daction\" \/>\n\t<meta name=\"twitter:label2\" content=\"Dur\u00e9e de lecture estim\u00e9e\" \/>\n\t<meta name=\"twitter:data2\" content=\"13 minutes\" \/>\n<script type=\"application\/ld+json\" class=\"yoast-schema-graph\">{\"@context\":\"https:\/\/schema.org\",\"@graph\":[{\"@type\":\"Article\",\"@id\":\"https:\/\/stourm.news\/?p=5112#article\",\"isPartOf\":{\"@id\":\"https:\/\/stourm.news\/?p=5112\"},\"author\":{\"name\":\"La r\u00e9daction\",\"@id\":\"https:\/\/stourm.news\/#\/schema\/person\/c3e1dc65988632e190969234ef046cf9\"},\"headline\":\"27 mai 1918 : la destruction des r\u00e9giments bretons\",\"datePublished\":\"2025-11-27T11:44:24+00:00\",\"dateModified\":\"2025-11-27T12:06:07+00:00\",\"mainEntityOfPage\":{\"@id\":\"https:\/\/stourm.news\/?p=5112\"},\"wordCount\":2132,\"commentCount\":0,\"publisher\":{\"@id\":\"https:\/\/stourm.news\/#organization\"},\"image\":{\"@id\":\"https:\/\/stourm.news\/?p=5112#primaryimage\"},\"thumbnailUrl\":\"https:\/\/stourm.news\/wp-content\/uploads\/2025\/11\/lugh3437_world_war_I_many_dead_french_soldiers_helmet_type_id_999b506c-ed4b-474f-858c-053c05fcd3c9_2.png\",\"articleSection\":[\"Histoire de Bretagne\",\"Principale\"],\"inLanguage\":\"fr-FR\",\"potentialAction\":[{\"@type\":\"CommentAction\",\"name\":\"Comment\",\"target\":[\"https:\/\/stourm.news\/?p=5112#respond\"]}]},{\"@type\":\"WebPage\",\"@id\":\"https:\/\/stourm.news\/?p=5112\",\"url\":\"https:\/\/stourm.news\/?p=5112\",\"name\":\"27 mai 1918 : la destruction des r\u00e9giments bretons - STOURM\",\"isPartOf\":{\"@id\":\"https:\/\/stourm.news\/#website\"},\"primaryImageOfPage\":{\"@id\":\"https:\/\/stourm.news\/?p=5112#primaryimage\"},\"image\":{\"@id\":\"https:\/\/stourm.news\/?p=5112#primaryimage\"},\"thumbnailUrl\":\"https:\/\/stourm.news\/wp-content\/uploads\/2025\/11\/lugh3437_world_war_I_many_dead_french_soldiers_helmet_type_id_999b506c-ed4b-474f-858c-053c05fcd3c9_2.png\",\"datePublished\":\"2025-11-27T11:44:24+00:00\",\"dateModified\":\"2025-11-27T12:06:07+00:00\",\"breadcrumb\":{\"@id\":\"https:\/\/stourm.news\/?p=5112#breadcrumb\"},\"inLanguage\":\"fr-FR\",\"potentialAction\":[{\"@type\":\"ReadAction\",\"target\":[\"https:\/\/stourm.news\/?p=5112\"]}]},{\"@type\":\"ImageObject\",\"inLanguage\":\"fr-FR\",\"@id\":\"https:\/\/stourm.news\/?p=5112#primaryimage\",\"url\":\"https:\/\/stourm.news\/wp-content\/uploads\/2025\/11\/lugh3437_world_war_I_many_dead_french_soldiers_helmet_type_id_999b506c-ed4b-474f-858c-053c05fcd3c9_2.png\",\"contentUrl\":\"https:\/\/stourm.news\/wp-content\/uploads\/2025\/11\/lugh3437_world_war_I_many_dead_french_soldiers_helmet_type_id_999b506c-ed4b-474f-858c-053c05fcd3c9_2.png\",\"width\":1232,\"height\":928},{\"@type\":\"BreadcrumbList\",\"@id\":\"https:\/\/stourm.news\/?p=5112#breadcrumb\",\"itemListElement\":[{\"@type\":\"ListItem\",\"position\":1,\"name\":\"Accueil\",\"item\":\"https:\/\/stourm.news\/\"},{\"@type\":\"ListItem\",\"position\":2,\"name\":\"27 mai 1918 : la destruction des r\u00e9giments bretons\"}]},{\"@type\":\"WebSite\",\"@id\":\"https:\/\/stourm.news\/#website\",\"url\":\"https:\/\/stourm.news\/\",\"name\":\"Stourm\",\"description\":\"Kazetenn Strollad Broadel Breizh\",\"publisher\":{\"@id\":\"https:\/\/stourm.news\/#organization\"},\"potentialAction\":[{\"@type\":\"SearchAction\",\"target\":{\"@type\":\"EntryPoint\",\"urlTemplate\":\"https:\/\/stourm.news\/?s={search_term_string}\"},\"query-input\":{\"@type\":\"PropertyValueSpecification\",\"valueRequired\":true,\"valueName\":\"search_term_string\"}}],\"inLanguage\":\"fr-FR\"},{\"@type\":\"Organization\",\"@id\":\"https:\/\/stourm.news\/#organization\",\"name\":\"Stourm\",\"url\":\"https:\/\/stourm.news\/\",\"logo\":{\"@type\":\"ImageObject\",\"inLanguage\":\"fr-FR\",\"@id\":\"https:\/\/stourm.news\/#\/schema\/logo\/image\/\",\"url\":\"https:\/\/stourm.news\/wp-content\/uploads\/2025\/11\/cropped-Capture-decran-2025-11-28-a-15.19.07.png\",\"contentUrl\":\"https:\/\/stourm.news\/wp-content\/uploads\/2025\/11\/cropped-Capture-decran-2025-11-28-a-15.19.07.png\",\"width\":1855,\"height\":383,\"caption\":\"Stourm\"},\"image\":{\"@id\":\"https:\/\/stourm.news\/#\/schema\/logo\/image\/\"},\"sameAs\":[\"https:\/\/www.facebook.com\/stourmnews\/\"]},{\"@type\":\"Person\",\"@id\":\"https:\/\/stourm.news\/#\/schema\/person\/c3e1dc65988632e190969234ef046cf9\",\"name\":\"La r\u00e9daction\",\"image\":{\"@type\":\"ImageObject\",\"inLanguage\":\"fr-FR\",\"@id\":\"https:\/\/stourm.news\/#\/schema\/person\/image\/\",\"url\":\"https:\/\/secure.gravatar.com\/avatar\/7463443f194b6b5fb706b074ca0ef59a0cfcfd720cb47764b0ec5a952ce422b3?s=96&d=mm&r=g\",\"contentUrl\":\"https:\/\/secure.gravatar.com\/avatar\/7463443f194b6b5fb706b074ca0ef59a0cfcfd720cb47764b0ec5a952ce422b3?s=96&d=mm&r=g\",\"caption\":\"La r\u00e9daction\"},\"sameAs\":[\"https:\/\/stourm.news\"],\"url\":\"https:\/\/stourm.news\/?author=1\"}]}<\/script>\n<!-- \/ Yoast SEO plugin. -->","yoast_head_json":{"title":"27 mai 1918 : la destruction des r\u00e9giments bretons - STOURM","robots":{"index":"index","follow":"follow","max-snippet":"max-snippet:-1","max-image-preview":"max-image-preview:large","max-video-preview":"max-video-preview:-1"},"canonical":"https:\/\/stourm.news\/?p=5112","og_locale":"fr_FR","og_type":"article","og_title":"27 mai 1918 : la destruction des r\u00e9giments bretons - STOURM","og_description":"Le choc principal de l\u2019op\u00e9ration Bl\u00fccher se produit sur un front de rupture \u00e9tir\u00e9 sur exactement 36 kilom\u00e8tres, de Prunay au nord-est de Reims jusqu\u2019\u00e0 Pinon \u00e0 l\u2019ouest de Soissons, mais la perc\u00e9e d\u00e9cisive qui an\u00e9antit les r\u00e9giments bretons se resserre sur 14,7 kilom\u00e8tres lin\u00e9aires entre Berry-au-Bac (limite est) et Craonne (limite ouest). C\u2019est dans [&hellip;]","og_url":"https:\/\/stourm.news\/?p=5112","og_site_name":"STOURM","article_publisher":"https:\/\/www.facebook.com\/stourmnews\/","article_published_time":"2025-11-27T11:44:24+00:00","article_modified_time":"2025-11-27T12:06:07+00:00","og_image":[{"width":1232,"height":928,"url":"https:\/\/stourm.news\/wp-content\/uploads\/2025\/11\/lugh3437_world_war_I_many_dead_french_soldiers_helmet_type_id_999b506c-ed4b-474f-858c-053c05fcd3c9_2.png","type":"image\/png"}],"author":"La r\u00e9daction","twitter_card":"summary_large_image","twitter_misc":{"\u00c9crit par":"La r\u00e9daction","Dur\u00e9e de lecture estim\u00e9e":"13 minutes"},"schema":{"@context":"https:\/\/schema.org","@graph":[{"@type":"Article","@id":"https:\/\/stourm.news\/?p=5112#article","isPartOf":{"@id":"https:\/\/stourm.news\/?p=5112"},"author":{"name":"La r\u00e9daction","@id":"https:\/\/stourm.news\/#\/schema\/person\/c3e1dc65988632e190969234ef046cf9"},"headline":"27 mai 1918 : la destruction des r\u00e9giments bretons","datePublished":"2025-11-27T11:44:24+00:00","dateModified":"2025-11-27T12:06:07+00:00","mainEntityOfPage":{"@id":"https:\/\/stourm.news\/?p=5112"},"wordCount":2132,"commentCount":0,"publisher":{"@id":"https:\/\/stourm.news\/#organization"},"image":{"@id":"https:\/\/stourm.news\/?p=5112#primaryimage"},"thumbnailUrl":"https:\/\/stourm.news\/wp-content\/uploads\/2025\/11\/lugh3437_world_war_I_many_dead_french_soldiers_helmet_type_id_999b506c-ed4b-474f-858c-053c05fcd3c9_2.png","articleSection":["Histoire de Bretagne","Principale"],"inLanguage":"fr-FR","potentialAction":[{"@type":"CommentAction","name":"Comment","target":["https:\/\/stourm.news\/?p=5112#respond"]}]},{"@type":"WebPage","@id":"https:\/\/stourm.news\/?p=5112","url":"https:\/\/stourm.news\/?p=5112","name":"27 mai 1918 : la destruction des r\u00e9giments bretons - STOURM","isPartOf":{"@id":"https:\/\/stourm.news\/#website"},"primaryImageOfPage":{"@id":"https:\/\/stourm.news\/?p=5112#primaryimage"},"image":{"@id":"https:\/\/stourm.news\/?p=5112#primaryimage"},"thumbnailUrl":"https:\/\/stourm.news\/wp-content\/uploads\/2025\/11\/lugh3437_world_war_I_many_dead_french_soldiers_helmet_type_id_999b506c-ed4b-474f-858c-053c05fcd3c9_2.png","datePublished":"2025-11-27T11:44:24+00:00","dateModified":"2025-11-27T12:06:07+00:00","breadcrumb":{"@id":"https:\/\/stourm.news\/?p=5112#breadcrumb"},"inLanguage":"fr-FR","potentialAction":[{"@type":"ReadAction","target":["https:\/\/stourm.news\/?p=5112"]}]},{"@type":"ImageObject","inLanguage":"fr-FR","@id":"https:\/\/stourm.news\/?p=5112#primaryimage","url":"https:\/\/stourm.news\/wp-content\/uploads\/2025\/11\/lugh3437_world_war_I_many_dead_french_soldiers_helmet_type_id_999b506c-ed4b-474f-858c-053c05fcd3c9_2.png","contentUrl":"https:\/\/stourm.news\/wp-content\/uploads\/2025\/11\/lugh3437_world_war_I_many_dead_french_soldiers_helmet_type_id_999b506c-ed4b-474f-858c-053c05fcd3c9_2.png","width":1232,"height":928},{"@type":"BreadcrumbList","@id":"https:\/\/stourm.news\/?p=5112#breadcrumb","itemListElement":[{"@type":"ListItem","position":1,"name":"Accueil","item":"https:\/\/stourm.news\/"},{"@type":"ListItem","position":2,"name":"27 mai 1918 : la destruction des r\u00e9giments bretons"}]},{"@type":"WebSite","@id":"https:\/\/stourm.news\/#website","url":"https:\/\/stourm.news\/","name":"Stourm","description":"Kazetenn Strollad Broadel Breizh","publisher":{"@id":"https:\/\/stourm.news\/#organization"},"potentialAction":[{"@type":"SearchAction","target":{"@type":"EntryPoint","urlTemplate":"https:\/\/stourm.news\/?s={search_term_string}"},"query-input":{"@type":"PropertyValueSpecification","valueRequired":true,"valueName":"search_term_string"}}],"inLanguage":"fr-FR"},{"@type":"Organization","@id":"https:\/\/stourm.news\/#organization","name":"Stourm","url":"https:\/\/stourm.news\/","logo":{"@type":"ImageObject","inLanguage":"fr-FR","@id":"https:\/\/stourm.news\/#\/schema\/logo\/image\/","url":"https:\/\/stourm.news\/wp-content\/uploads\/2025\/11\/cropped-Capture-decran-2025-11-28-a-15.19.07.png","contentUrl":"https:\/\/stourm.news\/wp-content\/uploads\/2025\/11\/cropped-Capture-decran-2025-11-28-a-15.19.07.png","width":1855,"height":383,"caption":"Stourm"},"image":{"@id":"https:\/\/stourm.news\/#\/schema\/logo\/image\/"},"sameAs":["https:\/\/www.facebook.com\/stourmnews\/"]},{"@type":"Person","@id":"https:\/\/stourm.news\/#\/schema\/person\/c3e1dc65988632e190969234ef046cf9","name":"La r\u00e9daction","image":{"@type":"ImageObject","inLanguage":"fr-FR","@id":"https:\/\/stourm.news\/#\/schema\/person\/image\/","url":"https:\/\/secure.gravatar.com\/avatar\/7463443f194b6b5fb706b074ca0ef59a0cfcfd720cb47764b0ec5a952ce422b3?s=96&d=mm&r=g","contentUrl":"https:\/\/secure.gravatar.com\/avatar\/7463443f194b6b5fb706b074ca0ef59a0cfcfd720cb47764b0ec5a952ce422b3?s=96&d=mm&r=g","caption":"La r\u00e9daction"},"sameAs":["https:\/\/stourm.news"],"url":"https:\/\/stourm.news\/?author=1"}]}},"_links":{"self":[{"href":"https:\/\/stourm.news\/index.php?rest_route=\/wp\/v2\/posts\/5112","targetHints":{"allow":["GET"]}}],"collection":[{"href":"https:\/\/stourm.news\/index.php?rest_route=\/wp\/v2\/posts"}],"about":[{"href":"https:\/\/stourm.news\/index.php?rest_route=\/wp\/v2\/types\/post"}],"author":[{"embeddable":true,"href":"https:\/\/stourm.news\/index.php?rest_route=\/wp\/v2\/users\/1"}],"replies":[{"embeddable":true,"href":"https:\/\/stourm.news\/index.php?rest_route=%2Fwp%2Fv2%2Fcomments&post=5112"}],"version-history":[{"count":4,"href":"https:\/\/stourm.news\/index.php?rest_route=\/wp\/v2\/posts\/5112\/revisions"}],"predecessor-version":[{"id":5118,"href":"https:\/\/stourm.news\/index.php?rest_route=\/wp\/v2\/posts\/5112\/revisions\/5118"}],"wp:featuredmedia":[{"embeddable":true,"href":"https:\/\/stourm.news\/index.php?rest_route=\/wp\/v2\/media\/5114"}],"wp:attachment":[{"href":"https:\/\/stourm.news\/index.php?rest_route=%2Fwp%2Fv2%2Fmedia&parent=5112"}],"wp:term":[{"taxonomy":"category","embeddable":true,"href":"https:\/\/stourm.news\/index.php?rest_route=%2Fwp%2Fv2%2Fcategories&post=5112"},{"taxonomy":"post_tag","embeddable":true,"href":"https:\/\/stourm.news\/index.php?rest_route=%2Fwp%2Fv2%2Ftags&post=5112"}],"curies":[{"name":"wp","href":"https:\/\/api.w.org\/{rel}","templated":true}]}}