{"id":5125,"date":"2025-11-27T17:19:12","date_gmt":"2025-11-27T17:19:12","guid":{"rendered":"https:\/\/stourm.news\/?p=5125"},"modified":"2025-11-27T17:19:12","modified_gmt":"2025-11-27T17:19:12","slug":"non-au-service-national-de-macron-la-bretagne-aura-sa-propre-armee-editorial","status":"publish","type":"post","link":"https:\/\/stourm.news\/?p=5125","title":{"rendered":"Non au service national de Macron : la Bretagne aura sa propre arm\u00e9e ! (\u00c9ditorial)"},"content":{"rendered":"<p style=\"text-align: justify;\"><span style=\"font-family: arial, helvetica, sans-serif; font-size: 14pt;\">Hier, le pr\u00e9sident fran\u00e7ais, Emmanuel Macron, dans un discours prononc\u00e9 \u00e0 Varcet-Allier-et-Risset, a lev\u00e9 un coin du voile sur son projet de \u00ab nouveau service national \u00bb. Pr\u00e9sent\u00e9 comme une mesure \u00ab volontaire \u00bb, ce dispositif cache mal son vrai visage : une porte grande ouverte \u00e0 la conscription obligatoire en cas de \u00ab crise majeure \u00bb.<\/span><\/p>\n<blockquote class=\"twitter-tweet\">\n<p dir=\"ltr\" lang=\"fr\">\u2757\ufe0f[ \ud83c\uddeb\ud83c\uddf7 FRANCE ]<\/p>\n<p>\ud83d\udcac MACRON : \u00ab En cas de crise majeure, le Parlement pourra autoriser de faire appel, au-del\u00e0 des seuls volontaires, \u00e0 ceux dont les comp\u00e9tences auront \u00e9t\u00e9 rep\u00e9r\u00e9es durant cette journ\u00e9e de mobilisation, et alors le service national deviendrait obligatoire. Mais ce\u2026 <a href=\"https:\/\/t.co\/6aw6JcwtMx\">pic.twitter.com\/6aw6JcwtMx<\/a><\/p>\n<p>\u2014 Little Think Tank (@L_ThinkTank) <a href=\"https:\/\/twitter.com\/L_ThinkTank\/status\/1994012168396669176?ref_src=twsrc%5Etfw\">November 27, 2025<\/a><\/p><\/blockquote>\n<p><script async src=\"https:\/\/platform.twitter.com\/widgets.js\" charset=\"utf-8\"><\/script><\/p>\n<p style=\"text-align: justify;\"><span style=\"font-family: arial, helvetica, sans-serif; font-size: 14pt;\">Macron l&rsquo;assume sans fard : le Parlement fran\u00e7ais pourrait \u00ab autoriser de faire appel, au-del\u00e0 des seuls volontaires, \u00e0 ceux dont les comp\u00e9tences auront \u00e9t\u00e9 rep\u00e9r\u00e9es \u00bb. En clair, une g\u00e9n\u00e9ration enti\u00e8re de jeunes \u2013 nos jeunes Bretons inclus \u2013 pourrait \u00eatre jet\u00e9e dans le creuset des conflits fran\u00e7ais, sous pr\u00e9texte de \u00abmenaces qui p\u00e8sent sur nous\u00bb. Ce projet illustre parfaitement l&rsquo;aveuglement du gouvernement de Paris qui se r\u00eave en forteresse imp\u00e9riale, mobilisant les \u00ab p\u00e9riph\u00e9ries \u00bb pour ses guerres. Mais la Bretagne n&rsquo;est pas une p\u00e9riph\u00e9rie. Elle est une nation. Rappelons-le avec force : la Bretagne n&rsquo;est pas une d\u00e9pendance de plus dans l&rsquo;hexagone. Nation celtique mill\u00e9naire, forg\u00e9e par des si\u00e8cles de r\u00e9sistances \u2013 des invasions vikings aux r\u00e9voltes contre l&rsquo;absolutisme royal \u2013, elle a \u00e9t\u00e9 annex\u00e9e par la France en 1532 par un trait\u00e9 unilat\u00e9ralement rompu en 1789. Depuis, Paris nous traite en vassal, pillant nos ressources maritimes, \u00e9touffant notre langue et notre culture, et bien trop souvent, entra\u00eenant nos enfants dans ses boucheries pour d\u00e9fendre des int\u00e9r\u00eats qui nous sont \u00e9trangers. <\/span><\/p>\n<p style=\"text-align: justify;\"><span style=\"font-family: arial, helvetica, sans-serif; font-size: 14pt;\">Rien \u2013 absolument rien \u2013 n&rsquo;autorise l&rsquo;\u00c9tat fran\u00e7ais \u00e0 mobiliser la Bretagne dans ses guerres. Ni le Code civil napol\u00e9onien, ni les d\u00e9crets gaullistes, ni les rodomontades macroniennes ne sauraient effacer notre droit souverain \u00e0 l&rsquo;autod\u00e9termination. Ce \u00ab service national \u00bb ignore nos droits, pire, il les viole. Pour nous, Bretons, c&rsquo;est bien plus qu&rsquo;une question de libert\u00e9 : c&rsquo;est une question de survie. Si la Bretagne doit se d\u00e9fendre, elle le fera en toute ind\u00e9pendance, conform\u00e9ment \u00e0 ses int\u00e9r\u00eats vitaux. <\/span><\/p>\n<p style=\"text-align: justify;\"><span style=\"font-family: arial, helvetica, sans-serif; font-size: 14pt;\">C&rsquo;est pr\u00e9cis\u00e9ment ce que propose la <strong><a href=\"https:\/\/partinationalbreton.com\/wp-content\/uploads\/2025\/10\/StrategieDefenseNationaleBretonne2035.pdf\">Strat\u00e9gie de d\u00e9fense nationale bretonne<\/a><\/strong> \u00e9labor\u00e9e par le Parti National Breton (PNB). Ce document, visionnaire et pragmatique, trace une voie claire pour une d\u00e9fense bretonne autonome, compacte et technologiquement avanc\u00e9e, ancr\u00e9e dans notre g\u00e9ographie unique : une Zone \u00c9conomique Exclusive (ZEE) de 200 000 km\u00b2, troisi\u00e8me d&rsquo;Europe continentale, qui contr\u00f4le 30 % des routes maritimes UE-Am\u00e9rique du Nord et 70 % des c\u00e2bles transatlantiques.<\/span><\/p>\n<p style=\"text-align: justify;\"><span style=\"font-family: arial, helvetica, sans-serif; font-size: 14pt;\"> Les piliers essentiels de cette strat\u00e9gie, qui rejette toute d\u00e9pendance vis-\u00e0-vis de Paris pour affirmer une souverainet\u00e9 pleine et enti\u00e8re repose sur plus axes forts.<\/span><\/p>\n<p style=\"text-align: justify;\"><span style=\"font-family: arial, helvetica, sans-serif; font-size: 14pt;\">Structure des forces (horizon 2035)<\/span><\/p>\n<p style=\"text-align: justify;\"><span style=\"font-family: arial, helvetica, sans-serif; font-size: 14pt;\">Un budget d\u00e9fense \u00e0 5 % du PIB breton projet\u00e9 (10,75 Md\u20ac\/an), avec 23 500 professionnels actifs et une r\u00e9serve massive de 250 000 mobilisables en 72 heures. Focus maritime (ANB-MER) : 98 unit\u00e9s navales, dont 8 fr\u00e9gates AAW\/ASW, 4 destroyers l\u00e9gers, 14 corvettes furtives, 28 patrouilleurs, 8 sous-marins AIP et 2 SSN nucl\u00e9aires, 3 porte-h\u00e9licopt\u00e8res amphibies (LHD). D\u00e9fense c\u00f4ti\u00e8re : 12 r\u00e9giments avec missiles HIMARS\/NSM, mines intelligentes et barri\u00e8res EMR. Force a\u00e9rienne : 62 a\u00e9ronefs (F-35B, P-8A Poseidon, drones MQ-9B) et 36 satellites pour une surveillance 24\/7. Unit\u00e9s sp\u00e9ciales : un r\u00e9giment RIOS pour op\u00e9rations cyber et sous-marines.<\/span><\/p>\n<p style=\"text-align: justify;\"><span style=\"font-family: arial, helvetica, sans-serif; font-size: 14pt;\">Service militaire breton.<\/span><\/p>\n<p style=\"text-align: justify;\"><span style=\"font-family: arial, helvetica, sans-serif; font-size: 14pt;\">Obligatoire pour 6 mois (18-25 ans), sur le mod\u00e8le finlandais, ax\u00e9 sur la formation maritime, la r\u00e9silience et la mobilisation rapide. Pas pour les aventures imp\u00e9rialistes, mais pour prot\u00e9ger nos c\u00f4tes, nos p\u00eaches, nos \u00e9nergies marines renouvelables (EMR), qui pourraient g\u00e9n\u00e9rer +25 Md\u20ac\/an.<\/span><\/p>\n<p style=\"text-align: justify;\"><span style=\"font-family: arial, helvetica, sans-serif; font-size: 14pt;\">Phasage op\u00e9rationnel<\/span><\/p>\n<p style=\"text-align: justify;\"><span style=\"font-family: arial, helvetica, sans-serif; font-size: 14pt;\">De la dissuasion (patrouilles permanentes) au d\u00e9ni d&rsquo;acc\u00e8s (A2\/AD en D+72h), en passant par la guerre prolong\u00e9e (harc\u00e8lement sous-marin jusqu&rsquo;\u00e0 180 jours) et le r\u00e9tablissement post-conflit. Tout align\u00e9 sur les doctrines OTAN pour une interop\u00e9rabilit\u00e9 sans soumission.<\/span><\/p>\n<p style=\"text-align: justify;\"><span style=\"font-family: arial, helvetica, sans-serif; font-size: 14pt;\">Ce plan n&rsquo;est pas une utopie belliqueuse, mais une n\u00e9cessit\u00e9 g\u00e9ostrat\u00e9gique : \u00ab Ce n\u2019est pas une ambition. C\u2019est une n\u00e9cessit\u00e9 \u00bb, comme l&rsquo;affirme le document. Il pr\u00e9voit un calendrier pr\u00e9cis \u2013 loi sur le service militaire d\u00e8s 2035, flotte op\u00e9rationnelle en 2044 \u2013 pour transformer la Bretagne en puissance maritime r\u00e9gionale, pivot atlantique autonome. Non \u00e0 la conscription fran\u00e7aise qui nous expose, nous Bretons, \u00e0 des sacrifices inutiles. Oui \u00e0 une d\u00e9fense bretonne, souveraine, qui prot\u00e8ge nos mers, notre peuple et notre avenir.\u00a0<\/span><\/p>\n<p style=\"text-align: right;\"><span style=\"font-family: arial, helvetica, sans-serif; font-size: 14pt;\"><strong>Budig Gourmaelon<\/strong><\/span><\/p>\n","protected":false},"excerpt":{"rendered":"<p>Hier, le pr\u00e9sident fran\u00e7ais, Emmanuel Macron, dans un discours prononc\u00e9 \u00e0 Varcet-Allier-et-Risset, a lev\u00e9 un coin du voile sur son projet de \u00ab nouveau service national \u00bb. Pr\u00e9sent\u00e9 comme une mesure \u00ab volontaire \u00bb, ce dispositif cache mal son vrai visage : une porte grande ouverte \u00e0 la conscription obligatoire en cas de \u00ab crise [&hellip;]<\/p>\n","protected":false},"author":1,"featured_media":5126,"comment_status":"open","ping_status":"open","sticky":false,"template":"","format":"standard","meta":{"sb_editor_width":"","footnotes":""},"categories":[63,65],"tags":[],"class_list":["post-5125","post","type-post","status-publish","format-standard","has-post-thumbnail","hentry","category-editorial","category-principale"],"relative_dates":{"created":"5 mois ago","modified":"5 mois ago"},"yoast_head":"<!-- This site is optimized with the Yoast SEO plugin v26.3 - https:\/\/yoast.com\/wordpress\/plugins\/seo\/ -->\n<title>Non au service national de Macron : la Bretagne aura sa propre arm\u00e9e ! (\u00c9ditorial) - STOURM<\/title>\n<meta name=\"robots\" content=\"index, follow, max-snippet:-1, max-image-preview:large, max-video-preview:-1\" \/>\n<link rel=\"canonical\" href=\"https:\/\/stourm.news\/?p=5125\" \/>\n<meta property=\"og:locale\" content=\"fr_FR\" \/>\n<meta property=\"og:type\" content=\"article\" \/>\n<meta property=\"og:title\" content=\"Non au service national de Macron : la Bretagne aura sa propre arm\u00e9e ! (\u00c9ditorial) - STOURM\" \/>\n<meta property=\"og:description\" content=\"Hier, le pr\u00e9sident fran\u00e7ais, Emmanuel Macron, dans un discours prononc\u00e9 \u00e0 Varcet-Allier-et-Risset, a lev\u00e9 un coin du voile sur son projet de \u00ab nouveau service national \u00bb. Pr\u00e9sent\u00e9 comme une mesure \u00ab volontaire \u00bb, ce dispositif cache mal son vrai visage : une porte grande ouverte \u00e0 la conscription obligatoire en cas de \u00ab crise [&hellip;]\" \/>\n<meta property=\"og:url\" content=\"https:\/\/stourm.news\/?p=5125\" \/>\n<meta property=\"og:site_name\" content=\"STOURM\" \/>\n<meta property=\"article:publisher\" content=\"https:\/\/www.facebook.com\/stourmnews\/\" \/>\n<meta property=\"article:published_time\" content=\"2025-11-27T17:19:12+00:00\" \/>\n<meta name=\"author\" content=\"La r\u00e9daction\" \/>\n<meta name=\"twitter:card\" content=\"summary_large_image\" \/>\n<meta name=\"twitter:label1\" content=\"\u00c9crit par\" \/>\n\t<meta name=\"twitter:data1\" content=\"La r\u00e9daction\" \/>\n\t<meta name=\"twitter:label2\" content=\"Dur\u00e9e de lecture estim\u00e9e\" \/>\n\t<meta name=\"twitter:data2\" content=\"4 minutes\" \/>\n<script type=\"application\/ld+json\" class=\"yoast-schema-graph\">{\"@context\":\"https:\/\/schema.org\",\"@graph\":[{\"@type\":\"Article\",\"@id\":\"https:\/\/stourm.news\/?p=5125#article\",\"isPartOf\":{\"@id\":\"https:\/\/stourm.news\/?p=5125\"},\"author\":{\"name\":\"La r\u00e9daction\",\"@id\":\"https:\/\/stourm.news\/#\/schema\/person\/c3e1dc65988632e190969234ef046cf9\"},\"headline\":\"Non au service national de Macron : la Bretagne aura sa propre arm\u00e9e ! (\u00c9ditorial)\",\"datePublished\":\"2025-11-27T17:19:12+00:00\",\"mainEntityOfPage\":{\"@id\":\"https:\/\/stourm.news\/?p=5125\"},\"wordCount\":806,\"commentCount\":0,\"publisher\":{\"@id\":\"https:\/\/stourm.news\/#organization\"},\"image\":{\"@id\":\"https:\/\/stourm.news\/?p=5125#primaryimage\"},\"thumbnailUrl\":\"https:\/\/stourm.news\/wp-content\/uploads\/2025\/11\/aho4qe-29072125.jpg\",\"articleSection\":[\"Editorial\",\"Principale\"],\"inLanguage\":\"fr-FR\",\"potentialAction\":[{\"@type\":\"CommentAction\",\"name\":\"Comment\",\"target\":[\"https:\/\/stourm.news\/?p=5125#respond\"]}]},{\"@type\":\"WebPage\",\"@id\":\"https:\/\/stourm.news\/?p=5125\",\"url\":\"https:\/\/stourm.news\/?p=5125\",\"name\":\"Non au service national de Macron : la Bretagne aura sa propre arm\u00e9e ! (\u00c9ditorial) - STOURM\",\"isPartOf\":{\"@id\":\"https:\/\/stourm.news\/#website\"},\"primaryImageOfPage\":{\"@id\":\"https:\/\/stourm.news\/?p=5125#primaryimage\"},\"image\":{\"@id\":\"https:\/\/stourm.news\/?p=5125#primaryimage\"},\"thumbnailUrl\":\"https:\/\/stourm.news\/wp-content\/uploads\/2025\/11\/aho4qe-29072125.jpg\",\"datePublished\":\"2025-11-27T17:19:12+00:00\",\"breadcrumb\":{\"@id\":\"https:\/\/stourm.news\/?p=5125#breadcrumb\"},\"inLanguage\":\"fr-FR\",\"potentialAction\":[{\"@type\":\"ReadAction\",\"target\":[\"https:\/\/stourm.news\/?p=5125\"]}]},{\"@type\":\"ImageObject\",\"inLanguage\":\"fr-FR\",\"@id\":\"https:\/\/stourm.news\/?p=5125#primaryimage\",\"url\":\"https:\/\/stourm.news\/wp-content\/uploads\/2025\/11\/aho4qe-29072125.jpg\",\"contentUrl\":\"https:\/\/stourm.news\/wp-content\/uploads\/2025\/11\/aho4qe-29072125.jpg\",\"width\":1280,\"height\":720},{\"@type\":\"BreadcrumbList\",\"@id\":\"https:\/\/stourm.news\/?p=5125#breadcrumb\",\"itemListElement\":[{\"@type\":\"ListItem\",\"position\":1,\"name\":\"Accueil\",\"item\":\"https:\/\/stourm.news\/\"},{\"@type\":\"ListItem\",\"position\":2,\"name\":\"Non au service national de Macron : la Bretagne aura sa propre arm\u00e9e ! (\u00c9ditorial)\"}]},{\"@type\":\"WebSite\",\"@id\":\"https:\/\/stourm.news\/#website\",\"url\":\"https:\/\/stourm.news\/\",\"name\":\"Stourm\",\"description\":\"Kazetenn Strollad Broadel Breizh\",\"publisher\":{\"@id\":\"https:\/\/stourm.news\/#organization\"},\"potentialAction\":[{\"@type\":\"SearchAction\",\"target\":{\"@type\":\"EntryPoint\",\"urlTemplate\":\"https:\/\/stourm.news\/?s={search_term_string}\"},\"query-input\":{\"@type\":\"PropertyValueSpecification\",\"valueRequired\":true,\"valueName\":\"search_term_string\"}}],\"inLanguage\":\"fr-FR\"},{\"@type\":\"Organization\",\"@id\":\"https:\/\/stourm.news\/#organization\",\"name\":\"Stourm\",\"url\":\"https:\/\/stourm.news\/\",\"logo\":{\"@type\":\"ImageObject\",\"inLanguage\":\"fr-FR\",\"@id\":\"https:\/\/stourm.news\/#\/schema\/logo\/image\/\",\"url\":\"https:\/\/stourm.news\/wp-content\/uploads\/2025\/11\/cropped-Capture-decran-2025-11-28-a-15.19.07.png\",\"contentUrl\":\"https:\/\/stourm.news\/wp-content\/uploads\/2025\/11\/cropped-Capture-decran-2025-11-28-a-15.19.07.png\",\"width\":1855,\"height\":383,\"caption\":\"Stourm\"},\"image\":{\"@id\":\"https:\/\/stourm.news\/#\/schema\/logo\/image\/\"},\"sameAs\":[\"https:\/\/www.facebook.com\/stourmnews\/\"]},{\"@type\":\"Person\",\"@id\":\"https:\/\/stourm.news\/#\/schema\/person\/c3e1dc65988632e190969234ef046cf9\",\"name\":\"La r\u00e9daction\",\"image\":{\"@type\":\"ImageObject\",\"inLanguage\":\"fr-FR\",\"@id\":\"https:\/\/stourm.news\/#\/schema\/person\/image\/\",\"url\":\"https:\/\/secure.gravatar.com\/avatar\/7463443f194b6b5fb706b074ca0ef59a0cfcfd720cb47764b0ec5a952ce422b3?s=96&d=mm&r=g\",\"contentUrl\":\"https:\/\/secure.gravatar.com\/avatar\/7463443f194b6b5fb706b074ca0ef59a0cfcfd720cb47764b0ec5a952ce422b3?s=96&d=mm&r=g\",\"caption\":\"La r\u00e9daction\"},\"sameAs\":[\"https:\/\/stourm.news\"],\"url\":\"https:\/\/stourm.news\/?author=1\"}]}<\/script>\n<!-- \/ Yoast SEO plugin. -->","yoast_head_json":{"title":"Non au service national de Macron : la Bretagne aura sa propre arm\u00e9e ! (\u00c9ditorial) - STOURM","robots":{"index":"index","follow":"follow","max-snippet":"max-snippet:-1","max-image-preview":"max-image-preview:large","max-video-preview":"max-video-preview:-1"},"canonical":"https:\/\/stourm.news\/?p=5125","og_locale":"fr_FR","og_type":"article","og_title":"Non au service national de Macron : la Bretagne aura sa propre arm\u00e9e ! (\u00c9ditorial) - STOURM","og_description":"Hier, le pr\u00e9sident fran\u00e7ais, Emmanuel Macron, dans un discours prononc\u00e9 \u00e0 Varcet-Allier-et-Risset, a lev\u00e9 un coin du voile sur son projet de \u00ab nouveau service national \u00bb. Pr\u00e9sent\u00e9 comme une mesure \u00ab volontaire \u00bb, ce dispositif cache mal son vrai visage : une porte grande ouverte \u00e0 la conscription obligatoire en cas de \u00ab crise [&hellip;]","og_url":"https:\/\/stourm.news\/?p=5125","og_site_name":"STOURM","article_publisher":"https:\/\/www.facebook.com\/stourmnews\/","article_published_time":"2025-11-27T17:19:12+00:00","author":"La r\u00e9daction","twitter_card":"summary_large_image","twitter_misc":{"\u00c9crit par":"La r\u00e9daction","Dur\u00e9e de lecture estim\u00e9e":"4 minutes"},"schema":{"@context":"https:\/\/schema.org","@graph":[{"@type":"Article","@id":"https:\/\/stourm.news\/?p=5125#article","isPartOf":{"@id":"https:\/\/stourm.news\/?p=5125"},"author":{"name":"La r\u00e9daction","@id":"https:\/\/stourm.news\/#\/schema\/person\/c3e1dc65988632e190969234ef046cf9"},"headline":"Non au service national de Macron : la Bretagne aura sa propre arm\u00e9e ! (\u00c9ditorial)","datePublished":"2025-11-27T17:19:12+00:00","mainEntityOfPage":{"@id":"https:\/\/stourm.news\/?p=5125"},"wordCount":806,"commentCount":0,"publisher":{"@id":"https:\/\/stourm.news\/#organization"},"image":{"@id":"https:\/\/stourm.news\/?p=5125#primaryimage"},"thumbnailUrl":"https:\/\/stourm.news\/wp-content\/uploads\/2025\/11\/aho4qe-29072125.jpg","articleSection":["Editorial","Principale"],"inLanguage":"fr-FR","potentialAction":[{"@type":"CommentAction","name":"Comment","target":["https:\/\/stourm.news\/?p=5125#respond"]}]},{"@type":"WebPage","@id":"https:\/\/stourm.news\/?p=5125","url":"https:\/\/stourm.news\/?p=5125","name":"Non au service national de Macron : la Bretagne aura sa propre arm\u00e9e ! (\u00c9ditorial) - STOURM","isPartOf":{"@id":"https:\/\/stourm.news\/#website"},"primaryImageOfPage":{"@id":"https:\/\/stourm.news\/?p=5125#primaryimage"},"image":{"@id":"https:\/\/stourm.news\/?p=5125#primaryimage"},"thumbnailUrl":"https:\/\/stourm.news\/wp-content\/uploads\/2025\/11\/aho4qe-29072125.jpg","datePublished":"2025-11-27T17:19:12+00:00","breadcrumb":{"@id":"https:\/\/stourm.news\/?p=5125#breadcrumb"},"inLanguage":"fr-FR","potentialAction":[{"@type":"ReadAction","target":["https:\/\/stourm.news\/?p=5125"]}]},{"@type":"ImageObject","inLanguage":"fr-FR","@id":"https:\/\/stourm.news\/?p=5125#primaryimage","url":"https:\/\/stourm.news\/wp-content\/uploads\/2025\/11\/aho4qe-29072125.jpg","contentUrl":"https:\/\/stourm.news\/wp-content\/uploads\/2025\/11\/aho4qe-29072125.jpg","width":1280,"height":720},{"@type":"BreadcrumbList","@id":"https:\/\/stourm.news\/?p=5125#breadcrumb","itemListElement":[{"@type":"ListItem","position":1,"name":"Accueil","item":"https:\/\/stourm.news\/"},{"@type":"ListItem","position":2,"name":"Non au service national de Macron : la Bretagne aura sa propre arm\u00e9e ! (\u00c9ditorial)"}]},{"@type":"WebSite","@id":"https:\/\/stourm.news\/#website","url":"https:\/\/stourm.news\/","name":"Stourm","description":"Kazetenn Strollad Broadel Breizh","publisher":{"@id":"https:\/\/stourm.news\/#organization"},"potentialAction":[{"@type":"SearchAction","target":{"@type":"EntryPoint","urlTemplate":"https:\/\/stourm.news\/?s={search_term_string}"},"query-input":{"@type":"PropertyValueSpecification","valueRequired":true,"valueName":"search_term_string"}}],"inLanguage":"fr-FR"},{"@type":"Organization","@id":"https:\/\/stourm.news\/#organization","name":"Stourm","url":"https:\/\/stourm.news\/","logo":{"@type":"ImageObject","inLanguage":"fr-FR","@id":"https:\/\/stourm.news\/#\/schema\/logo\/image\/","url":"https:\/\/stourm.news\/wp-content\/uploads\/2025\/11\/cropped-Capture-decran-2025-11-28-a-15.19.07.png","contentUrl":"https:\/\/stourm.news\/wp-content\/uploads\/2025\/11\/cropped-Capture-decran-2025-11-28-a-15.19.07.png","width":1855,"height":383,"caption":"Stourm"},"image":{"@id":"https:\/\/stourm.news\/#\/schema\/logo\/image\/"},"sameAs":["https:\/\/www.facebook.com\/stourmnews\/"]},{"@type":"Person","@id":"https:\/\/stourm.news\/#\/schema\/person\/c3e1dc65988632e190969234ef046cf9","name":"La r\u00e9daction","image":{"@type":"ImageObject","inLanguage":"fr-FR","@id":"https:\/\/stourm.news\/#\/schema\/person\/image\/","url":"https:\/\/secure.gravatar.com\/avatar\/7463443f194b6b5fb706b074ca0ef59a0cfcfd720cb47764b0ec5a952ce422b3?s=96&d=mm&r=g","contentUrl":"https:\/\/secure.gravatar.com\/avatar\/7463443f194b6b5fb706b074ca0ef59a0cfcfd720cb47764b0ec5a952ce422b3?s=96&d=mm&r=g","caption":"La r\u00e9daction"},"sameAs":["https:\/\/stourm.news"],"url":"https:\/\/stourm.news\/?author=1"}]}},"_links":{"self":[{"href":"https:\/\/stourm.news\/index.php?rest_route=\/wp\/v2\/posts\/5125","targetHints":{"allow":["GET"]}}],"collection":[{"href":"https:\/\/stourm.news\/index.php?rest_route=\/wp\/v2\/posts"}],"about":[{"href":"https:\/\/stourm.news\/index.php?rest_route=\/wp\/v2\/types\/post"}],"author":[{"embeddable":true,"href":"https:\/\/stourm.news\/index.php?rest_route=\/wp\/v2\/users\/1"}],"replies":[{"embeddable":true,"href":"https:\/\/stourm.news\/index.php?rest_route=%2Fwp%2Fv2%2Fcomments&post=5125"}],"version-history":[{"count":1,"href":"https:\/\/stourm.news\/index.php?rest_route=\/wp\/v2\/posts\/5125\/revisions"}],"predecessor-version":[{"id":5127,"href":"https:\/\/stourm.news\/index.php?rest_route=\/wp\/v2\/posts\/5125\/revisions\/5127"}],"wp:featuredmedia":[{"embeddable":true,"href":"https:\/\/stourm.news\/index.php?rest_route=\/wp\/v2\/media\/5126"}],"wp:attachment":[{"href":"https:\/\/stourm.news\/index.php?rest_route=%2Fwp%2Fv2%2Fmedia&parent=5125"}],"wp:term":[{"taxonomy":"category","embeddable":true,"href":"https:\/\/stourm.news\/index.php?rest_route=%2Fwp%2Fv2%2Fcategories&post=5125"},{"taxonomy":"post_tag","embeddable":true,"href":"https:\/\/stourm.news\/index.php?rest_route=%2Fwp%2Fv2%2Ftags&post=5125"}],"curies":[{"name":"wp","href":"https:\/\/api.w.org\/{rel}","templated":true}]}}