{"id":5150,"date":"2025-11-28T09:23:08","date_gmt":"2025-11-28T09:23:08","guid":{"rendered":"https:\/\/stourm.news\/?p=5150"},"modified":"2025-11-28T09:23:08","modified_gmt":"2025-11-28T09:23:08","slug":"la-langue-cornouaillaise-sera-reconnue-a-egalite-avec-le-gallois-par-le-gouvernement-britannique","status":"publish","type":"post","link":"https:\/\/stourm.news\/?p=5150","title":{"rendered":"La langue cornouaillaise sera reconnue \u00e0 \u00e9galit\u00e9 avec le gallois par le gouvernement britannique"},"content":{"rendered":"<p style=\"text-align: justify;\"><span style=\"font-family: arial, helvetica, sans-serif; font-size: 14pt;\">Dans un tweet jubilatoire publi\u00e9 hier par le Cornwall Council, l&rsquo;annonce a \u00e9t\u00e9 faite : apr\u00e8s des ann\u00e9es de militantisme acharn\u00e9, la langue cornique (Kernewek) va enfin b\u00e9n\u00e9ficier du statut Part III de la Charte europ\u00e9enne des langues r\u00e9gionales ou minoritaires. Ce niveau de protection, \u00e9quivalent \u00e0 celui accord\u00e9 au gallois, au ga\u00e9lique \u00e9cossais et au ga\u00e9lique irlandais, marque une \u00e9tape d\u00e9cisive pour la sauvegarde de cette langue celtique revivifi\u00e9e au sud-ouest de l&rsquo;Angleterre.<\/span><\/p>\n<blockquote class=\"twitter-tweet\">\n<p dir=\"ltr\" lang=\"en\">After years of hard work, the Cornish language will be given Part Three status, meaning it will be recognised and protected at the same level as Welsh, Scottish and Irish Gaelic! <a href=\"https:\/\/t.co\/b1MiBYPDg5\">pic.twitter.com\/b1MiBYPDg5<\/a><\/p>\n<p>\u2014 @cornwallcouncil (@CornwallCouncil) <a href=\"https:\/\/twitter.com\/CornwallCouncil\/status\/1994029242451906755?ref_src=twsrc%5Etfw\">November 27, 2025<\/a><\/p><\/blockquote>\n<p><script async src=\"https:\/\/platform.twitter.com\/widgets.js\" charset=\"utf-8\"><\/script><\/p>\n<p style=\"text-align: justify;\"><span style=\"font-size: 14pt; font-family: arial, helvetica, sans-serif;\">Le message du Cornwall Council, accompagn\u00e9 d&rsquo;une vid\u00e9o o\u00f9 un responsable cornouaillais explique l&rsquo;importance de cette avanc\u00e9e, ne laisse place \u00e0 aucun doute : \u00ab\u00a0Apr\u00e8s des ann\u00e9es de dur labeur, la langue cornique sera dot\u00e9e du statut Part III, ce qui signifie qu&rsquo;elle sera reconnue et prot\u00e9g\u00e9e au m\u00eame niveau que le gallois, l&rsquo;\u00e9cossais et l&rsquo;irlandais ga\u00e9lique !\u00a0\u00bb Cette recommandation du gouvernement britannique, confirm\u00e9e cette semaine, int\u00e8gre officiellement le cornique dans le panier des langues minoritaires les plus soutenues par la Charte europ\u00e9enne, adopt\u00e9e en 1992 par le Conseil de l&rsquo;Europe. Concr\u00e8tement, cela implique des engagements concrets des autorit\u00e9s : \u00e9ducation bilingue, utilisation dans les administrations, m\u00e9dias et la vie culturelle. Pour une langue qui comptait moins de 500 locuteurs fluents dans les ann\u00e9es 1980 et qui en rassemble aujourd&rsquo;hui plusieurs milliers gr\u00e2ce \u00e0 un mouvement de renaissance, c&rsquo;est un triomphe.<\/span><\/p>\n<p style=\"text-align: justify;\"><span style=\"font-size: 14pt; font-family: arial, helvetica, sans-serif;\">Les r\u00e9actions n&rsquo;ont pas tard\u00e9. Le parti nationaliste cornique Mebyon Kernow a qualifi\u00e9 cette nouvelle de \u00ab\u00a0vraiment positive\u00a0\u00bb. De m\u00eame, des m\u00e9dias comme Cornwall Live et Nation.Cymru y voient un \u00ab\u00a0coup de pouce gouvernemental\u00a0\u00bb essentiel pour pr\u00e9server le Kernewek. Cette protection s&rsquo;inscrit dans une dynamique plus large au Royaume-Uni, o\u00f9 les langues celtiques b\u00e9n\u00e9ficient d&rsquo;un cadre l\u00e9gal favorable depuis des d\u00e9cennies, contrastant avec l&rsquo;approche centralisatrice de l&rsquo;Hexagone.<\/span><\/p>\n<p style=\"text-align: justify;\"><span style=\"font-size: 14pt; font-family: arial, helvetica, sans-serif;\">\u00c0 quelques encablures de la Cornouaille britannique, en Bretagne, la situation est bien plus pr\u00e9caire. Le breton, qui partage des racines celtiques profondes avec le cornique \u2013 les deux langues \u00e9tant issues du brittonique ancien \u2013, est class\u00e9 \u00ab\u00a0s\u00e9v\u00e8rement en danger\u00a0\u00bb par l&rsquo;Atlas de l&rsquo;UNESCO, avec seulement 107 000 locuteurs en 2024, contre plus d&rsquo;un million en 1950. Malgr\u00e9 des avanc\u00e9es timides la France n&rsquo;a toujours pas ratifi\u00e9 la Charte europ\u00e9enne des langues r\u00e9gionales ou minoritaires. Cette non-ratification, r\u00e9clam\u00e9e depuis des d\u00e9cennies par les associations bretonnes et les linguistes, prive le breton d&rsquo;un statut officiel et d&rsquo;une protection structur\u00e9e. Contrairement au cornique, qui pourra d\u00e9sormais exiger des mesures \u00e9tatiques pour sa transmission, le breton reste rel\u00e9gu\u00e9 \u00e0 des initiatives locales ou associatives, souvent sous-financ\u00e9es. Le Conseil de l&rsquo;Europe, dans ses efforts pour promouvoir la Charte en France, insiste sur le fait que ce texte vise \u00e0 prot\u00e9ger les langues historiques d&rsquo;Europe sans menacer l&rsquo;unit\u00e9 nationale \u2013 un argument que Paris balaie d&rsquo;un revers de main, invoquant une vision jacobine de la R\u00e9publique une et indivisible. R\u00e9sultat : tandis que le cornique progresse, le breton risque l&rsquo;extinction progressive, avec une transmission interg\u00e9n\u00e9rationnelle en chute libre.<\/span><\/p>\n<p style=\"text-align: justify;\"><span style=\"font-size: 14pt; font-family: arial, helvetica, sans-serif;\">Cette disparit\u00e9 n&rsquo;est pas anodine. Elle illustre les fractures au sein de l&rsquo;Union europ\u00e9enne en mati\u00e8re de politiques linguistiques : d&rsquo;un c\u00f4t\u00e9, un Royaume-Uni post-Brexit qui honore ses engagements internationaux pour valoriser sa diversit\u00e9 ; de l&rsquo;autre, une France qui persiste dans sa politique d&rsquo;\u00e9radication. Une nouvelle fois, l&rsquo;\u00c9tat fran\u00e7ais d\u00e9montre qu&rsquo;il est un syst\u00e8me autoritaire, fond\u00e9 sur une id\u00e9ologie destructrice avec laquelle Paris n&rsquo;entend pas rompre.\u00a0<\/span><\/p>\n<p style=\"text-align: right;\"><span style=\"font-size: 14pt; font-family: arial, helvetica, sans-serif;\"><strong>Budig Gourmaelon<\/strong><\/span><\/p>\n","protected":false},"excerpt":{"rendered":"<p>Dans un tweet jubilatoire publi\u00e9 hier par le Cornwall Council, l&rsquo;annonce a \u00e9t\u00e9 faite : apr\u00e8s des ann\u00e9es de militantisme acharn\u00e9, la langue cornique (Kernewek) va enfin b\u00e9n\u00e9ficier du statut Part III de la Charte europ\u00e9enne des langues r\u00e9gionales ou minoritaires. Ce niveau de protection, \u00e9quivalent \u00e0 celui accord\u00e9 au gallois, au ga\u00e9lique \u00e9cossais et [&hellip;]<\/p>\n","protected":false},"author":1,"featured_media":5151,"comment_status":"open","ping_status":"open","sticky":false,"template":"","format":"standard","meta":{"sb_editor_width":"","footnotes":""},"categories":[88,66,65],"tags":[],"class_list":["post-5150","post","type-post","status-publish","format-standard","has-post-thumbnail","hentry","category-interceltisme","category-international","category-principale"],"relative_dates":{"created":"5 mois ago","modified":"5 mois ago"},"yoast_head":"<!-- This site is optimized with the Yoast SEO plugin v26.3 - https:\/\/yoast.com\/wordpress\/plugins\/seo\/ -->\n<title>La langue cornouaillaise sera reconnue \u00e0 \u00e9galit\u00e9 avec le gallois par le gouvernement britannique - STOURM<\/title>\n<meta name=\"robots\" content=\"index, follow, max-snippet:-1, max-image-preview:large, max-video-preview:-1\" \/>\n<link rel=\"canonical\" href=\"https:\/\/stourm.news\/?p=5150\" \/>\n<meta property=\"og:locale\" content=\"fr_FR\" \/>\n<meta property=\"og:type\" content=\"article\" \/>\n<meta property=\"og:title\" content=\"La langue cornouaillaise sera reconnue \u00e0 \u00e9galit\u00e9 avec le gallois par le gouvernement britannique - STOURM\" \/>\n<meta property=\"og:description\" content=\"Dans un tweet jubilatoire publi\u00e9 hier par le Cornwall Council, l&rsquo;annonce a \u00e9t\u00e9 faite : apr\u00e8s des ann\u00e9es de militantisme acharn\u00e9, la langue cornique (Kernewek) va enfin b\u00e9n\u00e9ficier du statut Part III de la Charte europ\u00e9enne des langues r\u00e9gionales ou minoritaires. Ce niveau de protection, \u00e9quivalent \u00e0 celui accord\u00e9 au gallois, au ga\u00e9lique \u00e9cossais et [&hellip;]\" \/>\n<meta property=\"og:url\" content=\"https:\/\/stourm.news\/?p=5150\" \/>\n<meta property=\"og:site_name\" content=\"STOURM\" \/>\n<meta property=\"article:publisher\" content=\"https:\/\/www.facebook.com\/stourmnews\/\" \/>\n<meta property=\"article:published_time\" content=\"2025-11-28T09:23:08+00:00\" \/>\n<meta name=\"author\" content=\"La r\u00e9daction\" \/>\n<meta name=\"twitter:card\" content=\"summary_large_image\" \/>\n<meta name=\"twitter:label1\" content=\"\u00c9crit par\" \/>\n\t<meta name=\"twitter:data1\" content=\"La r\u00e9daction\" \/>\n\t<meta name=\"twitter:label2\" content=\"Dur\u00e9e de lecture estim\u00e9e\" \/>\n\t<meta name=\"twitter:data2\" content=\"3 minutes\" \/>\n<script type=\"application\/ld+json\" class=\"yoast-schema-graph\">{\"@context\":\"https:\/\/schema.org\",\"@graph\":[{\"@type\":\"Article\",\"@id\":\"https:\/\/stourm.news\/?p=5150#article\",\"isPartOf\":{\"@id\":\"https:\/\/stourm.news\/?p=5150\"},\"author\":{\"name\":\"La r\u00e9daction\",\"@id\":\"https:\/\/stourm.news\/#\/schema\/person\/c3e1dc65988632e190969234ef046cf9\"},\"headline\":\"La langue cornouaillaise sera reconnue \u00e0 \u00e9galit\u00e9 avec le gallois par le gouvernement britannique\",\"datePublished\":\"2025-11-28T09:23:08+00:00\",\"mainEntityOfPage\":{\"@id\":\"https:\/\/stourm.news\/?p=5150\"},\"wordCount\":670,\"commentCount\":0,\"publisher\":{\"@id\":\"https:\/\/stourm.news\/#organization\"},\"image\":{\"@id\":\"https:\/\/stourm.news\/?p=5150#primaryimage\"},\"thumbnailUrl\":\"https:\/\/stourm.news\/wp-content\/uploads\/2025\/11\/cornish-flag-pirian-day.jpg\",\"articleSection\":[\"Interceltisme\",\"International\",\"Principale\"],\"inLanguage\":\"fr-FR\",\"potentialAction\":[{\"@type\":\"CommentAction\",\"name\":\"Comment\",\"target\":[\"https:\/\/stourm.news\/?p=5150#respond\"]}]},{\"@type\":\"WebPage\",\"@id\":\"https:\/\/stourm.news\/?p=5150\",\"url\":\"https:\/\/stourm.news\/?p=5150\",\"name\":\"La langue cornouaillaise sera reconnue \u00e0 \u00e9galit\u00e9 avec le gallois par le gouvernement britannique - STOURM\",\"isPartOf\":{\"@id\":\"https:\/\/stourm.news\/#website\"},\"primaryImageOfPage\":{\"@id\":\"https:\/\/stourm.news\/?p=5150#primaryimage\"},\"image\":{\"@id\":\"https:\/\/stourm.news\/?p=5150#primaryimage\"},\"thumbnailUrl\":\"https:\/\/stourm.news\/wp-content\/uploads\/2025\/11\/cornish-flag-pirian-day.jpg\",\"datePublished\":\"2025-11-28T09:23:08+00:00\",\"breadcrumb\":{\"@id\":\"https:\/\/stourm.news\/?p=5150#breadcrumb\"},\"inLanguage\":\"fr-FR\",\"potentialAction\":[{\"@type\":\"ReadAction\",\"target\":[\"https:\/\/stourm.news\/?p=5150\"]}]},{\"@type\":\"ImageObject\",\"inLanguage\":\"fr-FR\",\"@id\":\"https:\/\/stourm.news\/?p=5150#primaryimage\",\"url\":\"https:\/\/stourm.news\/wp-content\/uploads\/2025\/11\/cornish-flag-pirian-day.jpg\",\"contentUrl\":\"https:\/\/stourm.news\/wp-content\/uploads\/2025\/11\/cornish-flag-pirian-day.jpg\",\"width\":1000,\"height\":660},{\"@type\":\"BreadcrumbList\",\"@id\":\"https:\/\/stourm.news\/?p=5150#breadcrumb\",\"itemListElement\":[{\"@type\":\"ListItem\",\"position\":1,\"name\":\"Accueil\",\"item\":\"https:\/\/stourm.news\/\"},{\"@type\":\"ListItem\",\"position\":2,\"name\":\"La langue cornouaillaise sera reconnue \u00e0 \u00e9galit\u00e9 avec le gallois par le gouvernement britannique\"}]},{\"@type\":\"WebSite\",\"@id\":\"https:\/\/stourm.news\/#website\",\"url\":\"https:\/\/stourm.news\/\",\"name\":\"Stourm\",\"description\":\"Kazetenn Strollad Broadel Breizh\",\"publisher\":{\"@id\":\"https:\/\/stourm.news\/#organization\"},\"potentialAction\":[{\"@type\":\"SearchAction\",\"target\":{\"@type\":\"EntryPoint\",\"urlTemplate\":\"https:\/\/stourm.news\/?s={search_term_string}\"},\"query-input\":{\"@type\":\"PropertyValueSpecification\",\"valueRequired\":true,\"valueName\":\"search_term_string\"}}],\"inLanguage\":\"fr-FR\"},{\"@type\":\"Organization\",\"@id\":\"https:\/\/stourm.news\/#organization\",\"name\":\"Stourm\",\"url\":\"https:\/\/stourm.news\/\",\"logo\":{\"@type\":\"ImageObject\",\"inLanguage\":\"fr-FR\",\"@id\":\"https:\/\/stourm.news\/#\/schema\/logo\/image\/\",\"url\":\"https:\/\/stourm.news\/wp-content\/uploads\/2025\/11\/cropped-Capture-decran-2025-11-28-a-15.19.07.png\",\"contentUrl\":\"https:\/\/stourm.news\/wp-content\/uploads\/2025\/11\/cropped-Capture-decran-2025-11-28-a-15.19.07.png\",\"width\":1855,\"height\":383,\"caption\":\"Stourm\"},\"image\":{\"@id\":\"https:\/\/stourm.news\/#\/schema\/logo\/image\/\"},\"sameAs\":[\"https:\/\/www.facebook.com\/stourmnews\/\"]},{\"@type\":\"Person\",\"@id\":\"https:\/\/stourm.news\/#\/schema\/person\/c3e1dc65988632e190969234ef046cf9\",\"name\":\"La r\u00e9daction\",\"image\":{\"@type\":\"ImageObject\",\"inLanguage\":\"fr-FR\",\"@id\":\"https:\/\/stourm.news\/#\/schema\/person\/image\/\",\"url\":\"https:\/\/secure.gravatar.com\/avatar\/7463443f194b6b5fb706b074ca0ef59a0cfcfd720cb47764b0ec5a952ce422b3?s=96&d=mm&r=g\",\"contentUrl\":\"https:\/\/secure.gravatar.com\/avatar\/7463443f194b6b5fb706b074ca0ef59a0cfcfd720cb47764b0ec5a952ce422b3?s=96&d=mm&r=g\",\"caption\":\"La r\u00e9daction\"},\"sameAs\":[\"https:\/\/stourm.news\"],\"url\":\"https:\/\/stourm.news\/?author=1\"}]}<\/script>\n<!-- \/ Yoast SEO plugin. -->","yoast_head_json":{"title":"La langue cornouaillaise sera reconnue \u00e0 \u00e9galit\u00e9 avec le gallois par le gouvernement britannique - STOURM","robots":{"index":"index","follow":"follow","max-snippet":"max-snippet:-1","max-image-preview":"max-image-preview:large","max-video-preview":"max-video-preview:-1"},"canonical":"https:\/\/stourm.news\/?p=5150","og_locale":"fr_FR","og_type":"article","og_title":"La langue cornouaillaise sera reconnue \u00e0 \u00e9galit\u00e9 avec le gallois par le gouvernement britannique - STOURM","og_description":"Dans un tweet jubilatoire publi\u00e9 hier par le Cornwall Council, l&rsquo;annonce a \u00e9t\u00e9 faite : apr\u00e8s des ann\u00e9es de militantisme acharn\u00e9, la langue cornique (Kernewek) va enfin b\u00e9n\u00e9ficier du statut Part III de la Charte europ\u00e9enne des langues r\u00e9gionales ou minoritaires. Ce niveau de protection, \u00e9quivalent \u00e0 celui accord\u00e9 au gallois, au ga\u00e9lique \u00e9cossais et [&hellip;]","og_url":"https:\/\/stourm.news\/?p=5150","og_site_name":"STOURM","article_publisher":"https:\/\/www.facebook.com\/stourmnews\/","article_published_time":"2025-11-28T09:23:08+00:00","author":"La r\u00e9daction","twitter_card":"summary_large_image","twitter_misc":{"\u00c9crit par":"La r\u00e9daction","Dur\u00e9e de lecture estim\u00e9e":"3 minutes"},"schema":{"@context":"https:\/\/schema.org","@graph":[{"@type":"Article","@id":"https:\/\/stourm.news\/?p=5150#article","isPartOf":{"@id":"https:\/\/stourm.news\/?p=5150"},"author":{"name":"La r\u00e9daction","@id":"https:\/\/stourm.news\/#\/schema\/person\/c3e1dc65988632e190969234ef046cf9"},"headline":"La langue cornouaillaise sera reconnue \u00e0 \u00e9galit\u00e9 avec le gallois par le gouvernement britannique","datePublished":"2025-11-28T09:23:08+00:00","mainEntityOfPage":{"@id":"https:\/\/stourm.news\/?p=5150"},"wordCount":670,"commentCount":0,"publisher":{"@id":"https:\/\/stourm.news\/#organization"},"image":{"@id":"https:\/\/stourm.news\/?p=5150#primaryimage"},"thumbnailUrl":"https:\/\/stourm.news\/wp-content\/uploads\/2025\/11\/cornish-flag-pirian-day.jpg","articleSection":["Interceltisme","International","Principale"],"inLanguage":"fr-FR","potentialAction":[{"@type":"CommentAction","name":"Comment","target":["https:\/\/stourm.news\/?p=5150#respond"]}]},{"@type":"WebPage","@id":"https:\/\/stourm.news\/?p=5150","url":"https:\/\/stourm.news\/?p=5150","name":"La langue cornouaillaise sera reconnue \u00e0 \u00e9galit\u00e9 avec le gallois par le gouvernement britannique - STOURM","isPartOf":{"@id":"https:\/\/stourm.news\/#website"},"primaryImageOfPage":{"@id":"https:\/\/stourm.news\/?p=5150#primaryimage"},"image":{"@id":"https:\/\/stourm.news\/?p=5150#primaryimage"},"thumbnailUrl":"https:\/\/stourm.news\/wp-content\/uploads\/2025\/11\/cornish-flag-pirian-day.jpg","datePublished":"2025-11-28T09:23:08+00:00","breadcrumb":{"@id":"https:\/\/stourm.news\/?p=5150#breadcrumb"},"inLanguage":"fr-FR","potentialAction":[{"@type":"ReadAction","target":["https:\/\/stourm.news\/?p=5150"]}]},{"@type":"ImageObject","inLanguage":"fr-FR","@id":"https:\/\/stourm.news\/?p=5150#primaryimage","url":"https:\/\/stourm.news\/wp-content\/uploads\/2025\/11\/cornish-flag-pirian-day.jpg","contentUrl":"https:\/\/stourm.news\/wp-content\/uploads\/2025\/11\/cornish-flag-pirian-day.jpg","width":1000,"height":660},{"@type":"BreadcrumbList","@id":"https:\/\/stourm.news\/?p=5150#breadcrumb","itemListElement":[{"@type":"ListItem","position":1,"name":"Accueil","item":"https:\/\/stourm.news\/"},{"@type":"ListItem","position":2,"name":"La langue cornouaillaise sera reconnue \u00e0 \u00e9galit\u00e9 avec le gallois par le gouvernement britannique"}]},{"@type":"WebSite","@id":"https:\/\/stourm.news\/#website","url":"https:\/\/stourm.news\/","name":"Stourm","description":"Kazetenn Strollad Broadel Breizh","publisher":{"@id":"https:\/\/stourm.news\/#organization"},"potentialAction":[{"@type":"SearchAction","target":{"@type":"EntryPoint","urlTemplate":"https:\/\/stourm.news\/?s={search_term_string}"},"query-input":{"@type":"PropertyValueSpecification","valueRequired":true,"valueName":"search_term_string"}}],"inLanguage":"fr-FR"},{"@type":"Organization","@id":"https:\/\/stourm.news\/#organization","name":"Stourm","url":"https:\/\/stourm.news\/","logo":{"@type":"ImageObject","inLanguage":"fr-FR","@id":"https:\/\/stourm.news\/#\/schema\/logo\/image\/","url":"https:\/\/stourm.news\/wp-content\/uploads\/2025\/11\/cropped-Capture-decran-2025-11-28-a-15.19.07.png","contentUrl":"https:\/\/stourm.news\/wp-content\/uploads\/2025\/11\/cropped-Capture-decran-2025-11-28-a-15.19.07.png","width":1855,"height":383,"caption":"Stourm"},"image":{"@id":"https:\/\/stourm.news\/#\/schema\/logo\/image\/"},"sameAs":["https:\/\/www.facebook.com\/stourmnews\/"]},{"@type":"Person","@id":"https:\/\/stourm.news\/#\/schema\/person\/c3e1dc65988632e190969234ef046cf9","name":"La r\u00e9daction","image":{"@type":"ImageObject","inLanguage":"fr-FR","@id":"https:\/\/stourm.news\/#\/schema\/person\/image\/","url":"https:\/\/secure.gravatar.com\/avatar\/7463443f194b6b5fb706b074ca0ef59a0cfcfd720cb47764b0ec5a952ce422b3?s=96&d=mm&r=g","contentUrl":"https:\/\/secure.gravatar.com\/avatar\/7463443f194b6b5fb706b074ca0ef59a0cfcfd720cb47764b0ec5a952ce422b3?s=96&d=mm&r=g","caption":"La r\u00e9daction"},"sameAs":["https:\/\/stourm.news"],"url":"https:\/\/stourm.news\/?author=1"}]}},"_links":{"self":[{"href":"https:\/\/stourm.news\/index.php?rest_route=\/wp\/v2\/posts\/5150","targetHints":{"allow":["GET"]}}],"collection":[{"href":"https:\/\/stourm.news\/index.php?rest_route=\/wp\/v2\/posts"}],"about":[{"href":"https:\/\/stourm.news\/index.php?rest_route=\/wp\/v2\/types\/post"}],"author":[{"embeddable":true,"href":"https:\/\/stourm.news\/index.php?rest_route=\/wp\/v2\/users\/1"}],"replies":[{"embeddable":true,"href":"https:\/\/stourm.news\/index.php?rest_route=%2Fwp%2Fv2%2Fcomments&post=5150"}],"version-history":[{"count":1,"href":"https:\/\/stourm.news\/index.php?rest_route=\/wp\/v2\/posts\/5150\/revisions"}],"predecessor-version":[{"id":5152,"href":"https:\/\/stourm.news\/index.php?rest_route=\/wp\/v2\/posts\/5150\/revisions\/5152"}],"wp:featuredmedia":[{"embeddable":true,"href":"https:\/\/stourm.news\/index.php?rest_route=\/wp\/v2\/media\/5151"}],"wp:attachment":[{"href":"https:\/\/stourm.news\/index.php?rest_route=%2Fwp%2Fv2%2Fmedia&parent=5150"}],"wp:term":[{"taxonomy":"category","embeddable":true,"href":"https:\/\/stourm.news\/index.php?rest_route=%2Fwp%2Fv2%2Fcategories&post=5150"},{"taxonomy":"post_tag","embeddable":true,"href":"https:\/\/stourm.news\/index.php?rest_route=%2Fwp%2Fv2%2Ftags&post=5150"}],"curies":[{"name":"wp","href":"https:\/\/api.w.org\/{rel}","templated":true}]}}