{"id":5153,"date":"2025-11-29T09:57:46","date_gmt":"2025-11-29T09:57:46","guid":{"rendered":"https:\/\/stourm.news\/?p=5153"},"modified":"2025-11-29T09:57:46","modified_gmt":"2025-11-29T09:57:46","slug":"pas-de-langue-bretonne-sans-etat-breton-les-causes-structurelles-du-declin-de-la-langue-bretonne-partie-1","status":"publish","type":"post","link":"https:\/\/stourm.news\/?p=5153","title":{"rendered":"Pas de langue bretonne sans \u00c9tat breton : \u00ab\u00a0Les causes structurelles du d\u00e9clin de la langue bretonne\u00a0\u00bb (Partie 1)"},"content":{"rendered":"<p style=\"text-align: justify;\"><span style=\"font-family: arial, helvetica, sans-serif; font-size: 14pt;\">L\u2019\u00e9tude \u00ab <strong><a href=\"https:\/\/www.preder.net\/r\/bibli\/emsav\/esb7.pdf\">La Langue bretonne et la R\u00e9volution<\/a><\/strong> \u00bb publi\u00e9e par Emsav Stadel Breizh analyse les causes du d\u00e9clin de la langue bretonne et les conditions n\u00e9cessaires \u00e0 sa sauvegarde. Elle d\u00e9montre que ce d\u00e9clin r\u00e9sulte principalement de la disparition de l\u2019\u00c9tat breton et des institutions politiques et sociales qui lui \u00e9taient propres. Ces institutions \u2013 parlement, \u00c9tats de Bretagne, administration et justice propres \u00e0 la Bretagne \u2013 permettaient \u00e0 la langue bretonne de fonctionner comme moyen de communication et d\u2019organisation dans tous les domaines de la vie sociale, depuis les affaires publiques jusqu\u2019aux relations entre les diff\u00e9rentes classes de la soci\u00e9t\u00e9.<\/span><\/p>\n<p style=\"text-align: justify;\"><span style=\"font-family: arial, helvetica, sans-serif; font-size: 14pt;\">L\u2019annexion de la Bretagne par le royaume de France, consacr\u00e9e par le d\u00e9cret d\u2019union de 1532 (ill\u00e9gal) et achev\u00e9e par la centralisation administrative de la R\u00e9volution fran\u00e7aise, a entra\u00een\u00e9 la suppression de ces institutions propres \u00e0 la Bretagne. Priv\u00e9e de l\u2019\u00c9tat breton qui lui assurait les conditions de son exercice et de son d\u00e9veloppement, la langue bretonne a \u00e9t\u00e9 progressivement exclue des domaines publics et r\u00e9duite \u00e0 un usage limit\u00e9 dans la sph\u00e8re priv\u00e9e. L\u2019\u00e9tude examine les efforts entrepris pour pr\u00e9server la langue bretonne et montre que ces initiatives, qu\u2019il s\u2019agisse de travaux litt\u00e9raires, d\u2019enseignement ou de revendications institutionnelles, demeurent <strong>insuffisantes<\/strong> lorsqu\u2019elles sont men\u00e9es <strong>dans le cadre des institutions fran\u00e7aises existantes<\/strong>. <\/span><\/p>\n<p style=\"text-align: justify;\"><span style=\"font-family: arial, helvetica, sans-serif; font-size: 14pt;\">Elle conclut que la sauvegarde effective de la langue bretonne ne peut \u00eatre obtenue par des mesures purement culturelles ou par des concessions partielles accord\u00e9es <strong>au sein du cadre institutionnel fran\u00e7ais<\/strong>. La langue bretonne ne peut retrouver sa fonction de moyen de communication et d\u2019organisation dans l\u2019ensemble de la vie sociale qu\u2019\u00e0 la condition que soient reconstitu\u00e9es au sein de l&rsquo;\u00c9tat breton des institutions politiques et sociales propres \u00e0 la Bretagne, permettant \u00e0 la nation bretonne de disposer \u00e0 nouveau des structures n\u00e9cessaires \u00e0 l\u2019exercice et au d\u00e9veloppement de sa langue. Nous pr\u00e9sentons ici les grandes lignes de l&rsquo;\u00e9tude qui conserve en 2025 toute sa pertinence.<\/span><\/p>\n<p style=\"text-align: justify;\"><strong><span style=\"font-family: arial, helvetica, sans-serif; font-size: 14pt;\">Premi\u00e8re partie : Les causes structurelles du d\u00e9clin de la langue bretonne<\/span><\/strong><\/p>\n<p style=\"text-align: justify;\"><span style=\"font-family: arial, helvetica, sans-serif; font-size: 14pt;\"><strong>1.1 L\u2019\u00e9tat originel de la langue bretonne<\/strong><\/span><\/p>\n<p style=\"text-align: justify;\"><span style=\"font-family: arial, helvetica, sans-serif; font-size: 14pt;\">La langue bretonne a, aux premiers temps de son d\u00e9veloppement, occup\u00e9 l\u2019ensemble de la p\u00e9ninsule armoricaine, depuis le territoire de Dol jusqu\u2019\u00e0 celui de Gu\u00e9rande. Elle \u00e9tait employ\u00e9e dans toutes les sph\u00e8res de la vie sociale, aussi bien par le peuple que par les chefs et les institutions propres \u00e0 la Bretagne. Cette langue constituait le moyen principal de communication et d\u2019organisation au sein d\u2019une communaut\u00e9 distincte. Elle ne se limitait pas \u00e0 l\u2019usage domestique ou religieux, mais servait \u00e9galement \u00e0 l\u2019exercice des fonctions politiques et administratives propres au pays. Dans cet \u00e9tat, la langue bretonne formait un \u00e9l\u00e9ment structurant de la soci\u00e9t\u00e9 bretonne.<\/span><\/p>\n<p style=\"text-align: justify;\"><strong><span style=\"font-family: arial, helvetica, sans-serif; font-size: 14pt;\">1.2. Les premi\u00e8res causes du recul linguistique<\/span><\/strong><\/p>\n<p style=\"text-align: justify;\"><span style=\"font-family: arial, helvetica, sans-serif; font-size: 14pt;\">D\u00e8s le XIe si\u00e8cle, sous l\u2019effet de l\u2019\u00e9tablissement de la f\u00e9odalit\u00e9, les seigneurs bretons commenc\u00e8rent \u00e0 adopter la langue fran\u00e7aise, qui \u00e9tait celle de la maison royale de France. Cette adoption progressive par les classes dirigeantes entra\u00eena une premi\u00e8re rupture dans l\u2019unit\u00e9 linguistique de la Bretagne. Parall\u00e8lement, parmi les populations rurales, la fronti\u00e8re entre les territoires o\u00f9 l\u2019on parlait breton et ceux o\u00f9 pr\u00e9valaient les dialectes romans se d\u00e9pla\u00e7a vers l\u2019ouest. La langue bretonne se divisa ainsi en plusieurs dialectes distincts, tels que le l\u00e9onard, le tr\u00e9gorrois, le vannetais et le cornouaillais. Cette fragmentation eut pour cons\u00e9quence une perte partielle de l\u2019unit\u00e9 de la langue et une r\u00e9duction de sa capacit\u00e9 \u00e0 s\u2019exprimer dans des domaines n\u00e9cessitant une forme commune et normalis\u00e9e.<\/span><\/p>\n<p style=\"text-align: justify;\"><strong><span style=\"font-family: arial, helvetica, sans-serif; font-size: 14pt;\">1.3. L\u2019action d\u00e9cisive de l\u2019\u00c9tat fran\u00e7ais dans le processus de d\u00e9clin<\/span><\/strong><\/p>\n<p style=\"text-align: justify;\"><span style=\"font-family: arial, helvetica, sans-serif; font-size: 14pt;\">Le recul de la langue bretonne prit un caract\u00e8re d\u00e9finitif avec l\u2019annexion de la Bretagne au royaume de France. Le d\u00e9cret d&rsquo;annexion de 1532, qui subordonna la Bretagne \u00e0 la couronne fran\u00e7aise, entra\u00eena la suppression de ses institutions politiques propres, telles que son parlement et ses \u00c9tats. Ces institutions, qui avaient permis \u00e0 la langue bretonne d\u2019\u00eatre employ\u00e9e dans les affaires publiques et dans les rapports entre les diff\u00e9rentes classes sociales, disparurent. La R\u00e9volution de 1789 porta cette centralisation \u00e0 son terme en abolissant toute forme d\u2019autonomie et en \u00e9tablissant une organisation administrative uniform\u00e9ment soumise au pouvoir central. La langue fran\u00e7aise devint d\u00e8s lors la seule langue des lois, de l\u2019administration, de la justice et de l\u2019\u00e9ducation. La langue bretonne fut ainsi exclue de tous les domaines o\u00f9 une langue commune \u00e0 l\u2019ensemble du royaume \u00e9tait requise.<\/span><\/p>\n<p style=\"text-align: justify;\"><strong><span style=\"font-family: arial, helvetica, sans-serif; font-size: 14pt;\">1.4. Les cons\u00e9quences structurelles de cette \u00e9volution<\/span><\/strong><\/p>\n<p style=\"text-align: justify;\"><span style=\"font-family: arial, helvetica, sans-serif; font-size: 14pt;\">La suppression des institutions propres \u00e0 la Bretagne eut pour effet de r\u00e9duire la langue bretonne \u00e0 la sph\u00e8re priv\u00e9e. Elle ne fut plus employ\u00e9e que dans les relations familiales, dans les conversations quotidiennes et dans certaines pratiques religieuses locales. Priv\u00e9e des moyens de fonctionner dans les domaines publics et administratifs, la langue bretonne ne pouvait plus remplir les fonctions qui lui avaient permis de se d\u00e9velopper et de se maintenir. Cette r\u00e9duction de la langue \u00e0 un usage priv\u00e9 eut des cons\u00e9quences profondes. Sans institutions propres pour assurer son renouvellement et son adaptation aux besoins d\u2019une soci\u00e9t\u00e9 en transformation, la langue bretonne cessa de pouvoir se d\u00e9velopper comme un instrument capable de servir \u00e0 l\u2019ensemble des activit\u00e9s sociales. Elle fut maintenue uniquement par la force de la tradition, mais dans des conditions qui rendaient son d\u00e9clin in\u00e9vitable.<\/span><\/p>\n<p style=\"text-align: justify;\"><span style=\"font-family: arial, helvetica, sans-serif; font-size: 14pt;\">La disparition des structures politiques et sociales propres \u00e0 la Bretagne constitue donc la cause fondamentale du d\u00e9clin de la langue bretonne. Ce d\u00e9clin n\u2019est pas le r\u00e9sultat d\u2019une inf\u00e9riorit\u00e9 naturelle de la langue ou d\u2019une n\u00e9gligence accidentelle de la part des g\u00e9n\u00e9rations pr\u00e9c\u00e9dentes. Il proc\u00e8de directement de la suppression des conditions institutionnelles qui permettaient \u00e0 cette langue d\u2019exercer une fonction active et structurante au sein d\u2019une communaut\u00e9 distincte.<\/span><\/p>\n<p style=\"text-align: justify;\"><strong><span style=\"font-family: arial, helvetica, sans-serif; font-size: 14pt;\">Partie \u00e0 venir : Les efforts de d\u00e9fense de la langue bretonne et leurs limites<\/span><\/strong><\/p>\n","protected":false},"excerpt":{"rendered":"<p>L\u2019\u00e9tude \u00ab La Langue bretonne et la R\u00e9volution \u00bb publi\u00e9e par Emsav Stadel Breizh analyse les causes du d\u00e9clin de la langue bretonne et les conditions n\u00e9cessaires \u00e0 sa sauvegarde. Elle d\u00e9montre que ce d\u00e9clin r\u00e9sulte principalement de la disparition de l\u2019\u00c9tat breton et des institutions politiques et sociales qui lui \u00e9taient propres. Ces institutions [&hellip;]<\/p>\n","protected":false},"author":1,"featured_media":5154,"comment_status":"open","ping_status":"open","sticky":false,"template":"","format":"standard","meta":{"sb_editor_width":"","footnotes":""},"categories":[58,67,65],"tags":[],"class_list":["post-5153","post","type-post","status-publish","format-standard","has-post-thumbnail","hentry","category-breizh","category-politique","category-principale"],"relative_dates":{"created":"5 mois ago","modified":"5 mois ago"},"yoast_head":"<!-- This site is optimized with the Yoast SEO plugin v26.3 - https:\/\/yoast.com\/wordpress\/plugins\/seo\/ -->\n<title>Pas de langue bretonne sans \u00c9tat breton : &quot;Les causes structurelles du d\u00e9clin de la langue bretonne&quot; (Partie 1) - STOURM<\/title>\n<meta name=\"robots\" content=\"index, follow, max-snippet:-1, max-image-preview:large, max-video-preview:-1\" \/>\n<link rel=\"canonical\" href=\"https:\/\/stourm.news\/?p=5153\" \/>\n<meta property=\"og:locale\" content=\"fr_FR\" \/>\n<meta property=\"og:type\" content=\"article\" \/>\n<meta property=\"og:title\" content=\"Pas de langue bretonne sans \u00c9tat breton : &quot;Les causes structurelles du d\u00e9clin de la langue bretonne&quot; (Partie 1) - STOURM\" \/>\n<meta property=\"og:description\" content=\"L\u2019\u00e9tude \u00ab La Langue bretonne et la R\u00e9volution \u00bb publi\u00e9e par Emsav Stadel Breizh analyse les causes du d\u00e9clin de la langue bretonne et les conditions n\u00e9cessaires \u00e0 sa sauvegarde. Elle d\u00e9montre que ce d\u00e9clin r\u00e9sulte principalement de la disparition de l\u2019\u00c9tat breton et des institutions politiques et sociales qui lui \u00e9taient propres. Ces institutions [&hellip;]\" \/>\n<meta property=\"og:url\" content=\"https:\/\/stourm.news\/?p=5153\" \/>\n<meta property=\"og:site_name\" content=\"STOURM\" \/>\n<meta property=\"article:publisher\" content=\"https:\/\/www.facebook.com\/stourmnews\/\" \/>\n<meta property=\"article:published_time\" content=\"2025-11-29T09:57:46+00:00\" \/>\n<meta property=\"og:image\" content=\"https:\/\/stourm.news\/wp-content\/uploads\/2025\/11\/MjAyMTA3MmJkZjQ5Y2UyYjU4OGMyYzI0ZjZiYWEzMjBiYWE2NzU.jpg\" \/>\n\t<meta property=\"og:image:width\" content=\"1260\" \/>\n\t<meta property=\"og:image:height\" content=\"708\" \/>\n\t<meta property=\"og:image:type\" content=\"image\/jpeg\" \/>\n<meta name=\"author\" content=\"La r\u00e9daction\" \/>\n<meta name=\"twitter:card\" content=\"summary_large_image\" \/>\n<meta name=\"twitter:label1\" content=\"\u00c9crit par\" \/>\n\t<meta name=\"twitter:data1\" content=\"La r\u00e9daction\" \/>\n\t<meta name=\"twitter:label2\" content=\"Dur\u00e9e de lecture estim\u00e9e\" \/>\n\t<meta name=\"twitter:data2\" content=\"6 minutes\" \/>\n<script type=\"application\/ld+json\" class=\"yoast-schema-graph\">{\"@context\":\"https:\/\/schema.org\",\"@graph\":[{\"@type\":\"Article\",\"@id\":\"https:\/\/stourm.news\/?p=5153#article\",\"isPartOf\":{\"@id\":\"https:\/\/stourm.news\/?p=5153\"},\"author\":{\"name\":\"La r\u00e9daction\",\"@id\":\"https:\/\/stourm.news\/#\/schema\/person\/c3e1dc65988632e190969234ef046cf9\"},\"headline\":\"Pas de langue bretonne sans \u00c9tat breton : \u00ab\u00a0Les causes structurelles du d\u00e9clin de la langue bretonne\u00a0\u00bb (Partie 1)\",\"datePublished\":\"2025-11-29T09:57:46+00:00\",\"mainEntityOfPage\":{\"@id\":\"https:\/\/stourm.news\/?p=5153\"},\"wordCount\":1071,\"commentCount\":0,\"publisher\":{\"@id\":\"https:\/\/stourm.news\/#organization\"},\"image\":{\"@id\":\"https:\/\/stourm.news\/?p=5153#primaryimage\"},\"thumbnailUrl\":\"https:\/\/stourm.news\/wp-content\/uploads\/2025\/11\/MjAyMTA3MmJkZjQ5Y2UyYjU4OGMyYzI0ZjZiYWEzMjBiYWE2NzU.jpg\",\"articleSection\":[\"Breizh\",\"Politique\",\"Principale\"],\"inLanguage\":\"fr-FR\",\"potentialAction\":[{\"@type\":\"CommentAction\",\"name\":\"Comment\",\"target\":[\"https:\/\/stourm.news\/?p=5153#respond\"]}]},{\"@type\":\"WebPage\",\"@id\":\"https:\/\/stourm.news\/?p=5153\",\"url\":\"https:\/\/stourm.news\/?p=5153\",\"name\":\"Pas de langue bretonne sans \u00c9tat breton : \\\"Les causes structurelles du d\u00e9clin de la langue bretonne\\\" (Partie 1) - STOURM\",\"isPartOf\":{\"@id\":\"https:\/\/stourm.news\/#website\"},\"primaryImageOfPage\":{\"@id\":\"https:\/\/stourm.news\/?p=5153#primaryimage\"},\"image\":{\"@id\":\"https:\/\/stourm.news\/?p=5153#primaryimage\"},\"thumbnailUrl\":\"https:\/\/stourm.news\/wp-content\/uploads\/2025\/11\/MjAyMTA3MmJkZjQ5Y2UyYjU4OGMyYzI0ZjZiYWEzMjBiYWE2NzU.jpg\",\"datePublished\":\"2025-11-29T09:57:46+00:00\",\"breadcrumb\":{\"@id\":\"https:\/\/stourm.news\/?p=5153#breadcrumb\"},\"inLanguage\":\"fr-FR\",\"potentialAction\":[{\"@type\":\"ReadAction\",\"target\":[\"https:\/\/stourm.news\/?p=5153\"]}]},{\"@type\":\"ImageObject\",\"inLanguage\":\"fr-FR\",\"@id\":\"https:\/\/stourm.news\/?p=5153#primaryimage\",\"url\":\"https:\/\/stourm.news\/wp-content\/uploads\/2025\/11\/MjAyMTA3MmJkZjQ5Y2UyYjU4OGMyYzI0ZjZiYWEzMjBiYWE2NzU.jpg\",\"contentUrl\":\"https:\/\/stourm.news\/wp-content\/uploads\/2025\/11\/MjAyMTA3MmJkZjQ5Y2UyYjU4OGMyYzI0ZjZiYWEzMjBiYWE2NzU.jpg\",\"width\":1260,\"height\":708},{\"@type\":\"BreadcrumbList\",\"@id\":\"https:\/\/stourm.news\/?p=5153#breadcrumb\",\"itemListElement\":[{\"@type\":\"ListItem\",\"position\":1,\"name\":\"Accueil\",\"item\":\"https:\/\/stourm.news\/\"},{\"@type\":\"ListItem\",\"position\":2,\"name\":\"Pas de langue bretonne sans \u00c9tat breton : \u00ab\u00a0Les causes structurelles du d\u00e9clin de la langue bretonne\u00a0\u00bb (Partie 1)\"}]},{\"@type\":\"WebSite\",\"@id\":\"https:\/\/stourm.news\/#website\",\"url\":\"https:\/\/stourm.news\/\",\"name\":\"Stourm\",\"description\":\"Kazetenn Strollad Broadel Breizh\",\"publisher\":{\"@id\":\"https:\/\/stourm.news\/#organization\"},\"potentialAction\":[{\"@type\":\"SearchAction\",\"target\":{\"@type\":\"EntryPoint\",\"urlTemplate\":\"https:\/\/stourm.news\/?s={search_term_string}\"},\"query-input\":{\"@type\":\"PropertyValueSpecification\",\"valueRequired\":true,\"valueName\":\"search_term_string\"}}],\"inLanguage\":\"fr-FR\"},{\"@type\":\"Organization\",\"@id\":\"https:\/\/stourm.news\/#organization\",\"name\":\"Stourm\",\"url\":\"https:\/\/stourm.news\/\",\"logo\":{\"@type\":\"ImageObject\",\"inLanguage\":\"fr-FR\",\"@id\":\"https:\/\/stourm.news\/#\/schema\/logo\/image\/\",\"url\":\"https:\/\/stourm.news\/wp-content\/uploads\/2025\/11\/cropped-Capture-decran-2025-11-28-a-15.19.07.png\",\"contentUrl\":\"https:\/\/stourm.news\/wp-content\/uploads\/2025\/11\/cropped-Capture-decran-2025-11-28-a-15.19.07.png\",\"width\":1855,\"height\":383,\"caption\":\"Stourm\"},\"image\":{\"@id\":\"https:\/\/stourm.news\/#\/schema\/logo\/image\/\"},\"sameAs\":[\"https:\/\/www.facebook.com\/stourmnews\/\"]},{\"@type\":\"Person\",\"@id\":\"https:\/\/stourm.news\/#\/schema\/person\/c3e1dc65988632e190969234ef046cf9\",\"name\":\"La r\u00e9daction\",\"image\":{\"@type\":\"ImageObject\",\"inLanguage\":\"fr-FR\",\"@id\":\"https:\/\/stourm.news\/#\/schema\/person\/image\/\",\"url\":\"https:\/\/secure.gravatar.com\/avatar\/7463443f194b6b5fb706b074ca0ef59a0cfcfd720cb47764b0ec5a952ce422b3?s=96&d=mm&r=g\",\"contentUrl\":\"https:\/\/secure.gravatar.com\/avatar\/7463443f194b6b5fb706b074ca0ef59a0cfcfd720cb47764b0ec5a952ce422b3?s=96&d=mm&r=g\",\"caption\":\"La r\u00e9daction\"},\"sameAs\":[\"https:\/\/stourm.news\"],\"url\":\"https:\/\/stourm.news\/?author=1\"}]}<\/script>\n<!-- \/ Yoast SEO plugin. -->","yoast_head_json":{"title":"Pas de langue bretonne sans \u00c9tat breton : \"Les causes structurelles du d\u00e9clin de la langue bretonne\" (Partie 1) - STOURM","robots":{"index":"index","follow":"follow","max-snippet":"max-snippet:-1","max-image-preview":"max-image-preview:large","max-video-preview":"max-video-preview:-1"},"canonical":"https:\/\/stourm.news\/?p=5153","og_locale":"fr_FR","og_type":"article","og_title":"Pas de langue bretonne sans \u00c9tat breton : \"Les causes structurelles du d\u00e9clin de la langue bretonne\" (Partie 1) - STOURM","og_description":"L\u2019\u00e9tude \u00ab La Langue bretonne et la R\u00e9volution \u00bb publi\u00e9e par Emsav Stadel Breizh analyse les causes du d\u00e9clin de la langue bretonne et les conditions n\u00e9cessaires \u00e0 sa sauvegarde. Elle d\u00e9montre que ce d\u00e9clin r\u00e9sulte principalement de la disparition de l\u2019\u00c9tat breton et des institutions politiques et sociales qui lui \u00e9taient propres. Ces institutions [&hellip;]","og_url":"https:\/\/stourm.news\/?p=5153","og_site_name":"STOURM","article_publisher":"https:\/\/www.facebook.com\/stourmnews\/","article_published_time":"2025-11-29T09:57:46+00:00","og_image":[{"width":1260,"height":708,"url":"https:\/\/stourm.news\/wp-content\/uploads\/2025\/11\/MjAyMTA3MmJkZjQ5Y2UyYjU4OGMyYzI0ZjZiYWEzMjBiYWE2NzU.jpg","type":"image\/jpeg"}],"author":"La r\u00e9daction","twitter_card":"summary_large_image","twitter_misc":{"\u00c9crit par":"La r\u00e9daction","Dur\u00e9e de lecture estim\u00e9e":"6 minutes"},"schema":{"@context":"https:\/\/schema.org","@graph":[{"@type":"Article","@id":"https:\/\/stourm.news\/?p=5153#article","isPartOf":{"@id":"https:\/\/stourm.news\/?p=5153"},"author":{"name":"La r\u00e9daction","@id":"https:\/\/stourm.news\/#\/schema\/person\/c3e1dc65988632e190969234ef046cf9"},"headline":"Pas de langue bretonne sans \u00c9tat breton : \u00ab\u00a0Les causes structurelles du d\u00e9clin de la langue bretonne\u00a0\u00bb (Partie 1)","datePublished":"2025-11-29T09:57:46+00:00","mainEntityOfPage":{"@id":"https:\/\/stourm.news\/?p=5153"},"wordCount":1071,"commentCount":0,"publisher":{"@id":"https:\/\/stourm.news\/#organization"},"image":{"@id":"https:\/\/stourm.news\/?p=5153#primaryimage"},"thumbnailUrl":"https:\/\/stourm.news\/wp-content\/uploads\/2025\/11\/MjAyMTA3MmJkZjQ5Y2UyYjU4OGMyYzI0ZjZiYWEzMjBiYWE2NzU.jpg","articleSection":["Breizh","Politique","Principale"],"inLanguage":"fr-FR","potentialAction":[{"@type":"CommentAction","name":"Comment","target":["https:\/\/stourm.news\/?p=5153#respond"]}]},{"@type":"WebPage","@id":"https:\/\/stourm.news\/?p=5153","url":"https:\/\/stourm.news\/?p=5153","name":"Pas de langue bretonne sans \u00c9tat breton : \"Les causes structurelles du d\u00e9clin de la langue bretonne\" (Partie 1) - STOURM","isPartOf":{"@id":"https:\/\/stourm.news\/#website"},"primaryImageOfPage":{"@id":"https:\/\/stourm.news\/?p=5153#primaryimage"},"image":{"@id":"https:\/\/stourm.news\/?p=5153#primaryimage"},"thumbnailUrl":"https:\/\/stourm.news\/wp-content\/uploads\/2025\/11\/MjAyMTA3MmJkZjQ5Y2UyYjU4OGMyYzI0ZjZiYWEzMjBiYWE2NzU.jpg","datePublished":"2025-11-29T09:57:46+00:00","breadcrumb":{"@id":"https:\/\/stourm.news\/?p=5153#breadcrumb"},"inLanguage":"fr-FR","potentialAction":[{"@type":"ReadAction","target":["https:\/\/stourm.news\/?p=5153"]}]},{"@type":"ImageObject","inLanguage":"fr-FR","@id":"https:\/\/stourm.news\/?p=5153#primaryimage","url":"https:\/\/stourm.news\/wp-content\/uploads\/2025\/11\/MjAyMTA3MmJkZjQ5Y2UyYjU4OGMyYzI0ZjZiYWEzMjBiYWE2NzU.jpg","contentUrl":"https:\/\/stourm.news\/wp-content\/uploads\/2025\/11\/MjAyMTA3MmJkZjQ5Y2UyYjU4OGMyYzI0ZjZiYWEzMjBiYWE2NzU.jpg","width":1260,"height":708},{"@type":"BreadcrumbList","@id":"https:\/\/stourm.news\/?p=5153#breadcrumb","itemListElement":[{"@type":"ListItem","position":1,"name":"Accueil","item":"https:\/\/stourm.news\/"},{"@type":"ListItem","position":2,"name":"Pas de langue bretonne sans \u00c9tat breton : \u00ab\u00a0Les causes structurelles du d\u00e9clin de la langue bretonne\u00a0\u00bb (Partie 1)"}]},{"@type":"WebSite","@id":"https:\/\/stourm.news\/#website","url":"https:\/\/stourm.news\/","name":"Stourm","description":"Kazetenn Strollad Broadel Breizh","publisher":{"@id":"https:\/\/stourm.news\/#organization"},"potentialAction":[{"@type":"SearchAction","target":{"@type":"EntryPoint","urlTemplate":"https:\/\/stourm.news\/?s={search_term_string}"},"query-input":{"@type":"PropertyValueSpecification","valueRequired":true,"valueName":"search_term_string"}}],"inLanguage":"fr-FR"},{"@type":"Organization","@id":"https:\/\/stourm.news\/#organization","name":"Stourm","url":"https:\/\/stourm.news\/","logo":{"@type":"ImageObject","inLanguage":"fr-FR","@id":"https:\/\/stourm.news\/#\/schema\/logo\/image\/","url":"https:\/\/stourm.news\/wp-content\/uploads\/2025\/11\/cropped-Capture-decran-2025-11-28-a-15.19.07.png","contentUrl":"https:\/\/stourm.news\/wp-content\/uploads\/2025\/11\/cropped-Capture-decran-2025-11-28-a-15.19.07.png","width":1855,"height":383,"caption":"Stourm"},"image":{"@id":"https:\/\/stourm.news\/#\/schema\/logo\/image\/"},"sameAs":["https:\/\/www.facebook.com\/stourmnews\/"]},{"@type":"Person","@id":"https:\/\/stourm.news\/#\/schema\/person\/c3e1dc65988632e190969234ef046cf9","name":"La r\u00e9daction","image":{"@type":"ImageObject","inLanguage":"fr-FR","@id":"https:\/\/stourm.news\/#\/schema\/person\/image\/","url":"https:\/\/secure.gravatar.com\/avatar\/7463443f194b6b5fb706b074ca0ef59a0cfcfd720cb47764b0ec5a952ce422b3?s=96&d=mm&r=g","contentUrl":"https:\/\/secure.gravatar.com\/avatar\/7463443f194b6b5fb706b074ca0ef59a0cfcfd720cb47764b0ec5a952ce422b3?s=96&d=mm&r=g","caption":"La r\u00e9daction"},"sameAs":["https:\/\/stourm.news"],"url":"https:\/\/stourm.news\/?author=1"}]}},"_links":{"self":[{"href":"https:\/\/stourm.news\/index.php?rest_route=\/wp\/v2\/posts\/5153","targetHints":{"allow":["GET"]}}],"collection":[{"href":"https:\/\/stourm.news\/index.php?rest_route=\/wp\/v2\/posts"}],"about":[{"href":"https:\/\/stourm.news\/index.php?rest_route=\/wp\/v2\/types\/post"}],"author":[{"embeddable":true,"href":"https:\/\/stourm.news\/index.php?rest_route=\/wp\/v2\/users\/1"}],"replies":[{"embeddable":true,"href":"https:\/\/stourm.news\/index.php?rest_route=%2Fwp%2Fv2%2Fcomments&post=5153"}],"version-history":[{"count":1,"href":"https:\/\/stourm.news\/index.php?rest_route=\/wp\/v2\/posts\/5153\/revisions"}],"predecessor-version":[{"id":5155,"href":"https:\/\/stourm.news\/index.php?rest_route=\/wp\/v2\/posts\/5153\/revisions\/5155"}],"wp:featuredmedia":[{"embeddable":true,"href":"https:\/\/stourm.news\/index.php?rest_route=\/wp\/v2\/media\/5154"}],"wp:attachment":[{"href":"https:\/\/stourm.news\/index.php?rest_route=%2Fwp%2Fv2%2Fmedia&parent=5153"}],"wp:term":[{"taxonomy":"category","embeddable":true,"href":"https:\/\/stourm.news\/index.php?rest_route=%2Fwp%2Fv2%2Fcategories&post=5153"},{"taxonomy":"post_tag","embeddable":true,"href":"https:\/\/stourm.news\/index.php?rest_route=%2Fwp%2Fv2%2Ftags&post=5153"}],"curies":[{"name":"wp","href":"https:\/\/api.w.org\/{rel}","templated":true}]}}