{"id":5162,"date":"2025-11-30T06:35:38","date_gmt":"2025-11-30T06:35:38","guid":{"rendered":"https:\/\/stourm.news\/?p=5162"},"modified":"2025-11-30T06:35:38","modified_gmt":"2025-11-30T06:35:38","slug":"felger-fougeres-la-ville-annonce-larret-de-la-prise-en-charge-des-migrants-clandestins-instrumentalises-par-lextreme-gauche","status":"publish","type":"post","link":"https:\/\/stourm.news\/?p=5162","title":{"rendered":"Felger (Foug\u00e8res) : la ville annonce l&rsquo;arr\u00eat de la prise en charge des migrants clandestins instrumentalis\u00e9s par l&rsquo;extr\u00eame-gauche"},"content":{"rendered":"<p style=\"text-align: justify;\">L&rsquo;affaire des migrants clandestins h\u00e9berg\u00e9s \u00e0 Felger (Foug\u00e8res), qui a conduit la mairie \u00e0 stopper sa prise en charge le 1er d\u00e9cembre, met en lumi\u00e8re un collectif de soutien domin\u00e9 par des acteurs de l&rsquo;extr\u00eame-gauche fran\u00e7aise. Accus\u00e9s par la mairie d&rsquo;instrumentaliser ces migrants en situation irr\u00e9guli\u00e8re pour des motifs d&rsquo;agitation politique, ces groupes ont un passif de mobilisations conflictuelles en Bretagne.<\/p>\n<p><strong>Des structures radicales bien connues<\/strong><\/p>\n<p style=\"text-align: justify;\">Parmi les signataires et organisateurs figurent des organisations de gauche radicale hexagonale. En t\u00eate, La France Insoumise (LFI) du pays de Foug\u00e8res. Accus\u00e9e par le maire Louis Feuvrier d&rsquo;\u00eatre au c\u0153ur de l&rsquo;instrumentalisation politique, LFI a particip\u00e9 aux occupations de la mairie et aux manifestations, refusant m\u00eame des \u00e9changes directs entre \u00e9lus et migrants pour s&rsquo;imposer comme uniques interm\u00e9diaires.<\/p>\n<p style=\"text-align: justify;\">\u00c9galement impliqu\u00e9s, le Parti Communiste Fran\u00e7ais (PCF), les anarchistes de l&rsquo;Union Communiste Libertaire et de la CNT Foug\u00e8res, \u00ab\u00a0Foug\u00e8res Soul\u00e8ve-toi\u00a0\u00bb, un groupuscule local connu pour drainer divers \u00e9l\u00e9ments anti-sociaux. D&rsquo;autres entit\u00e9s comme la Ligue des Droits de l&rsquo;Homme (LDH) du pays de Foug\u00e8res, le Secours Populaire (faux nez du PCF), Bienvenue Foug\u00e8res ou Le Pr\u00e9au 35 (association radicale rennaise) participent aux appels \u00e0 l&rsquo;immigration totale. Des \u00e9l\u00e9ments radicaux comme Andr\u00e9 Robinard se sont faits conna\u00eetre par leurs interventions publiques, contestant le non-statut de mineurs non accompagn\u00e9s (MNA) de ces clandestins et exigeant leur accueil illimit\u00e9 et inconditionnel.<\/p>\n<p style=\"text-align: justify;\"><strong>Un passif d&rsquo;instrumentalisation<\/strong><\/p>\n<p style=\"text-align: justify;\">Ce n&rsquo;est pas un cas isol\u00e9. En Bretagne, ces groupes ont un historique de mobilisations autour des migrants clandestins. \u00c0 Foug\u00e8res m\u00eame, d\u00e8s 2021, Bienvenue Foug\u00e8res (soutenu par LFI et LDH) interpellait la mairie pour exiger un accueil accru aux frais de la commune. Le maire Feuvrier \u00e9voquait d\u00e9j\u00e0 \u00e0 l&rsquo;\u00e9poque la logique conflictuelle et politis\u00e9e de cette agitation.<\/p>\n<p style=\"text-align: right;\"><strong>Ewen Broc&rsquo;han<\/strong><\/p>\n","protected":false},"excerpt":{"rendered":"<p>L&rsquo;affaire des migrants clandestins h\u00e9berg\u00e9s \u00e0 Felger (Foug\u00e8res), qui a conduit la mairie \u00e0 stopper sa prise en charge le 1er d\u00e9cembre, met en lumi\u00e8re un collectif de soutien domin\u00e9 par des acteurs de l&rsquo;extr\u00eame-gauche fran\u00e7aise. Accus\u00e9s par la mairie d&rsquo;instrumentaliser ces migrants en situation irr\u00e9guli\u00e8re pour des motifs d&rsquo;agitation politique, ces groupes ont un [&hellip;]<\/p>\n","protected":false},"author":1,"featured_media":5163,"comment_status":"open","ping_status":"open","sticky":false,"template":"","format":"standard","meta":{"sb_editor_width":"","footnotes":""},"categories":[36,41,33,65,62],"tags":[],"class_list":["post-5162","post","type-post","status-publish","format-standard","has-post-thumbnail","hentry","category-extreme-gauche","category-ille-et-vilaine","category-immigration","category-principale","category-revue-de-presse"],"relative_dates":{"created":"5 mois ago","modified":"5 mois ago"},"yoast_head":"<!-- This site is optimized with the Yoast SEO plugin v26.3 - https:\/\/yoast.com\/wordpress\/plugins\/seo\/ -->\n<title>Felger (Foug\u00e8res) : la ville annonce l&#039;arr\u00eat de la prise en charge des migrants clandestins instrumentalis\u00e9s par l&#039;extr\u00eame-gauche - STOURM<\/title>\n<meta name=\"robots\" content=\"index, follow, max-snippet:-1, max-image-preview:large, max-video-preview:-1\" \/>\n<link rel=\"canonical\" href=\"https:\/\/stourm.news\/?p=5162\" \/>\n<meta property=\"og:locale\" content=\"fr_FR\" \/>\n<meta property=\"og:type\" content=\"article\" \/>\n<meta property=\"og:title\" content=\"Felger (Foug\u00e8res) : la ville annonce l&#039;arr\u00eat de la prise en charge des migrants clandestins instrumentalis\u00e9s par l&#039;extr\u00eame-gauche - STOURM\" \/>\n<meta property=\"og:description\" content=\"L&rsquo;affaire des migrants clandestins h\u00e9berg\u00e9s \u00e0 Felger (Foug\u00e8res), qui a conduit la mairie \u00e0 stopper sa prise en charge le 1er d\u00e9cembre, met en lumi\u00e8re un collectif de soutien domin\u00e9 par des acteurs de l&rsquo;extr\u00eame-gauche fran\u00e7aise. Accus\u00e9s par la mairie d&rsquo;instrumentaliser ces migrants en situation irr\u00e9guli\u00e8re pour des motifs d&rsquo;agitation politique, ces groupes ont un [&hellip;]\" \/>\n<meta property=\"og:url\" content=\"https:\/\/stourm.news\/?p=5162\" \/>\n<meta property=\"og:site_name\" content=\"STOURM\" \/>\n<meta property=\"article:publisher\" content=\"https:\/\/www.facebook.com\/stourmnews\/\" \/>\n<meta property=\"article:published_time\" content=\"2025-11-30T06:35:38+00:00\" \/>\n<meta name=\"author\" content=\"La r\u00e9daction\" \/>\n<meta name=\"twitter:card\" content=\"summary_large_image\" \/>\n<meta name=\"twitter:label1\" content=\"\u00c9crit par\" \/>\n\t<meta name=\"twitter:data1\" content=\"La r\u00e9daction\" \/>\n\t<meta name=\"twitter:label2\" content=\"Dur\u00e9e de lecture estim\u00e9e\" \/>\n\t<meta name=\"twitter:data2\" content=\"2 minutes\" \/>\n<script type=\"application\/ld+json\" class=\"yoast-schema-graph\">{\"@context\":\"https:\/\/schema.org\",\"@graph\":[{\"@type\":\"Article\",\"@id\":\"https:\/\/stourm.news\/?p=5162#article\",\"isPartOf\":{\"@id\":\"https:\/\/stourm.news\/?p=5162\"},\"author\":{\"name\":\"La r\u00e9daction\",\"@id\":\"https:\/\/stourm.news\/#\/schema\/person\/c3e1dc65988632e190969234ef046cf9\"},\"headline\":\"Felger (Foug\u00e8res) : la ville annonce l&rsquo;arr\u00eat de la prise en charge des migrants clandestins instrumentalis\u00e9s par l&rsquo;extr\u00eame-gauche\",\"datePublished\":\"2025-11-30T06:35:38+00:00\",\"mainEntityOfPage\":{\"@id\":\"https:\/\/stourm.news\/?p=5162\"},\"wordCount\":352,\"commentCount\":0,\"publisher\":{\"@id\":\"https:\/\/stourm.news\/#organization\"},\"image\":{\"@id\":\"https:\/\/stourm.news\/?p=5162#primaryimage\"},\"thumbnailUrl\":\"https:\/\/stourm.news\/wp-content\/uploads\/2025\/11\/1280.jpeg\",\"articleSection\":[\"Extr\u00eame-gauche\",\"Ille-et-Vilaine\",\"Immigration\",\"Principale\",\"Revue de presse\"],\"inLanguage\":\"fr-FR\",\"potentialAction\":[{\"@type\":\"CommentAction\",\"name\":\"Comment\",\"target\":[\"https:\/\/stourm.news\/?p=5162#respond\"]}]},{\"@type\":\"WebPage\",\"@id\":\"https:\/\/stourm.news\/?p=5162\",\"url\":\"https:\/\/stourm.news\/?p=5162\",\"name\":\"Felger (Foug\u00e8res) : la ville annonce l'arr\u00eat de la prise en charge des migrants clandestins instrumentalis\u00e9s par l'extr\u00eame-gauche - STOURM\",\"isPartOf\":{\"@id\":\"https:\/\/stourm.news\/#website\"},\"primaryImageOfPage\":{\"@id\":\"https:\/\/stourm.news\/?p=5162#primaryimage\"},\"image\":{\"@id\":\"https:\/\/stourm.news\/?p=5162#primaryimage\"},\"thumbnailUrl\":\"https:\/\/stourm.news\/wp-content\/uploads\/2025\/11\/1280.jpeg\",\"datePublished\":\"2025-11-30T06:35:38+00:00\",\"breadcrumb\":{\"@id\":\"https:\/\/stourm.news\/?p=5162#breadcrumb\"},\"inLanguage\":\"fr-FR\",\"potentialAction\":[{\"@type\":\"ReadAction\",\"target\":[\"https:\/\/stourm.news\/?p=5162\"]}]},{\"@type\":\"ImageObject\",\"inLanguage\":\"fr-FR\",\"@id\":\"https:\/\/stourm.news\/?p=5162#primaryimage\",\"url\":\"https:\/\/stourm.news\/wp-content\/uploads\/2025\/11\/1280.jpeg\",\"contentUrl\":\"https:\/\/stourm.news\/wp-content\/uploads\/2025\/11\/1280.jpeg\",\"width\":1280,\"height\":720},{\"@type\":\"BreadcrumbList\",\"@id\":\"https:\/\/stourm.news\/?p=5162#breadcrumb\",\"itemListElement\":[{\"@type\":\"ListItem\",\"position\":1,\"name\":\"Accueil\",\"item\":\"https:\/\/stourm.news\/\"},{\"@type\":\"ListItem\",\"position\":2,\"name\":\"Felger (Foug\u00e8res) : la ville annonce l&rsquo;arr\u00eat de la prise en charge des migrants clandestins instrumentalis\u00e9s par l&rsquo;extr\u00eame-gauche\"}]},{\"@type\":\"WebSite\",\"@id\":\"https:\/\/stourm.news\/#website\",\"url\":\"https:\/\/stourm.news\/\",\"name\":\"Stourm\",\"description\":\"Kazetenn Strollad Broadel Breizh\",\"publisher\":{\"@id\":\"https:\/\/stourm.news\/#organization\"},\"potentialAction\":[{\"@type\":\"SearchAction\",\"target\":{\"@type\":\"EntryPoint\",\"urlTemplate\":\"https:\/\/stourm.news\/?s={search_term_string}\"},\"query-input\":{\"@type\":\"PropertyValueSpecification\",\"valueRequired\":true,\"valueName\":\"search_term_string\"}}],\"inLanguage\":\"fr-FR\"},{\"@type\":\"Organization\",\"@id\":\"https:\/\/stourm.news\/#organization\",\"name\":\"Stourm\",\"url\":\"https:\/\/stourm.news\/\",\"logo\":{\"@type\":\"ImageObject\",\"inLanguage\":\"fr-FR\",\"@id\":\"https:\/\/stourm.news\/#\/schema\/logo\/image\/\",\"url\":\"https:\/\/stourm.news\/wp-content\/uploads\/2025\/11\/cropped-Capture-decran-2025-11-28-a-15.19.07.png\",\"contentUrl\":\"https:\/\/stourm.news\/wp-content\/uploads\/2025\/11\/cropped-Capture-decran-2025-11-28-a-15.19.07.png\",\"width\":1855,\"height\":383,\"caption\":\"Stourm\"},\"image\":{\"@id\":\"https:\/\/stourm.news\/#\/schema\/logo\/image\/\"},\"sameAs\":[\"https:\/\/www.facebook.com\/stourmnews\/\"]},{\"@type\":\"Person\",\"@id\":\"https:\/\/stourm.news\/#\/schema\/person\/c3e1dc65988632e190969234ef046cf9\",\"name\":\"La r\u00e9daction\",\"image\":{\"@type\":\"ImageObject\",\"inLanguage\":\"fr-FR\",\"@id\":\"https:\/\/stourm.news\/#\/schema\/person\/image\/\",\"url\":\"https:\/\/secure.gravatar.com\/avatar\/7463443f194b6b5fb706b074ca0ef59a0cfcfd720cb47764b0ec5a952ce422b3?s=96&d=mm&r=g\",\"contentUrl\":\"https:\/\/secure.gravatar.com\/avatar\/7463443f194b6b5fb706b074ca0ef59a0cfcfd720cb47764b0ec5a952ce422b3?s=96&d=mm&r=g\",\"caption\":\"La r\u00e9daction\"},\"sameAs\":[\"https:\/\/stourm.news\"],\"url\":\"https:\/\/stourm.news\/?author=1\"}]}<\/script>\n<!-- \/ Yoast SEO plugin. -->","yoast_head_json":{"title":"Felger (Foug\u00e8res) : la ville annonce l'arr\u00eat de la prise en charge des migrants clandestins instrumentalis\u00e9s par l'extr\u00eame-gauche - STOURM","robots":{"index":"index","follow":"follow","max-snippet":"max-snippet:-1","max-image-preview":"max-image-preview:large","max-video-preview":"max-video-preview:-1"},"canonical":"https:\/\/stourm.news\/?p=5162","og_locale":"fr_FR","og_type":"article","og_title":"Felger (Foug\u00e8res) : la ville annonce l'arr\u00eat de la prise en charge des migrants clandestins instrumentalis\u00e9s par l'extr\u00eame-gauche - STOURM","og_description":"L&rsquo;affaire des migrants clandestins h\u00e9berg\u00e9s \u00e0 Felger (Foug\u00e8res), qui a conduit la mairie \u00e0 stopper sa prise en charge le 1er d\u00e9cembre, met en lumi\u00e8re un collectif de soutien domin\u00e9 par des acteurs de l&rsquo;extr\u00eame-gauche fran\u00e7aise. Accus\u00e9s par la mairie d&rsquo;instrumentaliser ces migrants en situation irr\u00e9guli\u00e8re pour des motifs d&rsquo;agitation politique, ces groupes ont un [&hellip;]","og_url":"https:\/\/stourm.news\/?p=5162","og_site_name":"STOURM","article_publisher":"https:\/\/www.facebook.com\/stourmnews\/","article_published_time":"2025-11-30T06:35:38+00:00","author":"La r\u00e9daction","twitter_card":"summary_large_image","twitter_misc":{"\u00c9crit par":"La r\u00e9daction","Dur\u00e9e de lecture estim\u00e9e":"2 minutes"},"schema":{"@context":"https:\/\/schema.org","@graph":[{"@type":"Article","@id":"https:\/\/stourm.news\/?p=5162#article","isPartOf":{"@id":"https:\/\/stourm.news\/?p=5162"},"author":{"name":"La r\u00e9daction","@id":"https:\/\/stourm.news\/#\/schema\/person\/c3e1dc65988632e190969234ef046cf9"},"headline":"Felger (Foug\u00e8res) : la ville annonce l&rsquo;arr\u00eat de la prise en charge des migrants clandestins instrumentalis\u00e9s par l&rsquo;extr\u00eame-gauche","datePublished":"2025-11-30T06:35:38+00:00","mainEntityOfPage":{"@id":"https:\/\/stourm.news\/?p=5162"},"wordCount":352,"commentCount":0,"publisher":{"@id":"https:\/\/stourm.news\/#organization"},"image":{"@id":"https:\/\/stourm.news\/?p=5162#primaryimage"},"thumbnailUrl":"https:\/\/stourm.news\/wp-content\/uploads\/2025\/11\/1280.jpeg","articleSection":["Extr\u00eame-gauche","Ille-et-Vilaine","Immigration","Principale","Revue de presse"],"inLanguage":"fr-FR","potentialAction":[{"@type":"CommentAction","name":"Comment","target":["https:\/\/stourm.news\/?p=5162#respond"]}]},{"@type":"WebPage","@id":"https:\/\/stourm.news\/?p=5162","url":"https:\/\/stourm.news\/?p=5162","name":"Felger (Foug\u00e8res) : la ville annonce l'arr\u00eat de la prise en charge des migrants clandestins instrumentalis\u00e9s par l'extr\u00eame-gauche - STOURM","isPartOf":{"@id":"https:\/\/stourm.news\/#website"},"primaryImageOfPage":{"@id":"https:\/\/stourm.news\/?p=5162#primaryimage"},"image":{"@id":"https:\/\/stourm.news\/?p=5162#primaryimage"},"thumbnailUrl":"https:\/\/stourm.news\/wp-content\/uploads\/2025\/11\/1280.jpeg","datePublished":"2025-11-30T06:35:38+00:00","breadcrumb":{"@id":"https:\/\/stourm.news\/?p=5162#breadcrumb"},"inLanguage":"fr-FR","potentialAction":[{"@type":"ReadAction","target":["https:\/\/stourm.news\/?p=5162"]}]},{"@type":"ImageObject","inLanguage":"fr-FR","@id":"https:\/\/stourm.news\/?p=5162#primaryimage","url":"https:\/\/stourm.news\/wp-content\/uploads\/2025\/11\/1280.jpeg","contentUrl":"https:\/\/stourm.news\/wp-content\/uploads\/2025\/11\/1280.jpeg","width":1280,"height":720},{"@type":"BreadcrumbList","@id":"https:\/\/stourm.news\/?p=5162#breadcrumb","itemListElement":[{"@type":"ListItem","position":1,"name":"Accueil","item":"https:\/\/stourm.news\/"},{"@type":"ListItem","position":2,"name":"Felger (Foug\u00e8res) : la ville annonce l&rsquo;arr\u00eat de la prise en charge des migrants clandestins instrumentalis\u00e9s par l&rsquo;extr\u00eame-gauche"}]},{"@type":"WebSite","@id":"https:\/\/stourm.news\/#website","url":"https:\/\/stourm.news\/","name":"Stourm","description":"Kazetenn Strollad Broadel Breizh","publisher":{"@id":"https:\/\/stourm.news\/#organization"},"potentialAction":[{"@type":"SearchAction","target":{"@type":"EntryPoint","urlTemplate":"https:\/\/stourm.news\/?s={search_term_string}"},"query-input":{"@type":"PropertyValueSpecification","valueRequired":true,"valueName":"search_term_string"}}],"inLanguage":"fr-FR"},{"@type":"Organization","@id":"https:\/\/stourm.news\/#organization","name":"Stourm","url":"https:\/\/stourm.news\/","logo":{"@type":"ImageObject","inLanguage":"fr-FR","@id":"https:\/\/stourm.news\/#\/schema\/logo\/image\/","url":"https:\/\/stourm.news\/wp-content\/uploads\/2025\/11\/cropped-Capture-decran-2025-11-28-a-15.19.07.png","contentUrl":"https:\/\/stourm.news\/wp-content\/uploads\/2025\/11\/cropped-Capture-decran-2025-11-28-a-15.19.07.png","width":1855,"height":383,"caption":"Stourm"},"image":{"@id":"https:\/\/stourm.news\/#\/schema\/logo\/image\/"},"sameAs":["https:\/\/www.facebook.com\/stourmnews\/"]},{"@type":"Person","@id":"https:\/\/stourm.news\/#\/schema\/person\/c3e1dc65988632e190969234ef046cf9","name":"La r\u00e9daction","image":{"@type":"ImageObject","inLanguage":"fr-FR","@id":"https:\/\/stourm.news\/#\/schema\/person\/image\/","url":"https:\/\/secure.gravatar.com\/avatar\/7463443f194b6b5fb706b074ca0ef59a0cfcfd720cb47764b0ec5a952ce422b3?s=96&d=mm&r=g","contentUrl":"https:\/\/secure.gravatar.com\/avatar\/7463443f194b6b5fb706b074ca0ef59a0cfcfd720cb47764b0ec5a952ce422b3?s=96&d=mm&r=g","caption":"La r\u00e9daction"},"sameAs":["https:\/\/stourm.news"],"url":"https:\/\/stourm.news\/?author=1"}]}},"_links":{"self":[{"href":"https:\/\/stourm.news\/index.php?rest_route=\/wp\/v2\/posts\/5162","targetHints":{"allow":["GET"]}}],"collection":[{"href":"https:\/\/stourm.news\/index.php?rest_route=\/wp\/v2\/posts"}],"about":[{"href":"https:\/\/stourm.news\/index.php?rest_route=\/wp\/v2\/types\/post"}],"author":[{"embeddable":true,"href":"https:\/\/stourm.news\/index.php?rest_route=\/wp\/v2\/users\/1"}],"replies":[{"embeddable":true,"href":"https:\/\/stourm.news\/index.php?rest_route=%2Fwp%2Fv2%2Fcomments&post=5162"}],"version-history":[{"count":1,"href":"https:\/\/stourm.news\/index.php?rest_route=\/wp\/v2\/posts\/5162\/revisions"}],"predecessor-version":[{"id":5164,"href":"https:\/\/stourm.news\/index.php?rest_route=\/wp\/v2\/posts\/5162\/revisions\/5164"}],"wp:featuredmedia":[{"embeddable":true,"href":"https:\/\/stourm.news\/index.php?rest_route=\/wp\/v2\/media\/5163"}],"wp:attachment":[{"href":"https:\/\/stourm.news\/index.php?rest_route=%2Fwp%2Fv2%2Fmedia&parent=5162"}],"wp:term":[{"taxonomy":"category","embeddable":true,"href":"https:\/\/stourm.news\/index.php?rest_route=%2Fwp%2Fv2%2Fcategories&post=5162"},{"taxonomy":"post_tag","embeddable":true,"href":"https:\/\/stourm.news\/index.php?rest_route=%2Fwp%2Fv2%2Ftags&post=5162"}],"curies":[{"name":"wp","href":"https:\/\/api.w.org\/{rel}","templated":true}]}}