{"id":5165,"date":"2025-11-30T07:17:36","date_gmt":"2025-11-30T07:17:36","guid":{"rendered":"https:\/\/stourm.news\/?p=5165"},"modified":"2025-11-30T07:17:36","modified_gmt":"2025-11-30T07:17:36","slug":"pas-de-langue-bretonne-sans-etat-breton-les-efforts-de-defense-de-la-langue-bretonne-et-leurs-limites-partie-2","status":"publish","type":"post","link":"https:\/\/stourm.news\/?p=5165","title":{"rendered":"Pas de langue bretonne sans \u00c9tat breton : \u00ab\u00a0Les efforts de d\u00e9fense de la langue bretonne et leurs limites\u00a0\u00bb (Partie 2)"},"content":{"rendered":"<p style=\"text-align: justify;\"><span style=\"font-family: arial, helvetica, sans-serif; font-size: 14pt;\"><strong>Premi\u00e8re partie : <a href=\"https:\/\/stourm.news\/?p=5153\">Pas de langue bretonne sans \u00c9tat breton : \u00ab Les causes structurelles du d\u00e9clin de la langue bretonne \u00bb<\/a><\/strong><\/span><\/p>\n<p style=\"text-align: justify;\"><span style=\"font-family: arial, helvetica, sans-serif; font-size: 14pt;\">L\u2019\u00e9tude \u00ab\u00a0<strong><a href=\"https:\/\/www.preder.net\/r\/bibli\/emsav\/esb7.pdf\">La Langue bretonne et la R\u00e9volution<\/a><\/strong> \u00bb publi\u00e9e par Emsav Stadel Breizh analyse les causes du d\u00e9clin de la langue bretonne et les conditions n\u00e9cessaires \u00e0 sa sauvegarde. Elle d\u00e9montre que ce d\u00e9clin r\u00e9sulte principalement de la disparition de l\u2019\u00c9tat breton et des institutions politiques et sociales qui lui \u00e9taient propres. Ces institutions \u2013 parlement, \u00c9tats de Bretagne, administration et justice propres \u00e0 la Bretagne \u2013 permettaient \u00e0 la langue bretonne de fonctionner comme moyen de communication et d\u2019organisation dans tous les domaines de la vie sociale, depuis les affaires publiques jusqu\u2019aux relations entre les diff\u00e9rentes classes de la soci\u00e9t\u00e9.<\/span><\/p>\n<p style=\"text-align: justify;\"><span style=\"font-family: arial, helvetica, sans-serif; font-size: 14pt;\"><strong>Les initiatives de nature litt\u00e9raire, linguistique et institutionnelle<\/strong><\/span><\/p>\n<p style=\"text-align: justify;\"><span style=\"font-family: arial, helvetica, sans-serif; font-size: 14pt;\">Les d\u00e9fenseurs de la langue bretonne ont entrepris de multiples initiatives visant \u00e0 enrayer son d\u00e9clin et \u00e0 lui permettre de retrouver une place vivante dans la soci\u00e9t\u00e9. Ces efforts peuvent \u00eatre regroup\u00e9s en plusieurs cat\u00e9gories principales. Jean-Fran\u00e7ois Le Gonidec a entrepris d\u2019organiser la langue en rationalisant sa grammaire et en enrichissant son vocabulaire, avec pour objectif de la rendre plus accessible et plus apte \u00e0 servir dans des domaines vari\u00e9s. Roparz Hemon, \u00e0 travers la revue Gwalarn, a poursuivi cette entreprise en d\u00e9veloppant une litt\u00e9rature bretonne moderne qui s\u2019inspirait de mod\u00e8les vari\u00e9s, cherchant \u00e0 enrichir et \u00e0 renouveler l\u2019expression litt\u00e9raire dans cette langue.<\/span><\/p>\n<p style=\"text-align: justify;\"><span style=\"font-family: arial, helvetica, sans-serif; font-size: 14pt;\">D\u2019autres initiatives ont vis\u00e9 \u00e0 unifier la langue en surmontant les divisions dialectales et \u00e0 constituer des instruments de r\u00e9f\u00e9rence tels que des dictionnaires et des grammaires normalis\u00e9es. Ces travaux ont permis de poser les bases d\u2019un breton moderne et d\u2019une litt\u00e9rature qui d\u00e9passe le cadre des traditions orales et religieuses.<\/span><\/p>\n<p style=\"text-align: justify;\"><span style=\"font-family: arial, helvetica, sans-serif; font-size: 14pt;\">Parall\u00e8lement aux efforts litt\u00e9raires, de nombreuses actions ont \u00e9t\u00e9 men\u00e9es pour obtenir la reconnaissance officielle de la langue bretonne et son introduction dans les institutions publiques. Des p\u00e9titions ont demand\u00e9 que le breton soit enseign\u00e9 dans les \u00e9coles et qu\u2019il soit admis comme langue d\u2019usage dans les services administratifs. Des associations et des mouvements ont cherch\u00e9 \u00e0 obtenir un statut officiel pour la langue bretonne, consid\u00e9rant que sa reconnaissance institutionnelle serait un moyen efficace de garantir sa survie.<\/span><\/p>\n<p style=\"text-align: justify;\"><span style=\"font-family: arial, helvetica, sans-serif; font-size: 14pt;\"><strong>Les limites de ces entreprises<\/strong><\/span><\/p>\n<p style=\"text-align: justify;\"><span style=\"font-family: arial, helvetica, sans-serif; font-size: 14pt;\">Cependant, ces efforts, qu\u2019ils soient de nature litt\u00e9raire ou institutionnelle, se heurtent \u00e0 des limites fondamentales lorsque leurs r\u00e9sultats sont \u00e9valu\u00e9s dans le cadre des conditions sociales existantes. Les travaux grammaticaux et litt\u00e9raires, bien qu\u2019ils aient permis de cr\u00e9er un breton moderne et de constituer une litt\u00e9rature, n\u2019ont pas r\u00e9ussi \u00e0 faire de cette langue un moyen de communication effectif dans l\u2019ensemble des domaines de la vie sociale.<\/span><\/p>\n<p style=\"text-align: justify;\"><span style=\"font-family: arial, helvetica, sans-serif; font-size: 14pt;\">De m\u00eame, les revendications visant \u00e0 introduire l\u2019enseignement du breton dans les \u00e9coles ou \u00e0 obtenir sa reconnaissance dans les institutions publiques n\u2019ont obtenu que des r\u00e9sultats limit\u00e9s et fragmentaires. L\u2019introduction partielle du breton dans certains \u00e9tablissements scolaires ou son admission occasionnelle dans les affaires administratives n\u2019a pas permis d\u2019inverser le processus de recul linguistique. La raison principale de cette inefficacit\u00e9 r\u00e9side dans le fait que l\u2019ensemble de ces initiatives demeure strictement contenu dans le cadre institutionnel de l\u2019\u00c9tat fran\u00e7ais. Les d\u00e9fenseurs de la langue bretonne demandent \u00e0 cet \u00c9tat, qui est pr\u00e9cis\u00e9ment \u00e0 l\u2019origine de la suppression des structures qui permettaient \u00e0 la langue de fonctionner, de prendre des mesures destin\u00e9es \u00e0 assurer sa pr\u00e9servation. Cette d\u00e9marche pr\u00e9sente une contradiction fondamentale : il s\u2019agit de solliciter de la cause m\u00eame du d\u00e9clin de la langue les moyens de rem\u00e9dier \u00e0 ses effets.<\/span><\/p>\n<p style=\"text-align: justify;\"><span style=\"font-family: arial, helvetica, sans-serif; font-size: 14pt;\">Les mesures obtenues dans ce cadre \u2013 enseignement limit\u00e9, reconnaissance partielle \u2013 ne peuvent modifier les conditions structurelles qui ont entra\u00een\u00e9 la disparition progressive de la langue bretonne comme moyen d\u2019organisation sociale. Introduire le breton dans des institutions qui fonctionnent selon des principes et dans un cadre qui excluent par nature l\u2019existence de structures propres \u00e0 la communaut\u00e9 nationale bretonne ne permet pas de reconstituer les conditions dans lesquelles cette langue peut exercer toutes les fonctions qui lui sont n\u00e9cessaires.<\/span><\/p>\n<p style=\"text-align: justify;\"><span style=\"font-family: arial, helvetica, sans-serif; font-size: 14pt;\">En cons\u00e9quence, les efforts de d\u00e9fense de la langue bretonne, bien qu\u2019ils aient permis de maintenir une certaine activit\u00e9 linguistique et de cr\u00e9er les instruments d\u2019un breton moderne, restent incapables de modifier le processus de d\u00e9clin qui r\u00e9sulte de l\u2019absence d\u2019institutions \u00e9tatiques propres \u00e0 la communaut\u00e9 nationale bretonne. Tant que ces efforts demeurent limit\u00e9s au cadre institutionnel fran\u00e7ais existant, ils ne peuvent avoir qu\u2019un effet tactique, partiel et temporaire, sans permettre \u00e0 la langue bretonne de retrouver la fonction de moyen de communication et d\u2019organisation qui lui avait \u00e9t\u00e9 historiquement conf\u00e9r\u00e9e par l\u2019existence d\u2019un \u00c9tat breton.<\/span><\/p>\n<p style=\"text-align: justify;\"><span style=\"font-family: arial, helvetica, sans-serif; font-size: 14pt;\"><strong>Prochaine partie : Les conditions n\u00e9cessaires \u00e0 la sauvegarde de la langue bretonne<\/strong><\/span><\/p>\n","protected":false},"excerpt":{"rendered":"<p>Premi\u00e8re partie : Pas de langue bretonne sans \u00c9tat breton : \u00ab Les causes structurelles du d\u00e9clin de la langue bretonne \u00bb L\u2019\u00e9tude \u00ab\u00a0La Langue bretonne et la R\u00e9volution \u00bb publi\u00e9e par Emsav Stadel Breizh analyse les causes du d\u00e9clin de la langue bretonne et les conditions n\u00e9cessaires \u00e0 sa sauvegarde. Elle d\u00e9montre que ce [&hellip;]<\/p>\n","protected":false},"author":1,"featured_media":5166,"comment_status":"open","ping_status":"open","sticky":false,"template":"","format":"standard","meta":{"sb_editor_width":"","footnotes":""},"categories":[58,65],"tags":[],"class_list":["post-5165","post","type-post","status-publish","format-standard","has-post-thumbnail","hentry","category-breizh","category-principale"],"relative_dates":{"created":"5 mois ago","modified":"5 mois ago"},"yoast_head":"<!-- This site is optimized with the Yoast SEO plugin v26.3 - https:\/\/yoast.com\/wordpress\/plugins\/seo\/ -->\n<title>Pas de langue bretonne sans \u00c9tat breton : &quot;Les efforts de d\u00e9fense de la langue bretonne et leurs limites&quot; (Partie 2) - STOURM<\/title>\n<meta name=\"robots\" content=\"index, follow, max-snippet:-1, max-image-preview:large, max-video-preview:-1\" \/>\n<link rel=\"canonical\" href=\"https:\/\/stourm.news\/?p=5165\" \/>\n<meta property=\"og:locale\" content=\"fr_FR\" \/>\n<meta property=\"og:type\" content=\"article\" \/>\n<meta property=\"og:title\" content=\"Pas de langue bretonne sans \u00c9tat breton : &quot;Les efforts de d\u00e9fense de la langue bretonne et leurs limites&quot; (Partie 2) - STOURM\" \/>\n<meta property=\"og:description\" content=\"Premi\u00e8re partie : Pas de langue bretonne sans \u00c9tat breton : \u00ab Les causes structurelles du d\u00e9clin de la langue bretonne \u00bb L\u2019\u00e9tude \u00ab\u00a0La Langue bretonne et la R\u00e9volution \u00bb publi\u00e9e par Emsav Stadel Breizh analyse les causes du d\u00e9clin de la langue bretonne et les conditions n\u00e9cessaires \u00e0 sa sauvegarde. Elle d\u00e9montre que ce [&hellip;]\" \/>\n<meta property=\"og:url\" content=\"https:\/\/stourm.news\/?p=5165\" \/>\n<meta property=\"og:site_name\" content=\"STOURM\" \/>\n<meta property=\"article:publisher\" content=\"https:\/\/www.facebook.com\/stourmnews\/\" \/>\n<meta property=\"article:published_time\" content=\"2025-11-30T07:17:36+00:00\" \/>\n<meta name=\"author\" content=\"La r\u00e9daction\" \/>\n<meta name=\"twitter:card\" content=\"summary_large_image\" \/>\n<meta name=\"twitter:label1\" content=\"\u00c9crit par\" \/>\n\t<meta name=\"twitter:data1\" content=\"La r\u00e9daction\" \/>\n\t<meta name=\"twitter:label2\" content=\"Dur\u00e9e de lecture estim\u00e9e\" \/>\n\t<meta name=\"twitter:data2\" content=\"4 minutes\" \/>\n<script type=\"application\/ld+json\" class=\"yoast-schema-graph\">{\"@context\":\"https:\/\/schema.org\",\"@graph\":[{\"@type\":\"Article\",\"@id\":\"https:\/\/stourm.news\/?p=5165#article\",\"isPartOf\":{\"@id\":\"https:\/\/stourm.news\/?p=5165\"},\"author\":{\"name\":\"La r\u00e9daction\",\"@id\":\"https:\/\/stourm.news\/#\/schema\/person\/c3e1dc65988632e190969234ef046cf9\"},\"headline\":\"Pas de langue bretonne sans \u00c9tat breton : \u00ab\u00a0Les efforts de d\u00e9fense de la langue bretonne et leurs limites\u00a0\u00bb (Partie 2)\",\"datePublished\":\"2025-11-30T07:17:36+00:00\",\"mainEntityOfPage\":{\"@id\":\"https:\/\/stourm.news\/?p=5165\"},\"wordCount\":856,\"commentCount\":0,\"publisher\":{\"@id\":\"https:\/\/stourm.news\/#organization\"},\"image\":{\"@id\":\"https:\/\/stourm.news\/?p=5165#primaryimage\"},\"thumbnailUrl\":\"https:\/\/stourm.news\/wp-content\/uploads\/2025\/11\/1200x680-5.jpg\",\"articleSection\":[\"Breizh\",\"Principale\"],\"inLanguage\":\"fr-FR\",\"potentialAction\":[{\"@type\":\"CommentAction\",\"name\":\"Comment\",\"target\":[\"https:\/\/stourm.news\/?p=5165#respond\"]}]},{\"@type\":\"WebPage\",\"@id\":\"https:\/\/stourm.news\/?p=5165\",\"url\":\"https:\/\/stourm.news\/?p=5165\",\"name\":\"Pas de langue bretonne sans \u00c9tat breton : \\\"Les efforts de d\u00e9fense de la langue bretonne et leurs limites\\\" (Partie 2) - STOURM\",\"isPartOf\":{\"@id\":\"https:\/\/stourm.news\/#website\"},\"primaryImageOfPage\":{\"@id\":\"https:\/\/stourm.news\/?p=5165#primaryimage\"},\"image\":{\"@id\":\"https:\/\/stourm.news\/?p=5165#primaryimage\"},\"thumbnailUrl\":\"https:\/\/stourm.news\/wp-content\/uploads\/2025\/11\/1200x680-5.jpg\",\"datePublished\":\"2025-11-30T07:17:36+00:00\",\"breadcrumb\":{\"@id\":\"https:\/\/stourm.news\/?p=5165#breadcrumb\"},\"inLanguage\":\"fr-FR\",\"potentialAction\":[{\"@type\":\"ReadAction\",\"target\":[\"https:\/\/stourm.news\/?p=5165\"]}]},{\"@type\":\"ImageObject\",\"inLanguage\":\"fr-FR\",\"@id\":\"https:\/\/stourm.news\/?p=5165#primaryimage\",\"url\":\"https:\/\/stourm.news\/wp-content\/uploads\/2025\/11\/1200x680-5.jpg\",\"contentUrl\":\"https:\/\/stourm.news\/wp-content\/uploads\/2025\/11\/1200x680-5.jpg\",\"width\":1200,\"height\":680},{\"@type\":\"BreadcrumbList\",\"@id\":\"https:\/\/stourm.news\/?p=5165#breadcrumb\",\"itemListElement\":[{\"@type\":\"ListItem\",\"position\":1,\"name\":\"Accueil\",\"item\":\"https:\/\/stourm.news\/\"},{\"@type\":\"ListItem\",\"position\":2,\"name\":\"Pas de langue bretonne sans \u00c9tat breton : \u00ab\u00a0Les efforts de d\u00e9fense de la langue bretonne et leurs limites\u00a0\u00bb (Partie 2)\"}]},{\"@type\":\"WebSite\",\"@id\":\"https:\/\/stourm.news\/#website\",\"url\":\"https:\/\/stourm.news\/\",\"name\":\"Stourm\",\"description\":\"Kazetenn Strollad Broadel Breizh\",\"publisher\":{\"@id\":\"https:\/\/stourm.news\/#organization\"},\"potentialAction\":[{\"@type\":\"SearchAction\",\"target\":{\"@type\":\"EntryPoint\",\"urlTemplate\":\"https:\/\/stourm.news\/?s={search_term_string}\"},\"query-input\":{\"@type\":\"PropertyValueSpecification\",\"valueRequired\":true,\"valueName\":\"search_term_string\"}}],\"inLanguage\":\"fr-FR\"},{\"@type\":\"Organization\",\"@id\":\"https:\/\/stourm.news\/#organization\",\"name\":\"Stourm\",\"url\":\"https:\/\/stourm.news\/\",\"logo\":{\"@type\":\"ImageObject\",\"inLanguage\":\"fr-FR\",\"@id\":\"https:\/\/stourm.news\/#\/schema\/logo\/image\/\",\"url\":\"https:\/\/stourm.news\/wp-content\/uploads\/2025\/11\/cropped-Capture-decran-2025-11-28-a-15.19.07.png\",\"contentUrl\":\"https:\/\/stourm.news\/wp-content\/uploads\/2025\/11\/cropped-Capture-decran-2025-11-28-a-15.19.07.png\",\"width\":1855,\"height\":383,\"caption\":\"Stourm\"},\"image\":{\"@id\":\"https:\/\/stourm.news\/#\/schema\/logo\/image\/\"},\"sameAs\":[\"https:\/\/www.facebook.com\/stourmnews\/\"]},{\"@type\":\"Person\",\"@id\":\"https:\/\/stourm.news\/#\/schema\/person\/c3e1dc65988632e190969234ef046cf9\",\"name\":\"La r\u00e9daction\",\"image\":{\"@type\":\"ImageObject\",\"inLanguage\":\"fr-FR\",\"@id\":\"https:\/\/stourm.news\/#\/schema\/person\/image\/\",\"url\":\"https:\/\/secure.gravatar.com\/avatar\/7463443f194b6b5fb706b074ca0ef59a0cfcfd720cb47764b0ec5a952ce422b3?s=96&d=mm&r=g\",\"contentUrl\":\"https:\/\/secure.gravatar.com\/avatar\/7463443f194b6b5fb706b074ca0ef59a0cfcfd720cb47764b0ec5a952ce422b3?s=96&d=mm&r=g\",\"caption\":\"La r\u00e9daction\"},\"sameAs\":[\"https:\/\/stourm.news\"],\"url\":\"https:\/\/stourm.news\/?author=1\"}]}<\/script>\n<!-- \/ Yoast SEO plugin. -->","yoast_head_json":{"title":"Pas de langue bretonne sans \u00c9tat breton : \"Les efforts de d\u00e9fense de la langue bretonne et leurs limites\" (Partie 2) - STOURM","robots":{"index":"index","follow":"follow","max-snippet":"max-snippet:-1","max-image-preview":"max-image-preview:large","max-video-preview":"max-video-preview:-1"},"canonical":"https:\/\/stourm.news\/?p=5165","og_locale":"fr_FR","og_type":"article","og_title":"Pas de langue bretonne sans \u00c9tat breton : \"Les efforts de d\u00e9fense de la langue bretonne et leurs limites\" (Partie 2) - STOURM","og_description":"Premi\u00e8re partie : Pas de langue bretonne sans \u00c9tat breton : \u00ab Les causes structurelles du d\u00e9clin de la langue bretonne \u00bb L\u2019\u00e9tude \u00ab\u00a0La Langue bretonne et la R\u00e9volution \u00bb publi\u00e9e par Emsav Stadel Breizh analyse les causes du d\u00e9clin de la langue bretonne et les conditions n\u00e9cessaires \u00e0 sa sauvegarde. Elle d\u00e9montre que ce [&hellip;]","og_url":"https:\/\/stourm.news\/?p=5165","og_site_name":"STOURM","article_publisher":"https:\/\/www.facebook.com\/stourmnews\/","article_published_time":"2025-11-30T07:17:36+00:00","author":"La r\u00e9daction","twitter_card":"summary_large_image","twitter_misc":{"\u00c9crit par":"La r\u00e9daction","Dur\u00e9e de lecture estim\u00e9e":"4 minutes"},"schema":{"@context":"https:\/\/schema.org","@graph":[{"@type":"Article","@id":"https:\/\/stourm.news\/?p=5165#article","isPartOf":{"@id":"https:\/\/stourm.news\/?p=5165"},"author":{"name":"La r\u00e9daction","@id":"https:\/\/stourm.news\/#\/schema\/person\/c3e1dc65988632e190969234ef046cf9"},"headline":"Pas de langue bretonne sans \u00c9tat breton : \u00ab\u00a0Les efforts de d\u00e9fense de la langue bretonne et leurs limites\u00a0\u00bb (Partie 2)","datePublished":"2025-11-30T07:17:36+00:00","mainEntityOfPage":{"@id":"https:\/\/stourm.news\/?p=5165"},"wordCount":856,"commentCount":0,"publisher":{"@id":"https:\/\/stourm.news\/#organization"},"image":{"@id":"https:\/\/stourm.news\/?p=5165#primaryimage"},"thumbnailUrl":"https:\/\/stourm.news\/wp-content\/uploads\/2025\/11\/1200x680-5.jpg","articleSection":["Breizh","Principale"],"inLanguage":"fr-FR","potentialAction":[{"@type":"CommentAction","name":"Comment","target":["https:\/\/stourm.news\/?p=5165#respond"]}]},{"@type":"WebPage","@id":"https:\/\/stourm.news\/?p=5165","url":"https:\/\/stourm.news\/?p=5165","name":"Pas de langue bretonne sans \u00c9tat breton : \"Les efforts de d\u00e9fense de la langue bretonne et leurs limites\" (Partie 2) - STOURM","isPartOf":{"@id":"https:\/\/stourm.news\/#website"},"primaryImageOfPage":{"@id":"https:\/\/stourm.news\/?p=5165#primaryimage"},"image":{"@id":"https:\/\/stourm.news\/?p=5165#primaryimage"},"thumbnailUrl":"https:\/\/stourm.news\/wp-content\/uploads\/2025\/11\/1200x680-5.jpg","datePublished":"2025-11-30T07:17:36+00:00","breadcrumb":{"@id":"https:\/\/stourm.news\/?p=5165#breadcrumb"},"inLanguage":"fr-FR","potentialAction":[{"@type":"ReadAction","target":["https:\/\/stourm.news\/?p=5165"]}]},{"@type":"ImageObject","inLanguage":"fr-FR","@id":"https:\/\/stourm.news\/?p=5165#primaryimage","url":"https:\/\/stourm.news\/wp-content\/uploads\/2025\/11\/1200x680-5.jpg","contentUrl":"https:\/\/stourm.news\/wp-content\/uploads\/2025\/11\/1200x680-5.jpg","width":1200,"height":680},{"@type":"BreadcrumbList","@id":"https:\/\/stourm.news\/?p=5165#breadcrumb","itemListElement":[{"@type":"ListItem","position":1,"name":"Accueil","item":"https:\/\/stourm.news\/"},{"@type":"ListItem","position":2,"name":"Pas de langue bretonne sans \u00c9tat breton : \u00ab\u00a0Les efforts de d\u00e9fense de la langue bretonne et leurs limites\u00a0\u00bb (Partie 2)"}]},{"@type":"WebSite","@id":"https:\/\/stourm.news\/#website","url":"https:\/\/stourm.news\/","name":"Stourm","description":"Kazetenn Strollad Broadel Breizh","publisher":{"@id":"https:\/\/stourm.news\/#organization"},"potentialAction":[{"@type":"SearchAction","target":{"@type":"EntryPoint","urlTemplate":"https:\/\/stourm.news\/?s={search_term_string}"},"query-input":{"@type":"PropertyValueSpecification","valueRequired":true,"valueName":"search_term_string"}}],"inLanguage":"fr-FR"},{"@type":"Organization","@id":"https:\/\/stourm.news\/#organization","name":"Stourm","url":"https:\/\/stourm.news\/","logo":{"@type":"ImageObject","inLanguage":"fr-FR","@id":"https:\/\/stourm.news\/#\/schema\/logo\/image\/","url":"https:\/\/stourm.news\/wp-content\/uploads\/2025\/11\/cropped-Capture-decran-2025-11-28-a-15.19.07.png","contentUrl":"https:\/\/stourm.news\/wp-content\/uploads\/2025\/11\/cropped-Capture-decran-2025-11-28-a-15.19.07.png","width":1855,"height":383,"caption":"Stourm"},"image":{"@id":"https:\/\/stourm.news\/#\/schema\/logo\/image\/"},"sameAs":["https:\/\/www.facebook.com\/stourmnews\/"]},{"@type":"Person","@id":"https:\/\/stourm.news\/#\/schema\/person\/c3e1dc65988632e190969234ef046cf9","name":"La r\u00e9daction","image":{"@type":"ImageObject","inLanguage":"fr-FR","@id":"https:\/\/stourm.news\/#\/schema\/person\/image\/","url":"https:\/\/secure.gravatar.com\/avatar\/7463443f194b6b5fb706b074ca0ef59a0cfcfd720cb47764b0ec5a952ce422b3?s=96&d=mm&r=g","contentUrl":"https:\/\/secure.gravatar.com\/avatar\/7463443f194b6b5fb706b074ca0ef59a0cfcfd720cb47764b0ec5a952ce422b3?s=96&d=mm&r=g","caption":"La r\u00e9daction"},"sameAs":["https:\/\/stourm.news"],"url":"https:\/\/stourm.news\/?author=1"}]}},"_links":{"self":[{"href":"https:\/\/stourm.news\/index.php?rest_route=\/wp\/v2\/posts\/5165","targetHints":{"allow":["GET"]}}],"collection":[{"href":"https:\/\/stourm.news\/index.php?rest_route=\/wp\/v2\/posts"}],"about":[{"href":"https:\/\/stourm.news\/index.php?rest_route=\/wp\/v2\/types\/post"}],"author":[{"embeddable":true,"href":"https:\/\/stourm.news\/index.php?rest_route=\/wp\/v2\/users\/1"}],"replies":[{"embeddable":true,"href":"https:\/\/stourm.news\/index.php?rest_route=%2Fwp%2Fv2%2Fcomments&post=5165"}],"version-history":[{"count":1,"href":"https:\/\/stourm.news\/index.php?rest_route=\/wp\/v2\/posts\/5165\/revisions"}],"predecessor-version":[{"id":5167,"href":"https:\/\/stourm.news\/index.php?rest_route=\/wp\/v2\/posts\/5165\/revisions\/5167"}],"wp:featuredmedia":[{"embeddable":true,"href":"https:\/\/stourm.news\/index.php?rest_route=\/wp\/v2\/media\/5166"}],"wp:attachment":[{"href":"https:\/\/stourm.news\/index.php?rest_route=%2Fwp%2Fv2%2Fmedia&parent=5165"}],"wp:term":[{"taxonomy":"category","embeddable":true,"href":"https:\/\/stourm.news\/index.php?rest_route=%2Fwp%2Fv2%2Fcategories&post=5165"},{"taxonomy":"post_tag","embeddable":true,"href":"https:\/\/stourm.news\/index.php?rest_route=%2Fwp%2Fv2%2Ftags&post=5165"}],"curies":[{"name":"wp","href":"https:\/\/api.w.org\/{rel}","templated":true}]}}