{"id":5173,"date":"2025-12-01T16:37:41","date_gmt":"2025-12-01T16:37:41","guid":{"rendered":"https:\/\/stourm.news\/?p=5173"},"modified":"2025-12-01T16:39:54","modified_gmt":"2025-12-01T16:39:54","slug":"une-marche-blanche-prevue-le-18-decembre-en-memoire-de-sebastien-lino-tue-lors-dun-rodeo-urbain","status":"publish","type":"post","link":"https:\/\/stourm.news\/?p=5173","title":{"rendered":"Gwenrann (Gu\u00e9rande) : une \u00ab\u00a0marche blanche\u00a0\u00bb pr\u00e9vue le 18 d\u00e9cembre en m\u00e9moire de S\u00e9bastien Lino, tu\u00e9 lors d&rsquo;un rod\u00e9o urbain"},"content":{"rendered":"<p style=\"text-align: justify;\"><span style=\"font-family: arial, helvetica, sans-serif; font-size: 14pt;\">Le 30 septembre 2025, vers 17 h 56, S\u00e9bastien Lino, 43 ans, est mort sur le boulevard du 19 mars 1962 \u00e0 Gwenrann (Gu\u00e9rande), en Loire-Atlantique, apr\u00e8s avoir \u00e9t\u00e9 percut\u00e9 par une motocross alors qu\u2019il circulait en scooter. <\/span><\/p>\n<p style=\"text-align: justify;\"><span style=\"font-family: arial, helvetica, sans-serif; font-size: 14pt;\">Le conducteur de la motocross, \u00e2g\u00e9 de 26 ans, venait de refuser d\u2019obtemp\u00e9rer \u00e0 un contr\u00f4le de la police municipale. Le deux-roues n\u2019\u00e9tait pas immatricul\u00e9. Gri\u00e8vement bless\u00e9 dans la collision, le conducteur est connu des services de police. Une enqu\u00eate pour homicide routier aggrav\u00e9 (nouveau d\u00e9lit cr\u00e9\u00e9 en juillet 2025) a \u00e9t\u00e9 ouverte \u00e0 l\u2019encontre du fuyard.<\/span><\/p>\n<p style=\"text-align: justify;\"><span style=\"font-family: arial, helvetica, sans-serif; font-size: 14pt;\">S\u00e9bastien Lino \u00e9tait veilleur de nuit dans un h\u00f4tel de Gu\u00e9rande et ancien paludier. Il laissait derri\u00e8re lui une famille : sa m\u00e8re Brigitte Morillon, ses fr\u00e8re et s\u0153ur, ainsi que quatre neveux et ni\u00e8ces. <\/span><\/p>\n<p style=\"text-align: justify;\"><span style=\"font-family: arial, helvetica, sans-serif; font-size: 14pt;\">Selon <strong><a href=\"https:\/\/www.lefigaro.fr\/nantes\/c-etait-mon-fils-et-je-l-aimais-le-cri-de-douleur-de-la-mere-de-sebastien-lino-victime-innocente-d-un-refus-d-obtemperer-a-guerande-20251124\">Le Figaro<\/a><\/strong>, Brigitte Morillon a adress\u00e9 une lettre de trois pages, relay\u00e9e par la mairie, dans laquelle elle demande un durcissement des peines pour les refus d\u2019obtemp\u00e9rer ayant entra\u00een\u00e9 la mort.Une marche blanche est organis\u00e9e le 18 d\u00e9cembre 2025 \u00e0 14 h 30, d\u00e9part de l\u2019h\u00f4tel de ville de Gu\u00e9rande, jusqu\u2019au lieu de l\u2019accident.<\/span><\/p>\n<p style=\"text-align: right;\"><strong><span style=\"font-family: arial, helvetica, sans-serif; font-size: 14pt;\">Ewen Broc&rsquo;han<\/span><\/strong><\/p>\n","protected":false},"excerpt":{"rendered":"<p>Le 30 septembre 2025, vers 17 h 56, S\u00e9bastien Lino, 43 ans, est mort sur le boulevard du 19 mars 1962 \u00e0 Gwenrann (Gu\u00e9rande), en Loire-Atlantique, apr\u00e8s avoir \u00e9t\u00e9 percut\u00e9 par une motocross alors qu\u2019il circulait en scooter. Le conducteur de la motocross, \u00e2g\u00e9 de 26 ans, venait de refuser d\u2019obtemp\u00e9rer \u00e0 un contr\u00f4le de [&hellip;]<\/p>\n","protected":false},"author":1,"featured_media":5174,"comment_status":"open","ping_status":"open","sticky":false,"template":"","format":"standard","meta":{"sb_editor_width":"","footnotes":""},"categories":[37,42,65,62],"tags":[],"class_list":["post-5173","post","type-post","status-publish","format-standard","has-post-thumbnail","hentry","category-homicide","category-loire-atlantique","category-principale","category-revue-de-presse"],"relative_dates":{"created":"5 mois ago","modified":"5 mois ago"},"yoast_head":"<!-- This site is optimized with the Yoast SEO plugin v26.3 - https:\/\/yoast.com\/wordpress\/plugins\/seo\/ -->\n<title>Gwenrann (Gu\u00e9rande) : une &quot;marche blanche&quot; pr\u00e9vue le 18 d\u00e9cembre en m\u00e9moire de S\u00e9bastien Lino, tu\u00e9 lors d&#039;un rod\u00e9o urbain - STOURM<\/title>\n<meta name=\"robots\" content=\"index, follow, max-snippet:-1, max-image-preview:large, max-video-preview:-1\" \/>\n<link rel=\"canonical\" href=\"https:\/\/stourm.news\/?p=5173\" \/>\n<meta property=\"og:locale\" content=\"fr_FR\" \/>\n<meta property=\"og:type\" content=\"article\" \/>\n<meta property=\"og:title\" content=\"Gwenrann (Gu\u00e9rande) : une &quot;marche blanche&quot; pr\u00e9vue le 18 d\u00e9cembre en m\u00e9moire de S\u00e9bastien Lino, tu\u00e9 lors d&#039;un rod\u00e9o urbain - STOURM\" \/>\n<meta property=\"og:description\" content=\"Le 30 septembre 2025, vers 17 h 56, S\u00e9bastien Lino, 43 ans, est mort sur le boulevard du 19 mars 1962 \u00e0 Gwenrann (Gu\u00e9rande), en Loire-Atlantique, apr\u00e8s avoir \u00e9t\u00e9 percut\u00e9 par une motocross alors qu\u2019il circulait en scooter. Le conducteur de la motocross, \u00e2g\u00e9 de 26 ans, venait de refuser d\u2019obtemp\u00e9rer \u00e0 un contr\u00f4le de [&hellip;]\" \/>\n<meta property=\"og:url\" content=\"https:\/\/stourm.news\/?p=5173\" \/>\n<meta property=\"og:site_name\" content=\"STOURM\" \/>\n<meta property=\"article:publisher\" content=\"https:\/\/www.facebook.com\/stourmnews\/\" \/>\n<meta property=\"article:published_time\" content=\"2025-12-01T16:37:41+00:00\" \/>\n<meta property=\"article:modified_time\" content=\"2025-12-01T16:39:54+00:00\" \/>\n<meta property=\"og:image\" content=\"https:\/\/stourm.news\/wp-content\/uploads\/2025\/12\/Capture-decran-2025-12-02-a-01.36.42.png\" \/>\n\t<meta property=\"og:image:width\" content=\"822\" \/>\n\t<meta property=\"og:image:height\" content=\"492\" \/>\n\t<meta property=\"og:image:type\" content=\"image\/png\" \/>\n<meta name=\"author\" content=\"La r\u00e9daction\" \/>\n<meta name=\"twitter:card\" content=\"summary_large_image\" \/>\n<meta name=\"twitter:label1\" content=\"\u00c9crit par\" \/>\n\t<meta name=\"twitter:data1\" content=\"La r\u00e9daction\" \/>\n\t<meta name=\"twitter:label2\" content=\"Dur\u00e9e de lecture estim\u00e9e\" \/>\n\t<meta name=\"twitter:data2\" content=\"2 minutes\" \/>\n<script type=\"application\/ld+json\" class=\"yoast-schema-graph\">{\"@context\":\"https:\/\/schema.org\",\"@graph\":[{\"@type\":\"Article\",\"@id\":\"https:\/\/stourm.news\/?p=5173#article\",\"isPartOf\":{\"@id\":\"https:\/\/stourm.news\/?p=5173\"},\"author\":{\"name\":\"La r\u00e9daction\",\"@id\":\"https:\/\/stourm.news\/#\/schema\/person\/c3e1dc65988632e190969234ef046cf9\"},\"headline\":\"Gwenrann (Gu\u00e9rande) : une \u00ab\u00a0marche blanche\u00a0\u00bb pr\u00e9vue le 18 d\u00e9cembre en m\u00e9moire de S\u00e9bastien Lino, tu\u00e9 lors d&rsquo;un rod\u00e9o urbain\",\"datePublished\":\"2025-12-01T16:37:41+00:00\",\"dateModified\":\"2025-12-01T16:39:54+00:00\",\"mainEntityOfPage\":{\"@id\":\"https:\/\/stourm.news\/?p=5173\"},\"wordCount\":228,\"commentCount\":0,\"publisher\":{\"@id\":\"https:\/\/stourm.news\/#organization\"},\"image\":{\"@id\":\"https:\/\/stourm.news\/?p=5173#primaryimage\"},\"thumbnailUrl\":\"https:\/\/stourm.news\/wp-content\/uploads\/2025\/12\/Capture-decran-2025-12-02-a-01.36.42.png\",\"articleSection\":[\"Homicide\",\"Loire-Atlantique\",\"Principale\",\"Revue de presse\"],\"inLanguage\":\"fr-FR\",\"potentialAction\":[{\"@type\":\"CommentAction\",\"name\":\"Comment\",\"target\":[\"https:\/\/stourm.news\/?p=5173#respond\"]}]},{\"@type\":\"WebPage\",\"@id\":\"https:\/\/stourm.news\/?p=5173\",\"url\":\"https:\/\/stourm.news\/?p=5173\",\"name\":\"Gwenrann (Gu\u00e9rande) : une \\\"marche blanche\\\" pr\u00e9vue le 18 d\u00e9cembre en m\u00e9moire de S\u00e9bastien Lino, tu\u00e9 lors d'un rod\u00e9o urbain - STOURM\",\"isPartOf\":{\"@id\":\"https:\/\/stourm.news\/#website\"},\"primaryImageOfPage\":{\"@id\":\"https:\/\/stourm.news\/?p=5173#primaryimage\"},\"image\":{\"@id\":\"https:\/\/stourm.news\/?p=5173#primaryimage\"},\"thumbnailUrl\":\"https:\/\/stourm.news\/wp-content\/uploads\/2025\/12\/Capture-decran-2025-12-02-a-01.36.42.png\",\"datePublished\":\"2025-12-01T16:37:41+00:00\",\"dateModified\":\"2025-12-01T16:39:54+00:00\",\"breadcrumb\":{\"@id\":\"https:\/\/stourm.news\/?p=5173#breadcrumb\"},\"inLanguage\":\"fr-FR\",\"potentialAction\":[{\"@type\":\"ReadAction\",\"target\":[\"https:\/\/stourm.news\/?p=5173\"]}]},{\"@type\":\"ImageObject\",\"inLanguage\":\"fr-FR\",\"@id\":\"https:\/\/stourm.news\/?p=5173#primaryimage\",\"url\":\"https:\/\/stourm.news\/wp-content\/uploads\/2025\/12\/Capture-decran-2025-12-02-a-01.36.42.png\",\"contentUrl\":\"https:\/\/stourm.news\/wp-content\/uploads\/2025\/12\/Capture-decran-2025-12-02-a-01.36.42.png\",\"width\":822,\"height\":492},{\"@type\":\"BreadcrumbList\",\"@id\":\"https:\/\/stourm.news\/?p=5173#breadcrumb\",\"itemListElement\":[{\"@type\":\"ListItem\",\"position\":1,\"name\":\"Accueil\",\"item\":\"https:\/\/stourm.news\/\"},{\"@type\":\"ListItem\",\"position\":2,\"name\":\"Gwenrann (Gu\u00e9rande) : une \u00ab\u00a0marche blanche\u00a0\u00bb pr\u00e9vue le 18 d\u00e9cembre en m\u00e9moire de S\u00e9bastien Lino, tu\u00e9 lors d&rsquo;un rod\u00e9o urbain\"}]},{\"@type\":\"WebSite\",\"@id\":\"https:\/\/stourm.news\/#website\",\"url\":\"https:\/\/stourm.news\/\",\"name\":\"Stourm\",\"description\":\"Kazetenn Strollad Broadel Breizh\",\"publisher\":{\"@id\":\"https:\/\/stourm.news\/#organization\"},\"potentialAction\":[{\"@type\":\"SearchAction\",\"target\":{\"@type\":\"EntryPoint\",\"urlTemplate\":\"https:\/\/stourm.news\/?s={search_term_string}\"},\"query-input\":{\"@type\":\"PropertyValueSpecification\",\"valueRequired\":true,\"valueName\":\"search_term_string\"}}],\"inLanguage\":\"fr-FR\"},{\"@type\":\"Organization\",\"@id\":\"https:\/\/stourm.news\/#organization\",\"name\":\"Stourm\",\"url\":\"https:\/\/stourm.news\/\",\"logo\":{\"@type\":\"ImageObject\",\"inLanguage\":\"fr-FR\",\"@id\":\"https:\/\/stourm.news\/#\/schema\/logo\/image\/\",\"url\":\"https:\/\/stourm.news\/wp-content\/uploads\/2025\/11\/cropped-Capture-decran-2025-11-28-a-15.19.07.png\",\"contentUrl\":\"https:\/\/stourm.news\/wp-content\/uploads\/2025\/11\/cropped-Capture-decran-2025-11-28-a-15.19.07.png\",\"width\":1855,\"height\":383,\"caption\":\"Stourm\"},\"image\":{\"@id\":\"https:\/\/stourm.news\/#\/schema\/logo\/image\/\"},\"sameAs\":[\"https:\/\/www.facebook.com\/stourmnews\/\"]},{\"@type\":\"Person\",\"@id\":\"https:\/\/stourm.news\/#\/schema\/person\/c3e1dc65988632e190969234ef046cf9\",\"name\":\"La r\u00e9daction\",\"image\":{\"@type\":\"ImageObject\",\"inLanguage\":\"fr-FR\",\"@id\":\"https:\/\/stourm.news\/#\/schema\/person\/image\/\",\"url\":\"https:\/\/secure.gravatar.com\/avatar\/7463443f194b6b5fb706b074ca0ef59a0cfcfd720cb47764b0ec5a952ce422b3?s=96&d=mm&r=g\",\"contentUrl\":\"https:\/\/secure.gravatar.com\/avatar\/7463443f194b6b5fb706b074ca0ef59a0cfcfd720cb47764b0ec5a952ce422b3?s=96&d=mm&r=g\",\"caption\":\"La r\u00e9daction\"},\"sameAs\":[\"https:\/\/stourm.news\"],\"url\":\"https:\/\/stourm.news\/?author=1\"}]}<\/script>\n<!-- \/ Yoast SEO plugin. -->","yoast_head_json":{"title":"Gwenrann (Gu\u00e9rande) : une \"marche blanche\" pr\u00e9vue le 18 d\u00e9cembre en m\u00e9moire de S\u00e9bastien Lino, tu\u00e9 lors d'un rod\u00e9o urbain - STOURM","robots":{"index":"index","follow":"follow","max-snippet":"max-snippet:-1","max-image-preview":"max-image-preview:large","max-video-preview":"max-video-preview:-1"},"canonical":"https:\/\/stourm.news\/?p=5173","og_locale":"fr_FR","og_type":"article","og_title":"Gwenrann (Gu\u00e9rande) : une \"marche blanche\" pr\u00e9vue le 18 d\u00e9cembre en m\u00e9moire de S\u00e9bastien Lino, tu\u00e9 lors d'un rod\u00e9o urbain - STOURM","og_description":"Le 30 septembre 2025, vers 17 h 56, S\u00e9bastien Lino, 43 ans, est mort sur le boulevard du 19 mars 1962 \u00e0 Gwenrann (Gu\u00e9rande), en Loire-Atlantique, apr\u00e8s avoir \u00e9t\u00e9 percut\u00e9 par une motocross alors qu\u2019il circulait en scooter. Le conducteur de la motocross, \u00e2g\u00e9 de 26 ans, venait de refuser d\u2019obtemp\u00e9rer \u00e0 un contr\u00f4le de [&hellip;]","og_url":"https:\/\/stourm.news\/?p=5173","og_site_name":"STOURM","article_publisher":"https:\/\/www.facebook.com\/stourmnews\/","article_published_time":"2025-12-01T16:37:41+00:00","article_modified_time":"2025-12-01T16:39:54+00:00","og_image":[{"width":822,"height":492,"url":"https:\/\/stourm.news\/wp-content\/uploads\/2025\/12\/Capture-decran-2025-12-02-a-01.36.42.png","type":"image\/png"}],"author":"La r\u00e9daction","twitter_card":"summary_large_image","twitter_misc":{"\u00c9crit par":"La r\u00e9daction","Dur\u00e9e de lecture estim\u00e9e":"2 minutes"},"schema":{"@context":"https:\/\/schema.org","@graph":[{"@type":"Article","@id":"https:\/\/stourm.news\/?p=5173#article","isPartOf":{"@id":"https:\/\/stourm.news\/?p=5173"},"author":{"name":"La r\u00e9daction","@id":"https:\/\/stourm.news\/#\/schema\/person\/c3e1dc65988632e190969234ef046cf9"},"headline":"Gwenrann (Gu\u00e9rande) : une \u00ab\u00a0marche blanche\u00a0\u00bb pr\u00e9vue le 18 d\u00e9cembre en m\u00e9moire de S\u00e9bastien Lino, tu\u00e9 lors d&rsquo;un rod\u00e9o urbain","datePublished":"2025-12-01T16:37:41+00:00","dateModified":"2025-12-01T16:39:54+00:00","mainEntityOfPage":{"@id":"https:\/\/stourm.news\/?p=5173"},"wordCount":228,"commentCount":0,"publisher":{"@id":"https:\/\/stourm.news\/#organization"},"image":{"@id":"https:\/\/stourm.news\/?p=5173#primaryimage"},"thumbnailUrl":"https:\/\/stourm.news\/wp-content\/uploads\/2025\/12\/Capture-decran-2025-12-02-a-01.36.42.png","articleSection":["Homicide","Loire-Atlantique","Principale","Revue de presse"],"inLanguage":"fr-FR","potentialAction":[{"@type":"CommentAction","name":"Comment","target":["https:\/\/stourm.news\/?p=5173#respond"]}]},{"@type":"WebPage","@id":"https:\/\/stourm.news\/?p=5173","url":"https:\/\/stourm.news\/?p=5173","name":"Gwenrann (Gu\u00e9rande) : une \"marche blanche\" pr\u00e9vue le 18 d\u00e9cembre en m\u00e9moire de S\u00e9bastien Lino, tu\u00e9 lors d'un rod\u00e9o urbain - STOURM","isPartOf":{"@id":"https:\/\/stourm.news\/#website"},"primaryImageOfPage":{"@id":"https:\/\/stourm.news\/?p=5173#primaryimage"},"image":{"@id":"https:\/\/stourm.news\/?p=5173#primaryimage"},"thumbnailUrl":"https:\/\/stourm.news\/wp-content\/uploads\/2025\/12\/Capture-decran-2025-12-02-a-01.36.42.png","datePublished":"2025-12-01T16:37:41+00:00","dateModified":"2025-12-01T16:39:54+00:00","breadcrumb":{"@id":"https:\/\/stourm.news\/?p=5173#breadcrumb"},"inLanguage":"fr-FR","potentialAction":[{"@type":"ReadAction","target":["https:\/\/stourm.news\/?p=5173"]}]},{"@type":"ImageObject","inLanguage":"fr-FR","@id":"https:\/\/stourm.news\/?p=5173#primaryimage","url":"https:\/\/stourm.news\/wp-content\/uploads\/2025\/12\/Capture-decran-2025-12-02-a-01.36.42.png","contentUrl":"https:\/\/stourm.news\/wp-content\/uploads\/2025\/12\/Capture-decran-2025-12-02-a-01.36.42.png","width":822,"height":492},{"@type":"BreadcrumbList","@id":"https:\/\/stourm.news\/?p=5173#breadcrumb","itemListElement":[{"@type":"ListItem","position":1,"name":"Accueil","item":"https:\/\/stourm.news\/"},{"@type":"ListItem","position":2,"name":"Gwenrann (Gu\u00e9rande) : une \u00ab\u00a0marche blanche\u00a0\u00bb pr\u00e9vue le 18 d\u00e9cembre en m\u00e9moire de S\u00e9bastien Lino, tu\u00e9 lors d&rsquo;un rod\u00e9o urbain"}]},{"@type":"WebSite","@id":"https:\/\/stourm.news\/#website","url":"https:\/\/stourm.news\/","name":"Stourm","description":"Kazetenn Strollad Broadel Breizh","publisher":{"@id":"https:\/\/stourm.news\/#organization"},"potentialAction":[{"@type":"SearchAction","target":{"@type":"EntryPoint","urlTemplate":"https:\/\/stourm.news\/?s={search_term_string}"},"query-input":{"@type":"PropertyValueSpecification","valueRequired":true,"valueName":"search_term_string"}}],"inLanguage":"fr-FR"},{"@type":"Organization","@id":"https:\/\/stourm.news\/#organization","name":"Stourm","url":"https:\/\/stourm.news\/","logo":{"@type":"ImageObject","inLanguage":"fr-FR","@id":"https:\/\/stourm.news\/#\/schema\/logo\/image\/","url":"https:\/\/stourm.news\/wp-content\/uploads\/2025\/11\/cropped-Capture-decran-2025-11-28-a-15.19.07.png","contentUrl":"https:\/\/stourm.news\/wp-content\/uploads\/2025\/11\/cropped-Capture-decran-2025-11-28-a-15.19.07.png","width":1855,"height":383,"caption":"Stourm"},"image":{"@id":"https:\/\/stourm.news\/#\/schema\/logo\/image\/"},"sameAs":["https:\/\/www.facebook.com\/stourmnews\/"]},{"@type":"Person","@id":"https:\/\/stourm.news\/#\/schema\/person\/c3e1dc65988632e190969234ef046cf9","name":"La r\u00e9daction","image":{"@type":"ImageObject","inLanguage":"fr-FR","@id":"https:\/\/stourm.news\/#\/schema\/person\/image\/","url":"https:\/\/secure.gravatar.com\/avatar\/7463443f194b6b5fb706b074ca0ef59a0cfcfd720cb47764b0ec5a952ce422b3?s=96&d=mm&r=g","contentUrl":"https:\/\/secure.gravatar.com\/avatar\/7463443f194b6b5fb706b074ca0ef59a0cfcfd720cb47764b0ec5a952ce422b3?s=96&d=mm&r=g","caption":"La r\u00e9daction"},"sameAs":["https:\/\/stourm.news"],"url":"https:\/\/stourm.news\/?author=1"}]}},"_links":{"self":[{"href":"https:\/\/stourm.news\/index.php?rest_route=\/wp\/v2\/posts\/5173","targetHints":{"allow":["GET"]}}],"collection":[{"href":"https:\/\/stourm.news\/index.php?rest_route=\/wp\/v2\/posts"}],"about":[{"href":"https:\/\/stourm.news\/index.php?rest_route=\/wp\/v2\/types\/post"}],"author":[{"embeddable":true,"href":"https:\/\/stourm.news\/index.php?rest_route=\/wp\/v2\/users\/1"}],"replies":[{"embeddable":true,"href":"https:\/\/stourm.news\/index.php?rest_route=%2Fwp%2Fv2%2Fcomments&post=5173"}],"version-history":[{"count":3,"href":"https:\/\/stourm.news\/index.php?rest_route=\/wp\/v2\/posts\/5173\/revisions"}],"predecessor-version":[{"id":5177,"href":"https:\/\/stourm.news\/index.php?rest_route=\/wp\/v2\/posts\/5173\/revisions\/5177"}],"wp:featuredmedia":[{"embeddable":true,"href":"https:\/\/stourm.news\/index.php?rest_route=\/wp\/v2\/media\/5174"}],"wp:attachment":[{"href":"https:\/\/stourm.news\/index.php?rest_route=%2Fwp%2Fv2%2Fmedia&parent=5173"}],"wp:term":[{"taxonomy":"category","embeddable":true,"href":"https:\/\/stourm.news\/index.php?rest_route=%2Fwp%2Fv2%2Fcategories&post=5173"},{"taxonomy":"post_tag","embeddable":true,"href":"https:\/\/stourm.news\/index.php?rest_route=%2Fwp%2Fv2%2Ftags&post=5173"}],"curies":[{"name":"wp","href":"https:\/\/api.w.org\/{rel}","templated":true}]}}