{"id":5178,"date":"2025-12-01T16:57:26","date_gmt":"2025-12-01T16:57:26","guid":{"rendered":"https:\/\/stourm.news\/?p=5178"},"modified":"2025-12-01T16:57:26","modified_gmt":"2025-12-01T16:57:26","slug":"lecosse-reconnait-le-gaelique-comme-langue-officielle","status":"publish","type":"post","link":"https:\/\/stourm.news\/?p=5178","title":{"rendered":"L&rsquo;\u00c9cosse reconna\u00eet le ga\u00e9lique comme langue officielle"},"content":{"rendered":"<p style=\"text-align: justify;\">Avec l\u2019entr\u00e9e en vigueur de la Scottish Languages Act le 30 novembre 2025, le ga\u00e9lique est devenu langue officielle \u00e0 part enti\u00e8re de l&rsquo;\u00c9cosse, au m\u00eame rang que l\u2019anglais a annonc\u00e9 la <strong><a href=\"https:\/\/www.bbc.com\/news\/articles\/c9891455007\">BBC<\/a><\/strong>. Concr\u00e8tement, cela change tout.<\/p>\n<p style=\"text-align: justify;\">Les parents \u00e9cossais peuvent d\u00e9sormais exiger l\u2019ouverture d\u2019une \u00e9cole enti\u00e8rement en ga\u00e9lique dans leur r\u00e9gion d\u00e8s qu\u2019un seuil raisonnable de demandes est atteint, et l\u2019\u00c9tat est tenu de la cr\u00e9er. Des dipl\u00f4mes, des formations professionnelles et des certifications officielles seront propos\u00e9s en ga\u00e9lique, avec des normes d\u2019enseignement fix\u00e9es par le gouvernement. Dans les H\u00e9brides ext\u00e9rieures et les autres bastions ga\u00e9lophones, des \u00ab zones de signification linguistique \u00bb sont instaur\u00e9es : l\u00e0, les politiques publiques seront pens\u00e9es prioritairement pour faire cro\u00eetre la langue, pas seulement la pr\u00e9server. Les services publics devront progressivement proposer leurs documents, leurs sites internet et leurs formulaires en ga\u00e9lique et en scots sur simple demande. Les tribunaux, les h\u00f4pitaux, les transports suivront.<\/p>\n<p style=\"text-align: justify;\">Le gouvernement s\u2019engage \u00e0 financer des recherches r\u00e9guli\u00e8res sur l\u2019usage r\u00e9el de la langue ga\u00e9lique pour ajuster ses actions, et un budget de 35,7 millions de livres est d\u00e9j\u00e0 d\u00e9bloqu\u00e9 rien que pour cette ann\u00e9e. En quelques mois, l\u2019\u00c9cosse a ainsi b\u00e2ti le cadre juridique le plus ambitieux d\u2019Europe pour la revitalisation de ses langues celtiques autochtones. Elle ne se contente pas de belles d\u00e9clarations : elle donne aux communaut\u00e9s les outils concrets pour reprendre la parole dans leur propre idiome, dans la rue, \u00e0 l\u2019\u00e9cole, devant le juge ou le m\u00e9decin.<\/p>\n<p style=\"text-align: justify;\">Pendant ce temps, en France, le breton reste constitutionnellement interdit d\u2019\u00eatre langue officielle, les \u00e9coles Diwan survivent gr\u00e2ce \u00e0 la seule bonne volont\u00e9 priv\u00e9e, et l\u2019\u00c9tat fran\u00e7ais continue de consid\u00e9rer toute langue autre que le fran\u00e7ais comme une menace \u00e0 l\u2019unit\u00e9 de la R\u00e9publique. L\u2019\u00c9cosse montre la voie \u00e0 la Bretagne.<\/p>\n<p style=\"text-align: right;\"><strong>Budig Gourmaelon<\/strong><\/p>\n","protected":false},"excerpt":{"rendered":"<p>Avec l\u2019entr\u00e9e en vigueur de la Scottish Languages Act le 30 novembre 2025, le ga\u00e9lique est devenu langue officielle \u00e0 part enti\u00e8re de l&rsquo;\u00c9cosse, au m\u00eame rang que l\u2019anglais a annonc\u00e9 la BBC. Concr\u00e8tement, cela change tout. Les parents \u00e9cossais peuvent d\u00e9sormais exiger l\u2019ouverture d\u2019une \u00e9cole enti\u00e8rement en ga\u00e9lique dans leur r\u00e9gion d\u00e8s qu\u2019un seuil [&hellip;]<\/p>\n","protected":false},"author":1,"featured_media":5179,"comment_status":"open","ping_status":"open","sticky":false,"template":"","format":"standard","meta":{"sb_editor_width":"","footnotes":""},"categories":[88,66,65],"tags":[],"class_list":["post-5178","post","type-post","status-publish","format-standard","has-post-thumbnail","hentry","category-interceltisme","category-international","category-principale"],"relative_dates":{"created":"5 mois ago","modified":"5 mois ago"},"yoast_head":"<!-- This site is optimized with the Yoast SEO plugin v26.3 - https:\/\/yoast.com\/wordpress\/plugins\/seo\/ -->\n<title>L&#039;\u00c9cosse reconna\u00eet le ga\u00e9lique comme langue officielle - STOURM<\/title>\n<meta name=\"robots\" content=\"index, follow, max-snippet:-1, max-image-preview:large, max-video-preview:-1\" \/>\n<link rel=\"canonical\" href=\"https:\/\/stourm.news\/?p=5178\" \/>\n<meta property=\"og:locale\" content=\"fr_FR\" \/>\n<meta property=\"og:type\" content=\"article\" \/>\n<meta property=\"og:title\" content=\"L&#039;\u00c9cosse reconna\u00eet le ga\u00e9lique comme langue officielle - STOURM\" \/>\n<meta property=\"og:description\" content=\"Avec l\u2019entr\u00e9e en vigueur de la Scottish Languages Act le 30 novembre 2025, le ga\u00e9lique est devenu langue officielle \u00e0 part enti\u00e8re de l&rsquo;\u00c9cosse, au m\u00eame rang que l\u2019anglais a annonc\u00e9 la BBC. Concr\u00e8tement, cela change tout. Les parents \u00e9cossais peuvent d\u00e9sormais exiger l\u2019ouverture d\u2019une \u00e9cole enti\u00e8rement en ga\u00e9lique dans leur r\u00e9gion d\u00e8s qu\u2019un seuil [&hellip;]\" \/>\n<meta property=\"og:url\" content=\"https:\/\/stourm.news\/?p=5178\" \/>\n<meta property=\"og:site_name\" content=\"STOURM\" \/>\n<meta property=\"article:publisher\" content=\"https:\/\/www.facebook.com\/stourmnews\/\" \/>\n<meta property=\"article:published_time\" content=\"2025-12-01T16:57:26+00:00\" \/>\n<meta name=\"author\" content=\"La r\u00e9daction\" \/>\n<meta name=\"twitter:card\" content=\"summary_large_image\" \/>\n<meta name=\"twitter:label1\" content=\"\u00c9crit par\" \/>\n\t<meta name=\"twitter:data1\" content=\"La r\u00e9daction\" \/>\n\t<meta name=\"twitter:label2\" content=\"Dur\u00e9e de lecture estim\u00e9e\" \/>\n\t<meta name=\"twitter:data2\" content=\"2 minutes\" \/>\n<script type=\"application\/ld+json\" class=\"yoast-schema-graph\">{\"@context\":\"https:\/\/schema.org\",\"@graph\":[{\"@type\":\"Article\",\"@id\":\"https:\/\/stourm.news\/?p=5178#article\",\"isPartOf\":{\"@id\":\"https:\/\/stourm.news\/?p=5178\"},\"author\":{\"name\":\"La r\u00e9daction\",\"@id\":\"https:\/\/stourm.news\/#\/schema\/person\/c3e1dc65988632e190969234ef046cf9\"},\"headline\":\"L&rsquo;\u00c9cosse reconna\u00eet le ga\u00e9lique comme langue officielle\",\"datePublished\":\"2025-12-01T16:57:26+00:00\",\"mainEntityOfPage\":{\"@id\":\"https:\/\/stourm.news\/?p=5178\"},\"wordCount\":352,\"commentCount\":0,\"publisher\":{\"@id\":\"https:\/\/stourm.news\/#organization\"},\"image\":{\"@id\":\"https:\/\/stourm.news\/?p=5178#primaryimage\"},\"thumbnailUrl\":\"https:\/\/stourm.news\/wp-content\/uploads\/2025\/12\/cf909b30-7a5a-11ee-8eb5-a513c079e034.jpg.webp\",\"articleSection\":[\"Interceltisme\",\"International\",\"Principale\"],\"inLanguage\":\"fr-FR\",\"potentialAction\":[{\"@type\":\"CommentAction\",\"name\":\"Comment\",\"target\":[\"https:\/\/stourm.news\/?p=5178#respond\"]}]},{\"@type\":\"WebPage\",\"@id\":\"https:\/\/stourm.news\/?p=5178\",\"url\":\"https:\/\/stourm.news\/?p=5178\",\"name\":\"L'\u00c9cosse reconna\u00eet le ga\u00e9lique comme langue officielle - STOURM\",\"isPartOf\":{\"@id\":\"https:\/\/stourm.news\/#website\"},\"primaryImageOfPage\":{\"@id\":\"https:\/\/stourm.news\/?p=5178#primaryimage\"},\"image\":{\"@id\":\"https:\/\/stourm.news\/?p=5178#primaryimage\"},\"thumbnailUrl\":\"https:\/\/stourm.news\/wp-content\/uploads\/2025\/12\/cf909b30-7a5a-11ee-8eb5-a513c079e034.jpg.webp\",\"datePublished\":\"2025-12-01T16:57:26+00:00\",\"breadcrumb\":{\"@id\":\"https:\/\/stourm.news\/?p=5178#breadcrumb\"},\"inLanguage\":\"fr-FR\",\"potentialAction\":[{\"@type\":\"ReadAction\",\"target\":[\"https:\/\/stourm.news\/?p=5178\"]}]},{\"@type\":\"ImageObject\",\"inLanguage\":\"fr-FR\",\"@id\":\"https:\/\/stourm.news\/?p=5178#primaryimage\",\"url\":\"https:\/\/stourm.news\/wp-content\/uploads\/2025\/12\/cf909b30-7a5a-11ee-8eb5-a513c079e034.jpg.webp\",\"contentUrl\":\"https:\/\/stourm.news\/wp-content\/uploads\/2025\/12\/cf909b30-7a5a-11ee-8eb5-a513c079e034.jpg.webp\",\"width\":1536,\"height\":863},{\"@type\":\"BreadcrumbList\",\"@id\":\"https:\/\/stourm.news\/?p=5178#breadcrumb\",\"itemListElement\":[{\"@type\":\"ListItem\",\"position\":1,\"name\":\"Accueil\",\"item\":\"https:\/\/stourm.news\/\"},{\"@type\":\"ListItem\",\"position\":2,\"name\":\"L&rsquo;\u00c9cosse reconna\u00eet le ga\u00e9lique comme langue officielle\"}]},{\"@type\":\"WebSite\",\"@id\":\"https:\/\/stourm.news\/#website\",\"url\":\"https:\/\/stourm.news\/\",\"name\":\"Stourm\",\"description\":\"Kazetenn Strollad Broadel Breizh\",\"publisher\":{\"@id\":\"https:\/\/stourm.news\/#organization\"},\"potentialAction\":[{\"@type\":\"SearchAction\",\"target\":{\"@type\":\"EntryPoint\",\"urlTemplate\":\"https:\/\/stourm.news\/?s={search_term_string}\"},\"query-input\":{\"@type\":\"PropertyValueSpecification\",\"valueRequired\":true,\"valueName\":\"search_term_string\"}}],\"inLanguage\":\"fr-FR\"},{\"@type\":\"Organization\",\"@id\":\"https:\/\/stourm.news\/#organization\",\"name\":\"Stourm\",\"url\":\"https:\/\/stourm.news\/\",\"logo\":{\"@type\":\"ImageObject\",\"inLanguage\":\"fr-FR\",\"@id\":\"https:\/\/stourm.news\/#\/schema\/logo\/image\/\",\"url\":\"https:\/\/stourm.news\/wp-content\/uploads\/2025\/11\/cropped-Capture-decran-2025-11-28-a-15.19.07.png\",\"contentUrl\":\"https:\/\/stourm.news\/wp-content\/uploads\/2025\/11\/cropped-Capture-decran-2025-11-28-a-15.19.07.png\",\"width\":1855,\"height\":383,\"caption\":\"Stourm\"},\"image\":{\"@id\":\"https:\/\/stourm.news\/#\/schema\/logo\/image\/\"},\"sameAs\":[\"https:\/\/www.facebook.com\/stourmnews\/\"]},{\"@type\":\"Person\",\"@id\":\"https:\/\/stourm.news\/#\/schema\/person\/c3e1dc65988632e190969234ef046cf9\",\"name\":\"La r\u00e9daction\",\"image\":{\"@type\":\"ImageObject\",\"inLanguage\":\"fr-FR\",\"@id\":\"https:\/\/stourm.news\/#\/schema\/person\/image\/\",\"url\":\"https:\/\/secure.gravatar.com\/avatar\/7463443f194b6b5fb706b074ca0ef59a0cfcfd720cb47764b0ec5a952ce422b3?s=96&d=mm&r=g\",\"contentUrl\":\"https:\/\/secure.gravatar.com\/avatar\/7463443f194b6b5fb706b074ca0ef59a0cfcfd720cb47764b0ec5a952ce422b3?s=96&d=mm&r=g\",\"caption\":\"La r\u00e9daction\"},\"sameAs\":[\"https:\/\/stourm.news\"],\"url\":\"https:\/\/stourm.news\/?author=1\"}]}<\/script>\n<!-- \/ Yoast SEO plugin. -->","yoast_head_json":{"title":"L'\u00c9cosse reconna\u00eet le ga\u00e9lique comme langue officielle - STOURM","robots":{"index":"index","follow":"follow","max-snippet":"max-snippet:-1","max-image-preview":"max-image-preview:large","max-video-preview":"max-video-preview:-1"},"canonical":"https:\/\/stourm.news\/?p=5178","og_locale":"fr_FR","og_type":"article","og_title":"L'\u00c9cosse reconna\u00eet le ga\u00e9lique comme langue officielle - STOURM","og_description":"Avec l\u2019entr\u00e9e en vigueur de la Scottish Languages Act le 30 novembre 2025, le ga\u00e9lique est devenu langue officielle \u00e0 part enti\u00e8re de l&rsquo;\u00c9cosse, au m\u00eame rang que l\u2019anglais a annonc\u00e9 la BBC. Concr\u00e8tement, cela change tout. Les parents \u00e9cossais peuvent d\u00e9sormais exiger l\u2019ouverture d\u2019une \u00e9cole enti\u00e8rement en ga\u00e9lique dans leur r\u00e9gion d\u00e8s qu\u2019un seuil [&hellip;]","og_url":"https:\/\/stourm.news\/?p=5178","og_site_name":"STOURM","article_publisher":"https:\/\/www.facebook.com\/stourmnews\/","article_published_time":"2025-12-01T16:57:26+00:00","author":"La r\u00e9daction","twitter_card":"summary_large_image","twitter_misc":{"\u00c9crit par":"La r\u00e9daction","Dur\u00e9e de lecture estim\u00e9e":"2 minutes"},"schema":{"@context":"https:\/\/schema.org","@graph":[{"@type":"Article","@id":"https:\/\/stourm.news\/?p=5178#article","isPartOf":{"@id":"https:\/\/stourm.news\/?p=5178"},"author":{"name":"La r\u00e9daction","@id":"https:\/\/stourm.news\/#\/schema\/person\/c3e1dc65988632e190969234ef046cf9"},"headline":"L&rsquo;\u00c9cosse reconna\u00eet le ga\u00e9lique comme langue officielle","datePublished":"2025-12-01T16:57:26+00:00","mainEntityOfPage":{"@id":"https:\/\/stourm.news\/?p=5178"},"wordCount":352,"commentCount":0,"publisher":{"@id":"https:\/\/stourm.news\/#organization"},"image":{"@id":"https:\/\/stourm.news\/?p=5178#primaryimage"},"thumbnailUrl":"https:\/\/stourm.news\/wp-content\/uploads\/2025\/12\/cf909b30-7a5a-11ee-8eb5-a513c079e034.jpg.webp","articleSection":["Interceltisme","International","Principale"],"inLanguage":"fr-FR","potentialAction":[{"@type":"CommentAction","name":"Comment","target":["https:\/\/stourm.news\/?p=5178#respond"]}]},{"@type":"WebPage","@id":"https:\/\/stourm.news\/?p=5178","url":"https:\/\/stourm.news\/?p=5178","name":"L'\u00c9cosse reconna\u00eet le ga\u00e9lique comme langue officielle - STOURM","isPartOf":{"@id":"https:\/\/stourm.news\/#website"},"primaryImageOfPage":{"@id":"https:\/\/stourm.news\/?p=5178#primaryimage"},"image":{"@id":"https:\/\/stourm.news\/?p=5178#primaryimage"},"thumbnailUrl":"https:\/\/stourm.news\/wp-content\/uploads\/2025\/12\/cf909b30-7a5a-11ee-8eb5-a513c079e034.jpg.webp","datePublished":"2025-12-01T16:57:26+00:00","breadcrumb":{"@id":"https:\/\/stourm.news\/?p=5178#breadcrumb"},"inLanguage":"fr-FR","potentialAction":[{"@type":"ReadAction","target":["https:\/\/stourm.news\/?p=5178"]}]},{"@type":"ImageObject","inLanguage":"fr-FR","@id":"https:\/\/stourm.news\/?p=5178#primaryimage","url":"https:\/\/stourm.news\/wp-content\/uploads\/2025\/12\/cf909b30-7a5a-11ee-8eb5-a513c079e034.jpg.webp","contentUrl":"https:\/\/stourm.news\/wp-content\/uploads\/2025\/12\/cf909b30-7a5a-11ee-8eb5-a513c079e034.jpg.webp","width":1536,"height":863},{"@type":"BreadcrumbList","@id":"https:\/\/stourm.news\/?p=5178#breadcrumb","itemListElement":[{"@type":"ListItem","position":1,"name":"Accueil","item":"https:\/\/stourm.news\/"},{"@type":"ListItem","position":2,"name":"L&rsquo;\u00c9cosse reconna\u00eet le ga\u00e9lique comme langue officielle"}]},{"@type":"WebSite","@id":"https:\/\/stourm.news\/#website","url":"https:\/\/stourm.news\/","name":"Stourm","description":"Kazetenn Strollad Broadel Breizh","publisher":{"@id":"https:\/\/stourm.news\/#organization"},"potentialAction":[{"@type":"SearchAction","target":{"@type":"EntryPoint","urlTemplate":"https:\/\/stourm.news\/?s={search_term_string}"},"query-input":{"@type":"PropertyValueSpecification","valueRequired":true,"valueName":"search_term_string"}}],"inLanguage":"fr-FR"},{"@type":"Organization","@id":"https:\/\/stourm.news\/#organization","name":"Stourm","url":"https:\/\/stourm.news\/","logo":{"@type":"ImageObject","inLanguage":"fr-FR","@id":"https:\/\/stourm.news\/#\/schema\/logo\/image\/","url":"https:\/\/stourm.news\/wp-content\/uploads\/2025\/11\/cropped-Capture-decran-2025-11-28-a-15.19.07.png","contentUrl":"https:\/\/stourm.news\/wp-content\/uploads\/2025\/11\/cropped-Capture-decran-2025-11-28-a-15.19.07.png","width":1855,"height":383,"caption":"Stourm"},"image":{"@id":"https:\/\/stourm.news\/#\/schema\/logo\/image\/"},"sameAs":["https:\/\/www.facebook.com\/stourmnews\/"]},{"@type":"Person","@id":"https:\/\/stourm.news\/#\/schema\/person\/c3e1dc65988632e190969234ef046cf9","name":"La r\u00e9daction","image":{"@type":"ImageObject","inLanguage":"fr-FR","@id":"https:\/\/stourm.news\/#\/schema\/person\/image\/","url":"https:\/\/secure.gravatar.com\/avatar\/7463443f194b6b5fb706b074ca0ef59a0cfcfd720cb47764b0ec5a952ce422b3?s=96&d=mm&r=g","contentUrl":"https:\/\/secure.gravatar.com\/avatar\/7463443f194b6b5fb706b074ca0ef59a0cfcfd720cb47764b0ec5a952ce422b3?s=96&d=mm&r=g","caption":"La r\u00e9daction"},"sameAs":["https:\/\/stourm.news"],"url":"https:\/\/stourm.news\/?author=1"}]}},"_links":{"self":[{"href":"https:\/\/stourm.news\/index.php?rest_route=\/wp\/v2\/posts\/5178","targetHints":{"allow":["GET"]}}],"collection":[{"href":"https:\/\/stourm.news\/index.php?rest_route=\/wp\/v2\/posts"}],"about":[{"href":"https:\/\/stourm.news\/index.php?rest_route=\/wp\/v2\/types\/post"}],"author":[{"embeddable":true,"href":"https:\/\/stourm.news\/index.php?rest_route=\/wp\/v2\/users\/1"}],"replies":[{"embeddable":true,"href":"https:\/\/stourm.news\/index.php?rest_route=%2Fwp%2Fv2%2Fcomments&post=5178"}],"version-history":[{"count":1,"href":"https:\/\/stourm.news\/index.php?rest_route=\/wp\/v2\/posts\/5178\/revisions"}],"predecessor-version":[{"id":5180,"href":"https:\/\/stourm.news\/index.php?rest_route=\/wp\/v2\/posts\/5178\/revisions\/5180"}],"wp:featuredmedia":[{"embeddable":true,"href":"https:\/\/stourm.news\/index.php?rest_route=\/wp\/v2\/media\/5179"}],"wp:attachment":[{"href":"https:\/\/stourm.news\/index.php?rest_route=%2Fwp%2Fv2%2Fmedia&parent=5178"}],"wp:term":[{"taxonomy":"category","embeddable":true,"href":"https:\/\/stourm.news\/index.php?rest_route=%2Fwp%2Fv2%2Fcategories&post=5178"},{"taxonomy":"post_tag","embeddable":true,"href":"https:\/\/stourm.news\/index.php?rest_route=%2Fwp%2Fv2%2Ftags&post=5178"}],"curies":[{"name":"wp","href":"https:\/\/api.w.org\/{rel}","templated":true}]}}