{"id":5192,"date":"2025-12-03T15:07:57","date_gmt":"2025-12-03T15:07:57","guid":{"rendered":"https:\/\/stourm.news\/?p=5192"},"modified":"2025-12-03T15:08:35","modified_gmt":"2025-12-03T15:08:35","slug":"5192","status":"publish","type":"post","link":"https:\/\/stourm.news\/?p=5192","title":{"rendered":"Saint-Brieuc : le Stade Briochin appelle \u00e0 manifester pour bloquer l\u2019expulsion d\u2019un migrant clandestin du Congo"},"content":{"rendered":"<p style=\"text-align: justify;\">Ce jeudi 4 d\u00e9cembre \u00e0 18 h, un rassemblement est organis\u00e9 place du G\u00e9n\u00e9ral-de-Gaulle, devant la pr\u00e9fecture des C\u00f4tes-d\u2019Armor, \u00e0 l\u2019initiative du Stade Briochin pour soutenir Jessy Kitenge Yimbi, 22 ans, un migrant congolais (RDC) arriv\u00e9 ill\u00e9galement dans l&rsquo;Hexagone en septembre 2024 et plac\u00e9 sous le coup d\u2019une Obligation de quitter le territoire fran\u00e7ais (OQTF).<\/p>\n<p style=\"text-align: justify;\">Le migrant clandestin, arbitre b\u00e9n\u00e9vole au club depuis plusieurs mois, avait imm\u00e9diatement \u00e9t\u00e9 scolaris\u00e9 par le lyc\u00e9e Mazier, une ficelle bien connue des r\u00e9seaux immigrationnistes pour fixer les infiltr\u00e9s en Bretagne. Le Stade Briochin, par la voix de son pr\u00e9sident et de plusieurs dirigeants dont Guillaume Allanou, a d\u00e9cid\u00e9 de mobiliser joueurs, \u00e9ducateurs, supporters et sympathisants pour faire pression. Une d\u00e9marche qui d\u00e9montre l&rsquo;impunit\u00e9 des r\u00e9seaux immigrationnistes et la complicit\u00e9 du gouvernement fran\u00e7ais.<\/p>\n<p style=\"text-align: right;\"><strong>Ewen Broc&rsquo;han<\/strong><\/p>\n","protected":false},"excerpt":{"rendered":"<p>Ce jeudi 4 d\u00e9cembre \u00e0 18 h, un rassemblement est organis\u00e9 place du G\u00e9n\u00e9ral-de-Gaulle, devant la pr\u00e9fecture des C\u00f4tes-d\u2019Armor, \u00e0 l\u2019initiative du Stade Briochin pour soutenir Jessy Kitenge Yimbi, 22 ans, un migrant congolais (RDC) arriv\u00e9 ill\u00e9galement dans l&rsquo;Hexagone en septembre 2024 et plac\u00e9 sous le coup d\u2019une Obligation de quitter le territoire fran\u00e7ais (OQTF). [&hellip;]<\/p>\n","protected":false},"author":1,"featured_media":5193,"comment_status":"open","ping_status":"open","sticky":false,"template":"","format":"standard","meta":{"sb_editor_width":"","footnotes":""},"categories":[39,33,65,62],"tags":[],"class_list":["post-5192","post","type-post","status-publish","format-standard","has-post-thumbnail","hentry","category-cotes-darmor","category-immigration","category-principale","category-revue-de-presse"],"relative_dates":{"created":"5 mois ago","modified":"5 mois ago"},"yoast_head":"<!-- This site is optimized with the Yoast SEO plugin v26.3 - https:\/\/yoast.com\/wordpress\/plugins\/seo\/ -->\n<title>Saint-Brieuc : le Stade Briochin appelle \u00e0 manifester pour bloquer l\u2019expulsion d\u2019un migrant clandestin du Congo - STOURM<\/title>\n<meta name=\"robots\" content=\"index, follow, max-snippet:-1, max-image-preview:large, max-video-preview:-1\" \/>\n<link rel=\"canonical\" href=\"https:\/\/stourm.news\/?p=5192\" \/>\n<meta property=\"og:locale\" content=\"fr_FR\" \/>\n<meta property=\"og:type\" content=\"article\" \/>\n<meta property=\"og:title\" content=\"Saint-Brieuc : le Stade Briochin appelle \u00e0 manifester pour bloquer l\u2019expulsion d\u2019un migrant clandestin du Congo - STOURM\" \/>\n<meta property=\"og:description\" content=\"Ce jeudi 4 d\u00e9cembre \u00e0 18 h, un rassemblement est organis\u00e9 place du G\u00e9n\u00e9ral-de-Gaulle, devant la pr\u00e9fecture des C\u00f4tes-d\u2019Armor, \u00e0 l\u2019initiative du Stade Briochin pour soutenir Jessy Kitenge Yimbi, 22 ans, un migrant congolais (RDC) arriv\u00e9 ill\u00e9galement dans l&rsquo;Hexagone en septembre 2024 et plac\u00e9 sous le coup d\u2019une Obligation de quitter le territoire fran\u00e7ais (OQTF). [&hellip;]\" \/>\n<meta property=\"og:url\" content=\"https:\/\/stourm.news\/?p=5192\" \/>\n<meta property=\"og:site_name\" content=\"STOURM\" \/>\n<meta property=\"article:publisher\" content=\"https:\/\/www.facebook.com\/stourmnews\/\" \/>\n<meta property=\"article:published_time\" content=\"2025-12-03T15:07:57+00:00\" \/>\n<meta property=\"article:modified_time\" content=\"2025-12-03T15:08:35+00:00\" \/>\n<meta name=\"author\" content=\"La r\u00e9daction\" \/>\n<meta name=\"twitter:card\" content=\"summary_large_image\" \/>\n<meta name=\"twitter:label1\" content=\"\u00c9crit par\" \/>\n\t<meta name=\"twitter:data1\" content=\"La r\u00e9daction\" \/>\n\t<meta name=\"twitter:label2\" content=\"Dur\u00e9e de lecture estim\u00e9e\" \/>\n\t<meta name=\"twitter:data2\" content=\"1 minute\" \/>\n<script type=\"application\/ld+json\" class=\"yoast-schema-graph\">{\"@context\":\"https:\/\/schema.org\",\"@graph\":[{\"@type\":\"Article\",\"@id\":\"https:\/\/stourm.news\/?p=5192#article\",\"isPartOf\":{\"@id\":\"https:\/\/stourm.news\/?p=5192\"},\"author\":{\"name\":\"La r\u00e9daction\",\"@id\":\"https:\/\/stourm.news\/#\/schema\/person\/c3e1dc65988632e190969234ef046cf9\"},\"headline\":\"Saint-Brieuc : le Stade Briochin appelle \u00e0 manifester pour bloquer l\u2019expulsion d\u2019un migrant clandestin du Congo\",\"datePublished\":\"2025-12-03T15:07:57+00:00\",\"dateModified\":\"2025-12-03T15:08:35+00:00\",\"mainEntityOfPage\":{\"@id\":\"https:\/\/stourm.news\/?p=5192\"},\"wordCount\":165,\"commentCount\":0,\"publisher\":{\"@id\":\"https:\/\/stourm.news\/#organization\"},\"image\":{\"@id\":\"https:\/\/stourm.news\/?p=5192#primaryimage\"},\"thumbnailUrl\":\"https:\/\/stourm.news\/wp-content\/uploads\/2025\/12\/692ef2720e70f6ee1b0b1a96.1.webp\",\"articleSection\":[\"C\u00f4tes d'Armor\",\"Immigration\",\"Principale\",\"Revue de presse\"],\"inLanguage\":\"fr-FR\",\"potentialAction\":[{\"@type\":\"CommentAction\",\"name\":\"Comment\",\"target\":[\"https:\/\/stourm.news\/?p=5192#respond\"]}]},{\"@type\":\"WebPage\",\"@id\":\"https:\/\/stourm.news\/?p=5192\",\"url\":\"https:\/\/stourm.news\/?p=5192\",\"name\":\"Saint-Brieuc : le Stade Briochin appelle \u00e0 manifester pour bloquer l\u2019expulsion d\u2019un migrant clandestin du Congo - STOURM\",\"isPartOf\":{\"@id\":\"https:\/\/stourm.news\/#website\"},\"primaryImageOfPage\":{\"@id\":\"https:\/\/stourm.news\/?p=5192#primaryimage\"},\"image\":{\"@id\":\"https:\/\/stourm.news\/?p=5192#primaryimage\"},\"thumbnailUrl\":\"https:\/\/stourm.news\/wp-content\/uploads\/2025\/12\/692ef2720e70f6ee1b0b1a96.1.webp\",\"datePublished\":\"2025-12-03T15:07:57+00:00\",\"dateModified\":\"2025-12-03T15:08:35+00:00\",\"breadcrumb\":{\"@id\":\"https:\/\/stourm.news\/?p=5192#breadcrumb\"},\"inLanguage\":\"fr-FR\",\"potentialAction\":[{\"@type\":\"ReadAction\",\"target\":[\"https:\/\/stourm.news\/?p=5192\"]}]},{\"@type\":\"ImageObject\",\"inLanguage\":\"fr-FR\",\"@id\":\"https:\/\/stourm.news\/?p=5192#primaryimage\",\"url\":\"https:\/\/stourm.news\/wp-content\/uploads\/2025\/12\/692ef2720e70f6ee1b0b1a96.1.webp\",\"contentUrl\":\"https:\/\/stourm.news\/wp-content\/uploads\/2025\/12\/692ef2720e70f6ee1b0b1a96.1.webp\",\"width\":1200,\"height\":750},{\"@type\":\"BreadcrumbList\",\"@id\":\"https:\/\/stourm.news\/?p=5192#breadcrumb\",\"itemListElement\":[{\"@type\":\"ListItem\",\"position\":1,\"name\":\"Accueil\",\"item\":\"https:\/\/stourm.news\/\"},{\"@type\":\"ListItem\",\"position\":2,\"name\":\"Saint-Brieuc : le Stade Briochin appelle \u00e0 manifester pour bloquer l\u2019expulsion d\u2019un migrant clandestin du Congo\"}]},{\"@type\":\"WebSite\",\"@id\":\"https:\/\/stourm.news\/#website\",\"url\":\"https:\/\/stourm.news\/\",\"name\":\"Stourm\",\"description\":\"Kazetenn Strollad Broadel Breizh\",\"publisher\":{\"@id\":\"https:\/\/stourm.news\/#organization\"},\"potentialAction\":[{\"@type\":\"SearchAction\",\"target\":{\"@type\":\"EntryPoint\",\"urlTemplate\":\"https:\/\/stourm.news\/?s={search_term_string}\"},\"query-input\":{\"@type\":\"PropertyValueSpecification\",\"valueRequired\":true,\"valueName\":\"search_term_string\"}}],\"inLanguage\":\"fr-FR\"},{\"@type\":\"Organization\",\"@id\":\"https:\/\/stourm.news\/#organization\",\"name\":\"Stourm\",\"url\":\"https:\/\/stourm.news\/\",\"logo\":{\"@type\":\"ImageObject\",\"inLanguage\":\"fr-FR\",\"@id\":\"https:\/\/stourm.news\/#\/schema\/logo\/image\/\",\"url\":\"https:\/\/stourm.news\/wp-content\/uploads\/2025\/11\/cropped-Capture-decran-2025-11-28-a-15.19.07.png\",\"contentUrl\":\"https:\/\/stourm.news\/wp-content\/uploads\/2025\/11\/cropped-Capture-decran-2025-11-28-a-15.19.07.png\",\"width\":1855,\"height\":383,\"caption\":\"Stourm\"},\"image\":{\"@id\":\"https:\/\/stourm.news\/#\/schema\/logo\/image\/\"},\"sameAs\":[\"https:\/\/www.facebook.com\/stourmnews\/\"]},{\"@type\":\"Person\",\"@id\":\"https:\/\/stourm.news\/#\/schema\/person\/c3e1dc65988632e190969234ef046cf9\",\"name\":\"La r\u00e9daction\",\"image\":{\"@type\":\"ImageObject\",\"inLanguage\":\"fr-FR\",\"@id\":\"https:\/\/stourm.news\/#\/schema\/person\/image\/\",\"url\":\"https:\/\/secure.gravatar.com\/avatar\/7463443f194b6b5fb706b074ca0ef59a0cfcfd720cb47764b0ec5a952ce422b3?s=96&d=mm&r=g\",\"contentUrl\":\"https:\/\/secure.gravatar.com\/avatar\/7463443f194b6b5fb706b074ca0ef59a0cfcfd720cb47764b0ec5a952ce422b3?s=96&d=mm&r=g\",\"caption\":\"La r\u00e9daction\"},\"sameAs\":[\"https:\/\/stourm.news\"],\"url\":\"https:\/\/stourm.news\/?author=1\"}]}<\/script>\n<!-- \/ Yoast SEO plugin. -->","yoast_head_json":{"title":"Saint-Brieuc : le Stade Briochin appelle \u00e0 manifester pour bloquer l\u2019expulsion d\u2019un migrant clandestin du Congo - STOURM","robots":{"index":"index","follow":"follow","max-snippet":"max-snippet:-1","max-image-preview":"max-image-preview:large","max-video-preview":"max-video-preview:-1"},"canonical":"https:\/\/stourm.news\/?p=5192","og_locale":"fr_FR","og_type":"article","og_title":"Saint-Brieuc : le Stade Briochin appelle \u00e0 manifester pour bloquer l\u2019expulsion d\u2019un migrant clandestin du Congo - STOURM","og_description":"Ce jeudi 4 d\u00e9cembre \u00e0 18 h, un rassemblement est organis\u00e9 place du G\u00e9n\u00e9ral-de-Gaulle, devant la pr\u00e9fecture des C\u00f4tes-d\u2019Armor, \u00e0 l\u2019initiative du Stade Briochin pour soutenir Jessy Kitenge Yimbi, 22 ans, un migrant congolais (RDC) arriv\u00e9 ill\u00e9galement dans l&rsquo;Hexagone en septembre 2024 et plac\u00e9 sous le coup d\u2019une Obligation de quitter le territoire fran\u00e7ais (OQTF). [&hellip;]","og_url":"https:\/\/stourm.news\/?p=5192","og_site_name":"STOURM","article_publisher":"https:\/\/www.facebook.com\/stourmnews\/","article_published_time":"2025-12-03T15:07:57+00:00","article_modified_time":"2025-12-03T15:08:35+00:00","author":"La r\u00e9daction","twitter_card":"summary_large_image","twitter_misc":{"\u00c9crit par":"La r\u00e9daction","Dur\u00e9e de lecture estim\u00e9e":"1 minute"},"schema":{"@context":"https:\/\/schema.org","@graph":[{"@type":"Article","@id":"https:\/\/stourm.news\/?p=5192#article","isPartOf":{"@id":"https:\/\/stourm.news\/?p=5192"},"author":{"name":"La r\u00e9daction","@id":"https:\/\/stourm.news\/#\/schema\/person\/c3e1dc65988632e190969234ef046cf9"},"headline":"Saint-Brieuc : le Stade Briochin appelle \u00e0 manifester pour bloquer l\u2019expulsion d\u2019un migrant clandestin du Congo","datePublished":"2025-12-03T15:07:57+00:00","dateModified":"2025-12-03T15:08:35+00:00","mainEntityOfPage":{"@id":"https:\/\/stourm.news\/?p=5192"},"wordCount":165,"commentCount":0,"publisher":{"@id":"https:\/\/stourm.news\/#organization"},"image":{"@id":"https:\/\/stourm.news\/?p=5192#primaryimage"},"thumbnailUrl":"https:\/\/stourm.news\/wp-content\/uploads\/2025\/12\/692ef2720e70f6ee1b0b1a96.1.webp","articleSection":["C\u00f4tes d'Armor","Immigration","Principale","Revue de presse"],"inLanguage":"fr-FR","potentialAction":[{"@type":"CommentAction","name":"Comment","target":["https:\/\/stourm.news\/?p=5192#respond"]}]},{"@type":"WebPage","@id":"https:\/\/stourm.news\/?p=5192","url":"https:\/\/stourm.news\/?p=5192","name":"Saint-Brieuc : le Stade Briochin appelle \u00e0 manifester pour bloquer l\u2019expulsion d\u2019un migrant clandestin du Congo - STOURM","isPartOf":{"@id":"https:\/\/stourm.news\/#website"},"primaryImageOfPage":{"@id":"https:\/\/stourm.news\/?p=5192#primaryimage"},"image":{"@id":"https:\/\/stourm.news\/?p=5192#primaryimage"},"thumbnailUrl":"https:\/\/stourm.news\/wp-content\/uploads\/2025\/12\/692ef2720e70f6ee1b0b1a96.1.webp","datePublished":"2025-12-03T15:07:57+00:00","dateModified":"2025-12-03T15:08:35+00:00","breadcrumb":{"@id":"https:\/\/stourm.news\/?p=5192#breadcrumb"},"inLanguage":"fr-FR","potentialAction":[{"@type":"ReadAction","target":["https:\/\/stourm.news\/?p=5192"]}]},{"@type":"ImageObject","inLanguage":"fr-FR","@id":"https:\/\/stourm.news\/?p=5192#primaryimage","url":"https:\/\/stourm.news\/wp-content\/uploads\/2025\/12\/692ef2720e70f6ee1b0b1a96.1.webp","contentUrl":"https:\/\/stourm.news\/wp-content\/uploads\/2025\/12\/692ef2720e70f6ee1b0b1a96.1.webp","width":1200,"height":750},{"@type":"BreadcrumbList","@id":"https:\/\/stourm.news\/?p=5192#breadcrumb","itemListElement":[{"@type":"ListItem","position":1,"name":"Accueil","item":"https:\/\/stourm.news\/"},{"@type":"ListItem","position":2,"name":"Saint-Brieuc : le Stade Briochin appelle \u00e0 manifester pour bloquer l\u2019expulsion d\u2019un migrant clandestin du Congo"}]},{"@type":"WebSite","@id":"https:\/\/stourm.news\/#website","url":"https:\/\/stourm.news\/","name":"Stourm","description":"Kazetenn Strollad Broadel Breizh","publisher":{"@id":"https:\/\/stourm.news\/#organization"},"potentialAction":[{"@type":"SearchAction","target":{"@type":"EntryPoint","urlTemplate":"https:\/\/stourm.news\/?s={search_term_string}"},"query-input":{"@type":"PropertyValueSpecification","valueRequired":true,"valueName":"search_term_string"}}],"inLanguage":"fr-FR"},{"@type":"Organization","@id":"https:\/\/stourm.news\/#organization","name":"Stourm","url":"https:\/\/stourm.news\/","logo":{"@type":"ImageObject","inLanguage":"fr-FR","@id":"https:\/\/stourm.news\/#\/schema\/logo\/image\/","url":"https:\/\/stourm.news\/wp-content\/uploads\/2025\/11\/cropped-Capture-decran-2025-11-28-a-15.19.07.png","contentUrl":"https:\/\/stourm.news\/wp-content\/uploads\/2025\/11\/cropped-Capture-decran-2025-11-28-a-15.19.07.png","width":1855,"height":383,"caption":"Stourm"},"image":{"@id":"https:\/\/stourm.news\/#\/schema\/logo\/image\/"},"sameAs":["https:\/\/www.facebook.com\/stourmnews\/"]},{"@type":"Person","@id":"https:\/\/stourm.news\/#\/schema\/person\/c3e1dc65988632e190969234ef046cf9","name":"La r\u00e9daction","image":{"@type":"ImageObject","inLanguage":"fr-FR","@id":"https:\/\/stourm.news\/#\/schema\/person\/image\/","url":"https:\/\/secure.gravatar.com\/avatar\/7463443f194b6b5fb706b074ca0ef59a0cfcfd720cb47764b0ec5a952ce422b3?s=96&d=mm&r=g","contentUrl":"https:\/\/secure.gravatar.com\/avatar\/7463443f194b6b5fb706b074ca0ef59a0cfcfd720cb47764b0ec5a952ce422b3?s=96&d=mm&r=g","caption":"La r\u00e9daction"},"sameAs":["https:\/\/stourm.news"],"url":"https:\/\/stourm.news\/?author=1"}]}},"_links":{"self":[{"href":"https:\/\/stourm.news\/index.php?rest_route=\/wp\/v2\/posts\/5192","targetHints":{"allow":["GET"]}}],"collection":[{"href":"https:\/\/stourm.news\/index.php?rest_route=\/wp\/v2\/posts"}],"about":[{"href":"https:\/\/stourm.news\/index.php?rest_route=\/wp\/v2\/types\/post"}],"author":[{"embeddable":true,"href":"https:\/\/stourm.news\/index.php?rest_route=\/wp\/v2\/users\/1"}],"replies":[{"embeddable":true,"href":"https:\/\/stourm.news\/index.php?rest_route=%2Fwp%2Fv2%2Fcomments&post=5192"}],"version-history":[{"count":2,"href":"https:\/\/stourm.news\/index.php?rest_route=\/wp\/v2\/posts\/5192\/revisions"}],"predecessor-version":[{"id":5195,"href":"https:\/\/stourm.news\/index.php?rest_route=\/wp\/v2\/posts\/5192\/revisions\/5195"}],"wp:featuredmedia":[{"embeddable":true,"href":"https:\/\/stourm.news\/index.php?rest_route=\/wp\/v2\/media\/5193"}],"wp:attachment":[{"href":"https:\/\/stourm.news\/index.php?rest_route=%2Fwp%2Fv2%2Fmedia&parent=5192"}],"wp:term":[{"taxonomy":"category","embeddable":true,"href":"https:\/\/stourm.news\/index.php?rest_route=%2Fwp%2Fv2%2Fcategories&post=5192"},{"taxonomy":"post_tag","embeddable":true,"href":"https:\/\/stourm.news\/index.php?rest_route=%2Fwp%2Fv2%2Ftags&post=5192"}],"curies":[{"name":"wp","href":"https:\/\/api.w.org\/{rel}","templated":true}]}}