{"id":5200,"date":"2025-12-04T04:28:28","date_gmt":"2025-12-04T04:28:28","guid":{"rendered":"https:\/\/stourm.news\/?p=5200"},"modified":"2025-12-04T04:29:12","modified_gmt":"2025-12-04T04:29:12","slug":"pologne-le-parti-communiste-enfin-interdit","status":"publish","type":"post","link":"https:\/\/stourm.news\/?p=5200","title":{"rendered":"Pologne : la justice ordonne l&rsquo;interdiction du Parti communiste"},"content":{"rendered":"<p style=\"text-align: justify;\"><span style=\"font-family: arial, helvetica, sans-serif; font-size: 14pt;\">Le 3 d\u00e9cembre 2025, le Tribunal Constitutionnel polonais a d\u00e9clar\u00e9 le Parti Communiste de Pologne (Komunistyczna Partia Polski, KPP) ill\u00e9gal et a ordonn\u00e9 sa dissolution imm\u00e9diate. Cette d\u00e9cision marque une nouvelle \u00e9tape dans la lutte de la Pologne contre les id\u00e9ologies consid\u00e9r\u00e9es comme totalitaires. <\/span><\/p>\n<p style=\"text-align: justify;\"><span style=\"font-family: arial, helvetica, sans-serif; font-size: 14pt;\"><strong>Un parti au pass\u00e9 charg\u00e9<\/strong><\/span><\/p>\n<p style=\"text-align: justify;\"><span style=\"font-family: arial, helvetica, sans-serif; font-size: 14pt;\">Le Parti Communiste de Pologne a \u00e9t\u00e9 fond\u00e9 en 1918 sous le nom de Parti Ouvrier Communiste de Pologne. D\u00e8s ses d\u00e9buts, il s\u2019opposait \u00e0 l\u2019ind\u00e9pendance de la Deuxi\u00e8me R\u00e9publique polonaise et soutenait ouvertement les Bolcheviques russes pendant la guerre polono-sovi\u00e9tique de 1920. Membre du Komintern, il fut dissous par Staline lui-m\u00eame en 1938, accus\u00e9 de \u00ab trotskysme \u00bb et d\u2019ind\u00e9pendance excessive ; la quasi-totalit\u00e9 de ses dirigeants r\u00e9fugi\u00e9s en URSS fut alors ex\u00e9cut\u00e9e lors des Grandes Purges.<\/span><\/p>\n<p style=\"text-align: justify;\"><span style=\"font-family: arial, helvetica, sans-serif; font-size: 14pt;\">Apr\u00e8s la Seconde Guerre mondiale, un nouveau parti communiste fut recr\u00e9\u00e9 (le PPR, puis le PZPR) qui dirigea la Pologne populaire jusqu\u2019en 1989. Le KPP actuel a \u00e9t\u00e9 refond\u00e9 en 2002 par des militants qui se r\u00e9clament de la tradition pr\u00e9-1938 et non du parti stalinien d\u2019apr\u00e8s-guerre. Tr\u00e8s marginal (aucun \u00e9lu, peu de membres), il avait m\u00eame modifi\u00e9 ses statuts en 2015 pour supprimer toute r\u00e9f\u00e9rence \u00e0 la \u00ab r\u00e9volution communiste \u00bb et tenter d\u2019\u00e9chapper aux poursuites.<\/span><\/p>\n<p style=\"text-align: justify;\"><span style=\"font-family: arial, helvetica, sans-serif; font-size: 14pt;\"><strong>Une proc\u00e9dure longue de cinq ans<\/strong><\/span><\/p>\n<p style=\"text-align: justify;\"><span style=\"font-family: arial, helvetica, sans-serif; font-size: 14pt;\">La proc\u00e9dure d\u2019interdiction a \u00e9t\u00e9 lanc\u00e9e il y a cinq ans par l\u2019ancien ministre de la Justice Zbigniew Ziobro (du parti Droit et Justice), puis relanc\u00e9e en novembre 2025 par le pr\u00e9sident de l\u2019Institut de la M\u00e9moire Nationale, Karol Nawrocki. Les requ\u00e9rants estimaient que, malgr\u00e9 les modifications de forme, le KPP continuait de promouvoir un syst\u00e8me totalitaire inspir\u00e9 du mod\u00e8le sovi\u00e9tique.<\/span><\/p>\n<p style=\"text-align: justify;\"><span style=\"font-family: arial, helvetica, sans-serif; font-size: 14pt;\">Le Tribunal Constitutionnel, pr\u00e9sid\u00e9 par la juge Krystyna Paw\u0142owicz, a estim\u00e9 que le programme et les activit\u00e9s du parti violaient l\u2019article 13 de la Constitution polonaise, qui interdit explicitement les organisations dont le programme ou l\u2019activit\u00e9 \u00ab se r\u00e9f\u00e8rent au totalitarisme communiste \u00bb ainsi que celles pr\u00f4nant la haine ou recourant \u00e0 la violence pour prendre le pouvoir.<\/span><\/p>\n<p style=\"text-align: justify;\"><span style=\"font-family: arial, helvetica, sans-serif; font-size: 14pt;\"><strong>Les arguments des deux c\u00f4t\u00e9s<\/strong><\/span><\/p>\n<p style=\"text-align: justify;\"><span style=\"font-family: arial, helvetica, sans-serif; font-size: 14pt;\">Pour les autorit\u00e9s polonaises et une grande partie de l\u2019opinion publique, il n\u2019y a tout simplement pas de place, dans un \u00c9tat d\u00e9mocratique, pour un parti qui glorifie une id\u00e9ologie responsable de dizaines de millions de morts, dont plusieurs centaines de milliers de Polonais pendant et apr\u00e8s la Seconde Guerre mondiale.<\/span><\/p>\n<p style=\"text-align: justify;\"><span style=\"font-family: arial, helvetica, sans-serif; font-size: 14pt;\">Le KPP, de son c\u00f4t\u00e9, se d\u00e9fendait en soulignant qu\u2019il fonctionnait de fa\u00e7on parfaitement d\u00e9mocratique : il participait aux \u00e9lections (sans jamais obtenir le moindre si\u00e8ge) et acceptait le verdict des urnes. Ses repr\u00e9sentants affirmaient que interdire un parti uniquement pour ses id\u00e9es, m\u00eame extr\u00eames, constituait une atteinte grave \u00e0 la libert\u00e9 d\u2019expression et au pluralisme politique.<\/span><\/p>\n<p style=\"text-align: justify;\"><span style=\"font-family: arial, helvetica, sans-serif; font-size: 14pt;\"><strong>R\u00e9actions et d\u00e9bats<\/strong><\/span><\/p>\n<p style=\"text-align: justify;\"><span style=\"font-family: arial, helvetica, sans-serif; font-size: 14pt;\">Des partis communistes et ouvriers europ\u00e9ens ont protest\u00e9, organisant des manifestations (notamment en Gr\u00e8ce et en Irlande) et publiant une d\u00e9claration commune d\u00e9non\u00e7ant une \u00ab criminalisation de l\u2019id\u00e9e communiste \u00bb. \u00c0 droite et au centre, au contraire, la dissolution est salu\u00e9e comme une mesure de protection de la d\u00e9mocratie et de la m\u00e9moire des victimes du communisme.<\/span><\/p>\n<p style=\"text-align: justify;\"><span style=\"font-family: arial, helvetica, sans-serif; font-size: 14pt;\"><strong>Cons\u00e9quences<\/strong><\/span><\/p>\n<p style=\"text-align: justify;\"><span style=\"font-family: arial, helvetica, sans-serif; font-size: 14pt;\">Le KPP doit d\u00e9sormais \u00eatre radi\u00e9 du registre des partis politiques par le tribunal de district de Varsovie. Ses membres ne pourront plus se pr\u00e9senter sous cette \u00e9tiquette ni utiliser ses symboles. Cette interdiction renforce la l\u00e9gislation polonaise d\u00e9j\u00e0 tr\u00e8s stricte sur les symboles et la propagande communiste (falcille et marteau, \u00e9toile rouge, etc., interdits depuis 2009 dans l\u2019espace public).<\/span><\/p>\n<p style=\"text-align: justify;\"><span style=\"font-family: arial, helvetica, sans-serif; font-size: 14pt;\">Dans un pays o\u00f9 le souvenir du r\u00e9gime communiste reste extr\u00eamement douloureux, cette d\u00e9cision \u00e9tait attendue par beaucoup. La Bretagne gagnera \u00e0 s&rsquo;inspirer de cette politique de d\u00e9communisation pour en finir avec les prurits du marxisme incompatibles avec sa culture et sa tradition.<\/span><\/p>\n<p style=\"text-align: right;\"><span style=\"font-family: arial, helvetica, sans-serif; font-size: 14pt;\"><strong>Budig Gourmaelon<\/strong><\/span><\/p>\n","protected":false},"excerpt":{"rendered":"<p>Le 3 d\u00e9cembre 2025, le Tribunal Constitutionnel polonais a d\u00e9clar\u00e9 le Parti Communiste de Pologne (Komunistyczna Partia Polski, KPP) ill\u00e9gal et a ordonn\u00e9 sa dissolution imm\u00e9diate. Cette d\u00e9cision marque une nouvelle \u00e9tape dans la lutte de la Pologne contre les id\u00e9ologies consid\u00e9r\u00e9es comme totalitaires. Un parti au pass\u00e9 charg\u00e9 Le Parti Communiste de Pologne a [&hellip;]<\/p>\n","protected":false},"author":1,"featured_media":5201,"comment_status":"open","ping_status":"open","sticky":false,"template":"","format":"standard","meta":{"sb_editor_width":"","footnotes":""},"categories":[36,66,65],"tags":[],"class_list":["post-5200","post","type-post","status-publish","format-standard","has-post-thumbnail","hentry","category-extreme-gauche","category-international","category-principale"],"relative_dates":{"created":"5 mois ago","modified":"5 mois ago"},"yoast_head":"<!-- This site is optimized with the Yoast SEO plugin v26.3 - https:\/\/yoast.com\/wordpress\/plugins\/seo\/ -->\n<title>Pologne : la justice ordonne l&#039;interdiction du Parti communiste - STOURM<\/title>\n<meta name=\"robots\" content=\"index, follow, max-snippet:-1, max-image-preview:large, max-video-preview:-1\" \/>\n<link rel=\"canonical\" href=\"https:\/\/stourm.news\/?p=5200\" \/>\n<meta property=\"og:locale\" content=\"fr_FR\" \/>\n<meta property=\"og:type\" content=\"article\" \/>\n<meta property=\"og:title\" content=\"Pologne : la justice ordonne l&#039;interdiction du Parti communiste - STOURM\" \/>\n<meta property=\"og:description\" content=\"Le 3 d\u00e9cembre 2025, le Tribunal Constitutionnel polonais a d\u00e9clar\u00e9 le Parti Communiste de Pologne (Komunistyczna Partia Polski, KPP) ill\u00e9gal et a ordonn\u00e9 sa dissolution imm\u00e9diate. Cette d\u00e9cision marque une nouvelle \u00e9tape dans la lutte de la Pologne contre les id\u00e9ologies consid\u00e9r\u00e9es comme totalitaires. Un parti au pass\u00e9 charg\u00e9 Le Parti Communiste de Pologne a [&hellip;]\" \/>\n<meta property=\"og:url\" content=\"https:\/\/stourm.news\/?p=5200\" \/>\n<meta property=\"og:site_name\" content=\"STOURM\" \/>\n<meta property=\"article:publisher\" content=\"https:\/\/www.facebook.com\/stourmnews\/\" \/>\n<meta property=\"article:published_time\" content=\"2025-12-04T04:28:28+00:00\" \/>\n<meta property=\"article:modified_time\" content=\"2025-12-04T04:29:12+00:00\" \/>\n<meta name=\"author\" content=\"La r\u00e9daction\" \/>\n<meta name=\"twitter:card\" content=\"summary_large_image\" \/>\n<meta name=\"twitter:label1\" content=\"\u00c9crit par\" \/>\n\t<meta name=\"twitter:data1\" content=\"La r\u00e9daction\" \/>\n\t<meta name=\"twitter:label2\" content=\"Dur\u00e9e de lecture estim\u00e9e\" \/>\n\t<meta name=\"twitter:data2\" content=\"4 minutes\" \/>\n<script type=\"application\/ld+json\" class=\"yoast-schema-graph\">{\"@context\":\"https:\/\/schema.org\",\"@graph\":[{\"@type\":\"Article\",\"@id\":\"https:\/\/stourm.news\/?p=5200#article\",\"isPartOf\":{\"@id\":\"https:\/\/stourm.news\/?p=5200\"},\"author\":{\"name\":\"La r\u00e9daction\",\"@id\":\"https:\/\/stourm.news\/#\/schema\/person\/c3e1dc65988632e190969234ef046cf9\"},\"headline\":\"Pologne : la justice ordonne l&rsquo;interdiction du Parti communiste\",\"datePublished\":\"2025-12-04T04:28:28+00:00\",\"dateModified\":\"2025-12-04T04:29:12+00:00\",\"mainEntityOfPage\":{\"@id\":\"https:\/\/stourm.news\/?p=5200\"},\"wordCount\":689,\"commentCount\":0,\"publisher\":{\"@id\":\"https:\/\/stourm.news\/#organization\"},\"image\":{\"@id\":\"https:\/\/stourm.news\/?p=5200#primaryimage\"},\"thumbnailUrl\":\"https:\/\/stourm.news\/wp-content\/uploads\/2025\/12\/SK140315_027a_50-1080x675-1.jpg\",\"articleSection\":[\"Extr\u00eame-gauche\",\"International\",\"Principale\"],\"inLanguage\":\"fr-FR\",\"potentialAction\":[{\"@type\":\"CommentAction\",\"name\":\"Comment\",\"target\":[\"https:\/\/stourm.news\/?p=5200#respond\"]}]},{\"@type\":\"WebPage\",\"@id\":\"https:\/\/stourm.news\/?p=5200\",\"url\":\"https:\/\/stourm.news\/?p=5200\",\"name\":\"Pologne : la justice ordonne l'interdiction du Parti communiste - STOURM\",\"isPartOf\":{\"@id\":\"https:\/\/stourm.news\/#website\"},\"primaryImageOfPage\":{\"@id\":\"https:\/\/stourm.news\/?p=5200#primaryimage\"},\"image\":{\"@id\":\"https:\/\/stourm.news\/?p=5200#primaryimage\"},\"thumbnailUrl\":\"https:\/\/stourm.news\/wp-content\/uploads\/2025\/12\/SK140315_027a_50-1080x675-1.jpg\",\"datePublished\":\"2025-12-04T04:28:28+00:00\",\"dateModified\":\"2025-12-04T04:29:12+00:00\",\"breadcrumb\":{\"@id\":\"https:\/\/stourm.news\/?p=5200#breadcrumb\"},\"inLanguage\":\"fr-FR\",\"potentialAction\":[{\"@type\":\"ReadAction\",\"target\":[\"https:\/\/stourm.news\/?p=5200\"]}]},{\"@type\":\"ImageObject\",\"inLanguage\":\"fr-FR\",\"@id\":\"https:\/\/stourm.news\/?p=5200#primaryimage\",\"url\":\"https:\/\/stourm.news\/wp-content\/uploads\/2025\/12\/SK140315_027a_50-1080x675-1.jpg\",\"contentUrl\":\"https:\/\/stourm.news\/wp-content\/uploads\/2025\/12\/SK140315_027a_50-1080x675-1.jpg\",\"width\":1080,\"height\":675,\"caption\":\"15.03.2014 Warszawa , Ul Kasprzaka przy Bema . Uroczystosc odsloniecia pomnika Ludwika Warynskiego , po 8 latach przrechowywania go w magazynach Bumaru . Fot. Slawomir Kaminski \/ Agencja Wyborcza.pl\"},{\"@type\":\"BreadcrumbList\",\"@id\":\"https:\/\/stourm.news\/?p=5200#breadcrumb\",\"itemListElement\":[{\"@type\":\"ListItem\",\"position\":1,\"name\":\"Accueil\",\"item\":\"https:\/\/stourm.news\/\"},{\"@type\":\"ListItem\",\"position\":2,\"name\":\"Pologne : la justice ordonne l&rsquo;interdiction du Parti communiste\"}]},{\"@type\":\"WebSite\",\"@id\":\"https:\/\/stourm.news\/#website\",\"url\":\"https:\/\/stourm.news\/\",\"name\":\"Stourm\",\"description\":\"Kazetenn Strollad Broadel Breizh\",\"publisher\":{\"@id\":\"https:\/\/stourm.news\/#organization\"},\"potentialAction\":[{\"@type\":\"SearchAction\",\"target\":{\"@type\":\"EntryPoint\",\"urlTemplate\":\"https:\/\/stourm.news\/?s={search_term_string}\"},\"query-input\":{\"@type\":\"PropertyValueSpecification\",\"valueRequired\":true,\"valueName\":\"search_term_string\"}}],\"inLanguage\":\"fr-FR\"},{\"@type\":\"Organization\",\"@id\":\"https:\/\/stourm.news\/#organization\",\"name\":\"Stourm\",\"url\":\"https:\/\/stourm.news\/\",\"logo\":{\"@type\":\"ImageObject\",\"inLanguage\":\"fr-FR\",\"@id\":\"https:\/\/stourm.news\/#\/schema\/logo\/image\/\",\"url\":\"https:\/\/stourm.news\/wp-content\/uploads\/2025\/11\/cropped-Capture-decran-2025-11-28-a-15.19.07.png\",\"contentUrl\":\"https:\/\/stourm.news\/wp-content\/uploads\/2025\/11\/cropped-Capture-decran-2025-11-28-a-15.19.07.png\",\"width\":1855,\"height\":383,\"caption\":\"Stourm\"},\"image\":{\"@id\":\"https:\/\/stourm.news\/#\/schema\/logo\/image\/\"},\"sameAs\":[\"https:\/\/www.facebook.com\/stourmnews\/\"]},{\"@type\":\"Person\",\"@id\":\"https:\/\/stourm.news\/#\/schema\/person\/c3e1dc65988632e190969234ef046cf9\",\"name\":\"La r\u00e9daction\",\"image\":{\"@type\":\"ImageObject\",\"inLanguage\":\"fr-FR\",\"@id\":\"https:\/\/stourm.news\/#\/schema\/person\/image\/\",\"url\":\"https:\/\/secure.gravatar.com\/avatar\/7463443f194b6b5fb706b074ca0ef59a0cfcfd720cb47764b0ec5a952ce422b3?s=96&d=mm&r=g\",\"contentUrl\":\"https:\/\/secure.gravatar.com\/avatar\/7463443f194b6b5fb706b074ca0ef59a0cfcfd720cb47764b0ec5a952ce422b3?s=96&d=mm&r=g\",\"caption\":\"La r\u00e9daction\"},\"sameAs\":[\"https:\/\/stourm.news\"],\"url\":\"https:\/\/stourm.news\/?author=1\"}]}<\/script>\n<!-- \/ Yoast SEO plugin. -->","yoast_head_json":{"title":"Pologne : la justice ordonne l'interdiction du Parti communiste - STOURM","robots":{"index":"index","follow":"follow","max-snippet":"max-snippet:-1","max-image-preview":"max-image-preview:large","max-video-preview":"max-video-preview:-1"},"canonical":"https:\/\/stourm.news\/?p=5200","og_locale":"fr_FR","og_type":"article","og_title":"Pologne : la justice ordonne l'interdiction du Parti communiste - STOURM","og_description":"Le 3 d\u00e9cembre 2025, le Tribunal Constitutionnel polonais a d\u00e9clar\u00e9 le Parti Communiste de Pologne (Komunistyczna Partia Polski, KPP) ill\u00e9gal et a ordonn\u00e9 sa dissolution imm\u00e9diate. Cette d\u00e9cision marque une nouvelle \u00e9tape dans la lutte de la Pologne contre les id\u00e9ologies consid\u00e9r\u00e9es comme totalitaires. Un parti au pass\u00e9 charg\u00e9 Le Parti Communiste de Pologne a [&hellip;]","og_url":"https:\/\/stourm.news\/?p=5200","og_site_name":"STOURM","article_publisher":"https:\/\/www.facebook.com\/stourmnews\/","article_published_time":"2025-12-04T04:28:28+00:00","article_modified_time":"2025-12-04T04:29:12+00:00","author":"La r\u00e9daction","twitter_card":"summary_large_image","twitter_misc":{"\u00c9crit par":"La r\u00e9daction","Dur\u00e9e de lecture estim\u00e9e":"4 minutes"},"schema":{"@context":"https:\/\/schema.org","@graph":[{"@type":"Article","@id":"https:\/\/stourm.news\/?p=5200#article","isPartOf":{"@id":"https:\/\/stourm.news\/?p=5200"},"author":{"name":"La r\u00e9daction","@id":"https:\/\/stourm.news\/#\/schema\/person\/c3e1dc65988632e190969234ef046cf9"},"headline":"Pologne : la justice ordonne l&rsquo;interdiction du Parti communiste","datePublished":"2025-12-04T04:28:28+00:00","dateModified":"2025-12-04T04:29:12+00:00","mainEntityOfPage":{"@id":"https:\/\/stourm.news\/?p=5200"},"wordCount":689,"commentCount":0,"publisher":{"@id":"https:\/\/stourm.news\/#organization"},"image":{"@id":"https:\/\/stourm.news\/?p=5200#primaryimage"},"thumbnailUrl":"https:\/\/stourm.news\/wp-content\/uploads\/2025\/12\/SK140315_027a_50-1080x675-1.jpg","articleSection":["Extr\u00eame-gauche","International","Principale"],"inLanguage":"fr-FR","potentialAction":[{"@type":"CommentAction","name":"Comment","target":["https:\/\/stourm.news\/?p=5200#respond"]}]},{"@type":"WebPage","@id":"https:\/\/stourm.news\/?p=5200","url":"https:\/\/stourm.news\/?p=5200","name":"Pologne : la justice ordonne l'interdiction du Parti communiste - STOURM","isPartOf":{"@id":"https:\/\/stourm.news\/#website"},"primaryImageOfPage":{"@id":"https:\/\/stourm.news\/?p=5200#primaryimage"},"image":{"@id":"https:\/\/stourm.news\/?p=5200#primaryimage"},"thumbnailUrl":"https:\/\/stourm.news\/wp-content\/uploads\/2025\/12\/SK140315_027a_50-1080x675-1.jpg","datePublished":"2025-12-04T04:28:28+00:00","dateModified":"2025-12-04T04:29:12+00:00","breadcrumb":{"@id":"https:\/\/stourm.news\/?p=5200#breadcrumb"},"inLanguage":"fr-FR","potentialAction":[{"@type":"ReadAction","target":["https:\/\/stourm.news\/?p=5200"]}]},{"@type":"ImageObject","inLanguage":"fr-FR","@id":"https:\/\/stourm.news\/?p=5200#primaryimage","url":"https:\/\/stourm.news\/wp-content\/uploads\/2025\/12\/SK140315_027a_50-1080x675-1.jpg","contentUrl":"https:\/\/stourm.news\/wp-content\/uploads\/2025\/12\/SK140315_027a_50-1080x675-1.jpg","width":1080,"height":675,"caption":"15.03.2014 Warszawa , Ul Kasprzaka przy Bema . Uroczystosc odsloniecia pomnika Ludwika Warynskiego , po 8 latach przrechowywania go w magazynach Bumaru . Fot. Slawomir Kaminski \/ Agencja Wyborcza.pl"},{"@type":"BreadcrumbList","@id":"https:\/\/stourm.news\/?p=5200#breadcrumb","itemListElement":[{"@type":"ListItem","position":1,"name":"Accueil","item":"https:\/\/stourm.news\/"},{"@type":"ListItem","position":2,"name":"Pologne : la justice ordonne l&rsquo;interdiction du Parti communiste"}]},{"@type":"WebSite","@id":"https:\/\/stourm.news\/#website","url":"https:\/\/stourm.news\/","name":"Stourm","description":"Kazetenn Strollad Broadel Breizh","publisher":{"@id":"https:\/\/stourm.news\/#organization"},"potentialAction":[{"@type":"SearchAction","target":{"@type":"EntryPoint","urlTemplate":"https:\/\/stourm.news\/?s={search_term_string}"},"query-input":{"@type":"PropertyValueSpecification","valueRequired":true,"valueName":"search_term_string"}}],"inLanguage":"fr-FR"},{"@type":"Organization","@id":"https:\/\/stourm.news\/#organization","name":"Stourm","url":"https:\/\/stourm.news\/","logo":{"@type":"ImageObject","inLanguage":"fr-FR","@id":"https:\/\/stourm.news\/#\/schema\/logo\/image\/","url":"https:\/\/stourm.news\/wp-content\/uploads\/2025\/11\/cropped-Capture-decran-2025-11-28-a-15.19.07.png","contentUrl":"https:\/\/stourm.news\/wp-content\/uploads\/2025\/11\/cropped-Capture-decran-2025-11-28-a-15.19.07.png","width":1855,"height":383,"caption":"Stourm"},"image":{"@id":"https:\/\/stourm.news\/#\/schema\/logo\/image\/"},"sameAs":["https:\/\/www.facebook.com\/stourmnews\/"]},{"@type":"Person","@id":"https:\/\/stourm.news\/#\/schema\/person\/c3e1dc65988632e190969234ef046cf9","name":"La r\u00e9daction","image":{"@type":"ImageObject","inLanguage":"fr-FR","@id":"https:\/\/stourm.news\/#\/schema\/person\/image\/","url":"https:\/\/secure.gravatar.com\/avatar\/7463443f194b6b5fb706b074ca0ef59a0cfcfd720cb47764b0ec5a952ce422b3?s=96&d=mm&r=g","contentUrl":"https:\/\/secure.gravatar.com\/avatar\/7463443f194b6b5fb706b074ca0ef59a0cfcfd720cb47764b0ec5a952ce422b3?s=96&d=mm&r=g","caption":"La r\u00e9daction"},"sameAs":["https:\/\/stourm.news"],"url":"https:\/\/stourm.news\/?author=1"}]}},"_links":{"self":[{"href":"https:\/\/stourm.news\/index.php?rest_route=\/wp\/v2\/posts\/5200","targetHints":{"allow":["GET"]}}],"collection":[{"href":"https:\/\/stourm.news\/index.php?rest_route=\/wp\/v2\/posts"}],"about":[{"href":"https:\/\/stourm.news\/index.php?rest_route=\/wp\/v2\/types\/post"}],"author":[{"embeddable":true,"href":"https:\/\/stourm.news\/index.php?rest_route=\/wp\/v2\/users\/1"}],"replies":[{"embeddable":true,"href":"https:\/\/stourm.news\/index.php?rest_route=%2Fwp%2Fv2%2Fcomments&post=5200"}],"version-history":[{"count":2,"href":"https:\/\/stourm.news\/index.php?rest_route=\/wp\/v2\/posts\/5200\/revisions"}],"predecessor-version":[{"id":5203,"href":"https:\/\/stourm.news\/index.php?rest_route=\/wp\/v2\/posts\/5200\/revisions\/5203"}],"wp:featuredmedia":[{"embeddable":true,"href":"https:\/\/stourm.news\/index.php?rest_route=\/wp\/v2\/media\/5201"}],"wp:attachment":[{"href":"https:\/\/stourm.news\/index.php?rest_route=%2Fwp%2Fv2%2Fmedia&parent=5200"}],"wp:term":[{"taxonomy":"category","embeddable":true,"href":"https:\/\/stourm.news\/index.php?rest_route=%2Fwp%2Fv2%2Fcategories&post=5200"},{"taxonomy":"post_tag","embeddable":true,"href":"https:\/\/stourm.news\/index.php?rest_route=%2Fwp%2Fv2%2Ftags&post=5200"}],"curies":[{"name":"wp","href":"https:\/\/api.w.org\/{rel}","templated":true}]}}