{"id":5221,"date":"2025-12-05T09:59:03","date_gmt":"2025-12-05T09:59:03","guid":{"rendered":"https:\/\/stourm.news\/?p=5221"},"modified":"2025-12-05T09:59:03","modified_gmt":"2025-12-05T09:59:03","slug":"grand-remplacement-a-gwened-vannes-letat-francais-distribue-sa-nationalite-de-papier-a-des-migrants-de-18-pays-differents","status":"publish","type":"post","link":"https:\/\/stourm.news\/?p=5221","title":{"rendered":"Grand Remplacement : \u00e0 Gwened (Vannes), l&rsquo;\u00c9tat fran\u00e7ais distribue sa nationalit\u00e9 de papier \u00e0 des migrants de 18 pays diff\u00e9rents"},"content":{"rendered":"<p style=\"text-align: justify;\"><span style=\"font-family: arial, helvetica, sans-serif; font-size: 14pt;\">Avant-hier apr\u00e8s-midi, dans la salle des f\u00eates de la pr\u00e9fecture du Morbihan, vingt-huit personnes originaires de <strong>dix-huit pays diff\u00e9rents<\/strong> et de <strong>trois continents<\/strong> ont officiellement acquis la nationalit\u00e9 fran\u00e7aise, ou ce qui en tient lieu, lors d\u2019une c\u00e9r\u00e9monie pr\u00e9sid\u00e9e par le sous-pr\u00e9fet de Lorient, St\u00e9phane Jarl\u00e9gand, repr\u00e9sentant l&rsquo;\u00c9tat fran\u00e7ais occupant en Bretagne.<\/span><\/p>\n<p style=\"text-align: justify;\"><span style=\"font-family: arial, helvetica, sans-serif; font-size: 14pt;\">Parmi les nouveaux citoyens figurent notamment Ahmadou Djawa, 52 ans, arriv\u00e9 du Cameroun il y a dix ans. Ayant renonc\u00e9 \u00e0 sa nationalit\u00e9 d\u2019origine \u2013 le Cameroun n\u2019autorisant pas la double nationalit\u00e9 avec la France \u2013, il a d\u00e9clar\u00e9 devant l\u2019assembl\u00e9e : \u00ab J\u2019aime la langue fran\u00e7aise depuis le Cameroun, colonis\u00e9 par la France. Ici, je retrouve les valeurs de la R\u00e9publique, de paix. \u00bb<\/span><\/p>\n<p style=\"text-align: justify;\"><span style=\"font-family: arial, helvetica, sans-serif; font-size: 14pt;\">La c\u00e9r\u00e9monie s\u2019est achev\u00e9e par la remise solennelle des d\u00e9crets de naturalisation, la lecture de la Charte des droits et devoirs du citoyen fran\u00e7ais et l\u2019ex\u00e9cution de La Marseillaise. \u00ab\u00a0Nous vous accueillons dans la maison de la R\u00e9publique fran\u00e7aise\u00a0\u00bb, a tonn\u00e9 le repr\u00e9sentant de l&rsquo;\u00c9tat fran\u00e7ais, St\u00e9phane Jarl\u00e9gand. En effet, ce n&rsquo;est pas la maison de la Patrie bretonne qui organise le remplacement du peuple breton \u00e0 marche forc\u00e9e.\u00a0<\/span><\/p>\n<p style=\"text-align: right;\"><span style=\"font-family: arial, helvetica, sans-serif; font-size: 14pt;\"><strong>Ewen Broc&rsquo;han<\/strong><\/span><\/p>\n<p>&nbsp;<\/p>\n","protected":false},"excerpt":{"rendered":"<p>Avant-hier apr\u00e8s-midi, dans la salle des f\u00eates de la pr\u00e9fecture du Morbihan, vingt-huit personnes originaires de dix-huit pays diff\u00e9rents et de trois continents ont officiellement acquis la nationalit\u00e9 fran\u00e7aise, ou ce qui en tient lieu, lors d\u2019une c\u00e9r\u00e9monie pr\u00e9sid\u00e9e par le sous-pr\u00e9fet de Lorient, St\u00e9phane Jarl\u00e9gand, repr\u00e9sentant l&rsquo;\u00c9tat fran\u00e7ais occupant en Bretagne. Parmi les nouveaux [&hellip;]<\/p>\n","protected":false},"author":1,"featured_media":5223,"comment_status":"open","ping_status":"open","sticky":false,"template":"","format":"standard","meta":{"sb_editor_width":"","footnotes":""},"categories":[33,40,86,65,62],"tags":[],"class_list":["post-5221","post","type-post","status-publish","format-standard","has-post-thumbnail","hentry","category-immigration","category-morbihan","category-multiculturalisme","category-principale","category-revue-de-presse"],"relative_dates":{"created":"5 mois ago","modified":"5 mois ago"},"yoast_head":"<!-- This site is optimized with the Yoast SEO plugin v26.3 - https:\/\/yoast.com\/wordpress\/plugins\/seo\/ -->\n<title>Grand Remplacement : \u00e0 Gwened (Vannes), l&#039;\u00c9tat fran\u00e7ais distribue sa nationalit\u00e9 de papier \u00e0 des migrants de 18 pays diff\u00e9rents - STOURM<\/title>\n<meta name=\"robots\" content=\"index, follow, max-snippet:-1, max-image-preview:large, max-video-preview:-1\" \/>\n<link rel=\"canonical\" href=\"https:\/\/stourm.news\/?p=5221\" \/>\n<meta property=\"og:locale\" content=\"fr_FR\" \/>\n<meta property=\"og:type\" content=\"article\" \/>\n<meta property=\"og:title\" content=\"Grand Remplacement : \u00e0 Gwened (Vannes), l&#039;\u00c9tat fran\u00e7ais distribue sa nationalit\u00e9 de papier \u00e0 des migrants de 18 pays diff\u00e9rents - STOURM\" \/>\n<meta property=\"og:description\" content=\"Avant-hier apr\u00e8s-midi, dans la salle des f\u00eates de la pr\u00e9fecture du Morbihan, vingt-huit personnes originaires de dix-huit pays diff\u00e9rents et de trois continents ont officiellement acquis la nationalit\u00e9 fran\u00e7aise, ou ce qui en tient lieu, lors d\u2019une c\u00e9r\u00e9monie pr\u00e9sid\u00e9e par le sous-pr\u00e9fet de Lorient, St\u00e9phane Jarl\u00e9gand, repr\u00e9sentant l&rsquo;\u00c9tat fran\u00e7ais occupant en Bretagne. Parmi les nouveaux [&hellip;]\" \/>\n<meta property=\"og:url\" content=\"https:\/\/stourm.news\/?p=5221\" \/>\n<meta property=\"og:site_name\" content=\"STOURM\" \/>\n<meta property=\"article:publisher\" content=\"https:\/\/www.facebook.com\/stourmnews\/\" \/>\n<meta property=\"article:published_time\" content=\"2025-12-05T09:59:03+00:00\" \/>\n<meta name=\"author\" content=\"La r\u00e9daction\" \/>\n<meta name=\"twitter:card\" content=\"summary_large_image\" \/>\n<meta name=\"twitter:label1\" content=\"\u00c9crit par\" \/>\n\t<meta name=\"twitter:data1\" content=\"La r\u00e9daction\" \/>\n\t<meta name=\"twitter:label2\" content=\"Dur\u00e9e de lecture estim\u00e9e\" \/>\n\t<meta name=\"twitter:data2\" content=\"1 minute\" \/>\n<script type=\"application\/ld+json\" class=\"yoast-schema-graph\">{\"@context\":\"https:\/\/schema.org\",\"@graph\":[{\"@type\":\"Article\",\"@id\":\"https:\/\/stourm.news\/?p=5221#article\",\"isPartOf\":{\"@id\":\"https:\/\/stourm.news\/?p=5221\"},\"author\":{\"name\":\"La r\u00e9daction\",\"@id\":\"https:\/\/stourm.news\/#\/schema\/person\/c3e1dc65988632e190969234ef046cf9\"},\"headline\":\"Grand Remplacement : \u00e0 Gwened (Vannes), l&rsquo;\u00c9tat fran\u00e7ais distribue sa nationalit\u00e9 de papier \u00e0 des migrants de 18 pays diff\u00e9rents\",\"datePublished\":\"2025-12-05T09:59:03+00:00\",\"mainEntityOfPage\":{\"@id\":\"https:\/\/stourm.news\/?p=5221\"},\"wordCount\":242,\"commentCount\":0,\"publisher\":{\"@id\":\"https:\/\/stourm.news\/#organization\"},\"image\":{\"@id\":\"https:\/\/stourm.news\/?p=5221#primaryimage\"},\"thumbnailUrl\":\"https:\/\/stourm.news\/wp-content\/uploads\/2025\/12\/Capture-decran-2025-12-05-a-18.55.25.png\",\"articleSection\":[\"Immigration\",\"Morbihan\",\"Multiculturalisme\",\"Principale\",\"Revue de presse\"],\"inLanguage\":\"fr-FR\",\"potentialAction\":[{\"@type\":\"CommentAction\",\"name\":\"Comment\",\"target\":[\"https:\/\/stourm.news\/?p=5221#respond\"]}]},{\"@type\":\"WebPage\",\"@id\":\"https:\/\/stourm.news\/?p=5221\",\"url\":\"https:\/\/stourm.news\/?p=5221\",\"name\":\"Grand Remplacement : \u00e0 Gwened (Vannes), l'\u00c9tat fran\u00e7ais distribue sa nationalit\u00e9 de papier \u00e0 des migrants de 18 pays diff\u00e9rents - STOURM\",\"isPartOf\":{\"@id\":\"https:\/\/stourm.news\/#website\"},\"primaryImageOfPage\":{\"@id\":\"https:\/\/stourm.news\/?p=5221#primaryimage\"},\"image\":{\"@id\":\"https:\/\/stourm.news\/?p=5221#primaryimage\"},\"thumbnailUrl\":\"https:\/\/stourm.news\/wp-content\/uploads\/2025\/12\/Capture-decran-2025-12-05-a-18.55.25.png\",\"datePublished\":\"2025-12-05T09:59:03+00:00\",\"breadcrumb\":{\"@id\":\"https:\/\/stourm.news\/?p=5221#breadcrumb\"},\"inLanguage\":\"fr-FR\",\"potentialAction\":[{\"@type\":\"ReadAction\",\"target\":[\"https:\/\/stourm.news\/?p=5221\"]}]},{\"@type\":\"ImageObject\",\"inLanguage\":\"fr-FR\",\"@id\":\"https:\/\/stourm.news\/?p=5221#primaryimage\",\"url\":\"https:\/\/stourm.news\/wp-content\/uploads\/2025\/12\/Capture-decran-2025-12-05-a-18.55.25.png\",\"contentUrl\":\"https:\/\/stourm.news\/wp-content\/uploads\/2025\/12\/Capture-decran-2025-12-05-a-18.55.25.png\",\"width\":1172,\"height\":650},{\"@type\":\"BreadcrumbList\",\"@id\":\"https:\/\/stourm.news\/?p=5221#breadcrumb\",\"itemListElement\":[{\"@type\":\"ListItem\",\"position\":1,\"name\":\"Accueil\",\"item\":\"https:\/\/stourm.news\/\"},{\"@type\":\"ListItem\",\"position\":2,\"name\":\"Grand Remplacement : \u00e0 Gwened (Vannes), l&rsquo;\u00c9tat fran\u00e7ais distribue sa nationalit\u00e9 de papier \u00e0 des migrants de 18 pays diff\u00e9rents\"}]},{\"@type\":\"WebSite\",\"@id\":\"https:\/\/stourm.news\/#website\",\"url\":\"https:\/\/stourm.news\/\",\"name\":\"Stourm\",\"description\":\"Kazetenn Strollad Broadel Breizh\",\"publisher\":{\"@id\":\"https:\/\/stourm.news\/#organization\"},\"potentialAction\":[{\"@type\":\"SearchAction\",\"target\":{\"@type\":\"EntryPoint\",\"urlTemplate\":\"https:\/\/stourm.news\/?s={search_term_string}\"},\"query-input\":{\"@type\":\"PropertyValueSpecification\",\"valueRequired\":true,\"valueName\":\"search_term_string\"}}],\"inLanguage\":\"fr-FR\"},{\"@type\":\"Organization\",\"@id\":\"https:\/\/stourm.news\/#organization\",\"name\":\"Stourm\",\"url\":\"https:\/\/stourm.news\/\",\"logo\":{\"@type\":\"ImageObject\",\"inLanguage\":\"fr-FR\",\"@id\":\"https:\/\/stourm.news\/#\/schema\/logo\/image\/\",\"url\":\"https:\/\/stourm.news\/wp-content\/uploads\/2025\/11\/cropped-Capture-decran-2025-11-28-a-15.19.07.png\",\"contentUrl\":\"https:\/\/stourm.news\/wp-content\/uploads\/2025\/11\/cropped-Capture-decran-2025-11-28-a-15.19.07.png\",\"width\":1855,\"height\":383,\"caption\":\"Stourm\"},\"image\":{\"@id\":\"https:\/\/stourm.news\/#\/schema\/logo\/image\/\"},\"sameAs\":[\"https:\/\/www.facebook.com\/stourmnews\/\"]},{\"@type\":\"Person\",\"@id\":\"https:\/\/stourm.news\/#\/schema\/person\/c3e1dc65988632e190969234ef046cf9\",\"name\":\"La r\u00e9daction\",\"image\":{\"@type\":\"ImageObject\",\"inLanguage\":\"fr-FR\",\"@id\":\"https:\/\/stourm.news\/#\/schema\/person\/image\/\",\"url\":\"https:\/\/secure.gravatar.com\/avatar\/7463443f194b6b5fb706b074ca0ef59a0cfcfd720cb47764b0ec5a952ce422b3?s=96&d=mm&r=g\",\"contentUrl\":\"https:\/\/secure.gravatar.com\/avatar\/7463443f194b6b5fb706b074ca0ef59a0cfcfd720cb47764b0ec5a952ce422b3?s=96&d=mm&r=g\",\"caption\":\"La r\u00e9daction\"},\"sameAs\":[\"https:\/\/stourm.news\"],\"url\":\"https:\/\/stourm.news\/?author=1\"}]}<\/script>\n<!-- \/ Yoast SEO plugin. -->","yoast_head_json":{"title":"Grand Remplacement : \u00e0 Gwened (Vannes), l'\u00c9tat fran\u00e7ais distribue sa nationalit\u00e9 de papier \u00e0 des migrants de 18 pays diff\u00e9rents - STOURM","robots":{"index":"index","follow":"follow","max-snippet":"max-snippet:-1","max-image-preview":"max-image-preview:large","max-video-preview":"max-video-preview:-1"},"canonical":"https:\/\/stourm.news\/?p=5221","og_locale":"fr_FR","og_type":"article","og_title":"Grand Remplacement : \u00e0 Gwened (Vannes), l'\u00c9tat fran\u00e7ais distribue sa nationalit\u00e9 de papier \u00e0 des migrants de 18 pays diff\u00e9rents - STOURM","og_description":"Avant-hier apr\u00e8s-midi, dans la salle des f\u00eates de la pr\u00e9fecture du Morbihan, vingt-huit personnes originaires de dix-huit pays diff\u00e9rents et de trois continents ont officiellement acquis la nationalit\u00e9 fran\u00e7aise, ou ce qui en tient lieu, lors d\u2019une c\u00e9r\u00e9monie pr\u00e9sid\u00e9e par le sous-pr\u00e9fet de Lorient, St\u00e9phane Jarl\u00e9gand, repr\u00e9sentant l&rsquo;\u00c9tat fran\u00e7ais occupant en Bretagne. Parmi les nouveaux [&hellip;]","og_url":"https:\/\/stourm.news\/?p=5221","og_site_name":"STOURM","article_publisher":"https:\/\/www.facebook.com\/stourmnews\/","article_published_time":"2025-12-05T09:59:03+00:00","author":"La r\u00e9daction","twitter_card":"summary_large_image","twitter_misc":{"\u00c9crit par":"La r\u00e9daction","Dur\u00e9e de lecture estim\u00e9e":"1 minute"},"schema":{"@context":"https:\/\/schema.org","@graph":[{"@type":"Article","@id":"https:\/\/stourm.news\/?p=5221#article","isPartOf":{"@id":"https:\/\/stourm.news\/?p=5221"},"author":{"name":"La r\u00e9daction","@id":"https:\/\/stourm.news\/#\/schema\/person\/c3e1dc65988632e190969234ef046cf9"},"headline":"Grand Remplacement : \u00e0 Gwened (Vannes), l&rsquo;\u00c9tat fran\u00e7ais distribue sa nationalit\u00e9 de papier \u00e0 des migrants de 18 pays diff\u00e9rents","datePublished":"2025-12-05T09:59:03+00:00","mainEntityOfPage":{"@id":"https:\/\/stourm.news\/?p=5221"},"wordCount":242,"commentCount":0,"publisher":{"@id":"https:\/\/stourm.news\/#organization"},"image":{"@id":"https:\/\/stourm.news\/?p=5221#primaryimage"},"thumbnailUrl":"https:\/\/stourm.news\/wp-content\/uploads\/2025\/12\/Capture-decran-2025-12-05-a-18.55.25.png","articleSection":["Immigration","Morbihan","Multiculturalisme","Principale","Revue de presse"],"inLanguage":"fr-FR","potentialAction":[{"@type":"CommentAction","name":"Comment","target":["https:\/\/stourm.news\/?p=5221#respond"]}]},{"@type":"WebPage","@id":"https:\/\/stourm.news\/?p=5221","url":"https:\/\/stourm.news\/?p=5221","name":"Grand Remplacement : \u00e0 Gwened (Vannes), l'\u00c9tat fran\u00e7ais distribue sa nationalit\u00e9 de papier \u00e0 des migrants de 18 pays diff\u00e9rents - STOURM","isPartOf":{"@id":"https:\/\/stourm.news\/#website"},"primaryImageOfPage":{"@id":"https:\/\/stourm.news\/?p=5221#primaryimage"},"image":{"@id":"https:\/\/stourm.news\/?p=5221#primaryimage"},"thumbnailUrl":"https:\/\/stourm.news\/wp-content\/uploads\/2025\/12\/Capture-decran-2025-12-05-a-18.55.25.png","datePublished":"2025-12-05T09:59:03+00:00","breadcrumb":{"@id":"https:\/\/stourm.news\/?p=5221#breadcrumb"},"inLanguage":"fr-FR","potentialAction":[{"@type":"ReadAction","target":["https:\/\/stourm.news\/?p=5221"]}]},{"@type":"ImageObject","inLanguage":"fr-FR","@id":"https:\/\/stourm.news\/?p=5221#primaryimage","url":"https:\/\/stourm.news\/wp-content\/uploads\/2025\/12\/Capture-decran-2025-12-05-a-18.55.25.png","contentUrl":"https:\/\/stourm.news\/wp-content\/uploads\/2025\/12\/Capture-decran-2025-12-05-a-18.55.25.png","width":1172,"height":650},{"@type":"BreadcrumbList","@id":"https:\/\/stourm.news\/?p=5221#breadcrumb","itemListElement":[{"@type":"ListItem","position":1,"name":"Accueil","item":"https:\/\/stourm.news\/"},{"@type":"ListItem","position":2,"name":"Grand Remplacement : \u00e0 Gwened (Vannes), l&rsquo;\u00c9tat fran\u00e7ais distribue sa nationalit\u00e9 de papier \u00e0 des migrants de 18 pays diff\u00e9rents"}]},{"@type":"WebSite","@id":"https:\/\/stourm.news\/#website","url":"https:\/\/stourm.news\/","name":"Stourm","description":"Kazetenn Strollad Broadel Breizh","publisher":{"@id":"https:\/\/stourm.news\/#organization"},"potentialAction":[{"@type":"SearchAction","target":{"@type":"EntryPoint","urlTemplate":"https:\/\/stourm.news\/?s={search_term_string}"},"query-input":{"@type":"PropertyValueSpecification","valueRequired":true,"valueName":"search_term_string"}}],"inLanguage":"fr-FR"},{"@type":"Organization","@id":"https:\/\/stourm.news\/#organization","name":"Stourm","url":"https:\/\/stourm.news\/","logo":{"@type":"ImageObject","inLanguage":"fr-FR","@id":"https:\/\/stourm.news\/#\/schema\/logo\/image\/","url":"https:\/\/stourm.news\/wp-content\/uploads\/2025\/11\/cropped-Capture-decran-2025-11-28-a-15.19.07.png","contentUrl":"https:\/\/stourm.news\/wp-content\/uploads\/2025\/11\/cropped-Capture-decran-2025-11-28-a-15.19.07.png","width":1855,"height":383,"caption":"Stourm"},"image":{"@id":"https:\/\/stourm.news\/#\/schema\/logo\/image\/"},"sameAs":["https:\/\/www.facebook.com\/stourmnews\/"]},{"@type":"Person","@id":"https:\/\/stourm.news\/#\/schema\/person\/c3e1dc65988632e190969234ef046cf9","name":"La r\u00e9daction","image":{"@type":"ImageObject","inLanguage":"fr-FR","@id":"https:\/\/stourm.news\/#\/schema\/person\/image\/","url":"https:\/\/secure.gravatar.com\/avatar\/7463443f194b6b5fb706b074ca0ef59a0cfcfd720cb47764b0ec5a952ce422b3?s=96&d=mm&r=g","contentUrl":"https:\/\/secure.gravatar.com\/avatar\/7463443f194b6b5fb706b074ca0ef59a0cfcfd720cb47764b0ec5a952ce422b3?s=96&d=mm&r=g","caption":"La r\u00e9daction"},"sameAs":["https:\/\/stourm.news"],"url":"https:\/\/stourm.news\/?author=1"}]}},"_links":{"self":[{"href":"https:\/\/stourm.news\/index.php?rest_route=\/wp\/v2\/posts\/5221","targetHints":{"allow":["GET"]}}],"collection":[{"href":"https:\/\/stourm.news\/index.php?rest_route=\/wp\/v2\/posts"}],"about":[{"href":"https:\/\/stourm.news\/index.php?rest_route=\/wp\/v2\/types\/post"}],"author":[{"embeddable":true,"href":"https:\/\/stourm.news\/index.php?rest_route=\/wp\/v2\/users\/1"}],"replies":[{"embeddable":true,"href":"https:\/\/stourm.news\/index.php?rest_route=%2Fwp%2Fv2%2Fcomments&post=5221"}],"version-history":[{"count":1,"href":"https:\/\/stourm.news\/index.php?rest_route=\/wp\/v2\/posts\/5221\/revisions"}],"predecessor-version":[{"id":5222,"href":"https:\/\/stourm.news\/index.php?rest_route=\/wp\/v2\/posts\/5221\/revisions\/5222"}],"wp:featuredmedia":[{"embeddable":true,"href":"https:\/\/stourm.news\/index.php?rest_route=\/wp\/v2\/media\/5223"}],"wp:attachment":[{"href":"https:\/\/stourm.news\/index.php?rest_route=%2Fwp%2Fv2%2Fmedia&parent=5221"}],"wp:term":[{"taxonomy":"category","embeddable":true,"href":"https:\/\/stourm.news\/index.php?rest_route=%2Fwp%2Fv2%2Fcategories&post=5221"},{"taxonomy":"post_tag","embeddable":true,"href":"https:\/\/stourm.news\/index.php?rest_route=%2Fwp%2Fv2%2Ftags&post=5221"}],"curies":[{"name":"wp","href":"https:\/\/api.w.org\/{rel}","templated":true}]}}