{"id":5224,"date":"2025-12-05T15:04:01","date_gmt":"2025-12-05T15:04:01","guid":{"rendered":"https:\/\/stourm.news\/?p=5224"},"modified":"2025-12-05T15:04:01","modified_gmt":"2025-12-05T15:04:01","slug":"nous-voulons-que-leurope-reste-europeenne-donald-trump-met-en-garde-contre-limmigration-massive-et-les-etats-qui-comme-la-france-deviennent-hostiles-a-notre-identite","status":"publish","type":"post","link":"https:\/\/stourm.news\/?p=5224","title":{"rendered":"\u00ab\u00a0Nous voulons que l&rsquo;Europe reste europ\u00e9enne\u00a0\u00bb : Donald Trump met en garde contre l&rsquo;immigration massive et les \u00c9tats qui, comme la France, deviennent hostiles \u00e0 notre identit\u00e9"},"content":{"rendered":"<p style=\"text-align: justify;\"><span style=\"font-family: arial, helvetica, sans-serif; font-size: 14pt;\">La Maison Blanche a publi\u00e9 sa strat\u00e9gie de s\u00e9curit\u00e9 nationale dans <strong><a href=\"https:\/\/www.whitehouse.gov\/wp-content\/uploads\/2025\/12\/2025-National-Security-Strategy.pdf\">un document officiel<\/a><\/strong> publi\u00e9 aujourd&rsquo;hui sur son site officiel. Parmi les priorit\u00e9s strat\u00e9giques am\u00e9ricaines figurent l&rsquo;Europe dont le gouvernement am\u00e9ricain estime qu&rsquo;elle risque d\u00e9sormais de dispara\u00eetre en tant que \u00ab\u00a0civilisation\u00a0\u00bb sous l&rsquo;effet de l&rsquo;immigration massive.<\/span><\/p>\n<p style=\"text-align: justify;\"><span style=\"font-family: arial, helvetica, sans-serif; font-size: 14pt;\"><strong>\u00ab\u00a0L&rsquo;Europe continentale a perdu des parts du PIB mondial, passant de 25 % en 1990 \u00e0 14 % aujourd&rsquo;hui\u00a0\u00bb<\/strong> souligne le document qui dresse le constat d&rsquo;un d\u00e9clin \u00e9conomique rapide de l&rsquo;\u00e9conomie europ\u00e9enne, d\u00e9pass\u00e9e par les USA et la Chine. Toutefois, ce d\u00e9clin n&rsquo;est pas ce qui pr\u00e9occupe le plus les \u00c9tats-Unis. Le document poursuit en \u00e9voquant une <strong>\u00ab\u00a0<\/strong><\/span><strong><span style=\"font-family: arial, helvetica, sans-serif; font-size: 14pt;\">perspective r\u00e9elle et plus sombre d&rsquo;une<\/span> <\/strong><span style=\"font-family: arial, helvetica, sans-serif; font-size: 14pt;\"><strong>disparition de la civilisation\u00a0\u00bb<\/strong> europ\u00e9enne caus\u00e9e par <strong>\u00ab\u00a0<\/strong><\/span><strong><span style=\"font-family: arial, helvetica, sans-serif; font-size: 14pt;\">les politiques migratoires qui transforment le continent et cr\u00e9ent des<\/span> <\/strong><span style=\"font-family: arial, helvetica, sans-serif; font-size: 14pt;\"><strong>conflits\u00a0\u00bb<\/strong>. <\/span><\/p>\n<p style=\"text-align: justify;\"><span style=\"font-family: arial, helvetica, sans-serif; font-size: 14pt;\">L&rsquo;attitude des \u00c9tats ouest-europ\u00e9ens est s\u00e9v\u00e8rement critiqu\u00e9e \u00e0 ce sujet, les USA voyant monter <strong>\u00ab\u00a0la censure de la libert\u00e9 d&rsquo;expression et la r\u00e9pression de l&rsquo;opposition politique\u00a0\u00bb<\/strong> tandis que <strong>\u00ab\u00a0l&rsquo;effondrement des<\/strong><\/span> <span style=\"font-family: arial, helvetica, sans-serif; font-size: 14pt;\"><strong>taux de natalit\u00e9 et la perte des identit\u00e9s nationales et de la confiance en soi\u00a0\u00bb<\/strong> s&rsquo;\u00e9tablissent durablement, emp\u00eachant le continent europ\u00e9en de r\u00e9pondre aux menaces.<\/span><\/p>\n<p style=\"text-align: justify;\"><strong><span style=\"font-family: arial, helvetica, sans-serif; font-size: 14pt;\">\u00ab\u00a0Si les tendances actuelles se poursuivent, le continent sera m\u00e9connaissable dans 20 ans ou<\/span> <\/strong><span style=\"font-family: arial, helvetica, sans-serif; font-size: 14pt;\"><strong>moins\u00a0\u00bb<\/strong> tranchent les responsables de la s\u00e9curit\u00e9 des \u00c9tats-Unis. <strong>\u00ab\u00a0Dans ces conditions, il est loin d&rsquo;\u00eatre \u00e9vident que certains pays europ\u00e9ens disposeront d&rsquo;<\/strong><\/span><strong><span style=\"font-family: arial, helvetica, sans-serif; font-size: 14pt;\">\u00e9conomies et d&rsquo;arm\u00e9es suffisamment solides pour rester des alli\u00e9s fiables\u00a0\u00bb\u00a0<\/span><\/strong><span style=\"font-family: arial, helvetica, sans-serif; font-size: 14pt;\">anticipe le gouvernement am\u00e9ricain. <\/span><strong><span style=\"font-family: arial, helvetica, sans-serif; font-size: 14pt;\">\u00ab\u00a0Nous voulons que l&rsquo;Europe<\/span> <\/strong><span style=\"font-family: arial, helvetica, sans-serif; font-size: 14pt;\"><strong>reste europ\u00e9enne, qu&rsquo;elle retrouve sa confiance en sa civilisation\u00a0\u00bb<\/strong> ajoute encore le document.<\/span><\/p>\n<p style=\"text-align: justify;\"><strong><span style=\"font-family: arial, helvetica, sans-serif; font-size: 14pt;\">\u00ab\u00a0\u00c0 long terme, il est plus que plausible que d&rsquo;ici quelques d\u00e9cennies au plus tard,<\/span> <span style=\"font-family: arial, helvetica, sans-serif; font-size: 14pt;\">certains membres de l&rsquo;OTAN deviendront majoritairement non europ\u00e9ens. \u00c0 ce titre, la question reste ouverte<\/span> <span style=\"font-family: arial, helvetica, sans-serif; font-size: 14pt;\">de savoir s&rsquo;ils consid\u00e9reront leur place dans le monde, ou leur alliance avec les<\/span> <span style=\"font-family: arial, helvetica, sans-serif; font-size: 14pt;\">\u00c9tats-Unis, de la m\u00eame mani\u00e8re que ceux qui ont sign\u00e9 la charte de l&rsquo;OTAN\u00a0\u00bb<\/span><\/strong><span style=\"font-family: arial, helvetica, sans-serif; font-size: 14pt;\">, anticipant une islamisation irr\u00e9versible de certains \u00c9tats qui deviendraient hostiles \u00e0 l&rsquo;Am\u00e9rique, premi\u00e8re puissance occidentale.<\/span><\/p>\n<p style=\"text-align: justify;\"><span style=\"font-family: arial, helvetica, sans-serif; font-size: 14pt;\">Ce dernier point soul\u00e8ve une \u00e9vidence : des \u00c9tats de plus en plus fortement afro-islamis\u00e9s comme la France deviendront in\u00e9vitablement hostiles \u00e0 la civilisation europ\u00e9enne et occidentale \u00e0 mesure qu&rsquo;ils sont repeupl\u00e9s de migrants extra-europ\u00e9ens. La Bretagne, expos\u00e9e \u00e0 cette menace sous l&rsquo;effet de la politique que lui impose l&rsquo;\u00c9tat fran\u00e7ais, peut et doit, comme nation celtique situ\u00e9e strat\u00e9giquement sur l&rsquo;ouverture atlantique de l&rsquo;Europe, pr\u00e9server son caract\u00e8re europ\u00e9en et d\u00e9velopper des alliances dans ce but. <\/span><span style=\"font-family: arial, helvetica, sans-serif; font-size: 14pt;\">Cette modification profonde de la politique \u00e9trang\u00e8re am\u00e9ricaine est \u00e0 saluer.<\/span><\/p>\n<p style=\"text-align: right;\"><strong><span style=\"font-family: arial, helvetica, sans-serif; font-size: 14pt;\">Budig Gourmaelon<\/span><\/strong><\/p>\n<p style=\"text-align: justify;\">\n","protected":false},"excerpt":{"rendered":"<p>La Maison Blanche a publi\u00e9 sa strat\u00e9gie de s\u00e9curit\u00e9 nationale dans un document officiel publi\u00e9 aujourd&rsquo;hui sur son site officiel. Parmi les priorit\u00e9s strat\u00e9giques am\u00e9ricaines figurent l&rsquo;Europe dont le gouvernement am\u00e9ricain estime qu&rsquo;elle risque d\u00e9sormais de dispara\u00eetre en tant que \u00ab\u00a0civilisation\u00a0\u00bb sous l&rsquo;effet de l&rsquo;immigration massive. \u00ab\u00a0L&rsquo;Europe continentale a perdu des parts du PIB mondial, [&hellip;]<\/p>\n","protected":false},"author":1,"featured_media":5225,"comment_status":"open","ping_status":"open","sticky":false,"template":"","format":"standard","meta":{"sb_editor_width":"","footnotes":""},"categories":[63,33,66,67,65],"tags":[],"class_list":["post-5224","post","type-post","status-publish","format-standard","has-post-thumbnail","hentry","category-editorial","category-immigration","category-international","category-politique","category-principale"],"relative_dates":{"created":"5 mois ago","modified":"5 mois ago"},"yoast_head":"<!-- This site is optimized with the Yoast SEO plugin v26.3 - https:\/\/yoast.com\/wordpress\/plugins\/seo\/ -->\n<title>&quot;Nous voulons que l&#039;Europe reste europ\u00e9enne&quot; : Donald Trump met en garde contre l&#039;immigration massive et les \u00c9tats qui, comme la France, deviennent hostiles \u00e0 notre identit\u00e9 - STOURM<\/title>\n<meta name=\"robots\" content=\"index, follow, max-snippet:-1, max-image-preview:large, max-video-preview:-1\" \/>\n<link rel=\"canonical\" href=\"https:\/\/stourm.news\/?p=5224\" \/>\n<meta property=\"og:locale\" content=\"fr_FR\" \/>\n<meta property=\"og:type\" content=\"article\" \/>\n<meta property=\"og:title\" content=\"&quot;Nous voulons que l&#039;Europe reste europ\u00e9enne&quot; : Donald Trump met en garde contre l&#039;immigration massive et les \u00c9tats qui, comme la France, deviennent hostiles \u00e0 notre identit\u00e9 - STOURM\" \/>\n<meta property=\"og:description\" content=\"La Maison Blanche a publi\u00e9 sa strat\u00e9gie de s\u00e9curit\u00e9 nationale dans un document officiel publi\u00e9 aujourd&rsquo;hui sur son site officiel. Parmi les priorit\u00e9s strat\u00e9giques am\u00e9ricaines figurent l&rsquo;Europe dont le gouvernement am\u00e9ricain estime qu&rsquo;elle risque d\u00e9sormais de dispara\u00eetre en tant que \u00ab\u00a0civilisation\u00a0\u00bb sous l&rsquo;effet de l&rsquo;immigration massive. \u00ab\u00a0L&rsquo;Europe continentale a perdu des parts du PIB mondial, [&hellip;]\" \/>\n<meta property=\"og:url\" content=\"https:\/\/stourm.news\/?p=5224\" \/>\n<meta property=\"og:site_name\" content=\"STOURM\" \/>\n<meta property=\"article:publisher\" content=\"https:\/\/www.facebook.com\/stourmnews\/\" \/>\n<meta property=\"article:published_time\" content=\"2025-12-05T15:04:01+00:00\" \/>\n<meta name=\"author\" content=\"La r\u00e9daction\" \/>\n<meta name=\"twitter:card\" content=\"summary_large_image\" \/>\n<meta name=\"twitter:label1\" content=\"\u00c9crit par\" \/>\n\t<meta name=\"twitter:data1\" content=\"La r\u00e9daction\" \/>\n\t<meta name=\"twitter:label2\" content=\"Dur\u00e9e de lecture estim\u00e9e\" \/>\n\t<meta name=\"twitter:data2\" content=\"3 minutes\" \/>\n<script type=\"application\/ld+json\" class=\"yoast-schema-graph\">{\"@context\":\"https:\/\/schema.org\",\"@graph\":[{\"@type\":\"Article\",\"@id\":\"https:\/\/stourm.news\/?p=5224#article\",\"isPartOf\":{\"@id\":\"https:\/\/stourm.news\/?p=5224\"},\"author\":{\"name\":\"La r\u00e9daction\",\"@id\":\"https:\/\/stourm.news\/#\/schema\/person\/c3e1dc65988632e190969234ef046cf9\"},\"headline\":\"\u00ab\u00a0Nous voulons que l&rsquo;Europe reste europ\u00e9enne\u00a0\u00bb : Donald Trump met en garde contre l&rsquo;immigration massive et les \u00c9tats qui, comme la France, deviennent hostiles \u00e0 notre identit\u00e9\",\"datePublished\":\"2025-12-05T15:04:01+00:00\",\"mainEntityOfPage\":{\"@id\":\"https:\/\/stourm.news\/?p=5224\"},\"wordCount\":512,\"commentCount\":0,\"publisher\":{\"@id\":\"https:\/\/stourm.news\/#organization\"},\"image\":{\"@id\":\"https:\/\/stourm.news\/?p=5224#primaryimage\"},\"thumbnailUrl\":\"https:\/\/stourm.news\/wp-content\/uploads\/2025\/12\/donald-trump-departement-de-la-justice-millions.webp\",\"articleSection\":[\"Editorial\",\"Immigration\",\"International\",\"Politique\",\"Principale\"],\"inLanguage\":\"fr-FR\",\"potentialAction\":[{\"@type\":\"CommentAction\",\"name\":\"Comment\",\"target\":[\"https:\/\/stourm.news\/?p=5224#respond\"]}]},{\"@type\":\"WebPage\",\"@id\":\"https:\/\/stourm.news\/?p=5224\",\"url\":\"https:\/\/stourm.news\/?p=5224\",\"name\":\"\\\"Nous voulons que l'Europe reste europ\u00e9enne\\\" : Donald Trump met en garde contre l'immigration massive et les \u00c9tats qui, comme la France, deviennent hostiles \u00e0 notre identit\u00e9 - STOURM\",\"isPartOf\":{\"@id\":\"https:\/\/stourm.news\/#website\"},\"primaryImageOfPage\":{\"@id\":\"https:\/\/stourm.news\/?p=5224#primaryimage\"},\"image\":{\"@id\":\"https:\/\/stourm.news\/?p=5224#primaryimage\"},\"thumbnailUrl\":\"https:\/\/stourm.news\/wp-content\/uploads\/2025\/12\/donald-trump-departement-de-la-justice-millions.webp\",\"datePublished\":\"2025-12-05T15:04:01+00:00\",\"breadcrumb\":{\"@id\":\"https:\/\/stourm.news\/?p=5224#breadcrumb\"},\"inLanguage\":\"fr-FR\",\"potentialAction\":[{\"@type\":\"ReadAction\",\"target\":[\"https:\/\/stourm.news\/?p=5224\"]}]},{\"@type\":\"ImageObject\",\"inLanguage\":\"fr-FR\",\"@id\":\"https:\/\/stourm.news\/?p=5224#primaryimage\",\"url\":\"https:\/\/stourm.news\/wp-content\/uploads\/2025\/12\/donald-trump-departement-de-la-justice-millions.webp\",\"contentUrl\":\"https:\/\/stourm.news\/wp-content\/uploads\/2025\/12\/donald-trump-departement-de-la-justice-millions.webp\",\"width\":1250,\"height\":703},{\"@type\":\"BreadcrumbList\",\"@id\":\"https:\/\/stourm.news\/?p=5224#breadcrumb\",\"itemListElement\":[{\"@type\":\"ListItem\",\"position\":1,\"name\":\"Accueil\",\"item\":\"https:\/\/stourm.news\/\"},{\"@type\":\"ListItem\",\"position\":2,\"name\":\"\u00ab\u00a0Nous voulons que l&rsquo;Europe reste europ\u00e9enne\u00a0\u00bb : Donald Trump met en garde contre l&rsquo;immigration massive et les \u00c9tats qui, comme la France, deviennent hostiles \u00e0 notre identit\u00e9\"}]},{\"@type\":\"WebSite\",\"@id\":\"https:\/\/stourm.news\/#website\",\"url\":\"https:\/\/stourm.news\/\",\"name\":\"Stourm\",\"description\":\"Kazetenn Strollad Broadel Breizh\",\"publisher\":{\"@id\":\"https:\/\/stourm.news\/#organization\"},\"potentialAction\":[{\"@type\":\"SearchAction\",\"target\":{\"@type\":\"EntryPoint\",\"urlTemplate\":\"https:\/\/stourm.news\/?s={search_term_string}\"},\"query-input\":{\"@type\":\"PropertyValueSpecification\",\"valueRequired\":true,\"valueName\":\"search_term_string\"}}],\"inLanguage\":\"fr-FR\"},{\"@type\":\"Organization\",\"@id\":\"https:\/\/stourm.news\/#organization\",\"name\":\"Stourm\",\"url\":\"https:\/\/stourm.news\/\",\"logo\":{\"@type\":\"ImageObject\",\"inLanguage\":\"fr-FR\",\"@id\":\"https:\/\/stourm.news\/#\/schema\/logo\/image\/\",\"url\":\"https:\/\/stourm.news\/wp-content\/uploads\/2025\/11\/cropped-Capture-decran-2025-11-28-a-15.19.07.png\",\"contentUrl\":\"https:\/\/stourm.news\/wp-content\/uploads\/2025\/11\/cropped-Capture-decran-2025-11-28-a-15.19.07.png\",\"width\":1855,\"height\":383,\"caption\":\"Stourm\"},\"image\":{\"@id\":\"https:\/\/stourm.news\/#\/schema\/logo\/image\/\"},\"sameAs\":[\"https:\/\/www.facebook.com\/stourmnews\/\"]},{\"@type\":\"Person\",\"@id\":\"https:\/\/stourm.news\/#\/schema\/person\/c3e1dc65988632e190969234ef046cf9\",\"name\":\"La r\u00e9daction\",\"image\":{\"@type\":\"ImageObject\",\"inLanguage\":\"fr-FR\",\"@id\":\"https:\/\/stourm.news\/#\/schema\/person\/image\/\",\"url\":\"https:\/\/secure.gravatar.com\/avatar\/7463443f194b6b5fb706b074ca0ef59a0cfcfd720cb47764b0ec5a952ce422b3?s=96&d=mm&r=g\",\"contentUrl\":\"https:\/\/secure.gravatar.com\/avatar\/7463443f194b6b5fb706b074ca0ef59a0cfcfd720cb47764b0ec5a952ce422b3?s=96&d=mm&r=g\",\"caption\":\"La r\u00e9daction\"},\"sameAs\":[\"https:\/\/stourm.news\"],\"url\":\"https:\/\/stourm.news\/?author=1\"}]}<\/script>\n<!-- \/ Yoast SEO plugin. -->","yoast_head_json":{"title":"\"Nous voulons que l'Europe reste europ\u00e9enne\" : Donald Trump met en garde contre l'immigration massive et les \u00c9tats qui, comme la France, deviennent hostiles \u00e0 notre identit\u00e9 - STOURM","robots":{"index":"index","follow":"follow","max-snippet":"max-snippet:-1","max-image-preview":"max-image-preview:large","max-video-preview":"max-video-preview:-1"},"canonical":"https:\/\/stourm.news\/?p=5224","og_locale":"fr_FR","og_type":"article","og_title":"\"Nous voulons que l'Europe reste europ\u00e9enne\" : Donald Trump met en garde contre l'immigration massive et les \u00c9tats qui, comme la France, deviennent hostiles \u00e0 notre identit\u00e9 - STOURM","og_description":"La Maison Blanche a publi\u00e9 sa strat\u00e9gie de s\u00e9curit\u00e9 nationale dans un document officiel publi\u00e9 aujourd&rsquo;hui sur son site officiel. Parmi les priorit\u00e9s strat\u00e9giques am\u00e9ricaines figurent l&rsquo;Europe dont le gouvernement am\u00e9ricain estime qu&rsquo;elle risque d\u00e9sormais de dispara\u00eetre en tant que \u00ab\u00a0civilisation\u00a0\u00bb sous l&rsquo;effet de l&rsquo;immigration massive. \u00ab\u00a0L&rsquo;Europe continentale a perdu des parts du PIB mondial, [&hellip;]","og_url":"https:\/\/stourm.news\/?p=5224","og_site_name":"STOURM","article_publisher":"https:\/\/www.facebook.com\/stourmnews\/","article_published_time":"2025-12-05T15:04:01+00:00","author":"La r\u00e9daction","twitter_card":"summary_large_image","twitter_misc":{"\u00c9crit par":"La r\u00e9daction","Dur\u00e9e de lecture estim\u00e9e":"3 minutes"},"schema":{"@context":"https:\/\/schema.org","@graph":[{"@type":"Article","@id":"https:\/\/stourm.news\/?p=5224#article","isPartOf":{"@id":"https:\/\/stourm.news\/?p=5224"},"author":{"name":"La r\u00e9daction","@id":"https:\/\/stourm.news\/#\/schema\/person\/c3e1dc65988632e190969234ef046cf9"},"headline":"\u00ab\u00a0Nous voulons que l&rsquo;Europe reste europ\u00e9enne\u00a0\u00bb : Donald Trump met en garde contre l&rsquo;immigration massive et les \u00c9tats qui, comme la France, deviennent hostiles \u00e0 notre identit\u00e9","datePublished":"2025-12-05T15:04:01+00:00","mainEntityOfPage":{"@id":"https:\/\/stourm.news\/?p=5224"},"wordCount":512,"commentCount":0,"publisher":{"@id":"https:\/\/stourm.news\/#organization"},"image":{"@id":"https:\/\/stourm.news\/?p=5224#primaryimage"},"thumbnailUrl":"https:\/\/stourm.news\/wp-content\/uploads\/2025\/12\/donald-trump-departement-de-la-justice-millions.webp","articleSection":["Editorial","Immigration","International","Politique","Principale"],"inLanguage":"fr-FR","potentialAction":[{"@type":"CommentAction","name":"Comment","target":["https:\/\/stourm.news\/?p=5224#respond"]}]},{"@type":"WebPage","@id":"https:\/\/stourm.news\/?p=5224","url":"https:\/\/stourm.news\/?p=5224","name":"\"Nous voulons que l'Europe reste europ\u00e9enne\" : Donald Trump met en garde contre l'immigration massive et les \u00c9tats qui, comme la France, deviennent hostiles \u00e0 notre identit\u00e9 - STOURM","isPartOf":{"@id":"https:\/\/stourm.news\/#website"},"primaryImageOfPage":{"@id":"https:\/\/stourm.news\/?p=5224#primaryimage"},"image":{"@id":"https:\/\/stourm.news\/?p=5224#primaryimage"},"thumbnailUrl":"https:\/\/stourm.news\/wp-content\/uploads\/2025\/12\/donald-trump-departement-de-la-justice-millions.webp","datePublished":"2025-12-05T15:04:01+00:00","breadcrumb":{"@id":"https:\/\/stourm.news\/?p=5224#breadcrumb"},"inLanguage":"fr-FR","potentialAction":[{"@type":"ReadAction","target":["https:\/\/stourm.news\/?p=5224"]}]},{"@type":"ImageObject","inLanguage":"fr-FR","@id":"https:\/\/stourm.news\/?p=5224#primaryimage","url":"https:\/\/stourm.news\/wp-content\/uploads\/2025\/12\/donald-trump-departement-de-la-justice-millions.webp","contentUrl":"https:\/\/stourm.news\/wp-content\/uploads\/2025\/12\/donald-trump-departement-de-la-justice-millions.webp","width":1250,"height":703},{"@type":"BreadcrumbList","@id":"https:\/\/stourm.news\/?p=5224#breadcrumb","itemListElement":[{"@type":"ListItem","position":1,"name":"Accueil","item":"https:\/\/stourm.news\/"},{"@type":"ListItem","position":2,"name":"\u00ab\u00a0Nous voulons que l&rsquo;Europe reste europ\u00e9enne\u00a0\u00bb : Donald Trump met en garde contre l&rsquo;immigration massive et les \u00c9tats qui, comme la France, deviennent hostiles \u00e0 notre identit\u00e9"}]},{"@type":"WebSite","@id":"https:\/\/stourm.news\/#website","url":"https:\/\/stourm.news\/","name":"Stourm","description":"Kazetenn Strollad Broadel Breizh","publisher":{"@id":"https:\/\/stourm.news\/#organization"},"potentialAction":[{"@type":"SearchAction","target":{"@type":"EntryPoint","urlTemplate":"https:\/\/stourm.news\/?s={search_term_string}"},"query-input":{"@type":"PropertyValueSpecification","valueRequired":true,"valueName":"search_term_string"}}],"inLanguage":"fr-FR"},{"@type":"Organization","@id":"https:\/\/stourm.news\/#organization","name":"Stourm","url":"https:\/\/stourm.news\/","logo":{"@type":"ImageObject","inLanguage":"fr-FR","@id":"https:\/\/stourm.news\/#\/schema\/logo\/image\/","url":"https:\/\/stourm.news\/wp-content\/uploads\/2025\/11\/cropped-Capture-decran-2025-11-28-a-15.19.07.png","contentUrl":"https:\/\/stourm.news\/wp-content\/uploads\/2025\/11\/cropped-Capture-decran-2025-11-28-a-15.19.07.png","width":1855,"height":383,"caption":"Stourm"},"image":{"@id":"https:\/\/stourm.news\/#\/schema\/logo\/image\/"},"sameAs":["https:\/\/www.facebook.com\/stourmnews\/"]},{"@type":"Person","@id":"https:\/\/stourm.news\/#\/schema\/person\/c3e1dc65988632e190969234ef046cf9","name":"La r\u00e9daction","image":{"@type":"ImageObject","inLanguage":"fr-FR","@id":"https:\/\/stourm.news\/#\/schema\/person\/image\/","url":"https:\/\/secure.gravatar.com\/avatar\/7463443f194b6b5fb706b074ca0ef59a0cfcfd720cb47764b0ec5a952ce422b3?s=96&d=mm&r=g","contentUrl":"https:\/\/secure.gravatar.com\/avatar\/7463443f194b6b5fb706b074ca0ef59a0cfcfd720cb47764b0ec5a952ce422b3?s=96&d=mm&r=g","caption":"La r\u00e9daction"},"sameAs":["https:\/\/stourm.news"],"url":"https:\/\/stourm.news\/?author=1"}]}},"_links":{"self":[{"href":"https:\/\/stourm.news\/index.php?rest_route=\/wp\/v2\/posts\/5224","targetHints":{"allow":["GET"]}}],"collection":[{"href":"https:\/\/stourm.news\/index.php?rest_route=\/wp\/v2\/posts"}],"about":[{"href":"https:\/\/stourm.news\/index.php?rest_route=\/wp\/v2\/types\/post"}],"author":[{"embeddable":true,"href":"https:\/\/stourm.news\/index.php?rest_route=\/wp\/v2\/users\/1"}],"replies":[{"embeddable":true,"href":"https:\/\/stourm.news\/index.php?rest_route=%2Fwp%2Fv2%2Fcomments&post=5224"}],"version-history":[{"count":1,"href":"https:\/\/stourm.news\/index.php?rest_route=\/wp\/v2\/posts\/5224\/revisions"}],"predecessor-version":[{"id":5226,"href":"https:\/\/stourm.news\/index.php?rest_route=\/wp\/v2\/posts\/5224\/revisions\/5226"}],"wp:featuredmedia":[{"embeddable":true,"href":"https:\/\/stourm.news\/index.php?rest_route=\/wp\/v2\/media\/5225"}],"wp:attachment":[{"href":"https:\/\/stourm.news\/index.php?rest_route=%2Fwp%2Fv2%2Fmedia&parent=5224"}],"wp:term":[{"taxonomy":"category","embeddable":true,"href":"https:\/\/stourm.news\/index.php?rest_route=%2Fwp%2Fv2%2Fcategories&post=5224"},{"taxonomy":"post_tag","embeddable":true,"href":"https:\/\/stourm.news\/index.php?rest_route=%2Fwp%2Fv2%2Ftags&post=5224"}],"curies":[{"name":"wp","href":"https:\/\/api.w.org\/{rel}","templated":true}]}}