{"id":5258,"date":"2025-12-11T11:29:14","date_gmt":"2025-12-11T11:29:14","guid":{"rendered":"https:\/\/stourm.news\/?p=5258"},"modified":"2025-12-11T11:31:21","modified_gmt":"2025-12-11T11:31:21","slug":"pleneuf-val-andre-4-000-habitants-90-cameras-pour-proteger-3-138-residences-secondaires","status":"publish","type":"post","link":"https:\/\/stourm.news\/?p=5258","title":{"rendered":"Pl\u00e9neuf-Val-Andr\u00e9 (4 000 habitants) : 90 cam\u00e9ras pour prot\u00e9ger 3 138 r\u00e9sidences secondaires"},"content":{"rendered":"<p style=\"text-align: justify;\">D&rsquo;apr\u00e8s un article du <strong><a href=\"https:\/\/www.letelegramme.fr\/cotes-d-armor\/pleneuf-val-andre-22370\/pour-faire-face-a-la-delinquance-pleneuf-val-andre-va-installer-des-cameras-de-videosurveillance-6944860.php\">T\u00e9l\u00e9gramme<\/a><\/strong>, Pleneg-Nantraezh (Pl\u00e9neuf-Val-Andr\u00e9), 4 063 habitants, va d\u00e9ployer 90 cam\u00e9ras de vid\u00e9osurveillance d\u2019ici trois ans, soit une cam\u00e9ra pour 45 habitants \u2013 un ratio digne des grandes villes en \u00e9tat d\u2019urgence.<\/p>\n<p style=\"text-align: justify;\">Derri\u00e8re cette mesure massive : une vague de cambriolages qui fracture la qui\u00e9tude de cette station baln\u00e9aire des C\u00f4tes-d\u2019Armor. Malgr\u00e9 une baisse globale des faits en 2024 (111 crimes et d\u00e9lits contre 154 en 2023), les intrusions diurnes se multiplient depuis d\u00e9but 2025, visant <strong>r\u00e9sidences secondaires<\/strong> et maisons isol\u00e9es.<\/p>\n<p style=\"text-align: justify;\">Selon les donn\u00e9es de l&rsquo;INSEE pour l&rsquo;ann\u00e9e 2018 (les plus r\u00e9centes disponibles en d\u00e9tail public), la commune de Pl\u00e9neuf-Val-Andr\u00e9 compte 3 138 r\u00e9sidences secondaires ou logements occasionnels sur un total de 5 611 logements. Cela repr\u00e9sente environ 56 % du parc immobilier de la commune, r\u00e9sultat de la colonisation de peuplement fran\u00e7aise que conna\u00eet le littoral de la Bretagne.<\/p>\n<p style=\"text-align: justify;\">Le maire Pierre-Alexis Bl\u00e9vin (divers droite) assume : entr\u00e9es de ville, plages, parc de l\u2019Amiraut\u00e9, port de Dahou\u00ebt\u2026 rien n\u2019\u00e9chappera au maillage. Les deux policiers municipaux, d\u00e9j\u00e0 arm\u00e9s de Glock et de cam\u00e9ras-pi\u00e9tons, b\u00e9n\u00e9ficieront d\u2019un centre de supervision d\u00e9di\u00e9.<\/p>\n<p style=\"text-align: justify;\">Cette d\u00e9cision illustre la r\u00e9alit\u00e9 de villes d&rsquo;o\u00f9 les Bretons ont disparu, d\u00e9sert\u00e9es la plus grande partie de l&rsquo;ann\u00e9e et qui sont d\u00e9sormais le terrain de chasse de criminels \u00e9trangers. Voil\u00e0 le bilan de la politique fran\u00e7aise en Bretagne. Cette politique ne serait toutefois pas possible sans la l\u00e2chet\u00e9, sinon la duplicit\u00e9 des \u00e9lus \u00e0 la remorque des partis fran\u00e7ais qui ont permis \u00e0 ce d\u00e9sastre d&rsquo;advenir.<\/p>\n<p style=\"text-align: justify;\">Mais rien n&rsquo;est irr\u00e9versible. Le PNB propose des solutions \u00e0 m\u00eame de changer cette r\u00e9alit\u00e9 :<\/p>\n<ul>\n<li style=\"text-align: justify;\">Statut de r\u00e9sident obligatoire : Acc\u00e8s \u00e0 la propri\u00e9t\u00e9 limit\u00e9 \u00e0 ceux r\u00e9sidant en Bretagne depuis 10 ans (au moins 6 mois\/an).<\/li>\n<li style=\"text-align: justify;\">Exemption pour les Bretons n\u00e9s de parents bretons hors de Bretagne.<\/li>\n<li style=\"text-align: justify;\">Taxe annuelle dissuasive : 10 % de la valeur du bien pour les propri\u00e9taires non-r\u00e9sidant en Bretagne.<\/li>\n<li style=\"text-align: justify;\">Taxe sur les locations saisonni\u00e8res : freiner la sp\u00e9culation touristique.<\/li>\n<\/ul>\n<p style=\"text-align: justify;\">Le volontarisme politique peut redonner aux Bretons la ma\u00eetrise de leur destin et de leur terre.<\/p>\n<p style=\"text-align: right;\"><strong>Budig Gourmaelon<\/strong><\/p>\n","protected":false},"excerpt":{"rendered":"<p>D&rsquo;apr\u00e8s un article du T\u00e9l\u00e9gramme, Pleneg-Nantraezh (Pl\u00e9neuf-Val-Andr\u00e9), 4 063 habitants, va d\u00e9ployer 90 cam\u00e9ras de vid\u00e9osurveillance d\u2019ici trois ans, soit une cam\u00e9ra pour 45 habitants \u2013 un ratio digne des grandes villes en \u00e9tat d\u2019urgence. Derri\u00e8re cette mesure massive : une vague de cambriolages qui fracture la qui\u00e9tude de cette station baln\u00e9aire des C\u00f4tes-d\u2019Armor. Malgr\u00e9 [&hellip;]<\/p>\n","protected":false},"author":1,"featured_media":5261,"comment_status":"open","ping_status":"open","sticky":false,"template":"","format":"standard","meta":{"sb_editor_width":"","footnotes":""},"categories":[39,65,54],"tags":[],"class_list":["post-5258","post","type-post","status-publish","format-standard","has-post-thumbnail","hentry","category-cotes-darmor","category-principale","category-societe"],"relative_dates":{"created":"5 mois ago","modified":"5 mois ago"},"yoast_head":"<!-- This site is optimized with the Yoast SEO plugin v26.3 - https:\/\/yoast.com\/wordpress\/plugins\/seo\/ -->\n<title>Pl\u00e9neuf-Val-Andr\u00e9 (4 000 habitants) : 90 cam\u00e9ras pour prot\u00e9ger 3 138 r\u00e9sidences secondaires - STOURM<\/title>\n<meta name=\"robots\" content=\"index, follow, max-snippet:-1, max-image-preview:large, max-video-preview:-1\" \/>\n<link rel=\"canonical\" href=\"https:\/\/stourm.news\/?p=5258\" \/>\n<meta property=\"og:locale\" content=\"fr_FR\" \/>\n<meta property=\"og:type\" content=\"article\" \/>\n<meta property=\"og:title\" content=\"Pl\u00e9neuf-Val-Andr\u00e9 (4 000 habitants) : 90 cam\u00e9ras pour prot\u00e9ger 3 138 r\u00e9sidences secondaires - STOURM\" \/>\n<meta property=\"og:description\" content=\"D&rsquo;apr\u00e8s un article du T\u00e9l\u00e9gramme, Pleneg-Nantraezh (Pl\u00e9neuf-Val-Andr\u00e9), 4 063 habitants, va d\u00e9ployer 90 cam\u00e9ras de vid\u00e9osurveillance d\u2019ici trois ans, soit une cam\u00e9ra pour 45 habitants \u2013 un ratio digne des grandes villes en \u00e9tat d\u2019urgence. Derri\u00e8re cette mesure massive : une vague de cambriolages qui fracture la qui\u00e9tude de cette station baln\u00e9aire des C\u00f4tes-d\u2019Armor. Malgr\u00e9 [&hellip;]\" \/>\n<meta property=\"og:url\" content=\"https:\/\/stourm.news\/?p=5258\" \/>\n<meta property=\"og:site_name\" content=\"STOURM\" \/>\n<meta property=\"article:publisher\" content=\"https:\/\/www.facebook.com\/stourmnews\/\" \/>\n<meta property=\"article:published_time\" content=\"2025-12-11T11:29:14+00:00\" \/>\n<meta property=\"article:modified_time\" content=\"2025-12-11T11:31:21+00:00\" \/>\n<meta property=\"og:image\" content=\"https:\/\/stourm.news\/wp-content\/uploads\/2025\/12\/Le_Val_Andre_aerial_view-scaled.jpg\" \/>\n\t<meta property=\"og:image:width\" content=\"2560\" \/>\n\t<meta property=\"og:image:height\" content=\"1707\" \/>\n\t<meta property=\"og:image:type\" content=\"image\/jpeg\" \/>\n<meta name=\"author\" content=\"La r\u00e9daction\" \/>\n<meta name=\"twitter:card\" content=\"summary_large_image\" \/>\n<meta name=\"twitter:label1\" content=\"\u00c9crit par\" \/>\n\t<meta name=\"twitter:data1\" content=\"La r\u00e9daction\" \/>\n\t<meta name=\"twitter:label2\" content=\"Dur\u00e9e de lecture estim\u00e9e\" \/>\n\t<meta name=\"twitter:data2\" content=\"2 minutes\" \/>\n<script type=\"application\/ld+json\" class=\"yoast-schema-graph\">{\"@context\":\"https:\/\/schema.org\",\"@graph\":[{\"@type\":\"Article\",\"@id\":\"https:\/\/stourm.news\/?p=5258#article\",\"isPartOf\":{\"@id\":\"https:\/\/stourm.news\/?p=5258\"},\"author\":{\"name\":\"La r\u00e9daction\",\"@id\":\"https:\/\/stourm.news\/#\/schema\/person\/c3e1dc65988632e190969234ef046cf9\"},\"headline\":\"Pl\u00e9neuf-Val-Andr\u00e9 (4 000 habitants) : 90 cam\u00e9ras pour prot\u00e9ger 3 138 r\u00e9sidences secondaires\",\"datePublished\":\"2025-12-11T11:29:14+00:00\",\"dateModified\":\"2025-12-11T11:31:21+00:00\",\"mainEntityOfPage\":{\"@id\":\"https:\/\/stourm.news\/?p=5258\"},\"wordCount\":395,\"commentCount\":0,\"publisher\":{\"@id\":\"https:\/\/stourm.news\/#organization\"},\"image\":{\"@id\":\"https:\/\/stourm.news\/?p=5258#primaryimage\"},\"thumbnailUrl\":\"https:\/\/stourm.news\/wp-content\/uploads\/2025\/12\/Le_Val_Andre_aerial_view-scaled.jpg\",\"articleSection\":[\"C\u00f4tes d'Armor\",\"Principale\",\"Soci\u00e9t\u00e9\"],\"inLanguage\":\"fr-FR\",\"potentialAction\":[{\"@type\":\"CommentAction\",\"name\":\"Comment\",\"target\":[\"https:\/\/stourm.news\/?p=5258#respond\"]}]},{\"@type\":\"WebPage\",\"@id\":\"https:\/\/stourm.news\/?p=5258\",\"url\":\"https:\/\/stourm.news\/?p=5258\",\"name\":\"Pl\u00e9neuf-Val-Andr\u00e9 (4 000 habitants) : 90 cam\u00e9ras pour prot\u00e9ger 3 138 r\u00e9sidences secondaires - STOURM\",\"isPartOf\":{\"@id\":\"https:\/\/stourm.news\/#website\"},\"primaryImageOfPage\":{\"@id\":\"https:\/\/stourm.news\/?p=5258#primaryimage\"},\"image\":{\"@id\":\"https:\/\/stourm.news\/?p=5258#primaryimage\"},\"thumbnailUrl\":\"https:\/\/stourm.news\/wp-content\/uploads\/2025\/12\/Le_Val_Andre_aerial_view-scaled.jpg\",\"datePublished\":\"2025-12-11T11:29:14+00:00\",\"dateModified\":\"2025-12-11T11:31:21+00:00\",\"breadcrumb\":{\"@id\":\"https:\/\/stourm.news\/?p=5258#breadcrumb\"},\"inLanguage\":\"fr-FR\",\"potentialAction\":[{\"@type\":\"ReadAction\",\"target\":[\"https:\/\/stourm.news\/?p=5258\"]}]},{\"@type\":\"ImageObject\",\"inLanguage\":\"fr-FR\",\"@id\":\"https:\/\/stourm.news\/?p=5258#primaryimage\",\"url\":\"https:\/\/stourm.news\/wp-content\/uploads\/2025\/12\/Le_Val_Andre_aerial_view-scaled.jpg\",\"contentUrl\":\"https:\/\/stourm.news\/wp-content\/uploads\/2025\/12\/Le_Val_Andre_aerial_view-scaled.jpg\",\"width\":2560,\"height\":1707,\"caption\":\"Port de Pi\u00e9gu and view towards Erquy above the hill\"},{\"@type\":\"BreadcrumbList\",\"@id\":\"https:\/\/stourm.news\/?p=5258#breadcrumb\",\"itemListElement\":[{\"@type\":\"ListItem\",\"position\":1,\"name\":\"Accueil\",\"item\":\"https:\/\/stourm.news\/\"},{\"@type\":\"ListItem\",\"position\":2,\"name\":\"Pl\u00e9neuf-Val-Andr\u00e9 (4 000 habitants) : 90 cam\u00e9ras pour prot\u00e9ger 3 138 r\u00e9sidences secondaires\"}]},{\"@type\":\"WebSite\",\"@id\":\"https:\/\/stourm.news\/#website\",\"url\":\"https:\/\/stourm.news\/\",\"name\":\"Stourm\",\"description\":\"Kazetenn Strollad Broadel Breizh\",\"publisher\":{\"@id\":\"https:\/\/stourm.news\/#organization\"},\"potentialAction\":[{\"@type\":\"SearchAction\",\"target\":{\"@type\":\"EntryPoint\",\"urlTemplate\":\"https:\/\/stourm.news\/?s={search_term_string}\"},\"query-input\":{\"@type\":\"PropertyValueSpecification\",\"valueRequired\":true,\"valueName\":\"search_term_string\"}}],\"inLanguage\":\"fr-FR\"},{\"@type\":\"Organization\",\"@id\":\"https:\/\/stourm.news\/#organization\",\"name\":\"Stourm\",\"url\":\"https:\/\/stourm.news\/\",\"logo\":{\"@type\":\"ImageObject\",\"inLanguage\":\"fr-FR\",\"@id\":\"https:\/\/stourm.news\/#\/schema\/logo\/image\/\",\"url\":\"https:\/\/stourm.news\/wp-content\/uploads\/2025\/11\/cropped-Capture-decran-2025-11-28-a-15.19.07.png\",\"contentUrl\":\"https:\/\/stourm.news\/wp-content\/uploads\/2025\/11\/cropped-Capture-decran-2025-11-28-a-15.19.07.png\",\"width\":1855,\"height\":383,\"caption\":\"Stourm\"},\"image\":{\"@id\":\"https:\/\/stourm.news\/#\/schema\/logo\/image\/\"},\"sameAs\":[\"https:\/\/www.facebook.com\/stourmnews\/\"]},{\"@type\":\"Person\",\"@id\":\"https:\/\/stourm.news\/#\/schema\/person\/c3e1dc65988632e190969234ef046cf9\",\"name\":\"La r\u00e9daction\",\"image\":{\"@type\":\"ImageObject\",\"inLanguage\":\"fr-FR\",\"@id\":\"https:\/\/stourm.news\/#\/schema\/person\/image\/\",\"url\":\"https:\/\/secure.gravatar.com\/avatar\/7463443f194b6b5fb706b074ca0ef59a0cfcfd720cb47764b0ec5a952ce422b3?s=96&d=mm&r=g\",\"contentUrl\":\"https:\/\/secure.gravatar.com\/avatar\/7463443f194b6b5fb706b074ca0ef59a0cfcfd720cb47764b0ec5a952ce422b3?s=96&d=mm&r=g\",\"caption\":\"La r\u00e9daction\"},\"sameAs\":[\"https:\/\/stourm.news\"],\"url\":\"https:\/\/stourm.news\/?author=1\"}]}<\/script>\n<!-- \/ Yoast SEO plugin. -->","yoast_head_json":{"title":"Pl\u00e9neuf-Val-Andr\u00e9 (4 000 habitants) : 90 cam\u00e9ras pour prot\u00e9ger 3 138 r\u00e9sidences secondaires - STOURM","robots":{"index":"index","follow":"follow","max-snippet":"max-snippet:-1","max-image-preview":"max-image-preview:large","max-video-preview":"max-video-preview:-1"},"canonical":"https:\/\/stourm.news\/?p=5258","og_locale":"fr_FR","og_type":"article","og_title":"Pl\u00e9neuf-Val-Andr\u00e9 (4 000 habitants) : 90 cam\u00e9ras pour prot\u00e9ger 3 138 r\u00e9sidences secondaires - STOURM","og_description":"D&rsquo;apr\u00e8s un article du T\u00e9l\u00e9gramme, Pleneg-Nantraezh (Pl\u00e9neuf-Val-Andr\u00e9), 4 063 habitants, va d\u00e9ployer 90 cam\u00e9ras de vid\u00e9osurveillance d\u2019ici trois ans, soit une cam\u00e9ra pour 45 habitants \u2013 un ratio digne des grandes villes en \u00e9tat d\u2019urgence. Derri\u00e8re cette mesure massive : une vague de cambriolages qui fracture la qui\u00e9tude de cette station baln\u00e9aire des C\u00f4tes-d\u2019Armor. Malgr\u00e9 [&hellip;]","og_url":"https:\/\/stourm.news\/?p=5258","og_site_name":"STOURM","article_publisher":"https:\/\/www.facebook.com\/stourmnews\/","article_published_time":"2025-12-11T11:29:14+00:00","article_modified_time":"2025-12-11T11:31:21+00:00","og_image":[{"width":2560,"height":1707,"url":"https:\/\/stourm.news\/wp-content\/uploads\/2025\/12\/Le_Val_Andre_aerial_view-scaled.jpg","type":"image\/jpeg"}],"author":"La r\u00e9daction","twitter_card":"summary_large_image","twitter_misc":{"\u00c9crit par":"La r\u00e9daction","Dur\u00e9e de lecture estim\u00e9e":"2 minutes"},"schema":{"@context":"https:\/\/schema.org","@graph":[{"@type":"Article","@id":"https:\/\/stourm.news\/?p=5258#article","isPartOf":{"@id":"https:\/\/stourm.news\/?p=5258"},"author":{"name":"La r\u00e9daction","@id":"https:\/\/stourm.news\/#\/schema\/person\/c3e1dc65988632e190969234ef046cf9"},"headline":"Pl\u00e9neuf-Val-Andr\u00e9 (4 000 habitants) : 90 cam\u00e9ras pour prot\u00e9ger 3 138 r\u00e9sidences secondaires","datePublished":"2025-12-11T11:29:14+00:00","dateModified":"2025-12-11T11:31:21+00:00","mainEntityOfPage":{"@id":"https:\/\/stourm.news\/?p=5258"},"wordCount":395,"commentCount":0,"publisher":{"@id":"https:\/\/stourm.news\/#organization"},"image":{"@id":"https:\/\/stourm.news\/?p=5258#primaryimage"},"thumbnailUrl":"https:\/\/stourm.news\/wp-content\/uploads\/2025\/12\/Le_Val_Andre_aerial_view-scaled.jpg","articleSection":["C\u00f4tes d'Armor","Principale","Soci\u00e9t\u00e9"],"inLanguage":"fr-FR","potentialAction":[{"@type":"CommentAction","name":"Comment","target":["https:\/\/stourm.news\/?p=5258#respond"]}]},{"@type":"WebPage","@id":"https:\/\/stourm.news\/?p=5258","url":"https:\/\/stourm.news\/?p=5258","name":"Pl\u00e9neuf-Val-Andr\u00e9 (4 000 habitants) : 90 cam\u00e9ras pour prot\u00e9ger 3 138 r\u00e9sidences secondaires - STOURM","isPartOf":{"@id":"https:\/\/stourm.news\/#website"},"primaryImageOfPage":{"@id":"https:\/\/stourm.news\/?p=5258#primaryimage"},"image":{"@id":"https:\/\/stourm.news\/?p=5258#primaryimage"},"thumbnailUrl":"https:\/\/stourm.news\/wp-content\/uploads\/2025\/12\/Le_Val_Andre_aerial_view-scaled.jpg","datePublished":"2025-12-11T11:29:14+00:00","dateModified":"2025-12-11T11:31:21+00:00","breadcrumb":{"@id":"https:\/\/stourm.news\/?p=5258#breadcrumb"},"inLanguage":"fr-FR","potentialAction":[{"@type":"ReadAction","target":["https:\/\/stourm.news\/?p=5258"]}]},{"@type":"ImageObject","inLanguage":"fr-FR","@id":"https:\/\/stourm.news\/?p=5258#primaryimage","url":"https:\/\/stourm.news\/wp-content\/uploads\/2025\/12\/Le_Val_Andre_aerial_view-scaled.jpg","contentUrl":"https:\/\/stourm.news\/wp-content\/uploads\/2025\/12\/Le_Val_Andre_aerial_view-scaled.jpg","width":2560,"height":1707,"caption":"Port de Pi\u00e9gu and view towards Erquy above the hill"},{"@type":"BreadcrumbList","@id":"https:\/\/stourm.news\/?p=5258#breadcrumb","itemListElement":[{"@type":"ListItem","position":1,"name":"Accueil","item":"https:\/\/stourm.news\/"},{"@type":"ListItem","position":2,"name":"Pl\u00e9neuf-Val-Andr\u00e9 (4 000 habitants) : 90 cam\u00e9ras pour prot\u00e9ger 3 138 r\u00e9sidences secondaires"}]},{"@type":"WebSite","@id":"https:\/\/stourm.news\/#website","url":"https:\/\/stourm.news\/","name":"Stourm","description":"Kazetenn Strollad Broadel Breizh","publisher":{"@id":"https:\/\/stourm.news\/#organization"},"potentialAction":[{"@type":"SearchAction","target":{"@type":"EntryPoint","urlTemplate":"https:\/\/stourm.news\/?s={search_term_string}"},"query-input":{"@type":"PropertyValueSpecification","valueRequired":true,"valueName":"search_term_string"}}],"inLanguage":"fr-FR"},{"@type":"Organization","@id":"https:\/\/stourm.news\/#organization","name":"Stourm","url":"https:\/\/stourm.news\/","logo":{"@type":"ImageObject","inLanguage":"fr-FR","@id":"https:\/\/stourm.news\/#\/schema\/logo\/image\/","url":"https:\/\/stourm.news\/wp-content\/uploads\/2025\/11\/cropped-Capture-decran-2025-11-28-a-15.19.07.png","contentUrl":"https:\/\/stourm.news\/wp-content\/uploads\/2025\/11\/cropped-Capture-decran-2025-11-28-a-15.19.07.png","width":1855,"height":383,"caption":"Stourm"},"image":{"@id":"https:\/\/stourm.news\/#\/schema\/logo\/image\/"},"sameAs":["https:\/\/www.facebook.com\/stourmnews\/"]},{"@type":"Person","@id":"https:\/\/stourm.news\/#\/schema\/person\/c3e1dc65988632e190969234ef046cf9","name":"La r\u00e9daction","image":{"@type":"ImageObject","inLanguage":"fr-FR","@id":"https:\/\/stourm.news\/#\/schema\/person\/image\/","url":"https:\/\/secure.gravatar.com\/avatar\/7463443f194b6b5fb706b074ca0ef59a0cfcfd720cb47764b0ec5a952ce422b3?s=96&d=mm&r=g","contentUrl":"https:\/\/secure.gravatar.com\/avatar\/7463443f194b6b5fb706b074ca0ef59a0cfcfd720cb47764b0ec5a952ce422b3?s=96&d=mm&r=g","caption":"La r\u00e9daction"},"sameAs":["https:\/\/stourm.news"],"url":"https:\/\/stourm.news\/?author=1"}]}},"_links":{"self":[{"href":"https:\/\/stourm.news\/index.php?rest_route=\/wp\/v2\/posts\/5258","targetHints":{"allow":["GET"]}}],"collection":[{"href":"https:\/\/stourm.news\/index.php?rest_route=\/wp\/v2\/posts"}],"about":[{"href":"https:\/\/stourm.news\/index.php?rest_route=\/wp\/v2\/types\/post"}],"author":[{"embeddable":true,"href":"https:\/\/stourm.news\/index.php?rest_route=\/wp\/v2\/users\/1"}],"replies":[{"embeddable":true,"href":"https:\/\/stourm.news\/index.php?rest_route=%2Fwp%2Fv2%2Fcomments&post=5258"}],"version-history":[{"count":2,"href":"https:\/\/stourm.news\/index.php?rest_route=\/wp\/v2\/posts\/5258\/revisions"}],"predecessor-version":[{"id":5262,"href":"https:\/\/stourm.news\/index.php?rest_route=\/wp\/v2\/posts\/5258\/revisions\/5262"}],"wp:featuredmedia":[{"embeddable":true,"href":"https:\/\/stourm.news\/index.php?rest_route=\/wp\/v2\/media\/5261"}],"wp:attachment":[{"href":"https:\/\/stourm.news\/index.php?rest_route=%2Fwp%2Fv2%2Fmedia&parent=5258"}],"wp:term":[{"taxonomy":"category","embeddable":true,"href":"https:\/\/stourm.news\/index.php?rest_route=%2Fwp%2Fv2%2Fcategories&post=5258"},{"taxonomy":"post_tag","embeddable":true,"href":"https:\/\/stourm.news\/index.php?rest_route=%2Fwp%2Fv2%2Ftags&post=5258"}],"curies":[{"name":"wp","href":"https:\/\/api.w.org\/{rel}","templated":true}]}}