{"id":5263,"date":"2025-12-12T11:06:36","date_gmt":"2025-12-12T11:06:36","guid":{"rendered":"https:\/\/stourm.news\/?p=5263"},"modified":"2025-12-12T11:06:36","modified_gmt":"2025-12-12T11:06:36","slug":"terres-rares-paris-ouvre-le-sous-sol-breton-a-une-filiale-canadienne-en-violation-de-la-souverainete-bretonne","status":"publish","type":"post","link":"https:\/\/stourm.news\/?p=5263","title":{"rendered":"Terres rares : Paris ouvre le sous-sol breton \u00e0 une filiale canadienne en violation de la souverainet\u00e9 bretonne !"},"content":{"rendered":"<p style=\"text-align: justify;\"><span style=\"font-family: arial, helvetica, sans-serif; font-size: 14pt;\">Le 10 d\u00e9cembre 2025, le Journal Officiel fran\u00e7ais a publi\u00e9 trois arr\u00eat\u00e9s minist\u00e9riels sign\u00e9s par S\u00e9bastien Martin, ministre d\u00e9l\u00e9gu\u00e9 \u00e0 l\u2019Industrie. Deux des trois Permis Exclusifs de Recherches (PER) concernent directement la Bretagne historique. Le permis \u00ab Epona \u00bb couvre 51 km\u00b2 sur les communes d\u2019Hennebont, Languidic, Nostang et Kervignac, \u00e0 l\u2019est de Lorient ; il est accord\u00e9 pour trois ans, renouvelable. Le permis \u00ab Taranis \u00bb, beaucoup plus vaste, s\u2019\u00e9tend sur 360 km\u00b2 et touche une vingtaine de communes \u00e0 la fronti\u00e8re du Morbihan, de l\u2019Ille-et-Vilaine et de la Loire-Atlantique : Gazilieg (La Gacilly), Gwenvenez-Penfaou (Gu\u00e9men\u00e9-Penfao), Baen-Ballon (Bains-sur-Oust), Alaer (Allaire), Paloieg (Peillac) ou encore Ranneg (Renac). Sa dur\u00e9e initiale est de cinq ans, \u00e9galement renouvelable.<\/span><\/p>\n<p style=\"text-align: justify;\"><span style=\"font-family: arial, helvetica, sans-serif; font-size: 14pt;\">L\u2019heureuse b\u00e9n\u00e9ficiaire est \u00ab\u00a0Breizh Ressources\u00a0\u00bb, soci\u00e9t\u00e9 cr\u00e9\u00e9e en 2024 et domicili\u00e9e au 1 rue Honor\u00e9 d\u2019Estienne d\u2019Orves \u00e0 Lorient, dans le Morbihan. Les apparences sont trompeuses. Cette entreprise, qui se pr\u00e9sente comme une start-up sp\u00e9cialis\u00e9e dans l\u2019\u00e9tude g\u00e9ologique du sous-sol et l\u2019exploration de ressources min\u00e9rales et de m\u00e9taux rares, n&rsquo;a rien de breton : \u00ab\u00a0Breizh Ressources\u00a0\u00bb est une filiale \u00e0 100 % d\u2019Aurania Resources Ltd, une junior mini\u00e8re canadienne fond\u00e9e en 2006 et cot\u00e9e \u00e0 la Bourse de Toronto (TSXV : ARU). Aurania, dirig\u00e9e par le g\u00e9ologue Keith Barron, est active dans l\u2019exploration de m\u00e9taux pr\u00e9cieux et critiques dans plusieurs pays, notamment en \u00c9quateur et maintenant en Bretagne. Ses actionnaires principaux sont majoritairement nord-am\u00e9ricains et britanniques, et l\u2019entreprise n\u2019a pas de revenus significatifs \u00e0 ce jour, se concentrant sur les phases d\u2019exploration. <\/span><span style=\"font-family: arial, helvetica, sans-serif; font-size: 14pt;\">Ce lien capitalistique soul\u00e8ve des questions sur la r\u00e9partition des b\u00e9n\u00e9fices potentiels : si des gisements sont d\u00e9couverts, sont-ce les investisseurs d\u2019Aurania qui en profiteront en premier, via les cours de l\u2019action ARU, plut\u00f4t que les collectivit\u00e9s bretonnes ?<\/span><\/p>\n<p style=\"text-align: justify;\"><strong><span style=\"font-family: arial, helvetica, sans-serif; font-size: 14pt;\">Ce qui est autoris\u00e9 \u2013 et ce qui ne l\u2019est pas<\/span><\/strong><\/p>\n<p style=\"text-align: justify;\"><span style=\"font-family: arial, helvetica, sans-serif; font-size: 14pt;\">\u00c0 ce stade, seule la recherche est permise. Les travaux consistent en lev\u00e9s g\u00e9ophysiques a\u00e9riens et terrestres, pr\u00e9l\u00e8vements superficiels, carottages de faible profondeur et analyses en laboratoire. Aucun puits de mine, aucun terril, aucune galerie ne verra le jour tant que ces permis sont en vigueur. L\u2019exploitation, si elle devait un jour \u00eatre envisag\u00e9e, n\u00e9cessiterait une proc\u00e9dure totalement distincte : demande de concession mini\u00e8re, enqu\u00eate publique renforc\u00e9e, \u00e9tude d\u2019impact et nouveau d\u00e9cret. Statistiquement, seulement 5 % des projets d\u2019exploration comme celui-ci d\u00e9bouchent sur une exploitation r\u00e9elle, selon les donn\u00e9es du minist\u00e8re fran\u00e7ais de l\u2019Industrie. \u00ab\u00a0Breizh Ressources\u00a0\u00bb s\u2019engage \u00e0 une approche progressive, en r\u00e9duisant les zones d\u2019\u00e9tude en cas de r\u00e9sultats n\u00e9gatifs, et \u00e0 des consultations locales obligatoires.<\/span><\/p>\n<p style=\"text-align: justify;\"><strong><span style=\"font-family: arial, helvetica, sans-serif; font-size: 14pt;\">Les substances recherch\u00e9es<\/span><\/strong><\/p>\n<p style=\"text-align: justify;\"><span style=\"font-family: arial, helvetica, sans-serif; font-size: 14pt;\">Les m\u00e9taux vis\u00e9s sont \u00e0 la fois traditionnels et strat\u00e9giques. Parmi les premiers figurent l\u2019\u00e9tain, le tungst\u00e8ne, l\u2019antimoine, l\u2019or, l\u2019argent, le plomb et le zinc, h\u00e9rit\u00e9s des filons historiques du Massif armoricain, exploit\u00e9s d\u00e8s l\u2019Antiquit\u00e9 par les Gaulois et plus tard par les mineurs bretons du XIXe si\u00e8cle. Les seconds, plus modernes, incluent le lithium, le cobalt, le germanium, l\u2019indium, le niobium, le tantale et les terres rares \u2013 des \u00e9l\u00e9ments critiques pour la transition \u00e9nerg\u00e9tique et num\u00e9rique. Ces substances alimentent les batteries de v\u00e9hicules \u00e9lectriques, les \u00e9oliennes, les panneaux solaires et les semi-conducteurs. L&rsquo;\u00c9tat fran\u00e7ais, qui importe 100 % de ses terres rares de Chine, voit dans ces explorations un levier pour sa \u00ab\u00a0souverainet\u00e9 industrielle\u00a0\u00bb, comme l\u2019a r\u00e9p\u00e9t\u00e9 le gouvernement de Paris dans ses annonces r\u00e9centes. Probl\u00e8me : l&rsquo;\u00c9tat fran\u00e7ais viole la souverainet\u00e9 nationale de la Bretagne.<\/span><\/p>\n<p style=\"text-align: justify;\"><strong><span style=\"font-family: arial, helvetica, sans-serif; font-size: 14pt;\">Le cadre juridique : Paris d\u00e9cide, la Bretagne subit<\/span><\/strong><\/p>\n<p style=\"text-align: justify;\"><span style=\"font-family: arial, helvetica, sans-serif; font-size: 14pt;\">En droit fran\u00e7ais, le sous-sol n\u2019appartient ni aux propri\u00e9taires des terrains ni \u00e0 la \u00ab\u00a0R\u00e9gion\u00a0\u00bb Bretagne : il est propri\u00e9t\u00e9 exclusive de l\u2019\u00c9tat fran\u00e7ais occupant la Bretagne, au titre de l\u2019article L. 111-1 du Code minier. La collectivit\u00e9 bretonne n\u2019a aucune comp\u00e9tence l\u00e9gale pour octroyer, refuser ou m\u00eame conditionner ces permis. Les redevances et taxes mini\u00e8res, si une mine voyait le jour un jour, iraient int\u00e9gralement dans les caisses de l\u2019\u00c9tat fran\u00e7ais, sans redistribution automatique aux Bretons. Seules des retomb\u00e9es indirectes, comme des emplois temporaires ou des contrats locaux, pourraient b\u00e9n\u00e9ficier \u00e0 la Bretagne. Les consultations publiques men\u00e9es en 2023 et 2024 ont \u00e9t\u00e9 hexagonales, sans veto breton possible.<\/span><\/p>\n<p style=\"text-align: justify;\"><strong><span style=\"font-family: arial, helvetica, sans-serif; font-size: 14pt;\">Les premi\u00e8res r\u00e9actions locales<\/span><\/strong><\/p>\n<p style=\"text-align: justify;\"><span style=\"font-family: arial, helvetica, sans-serif; font-size: 14pt;\">D\u00e8s l\u2019annonce, les oppositions se sont organis\u00e9es. Eau et Rivi\u00e8res de Bretagne, association de protection des eaux, alerte sur les risques de pollution des nappes phr\u00e9atiques et des rivi\u00e8res par des m\u00e9taux lourds ou une radioactivit\u00e9 naturelle li\u00e9e aux gisements anciens. Plusieurs maires des communes concern\u00e9es, comme ceux de Gazilieg (La Gacilly) ou de Henbont (Hennebont), ont exprim\u00e9 leur hostilit\u00e9, craignant des impacts sur l\u2019agriculture, le tourisme et la qualit\u00e9 de vie. Des collectifs citoyens, soutenus par des \u00e9lus, pr\u00e9parent des recours devant le tribunal administratif. Sur les r\u00e9seaux sociaux et dans les m\u00e9dias locaux, le d\u00e9bat s\u2019enflamme : \u00ab\u00a0Breizh Ressources\u00a0\u00bb promet des r\u00e9unions d\u2019information et une transparence accrue, mais beaucoup doutent de l\u2019engagement r\u00e9el d\u2019une filiale \u00e9trang\u00e8re. Keith Barron, PDG d\u2019Aurania, a d\u00e9fendu le projet en \u00e9voquant un \u00ab potentiel sous-estim\u00e9 \u00bb h\u00e9rit\u00e9 des Gaulois, mais ses d\u00e9clarations n\u2019ont pas apais\u00e9 les craintes.<\/span><\/p>\n<p style=\"text-align: justify;\"><strong><span style=\"font-family: arial, helvetica, sans-serif; font-size: 14pt;\">La lecture nationaliste bretonne<\/span><\/strong><\/p>\n<p style=\"text-align: justify;\"><span style=\"font-family: arial, helvetica, sans-serif; font-size: 14pt;\">Pour les d\u00e9fenseurs de la souverainet\u00e9 nationale bretonne, ce dossier est un r\u00e9v\u00e9lateur brutal. Le Massif armoricain rec\u00e8le potentiellement des ressources strat\u00e9giques d\u2019importance mondiale, capables de g\u00e9n\u00e9rer des milliers d\u2019emplois qualifi\u00e9s, des fili\u00e8res de recyclage et une \u00e9conomie verte souveraine. Or, tant que la Bretagne n\u2019aura pas la pleine ma\u00eetrise de son sous-sol en tant qu&rsquo;\u00e9tat, toute d\u00e9couverte profitera d\u2019abord \u00e0 des int\u00e9r\u00eats ext\u00e9rieurs : actionnaires canadiens d\u2019Aurania, qui voient leur action grimper sur les nouvelles prometteuses ; budget de l\u2019\u00c9tat fran\u00e7ais, qui empoche les royalties ; ou encore industriels \u00e9trangers qui raffineront les minerais ailleurs. Les emplois de la phase recherche seront limit\u00e9s \u00e0 une poign\u00e9e de g\u00e9ologues \u00e0 Lorient ; ceux d\u2019une \u00e9ventuelle exploitation future d\u00e9pendront du bon vouloir de l\u2019op\u00e9rateur et de Paris, sans garantie pour les Bretons.<\/span><\/p>\n<p style=\"text-align: justify;\"><span style=\"font-family: arial, helvetica, sans-serif; font-size: 14pt;\">Ce n\u2019est pas la prospection en elle-m\u00eame qui pose probl\u00e8me \u2013 elle pourrait m\u00eame \u00eatre une opportunit\u00e9 si encadr\u00e9e \u2013 mais l\u2019impossibilit\u00e9 pour les Bretons de d\u00e9cider eux-m\u00eames de l\u2019usage de leur patrimoine g\u00e9ologique. Le Qu\u00e9bec a n\u00e9goci\u00e9 des royalties directes pour ses mines ; la Norv\u00e8ge a fait de son p\u00e9trole un fonds souverain ; l\u2019\u00c9cosse d\u00e9bat de son or offshore. La Bretagne, elle, reste dans la situation d\u2019une colonie de ressources, o\u00f9 Paris distribue les cartes sans consulter les joueurs. <\/span><\/p>\n<p style=\"text-align: justify;\"><span style=\"font-family: arial, helvetica, sans-serif; font-size: 14pt;\">Il est n\u00e9cessaire d&rsquo;appeler \u00e0 un moratoire imm\u00e9diat sur les nouveaux PER, \u00e0 un transfert de comp\u00e9tences mini\u00e8res au Conseil \u00ab\u00a0r\u00e9gional\u00a0\u00bb de Bretagne, et \u00e0 la cr\u00e9ation d\u2019une compagnie publique bretonne pour toute future exploration. Sans cela, la Bretagne continuera d\u2019\u00eatre une terre de passage pour les capitaux \u00e9trangers, priv\u00e9e de son destin \u00e9conomique. Aujourd\u2019hui, un simple permis de recherche rappelle une v\u00e9rit\u00e9 ancienne : sans souverainet\u00e9 sur son sous-sol, un peuple ne ma\u00eetrise ni son \u00e9conomie ni son avenir. Il est temps que la nation bretonne exige plus que des miettes.<\/span><\/p>\n<p style=\"text-align: right;\"><strong><span style=\"font-family: arial, helvetica, sans-serif; font-size: 14pt;\">Budig Gourmaelon<\/span><\/strong><\/p>\n","protected":false},"excerpt":{"rendered":"<p>Le 10 d\u00e9cembre 2025, le Journal Officiel fran\u00e7ais a publi\u00e9 trois arr\u00eat\u00e9s minist\u00e9riels sign\u00e9s par S\u00e9bastien Martin, ministre d\u00e9l\u00e9gu\u00e9 \u00e0 l\u2019Industrie. Deux des trois Permis Exclusifs de Recherches (PER) concernent directement la Bretagne historique. Le permis \u00ab Epona \u00bb couvre 51 km\u00b2 sur les communes d\u2019Hennebont, Languidic, Nostang et Kervignac, \u00e0 l\u2019est de Lorient ; [&hellip;]<\/p>\n","protected":false},"author":1,"featured_media":5265,"comment_status":"open","ping_status":"open","sticky":false,"template":"","format":"standard","meta":{"sb_editor_width":"","footnotes":""},"categories":[58,81,55,67,65,54],"tags":[],"class_list":["post-5263","post","type-post","status-publish","format-standard","has-post-thumbnail","hentry","category-breizh","category-ecologie","category-economie","category-politique","category-principale","category-societe"],"relative_dates":{"created":"5 mois ago","modified":"5 mois ago"},"yoast_head":"<!-- This site is optimized with the Yoast SEO plugin v26.3 - https:\/\/yoast.com\/wordpress\/plugins\/seo\/ -->\n<title>Terres rares : Paris ouvre le sous-sol breton \u00e0 une filiale canadienne en violation de la souverainet\u00e9 bretonne ! - STOURM<\/title>\n<meta name=\"robots\" content=\"index, follow, max-snippet:-1, max-image-preview:large, max-video-preview:-1\" \/>\n<link rel=\"canonical\" href=\"https:\/\/stourm.news\/?p=5263\" \/>\n<meta property=\"og:locale\" content=\"fr_FR\" \/>\n<meta property=\"og:type\" content=\"article\" \/>\n<meta property=\"og:title\" content=\"Terres rares : Paris ouvre le sous-sol breton \u00e0 une filiale canadienne en violation de la souverainet\u00e9 bretonne ! - STOURM\" \/>\n<meta property=\"og:description\" content=\"Le 10 d\u00e9cembre 2025, le Journal Officiel fran\u00e7ais a publi\u00e9 trois arr\u00eat\u00e9s minist\u00e9riels sign\u00e9s par S\u00e9bastien Martin, ministre d\u00e9l\u00e9gu\u00e9 \u00e0 l\u2019Industrie. Deux des trois Permis Exclusifs de Recherches (PER) concernent directement la Bretagne historique. Le permis \u00ab Epona \u00bb couvre 51 km\u00b2 sur les communes d\u2019Hennebont, Languidic, Nostang et Kervignac, \u00e0 l\u2019est de Lorient ; [&hellip;]\" \/>\n<meta property=\"og:url\" content=\"https:\/\/stourm.news\/?p=5263\" \/>\n<meta property=\"og:site_name\" content=\"STOURM\" \/>\n<meta property=\"article:publisher\" content=\"https:\/\/www.facebook.com\/stourmnews\/\" \/>\n<meta property=\"article:published_time\" content=\"2025-12-12T11:06:36+00:00\" \/>\n<meta name=\"author\" content=\"La r\u00e9daction\" \/>\n<meta name=\"twitter:card\" content=\"summary_large_image\" \/>\n<meta name=\"twitter:label1\" content=\"\u00c9crit par\" \/>\n\t<meta name=\"twitter:data1\" content=\"La r\u00e9daction\" \/>\n\t<meta name=\"twitter:label2\" content=\"Dur\u00e9e de lecture estim\u00e9e\" \/>\n\t<meta name=\"twitter:data2\" content=\"6 minutes\" \/>\n<script type=\"application\/ld+json\" class=\"yoast-schema-graph\">{\"@context\":\"https:\/\/schema.org\",\"@graph\":[{\"@type\":\"Article\",\"@id\":\"https:\/\/stourm.news\/?p=5263#article\",\"isPartOf\":{\"@id\":\"https:\/\/stourm.news\/?p=5263\"},\"author\":{\"name\":\"La r\u00e9daction\",\"@id\":\"https:\/\/stourm.news\/#\/schema\/person\/c3e1dc65988632e190969234ef046cf9\"},\"headline\":\"Terres rares : Paris ouvre le sous-sol breton \u00e0 une filiale canadienne en violation de la souverainet\u00e9 bretonne !\",\"datePublished\":\"2025-12-12T11:06:36+00:00\",\"mainEntityOfPage\":{\"@id\":\"https:\/\/stourm.news\/?p=5263\"},\"wordCount\":1308,\"commentCount\":0,\"publisher\":{\"@id\":\"https:\/\/stourm.news\/#organization\"},\"image\":{\"@id\":\"https:\/\/stourm.news\/?p=5263#primaryimage\"},\"thumbnailUrl\":\"https:\/\/stourm.news\/wp-content\/uploads\/2025\/12\/0611239097741-web-tete.jpg\",\"articleSection\":[\"Breizh\",\"\u00c9cologie\",\"Economie\",\"Politique\",\"Principale\",\"Soci\u00e9t\u00e9\"],\"inLanguage\":\"fr-FR\",\"potentialAction\":[{\"@type\":\"CommentAction\",\"name\":\"Comment\",\"target\":[\"https:\/\/stourm.news\/?p=5263#respond\"]}]},{\"@type\":\"WebPage\",\"@id\":\"https:\/\/stourm.news\/?p=5263\",\"url\":\"https:\/\/stourm.news\/?p=5263\",\"name\":\"Terres rares : Paris ouvre le sous-sol breton \u00e0 une filiale canadienne en violation de la souverainet\u00e9 bretonne ! - STOURM\",\"isPartOf\":{\"@id\":\"https:\/\/stourm.news\/#website\"},\"primaryImageOfPage\":{\"@id\":\"https:\/\/stourm.news\/?p=5263#primaryimage\"},\"image\":{\"@id\":\"https:\/\/stourm.news\/?p=5263#primaryimage\"},\"thumbnailUrl\":\"https:\/\/stourm.news\/wp-content\/uploads\/2025\/12\/0611239097741-web-tete.jpg\",\"datePublished\":\"2025-12-12T11:06:36+00:00\",\"breadcrumb\":{\"@id\":\"https:\/\/stourm.news\/?p=5263#breadcrumb\"},\"inLanguage\":\"fr-FR\",\"potentialAction\":[{\"@type\":\"ReadAction\",\"target\":[\"https:\/\/stourm.news\/?p=5263\"]}]},{\"@type\":\"ImageObject\",\"inLanguage\":\"fr-FR\",\"@id\":\"https:\/\/stourm.news\/?p=5263#primaryimage\",\"url\":\"https:\/\/stourm.news\/wp-content\/uploads\/2025\/12\/0611239097741-web-tete.jpg\",\"contentUrl\":\"https:\/\/stourm.news\/wp-content\/uploads\/2025\/12\/0611239097741-web-tete.jpg\",\"width\":1280,\"height\":720,\"caption\":\"FILE PHOTO: A view of the MP Materials rare earth open-pit mine in Mountain Pass, California, U.S. January 30, 2020. Picture taken January 30, 2020. REUTERS\/Steve Marcus\/File Photo\"},{\"@type\":\"BreadcrumbList\",\"@id\":\"https:\/\/stourm.news\/?p=5263#breadcrumb\",\"itemListElement\":[{\"@type\":\"ListItem\",\"position\":1,\"name\":\"Accueil\",\"item\":\"https:\/\/stourm.news\/\"},{\"@type\":\"ListItem\",\"position\":2,\"name\":\"Terres rares : Paris ouvre le sous-sol breton \u00e0 une filiale canadienne en violation de la souverainet\u00e9 bretonne !\"}]},{\"@type\":\"WebSite\",\"@id\":\"https:\/\/stourm.news\/#website\",\"url\":\"https:\/\/stourm.news\/\",\"name\":\"Stourm\",\"description\":\"Kazetenn Strollad Broadel Breizh\",\"publisher\":{\"@id\":\"https:\/\/stourm.news\/#organization\"},\"potentialAction\":[{\"@type\":\"SearchAction\",\"target\":{\"@type\":\"EntryPoint\",\"urlTemplate\":\"https:\/\/stourm.news\/?s={search_term_string}\"},\"query-input\":{\"@type\":\"PropertyValueSpecification\",\"valueRequired\":true,\"valueName\":\"search_term_string\"}}],\"inLanguage\":\"fr-FR\"},{\"@type\":\"Organization\",\"@id\":\"https:\/\/stourm.news\/#organization\",\"name\":\"Stourm\",\"url\":\"https:\/\/stourm.news\/\",\"logo\":{\"@type\":\"ImageObject\",\"inLanguage\":\"fr-FR\",\"@id\":\"https:\/\/stourm.news\/#\/schema\/logo\/image\/\",\"url\":\"https:\/\/stourm.news\/wp-content\/uploads\/2025\/11\/cropped-Capture-decran-2025-11-28-a-15.19.07.png\",\"contentUrl\":\"https:\/\/stourm.news\/wp-content\/uploads\/2025\/11\/cropped-Capture-decran-2025-11-28-a-15.19.07.png\",\"width\":1855,\"height\":383,\"caption\":\"Stourm\"},\"image\":{\"@id\":\"https:\/\/stourm.news\/#\/schema\/logo\/image\/\"},\"sameAs\":[\"https:\/\/www.facebook.com\/stourmnews\/\"]},{\"@type\":\"Person\",\"@id\":\"https:\/\/stourm.news\/#\/schema\/person\/c3e1dc65988632e190969234ef046cf9\",\"name\":\"La r\u00e9daction\",\"image\":{\"@type\":\"ImageObject\",\"inLanguage\":\"fr-FR\",\"@id\":\"https:\/\/stourm.news\/#\/schema\/person\/image\/\",\"url\":\"https:\/\/secure.gravatar.com\/avatar\/7463443f194b6b5fb706b074ca0ef59a0cfcfd720cb47764b0ec5a952ce422b3?s=96&d=mm&r=g\",\"contentUrl\":\"https:\/\/secure.gravatar.com\/avatar\/7463443f194b6b5fb706b074ca0ef59a0cfcfd720cb47764b0ec5a952ce422b3?s=96&d=mm&r=g\",\"caption\":\"La r\u00e9daction\"},\"sameAs\":[\"https:\/\/stourm.news\"],\"url\":\"https:\/\/stourm.news\/?author=1\"}]}<\/script>\n<!-- \/ Yoast SEO plugin. -->","yoast_head_json":{"title":"Terres rares : Paris ouvre le sous-sol breton \u00e0 une filiale canadienne en violation de la souverainet\u00e9 bretonne ! - STOURM","robots":{"index":"index","follow":"follow","max-snippet":"max-snippet:-1","max-image-preview":"max-image-preview:large","max-video-preview":"max-video-preview:-1"},"canonical":"https:\/\/stourm.news\/?p=5263","og_locale":"fr_FR","og_type":"article","og_title":"Terres rares : Paris ouvre le sous-sol breton \u00e0 une filiale canadienne en violation de la souverainet\u00e9 bretonne ! - STOURM","og_description":"Le 10 d\u00e9cembre 2025, le Journal Officiel fran\u00e7ais a publi\u00e9 trois arr\u00eat\u00e9s minist\u00e9riels sign\u00e9s par S\u00e9bastien Martin, ministre d\u00e9l\u00e9gu\u00e9 \u00e0 l\u2019Industrie. Deux des trois Permis Exclusifs de Recherches (PER) concernent directement la Bretagne historique. Le permis \u00ab Epona \u00bb couvre 51 km\u00b2 sur les communes d\u2019Hennebont, Languidic, Nostang et Kervignac, \u00e0 l\u2019est de Lorient ; [&hellip;]","og_url":"https:\/\/stourm.news\/?p=5263","og_site_name":"STOURM","article_publisher":"https:\/\/www.facebook.com\/stourmnews\/","article_published_time":"2025-12-12T11:06:36+00:00","author":"La r\u00e9daction","twitter_card":"summary_large_image","twitter_misc":{"\u00c9crit par":"La r\u00e9daction","Dur\u00e9e de lecture estim\u00e9e":"6 minutes"},"schema":{"@context":"https:\/\/schema.org","@graph":[{"@type":"Article","@id":"https:\/\/stourm.news\/?p=5263#article","isPartOf":{"@id":"https:\/\/stourm.news\/?p=5263"},"author":{"name":"La r\u00e9daction","@id":"https:\/\/stourm.news\/#\/schema\/person\/c3e1dc65988632e190969234ef046cf9"},"headline":"Terres rares : Paris ouvre le sous-sol breton \u00e0 une filiale canadienne en violation de la souverainet\u00e9 bretonne !","datePublished":"2025-12-12T11:06:36+00:00","mainEntityOfPage":{"@id":"https:\/\/stourm.news\/?p=5263"},"wordCount":1308,"commentCount":0,"publisher":{"@id":"https:\/\/stourm.news\/#organization"},"image":{"@id":"https:\/\/stourm.news\/?p=5263#primaryimage"},"thumbnailUrl":"https:\/\/stourm.news\/wp-content\/uploads\/2025\/12\/0611239097741-web-tete.jpg","articleSection":["Breizh","\u00c9cologie","Economie","Politique","Principale","Soci\u00e9t\u00e9"],"inLanguage":"fr-FR","potentialAction":[{"@type":"CommentAction","name":"Comment","target":["https:\/\/stourm.news\/?p=5263#respond"]}]},{"@type":"WebPage","@id":"https:\/\/stourm.news\/?p=5263","url":"https:\/\/stourm.news\/?p=5263","name":"Terres rares : Paris ouvre le sous-sol breton \u00e0 une filiale canadienne en violation de la souverainet\u00e9 bretonne ! - STOURM","isPartOf":{"@id":"https:\/\/stourm.news\/#website"},"primaryImageOfPage":{"@id":"https:\/\/stourm.news\/?p=5263#primaryimage"},"image":{"@id":"https:\/\/stourm.news\/?p=5263#primaryimage"},"thumbnailUrl":"https:\/\/stourm.news\/wp-content\/uploads\/2025\/12\/0611239097741-web-tete.jpg","datePublished":"2025-12-12T11:06:36+00:00","breadcrumb":{"@id":"https:\/\/stourm.news\/?p=5263#breadcrumb"},"inLanguage":"fr-FR","potentialAction":[{"@type":"ReadAction","target":["https:\/\/stourm.news\/?p=5263"]}]},{"@type":"ImageObject","inLanguage":"fr-FR","@id":"https:\/\/stourm.news\/?p=5263#primaryimage","url":"https:\/\/stourm.news\/wp-content\/uploads\/2025\/12\/0611239097741-web-tete.jpg","contentUrl":"https:\/\/stourm.news\/wp-content\/uploads\/2025\/12\/0611239097741-web-tete.jpg","width":1280,"height":720,"caption":"FILE PHOTO: A view of the MP Materials rare earth open-pit mine in Mountain Pass, California, U.S. January 30, 2020. Picture taken January 30, 2020. REUTERS\/Steve Marcus\/File Photo"},{"@type":"BreadcrumbList","@id":"https:\/\/stourm.news\/?p=5263#breadcrumb","itemListElement":[{"@type":"ListItem","position":1,"name":"Accueil","item":"https:\/\/stourm.news\/"},{"@type":"ListItem","position":2,"name":"Terres rares : Paris ouvre le sous-sol breton \u00e0 une filiale canadienne en violation de la souverainet\u00e9 bretonne !"}]},{"@type":"WebSite","@id":"https:\/\/stourm.news\/#website","url":"https:\/\/stourm.news\/","name":"Stourm","description":"Kazetenn Strollad Broadel Breizh","publisher":{"@id":"https:\/\/stourm.news\/#organization"},"potentialAction":[{"@type":"SearchAction","target":{"@type":"EntryPoint","urlTemplate":"https:\/\/stourm.news\/?s={search_term_string}"},"query-input":{"@type":"PropertyValueSpecification","valueRequired":true,"valueName":"search_term_string"}}],"inLanguage":"fr-FR"},{"@type":"Organization","@id":"https:\/\/stourm.news\/#organization","name":"Stourm","url":"https:\/\/stourm.news\/","logo":{"@type":"ImageObject","inLanguage":"fr-FR","@id":"https:\/\/stourm.news\/#\/schema\/logo\/image\/","url":"https:\/\/stourm.news\/wp-content\/uploads\/2025\/11\/cropped-Capture-decran-2025-11-28-a-15.19.07.png","contentUrl":"https:\/\/stourm.news\/wp-content\/uploads\/2025\/11\/cropped-Capture-decran-2025-11-28-a-15.19.07.png","width":1855,"height":383,"caption":"Stourm"},"image":{"@id":"https:\/\/stourm.news\/#\/schema\/logo\/image\/"},"sameAs":["https:\/\/www.facebook.com\/stourmnews\/"]},{"@type":"Person","@id":"https:\/\/stourm.news\/#\/schema\/person\/c3e1dc65988632e190969234ef046cf9","name":"La r\u00e9daction","image":{"@type":"ImageObject","inLanguage":"fr-FR","@id":"https:\/\/stourm.news\/#\/schema\/person\/image\/","url":"https:\/\/secure.gravatar.com\/avatar\/7463443f194b6b5fb706b074ca0ef59a0cfcfd720cb47764b0ec5a952ce422b3?s=96&d=mm&r=g","contentUrl":"https:\/\/secure.gravatar.com\/avatar\/7463443f194b6b5fb706b074ca0ef59a0cfcfd720cb47764b0ec5a952ce422b3?s=96&d=mm&r=g","caption":"La r\u00e9daction"},"sameAs":["https:\/\/stourm.news"],"url":"https:\/\/stourm.news\/?author=1"}]}},"_links":{"self":[{"href":"https:\/\/stourm.news\/index.php?rest_route=\/wp\/v2\/posts\/5263","targetHints":{"allow":["GET"]}}],"collection":[{"href":"https:\/\/stourm.news\/index.php?rest_route=\/wp\/v2\/posts"}],"about":[{"href":"https:\/\/stourm.news\/index.php?rest_route=\/wp\/v2\/types\/post"}],"author":[{"embeddable":true,"href":"https:\/\/stourm.news\/index.php?rest_route=\/wp\/v2\/users\/1"}],"replies":[{"embeddable":true,"href":"https:\/\/stourm.news\/index.php?rest_route=%2Fwp%2Fv2%2Fcomments&post=5263"}],"version-history":[{"count":1,"href":"https:\/\/stourm.news\/index.php?rest_route=\/wp\/v2\/posts\/5263\/revisions"}],"predecessor-version":[{"id":5264,"href":"https:\/\/stourm.news\/index.php?rest_route=\/wp\/v2\/posts\/5263\/revisions\/5264"}],"wp:featuredmedia":[{"embeddable":true,"href":"https:\/\/stourm.news\/index.php?rest_route=\/wp\/v2\/media\/5265"}],"wp:attachment":[{"href":"https:\/\/stourm.news\/index.php?rest_route=%2Fwp%2Fv2%2Fmedia&parent=5263"}],"wp:term":[{"taxonomy":"category","embeddable":true,"href":"https:\/\/stourm.news\/index.php?rest_route=%2Fwp%2Fv2%2Fcategories&post=5263"},{"taxonomy":"post_tag","embeddable":true,"href":"https:\/\/stourm.news\/index.php?rest_route=%2Fwp%2Fv2%2Ftags&post=5263"}],"curies":[{"name":"wp","href":"https:\/\/api.w.org\/{rel}","templated":true}]}}