{"id":5266,"date":"2025-12-12T14:04:58","date_gmt":"2025-12-12T14:04:58","guid":{"rendered":"https:\/\/stourm.news\/?p=5266"},"modified":"2025-12-12T14:04:58","modified_gmt":"2025-12-12T14:04:58","slug":"pleboull-la-france-au-francai-des-degradations-loyalistes-provoquent-la-colere-de-la-population","status":"publish","type":"post","link":"https:\/\/stourm.news\/?p=5266","title":{"rendered":"Pleboull : \u00ab La France au Fran\u00e7ai \u00bb, des d\u00e9gradations loyalistes provoquent la col\u00e8re de la population"},"content":{"rendered":"<p style=\"text-align: justify;\">\u00c0 Pleboull (Pl\u00e9boulle), commune du Pays de Saint-Brieuc, les habitants ont d\u00e9couvert lundi 8 d\u00e9cembre 2025 un tag \u00ab La France au Fran\u00e7ai \u00bb (sic) sur un mur priv\u00e9, des croix de Lorraine sur un panneau routier et un drapeau tricolore abandonn\u00e9 pr\u00e8s du cimeti\u00e8re rel\u00e8ve <strong><a href=\"https:\/\/www.ouest-france.fr\/societe\/faits-divers\/un-drapeau-francais-et-des-tags-nationalistes-decouverts-dans-une-commune-des-cotes-darmor-b8ac01ec-d675-11f0-8fa7-06f366a2f70b\">Ouest-France<\/a><\/strong>.<\/p>\n<p style=\"text-align: justify;\">Le m\u00eame week-end, Frehel-Pleherel (Fr\u00e9hel) et Erge-ar-Mor (Erquy) ont connu des inscriptions \u00ab Vive la France \u00bb. Ces actes de vandalisme, non revendiqu\u00e9s, portent la marque habituelle de loyalistes fran\u00e7ais \u00e9gar\u00e9s en Bretagne et surviennent dans un pays o\u00f9 le Gwenn ha Du flotte face au tricolore de l&rsquo;\u00e9tranger. La mairie a fort justement port\u00e9 plainte contre cette provocation.<\/p>\n<p style=\"text-align: right;\"><strong>Ewen Broc&rsquo;han<\/strong><\/p>\n<p style=\"text-align: justify;\">\n","protected":false},"excerpt":{"rendered":"<p>\u00c0 Pleboull (Pl\u00e9boulle), commune du Pays de Saint-Brieuc, les habitants ont d\u00e9couvert lundi 8 d\u00e9cembre 2025 un tag \u00ab La France au Fran\u00e7ai \u00bb (sic) sur un mur priv\u00e9, des croix de Lorraine sur un panneau routier et un drapeau tricolore abandonn\u00e9 pr\u00e8s du cimeti\u00e8re rel\u00e8ve Ouest-France. Le m\u00eame week-end, Frehel-Pleherel (Fr\u00e9hel) et Erge-ar-Mor (Erquy) [&hellip;]<\/p>\n","protected":false},"author":1,"featured_media":5267,"comment_status":"open","ping_status":"open","sticky":false,"template":"","format":"standard","meta":{"sb_editor_width":"","footnotes":""},"categories":[39,52,89,48,67,65],"tags":[],"class_list":["post-5266","post","type-post","status-publish","format-standard","has-post-thumbnail","hentry","category-cotes-darmor","category-faits-divers","category-loyalisme","category-occupation-francaise","category-politique","category-principale"],"relative_dates":{"created":"5 mois ago","modified":"5 mois ago"},"yoast_head":"<!-- This site is optimized with the Yoast SEO plugin v26.3 - https:\/\/yoast.com\/wordpress\/plugins\/seo\/ -->\n<title>Pleboull : \u00ab La France au Fran\u00e7ai \u00bb, des d\u00e9gradations loyalistes provoquent la col\u00e8re de la population - STOURM<\/title>\n<meta name=\"robots\" content=\"index, follow, max-snippet:-1, max-image-preview:large, max-video-preview:-1\" \/>\n<link rel=\"canonical\" href=\"https:\/\/stourm.news\/?p=5266\" \/>\n<meta property=\"og:locale\" content=\"fr_FR\" \/>\n<meta property=\"og:type\" content=\"article\" \/>\n<meta property=\"og:title\" content=\"Pleboull : \u00ab La France au Fran\u00e7ai \u00bb, des d\u00e9gradations loyalistes provoquent la col\u00e8re de la population - STOURM\" \/>\n<meta property=\"og:description\" content=\"\u00c0 Pleboull (Pl\u00e9boulle), commune du Pays de Saint-Brieuc, les habitants ont d\u00e9couvert lundi 8 d\u00e9cembre 2025 un tag \u00ab La France au Fran\u00e7ai \u00bb (sic) sur un mur priv\u00e9, des croix de Lorraine sur un panneau routier et un drapeau tricolore abandonn\u00e9 pr\u00e8s du cimeti\u00e8re rel\u00e8ve Ouest-France. Le m\u00eame week-end, Frehel-Pleherel (Fr\u00e9hel) et Erge-ar-Mor (Erquy) [&hellip;]\" \/>\n<meta property=\"og:url\" content=\"https:\/\/stourm.news\/?p=5266\" \/>\n<meta property=\"og:site_name\" content=\"STOURM\" \/>\n<meta property=\"article:publisher\" content=\"https:\/\/www.facebook.com\/stourmnews\/\" \/>\n<meta property=\"article:published_time\" content=\"2025-12-12T14:04:58+00:00\" \/>\n<meta name=\"author\" content=\"La r\u00e9daction\" \/>\n<meta name=\"twitter:card\" content=\"summary_large_image\" \/>\n<meta name=\"twitter:label1\" content=\"\u00c9crit par\" \/>\n\t<meta name=\"twitter:data1\" content=\"La r\u00e9daction\" \/>\n\t<meta name=\"twitter:label2\" content=\"Dur\u00e9e de lecture estim\u00e9e\" \/>\n\t<meta name=\"twitter:data2\" content=\"1 minute\" \/>\n<script type=\"application\/ld+json\" class=\"yoast-schema-graph\">{\"@context\":\"https:\/\/schema.org\",\"@graph\":[{\"@type\":\"Article\",\"@id\":\"https:\/\/stourm.news\/?p=5266#article\",\"isPartOf\":{\"@id\":\"https:\/\/stourm.news\/?p=5266\"},\"author\":{\"name\":\"La r\u00e9daction\",\"@id\":\"https:\/\/stourm.news\/#\/schema\/person\/c3e1dc65988632e190969234ef046cf9\"},\"headline\":\"Pleboull : \u00ab La France au Fran\u00e7ai \u00bb, des d\u00e9gradations loyalistes provoquent la col\u00e8re de la population\",\"datePublished\":\"2025-12-12T14:04:58+00:00\",\"mainEntityOfPage\":{\"@id\":\"https:\/\/stourm.news\/?p=5266\"},\"wordCount\":132,\"commentCount\":0,\"publisher\":{\"@id\":\"https:\/\/stourm.news\/#organization\"},\"image\":{\"@id\":\"https:\/\/stourm.news\/?p=5266#primaryimage\"},\"thumbnailUrl\":\"https:\/\/stourm.news\/wp-content\/uploads\/2025\/12\/Capture-decran-2025-12-12-a-23.02.47.png\",\"articleSection\":[\"C\u00f4tes d'Armor\",\"Faits divers\",\"Loyalisme\",\"Occupation fran\u00e7aise\",\"Politique\",\"Principale\"],\"inLanguage\":\"fr-FR\",\"potentialAction\":[{\"@type\":\"CommentAction\",\"name\":\"Comment\",\"target\":[\"https:\/\/stourm.news\/?p=5266#respond\"]}]},{\"@type\":\"WebPage\",\"@id\":\"https:\/\/stourm.news\/?p=5266\",\"url\":\"https:\/\/stourm.news\/?p=5266\",\"name\":\"Pleboull : \u00ab La France au Fran\u00e7ai \u00bb, des d\u00e9gradations loyalistes provoquent la col\u00e8re de la population - STOURM\",\"isPartOf\":{\"@id\":\"https:\/\/stourm.news\/#website\"},\"primaryImageOfPage\":{\"@id\":\"https:\/\/stourm.news\/?p=5266#primaryimage\"},\"image\":{\"@id\":\"https:\/\/stourm.news\/?p=5266#primaryimage\"},\"thumbnailUrl\":\"https:\/\/stourm.news\/wp-content\/uploads\/2025\/12\/Capture-decran-2025-12-12-a-23.02.47.png\",\"datePublished\":\"2025-12-12T14:04:58+00:00\",\"breadcrumb\":{\"@id\":\"https:\/\/stourm.news\/?p=5266#breadcrumb\"},\"inLanguage\":\"fr-FR\",\"potentialAction\":[{\"@type\":\"ReadAction\",\"target\":[\"https:\/\/stourm.news\/?p=5266\"]}]},{\"@type\":\"ImageObject\",\"inLanguage\":\"fr-FR\",\"@id\":\"https:\/\/stourm.news\/?p=5266#primaryimage\",\"url\":\"https:\/\/stourm.news\/wp-content\/uploads\/2025\/12\/Capture-decran-2025-12-12-a-23.02.47.png\",\"contentUrl\":\"https:\/\/stourm.news\/wp-content\/uploads\/2025\/12\/Capture-decran-2025-12-12-a-23.02.47.png\",\"width\":846,\"height\":496},{\"@type\":\"BreadcrumbList\",\"@id\":\"https:\/\/stourm.news\/?p=5266#breadcrumb\",\"itemListElement\":[{\"@type\":\"ListItem\",\"position\":1,\"name\":\"Accueil\",\"item\":\"https:\/\/stourm.news\/\"},{\"@type\":\"ListItem\",\"position\":2,\"name\":\"Pleboull : \u00ab La France au Fran\u00e7ai \u00bb, des d\u00e9gradations loyalistes provoquent la col\u00e8re de la population\"}]},{\"@type\":\"WebSite\",\"@id\":\"https:\/\/stourm.news\/#website\",\"url\":\"https:\/\/stourm.news\/\",\"name\":\"Stourm\",\"description\":\"Kazetenn Strollad Broadel Breizh\",\"publisher\":{\"@id\":\"https:\/\/stourm.news\/#organization\"},\"potentialAction\":[{\"@type\":\"SearchAction\",\"target\":{\"@type\":\"EntryPoint\",\"urlTemplate\":\"https:\/\/stourm.news\/?s={search_term_string}\"},\"query-input\":{\"@type\":\"PropertyValueSpecification\",\"valueRequired\":true,\"valueName\":\"search_term_string\"}}],\"inLanguage\":\"fr-FR\"},{\"@type\":\"Organization\",\"@id\":\"https:\/\/stourm.news\/#organization\",\"name\":\"Stourm\",\"url\":\"https:\/\/stourm.news\/\",\"logo\":{\"@type\":\"ImageObject\",\"inLanguage\":\"fr-FR\",\"@id\":\"https:\/\/stourm.news\/#\/schema\/logo\/image\/\",\"url\":\"https:\/\/stourm.news\/wp-content\/uploads\/2025\/11\/cropped-Capture-decran-2025-11-28-a-15.19.07.png\",\"contentUrl\":\"https:\/\/stourm.news\/wp-content\/uploads\/2025\/11\/cropped-Capture-decran-2025-11-28-a-15.19.07.png\",\"width\":1855,\"height\":383,\"caption\":\"Stourm\"},\"image\":{\"@id\":\"https:\/\/stourm.news\/#\/schema\/logo\/image\/\"},\"sameAs\":[\"https:\/\/www.facebook.com\/stourmnews\/\"]},{\"@type\":\"Person\",\"@id\":\"https:\/\/stourm.news\/#\/schema\/person\/c3e1dc65988632e190969234ef046cf9\",\"name\":\"La r\u00e9daction\",\"image\":{\"@type\":\"ImageObject\",\"inLanguage\":\"fr-FR\",\"@id\":\"https:\/\/stourm.news\/#\/schema\/person\/image\/\",\"url\":\"https:\/\/secure.gravatar.com\/avatar\/7463443f194b6b5fb706b074ca0ef59a0cfcfd720cb47764b0ec5a952ce422b3?s=96&d=mm&r=g\",\"contentUrl\":\"https:\/\/secure.gravatar.com\/avatar\/7463443f194b6b5fb706b074ca0ef59a0cfcfd720cb47764b0ec5a952ce422b3?s=96&d=mm&r=g\",\"caption\":\"La r\u00e9daction\"},\"sameAs\":[\"https:\/\/stourm.news\"],\"url\":\"https:\/\/stourm.news\/?author=1\"}]}<\/script>\n<!-- \/ Yoast SEO plugin. -->","yoast_head_json":{"title":"Pleboull : \u00ab La France au Fran\u00e7ai \u00bb, des d\u00e9gradations loyalistes provoquent la col\u00e8re de la population - STOURM","robots":{"index":"index","follow":"follow","max-snippet":"max-snippet:-1","max-image-preview":"max-image-preview:large","max-video-preview":"max-video-preview:-1"},"canonical":"https:\/\/stourm.news\/?p=5266","og_locale":"fr_FR","og_type":"article","og_title":"Pleboull : \u00ab La France au Fran\u00e7ai \u00bb, des d\u00e9gradations loyalistes provoquent la col\u00e8re de la population - STOURM","og_description":"\u00c0 Pleboull (Pl\u00e9boulle), commune du Pays de Saint-Brieuc, les habitants ont d\u00e9couvert lundi 8 d\u00e9cembre 2025 un tag \u00ab La France au Fran\u00e7ai \u00bb (sic) sur un mur priv\u00e9, des croix de Lorraine sur un panneau routier et un drapeau tricolore abandonn\u00e9 pr\u00e8s du cimeti\u00e8re rel\u00e8ve Ouest-France. Le m\u00eame week-end, Frehel-Pleherel (Fr\u00e9hel) et Erge-ar-Mor (Erquy) [&hellip;]","og_url":"https:\/\/stourm.news\/?p=5266","og_site_name":"STOURM","article_publisher":"https:\/\/www.facebook.com\/stourmnews\/","article_published_time":"2025-12-12T14:04:58+00:00","author":"La r\u00e9daction","twitter_card":"summary_large_image","twitter_misc":{"\u00c9crit par":"La r\u00e9daction","Dur\u00e9e de lecture estim\u00e9e":"1 minute"},"schema":{"@context":"https:\/\/schema.org","@graph":[{"@type":"Article","@id":"https:\/\/stourm.news\/?p=5266#article","isPartOf":{"@id":"https:\/\/stourm.news\/?p=5266"},"author":{"name":"La r\u00e9daction","@id":"https:\/\/stourm.news\/#\/schema\/person\/c3e1dc65988632e190969234ef046cf9"},"headline":"Pleboull : \u00ab La France au Fran\u00e7ai \u00bb, des d\u00e9gradations loyalistes provoquent la col\u00e8re de la population","datePublished":"2025-12-12T14:04:58+00:00","mainEntityOfPage":{"@id":"https:\/\/stourm.news\/?p=5266"},"wordCount":132,"commentCount":0,"publisher":{"@id":"https:\/\/stourm.news\/#organization"},"image":{"@id":"https:\/\/stourm.news\/?p=5266#primaryimage"},"thumbnailUrl":"https:\/\/stourm.news\/wp-content\/uploads\/2025\/12\/Capture-decran-2025-12-12-a-23.02.47.png","articleSection":["C\u00f4tes d'Armor","Faits divers","Loyalisme","Occupation fran\u00e7aise","Politique","Principale"],"inLanguage":"fr-FR","potentialAction":[{"@type":"CommentAction","name":"Comment","target":["https:\/\/stourm.news\/?p=5266#respond"]}]},{"@type":"WebPage","@id":"https:\/\/stourm.news\/?p=5266","url":"https:\/\/stourm.news\/?p=5266","name":"Pleboull : \u00ab La France au Fran\u00e7ai \u00bb, des d\u00e9gradations loyalistes provoquent la col\u00e8re de la population - STOURM","isPartOf":{"@id":"https:\/\/stourm.news\/#website"},"primaryImageOfPage":{"@id":"https:\/\/stourm.news\/?p=5266#primaryimage"},"image":{"@id":"https:\/\/stourm.news\/?p=5266#primaryimage"},"thumbnailUrl":"https:\/\/stourm.news\/wp-content\/uploads\/2025\/12\/Capture-decran-2025-12-12-a-23.02.47.png","datePublished":"2025-12-12T14:04:58+00:00","breadcrumb":{"@id":"https:\/\/stourm.news\/?p=5266#breadcrumb"},"inLanguage":"fr-FR","potentialAction":[{"@type":"ReadAction","target":["https:\/\/stourm.news\/?p=5266"]}]},{"@type":"ImageObject","inLanguage":"fr-FR","@id":"https:\/\/stourm.news\/?p=5266#primaryimage","url":"https:\/\/stourm.news\/wp-content\/uploads\/2025\/12\/Capture-decran-2025-12-12-a-23.02.47.png","contentUrl":"https:\/\/stourm.news\/wp-content\/uploads\/2025\/12\/Capture-decran-2025-12-12-a-23.02.47.png","width":846,"height":496},{"@type":"BreadcrumbList","@id":"https:\/\/stourm.news\/?p=5266#breadcrumb","itemListElement":[{"@type":"ListItem","position":1,"name":"Accueil","item":"https:\/\/stourm.news\/"},{"@type":"ListItem","position":2,"name":"Pleboull : \u00ab La France au Fran\u00e7ai \u00bb, des d\u00e9gradations loyalistes provoquent la col\u00e8re de la population"}]},{"@type":"WebSite","@id":"https:\/\/stourm.news\/#website","url":"https:\/\/stourm.news\/","name":"Stourm","description":"Kazetenn Strollad Broadel Breizh","publisher":{"@id":"https:\/\/stourm.news\/#organization"},"potentialAction":[{"@type":"SearchAction","target":{"@type":"EntryPoint","urlTemplate":"https:\/\/stourm.news\/?s={search_term_string}"},"query-input":{"@type":"PropertyValueSpecification","valueRequired":true,"valueName":"search_term_string"}}],"inLanguage":"fr-FR"},{"@type":"Organization","@id":"https:\/\/stourm.news\/#organization","name":"Stourm","url":"https:\/\/stourm.news\/","logo":{"@type":"ImageObject","inLanguage":"fr-FR","@id":"https:\/\/stourm.news\/#\/schema\/logo\/image\/","url":"https:\/\/stourm.news\/wp-content\/uploads\/2025\/11\/cropped-Capture-decran-2025-11-28-a-15.19.07.png","contentUrl":"https:\/\/stourm.news\/wp-content\/uploads\/2025\/11\/cropped-Capture-decran-2025-11-28-a-15.19.07.png","width":1855,"height":383,"caption":"Stourm"},"image":{"@id":"https:\/\/stourm.news\/#\/schema\/logo\/image\/"},"sameAs":["https:\/\/www.facebook.com\/stourmnews\/"]},{"@type":"Person","@id":"https:\/\/stourm.news\/#\/schema\/person\/c3e1dc65988632e190969234ef046cf9","name":"La r\u00e9daction","image":{"@type":"ImageObject","inLanguage":"fr-FR","@id":"https:\/\/stourm.news\/#\/schema\/person\/image\/","url":"https:\/\/secure.gravatar.com\/avatar\/7463443f194b6b5fb706b074ca0ef59a0cfcfd720cb47764b0ec5a952ce422b3?s=96&d=mm&r=g","contentUrl":"https:\/\/secure.gravatar.com\/avatar\/7463443f194b6b5fb706b074ca0ef59a0cfcfd720cb47764b0ec5a952ce422b3?s=96&d=mm&r=g","caption":"La r\u00e9daction"},"sameAs":["https:\/\/stourm.news"],"url":"https:\/\/stourm.news\/?author=1"}]}},"_links":{"self":[{"href":"https:\/\/stourm.news\/index.php?rest_route=\/wp\/v2\/posts\/5266","targetHints":{"allow":["GET"]}}],"collection":[{"href":"https:\/\/stourm.news\/index.php?rest_route=\/wp\/v2\/posts"}],"about":[{"href":"https:\/\/stourm.news\/index.php?rest_route=\/wp\/v2\/types\/post"}],"author":[{"embeddable":true,"href":"https:\/\/stourm.news\/index.php?rest_route=\/wp\/v2\/users\/1"}],"replies":[{"embeddable":true,"href":"https:\/\/stourm.news\/index.php?rest_route=%2Fwp%2Fv2%2Fcomments&post=5266"}],"version-history":[{"count":1,"href":"https:\/\/stourm.news\/index.php?rest_route=\/wp\/v2\/posts\/5266\/revisions"}],"predecessor-version":[{"id":5268,"href":"https:\/\/stourm.news\/index.php?rest_route=\/wp\/v2\/posts\/5266\/revisions\/5268"}],"wp:featuredmedia":[{"embeddable":true,"href":"https:\/\/stourm.news\/index.php?rest_route=\/wp\/v2\/media\/5267"}],"wp:attachment":[{"href":"https:\/\/stourm.news\/index.php?rest_route=%2Fwp%2Fv2%2Fmedia&parent=5266"}],"wp:term":[{"taxonomy":"category","embeddable":true,"href":"https:\/\/stourm.news\/index.php?rest_route=%2Fwp%2Fv2%2Fcategories&post=5266"},{"taxonomy":"post_tag","embeddable":true,"href":"https:\/\/stourm.news\/index.php?rest_route=%2Fwp%2Fv2%2Ftags&post=5266"}],"curies":[{"name":"wp","href":"https:\/\/api.w.org\/{rel}","templated":true}]}}