{"id":5286,"date":"2025-12-15T16:34:25","date_gmt":"2025-12-15T16:34:25","guid":{"rendered":"https:\/\/stourm.news\/?p=5286"},"modified":"2025-12-15T16:34:25","modified_gmt":"2025-12-15T16:34:25","slug":"les-iles-matthew-et-hunter-le-dernier-delire-des-nostalgiques-de-la-colonisation-francaise","status":"publish","type":"post","link":"https:\/\/stourm.news\/?p=5286","title":{"rendered":"Les \u00celes Matthew et Hunter : le dernier d\u00e9lire des nostalgiques de la colonisation fran\u00e7aise"},"content":{"rendered":"<p style=\"text-align: justify;\"><span style=\"font-family: arial, helvetica, sans-serif; font-size: 14pt;\">R\u00e9cemment, le d\u00e9bat sur les \u00eeles Matthew et Hunter, deux \u00eelots inhabit\u00e9s situ\u00e9s dans le Pacifique Sud, a resurgi, opposant la droite hexagonale \u00e0 la nation du Vanuatu. Marine Le Pen et ses alli\u00e9s nostalgiques de l&rsquo;\u00e8re coloniale, s&rsquo;opposent farouchement \u00e0 toute id\u00e9e de restitution de ces \u00eeles au Vanuatu, invoquant une pseudo \u00ab\u00a0souverainet\u00e9\u00a0\u00bb historique inali\u00e9nable. Pourtant, cet argumentaire ne r\u00e9siste pas \u00e0 l&rsquo;examen des faits historiques, politiques et juridiques.\u00a0<\/span><\/p>\n<p style=\"text-align: justify;\"><strong><span style=\"font-family: arial, helvetica, sans-serif; font-size: 14pt;\">Les Racines Historiques<\/span><\/strong><\/p>\n<p style=\"text-align: justify;\"><span style=\"font-family: arial, helvetica, sans-serif; font-size: 14pt;\">L&rsquo;argument principal des imp\u00e9rialistes comme Le Pen et Mar\u00e9chal repose sur une pr\u00e9tendue annexion fran\u00e7aise datant de 1929. Selon cette version, la France aurait l\u00e9gitimement int\u00e9gr\u00e9 les \u00eeles Matthew et Hunter \u00e0 son territoire, les rattachant \u00e0 sa colonie de Nouvelle-Cal\u00e9donie. D\u00e9couvertes en 1774 par le capitaine James Cook, ces \u00eeles volcaniques inhabit\u00e9es ont d&rsquo;abord \u00e9t\u00e9 administr\u00e9es dans le cadre du condominium des Nouvelles-H\u00e9brides, une colonie partag\u00e9e entre la France et le Royaume-Uni.<\/span><\/p>\n<p><img fetchpriority=\"high\" decoding=\"async\" class=\"alignnone size-medium\" src=\"https:\/\/la1ere.franceinfo.fr\/image\/sapLfhSyBZyE2fhYzuwsdRsO17M\/0x0:1920x1080\/1200x675\/filters:quality(80)\/outremer%2F2019%2F10%2F03%2F5d9654e9dcfab_carte_matthew_hunter-1034444.jpg\" width=\"1200\" height=\"675\" \/><\/p>\n<p style=\"text-align: justify;\"><span style=\"font-family: arial, helvetica, sans-serif; font-size: 14pt;\">Jusqu&rsquo;en 1976, ni les lois fran\u00e7aises ni celles de la Nouvelle-Cal\u00e9donie ne mentionnaient explicitement que ces \u00eeles en faisaient partie. Ce n&rsquo;est qu&rsquo;en 1976, \u00e0 la veille de l&rsquo;ind\u00e9pendance des Nouvelles-H\u00e9brides (qui deviendront le Vanuatu en 1980), que la France a d\u00e9cr\u00e9t\u00e9 unilat\u00e9ralement leur rattachement \u00e0 la Nouvelle-Cal\u00e9donie. Les sources historiques, comme celles analys\u00e9es dans le Leiden Journal of International Law (2024), montrent que les all\u00e9gations d&rsquo;une annexion en 1929 sont d\u00e9nu\u00e9es de fondement. En r\u00e9alit\u00e9, les \u00eeles \u00e9taient consid\u00e9r\u00e9es comme partie int\u00e9grante des Nouvelles-H\u00e9brides jusqu&rsquo;\u00e0 cette annonce ill\u00e9gale et opportuniste. <\/span><\/p>\n<p style=\"text-align: justify;\"><span style=\"font-family: arial, helvetica, sans-serif; font-size: 14pt;\">Vanuatu, depuis son ind\u00e9pendance, revendique l\u00e9gitimement ces territoires comme un h\u00e9ritage colonial vol\u00e9, arguant que leur d\u00e9tachement par la France viole le principe du droit international du respect de l&rsquo;int\u00e9grit\u00e9 territoriale des colonies en voie de d\u00e9colonisation. Contrairement au r\u00e9cit imp\u00e9rialiste, qui peint la France comme un gardien \u00e9ternel, l&rsquo;histoire r\u00e9v\u00e8le une strat\u00e9gie de derni\u00e8re minute pour conserver un pied dans le Pacifique, au m\u00e9pris des aspirations des peuples.<\/span><\/p>\n<p style=\"text-align: justify;\"><span style=\"font-family: arial, helvetica, sans-serif; font-size: 14pt;\">Marine Le Pen ignore ces faits.<\/span><\/p>\n<blockquote class=\"twitter-tweet\">\n<p dir=\"ltr\" lang=\"fr\">Que ce soit bien clair : la souverainet\u00e9 nationale ne se n\u00e9gocie pas ni ne s\u2019abandonne. Les Fran\u00e7ais n\u2019attendent pas du pouvoir macroniste qu\u2019il d\u00e9p\u00e8ce dans leur dos nos territoires d\u2019Outre-mer, v\u00e9ritables leviers de puissance, d\u2019influence et de d\u00e9veloppement \u00e9conomique, mais\u2026 <a href=\"https:\/\/t.co\/uXksP35ohC\">https:\/\/t.co\/uXksP35ohC<\/a><\/p>\n<p>\u2014 Marine Le Pen (@MLP_officiel) <a href=\"https:\/\/twitter.com\/MLP_officiel\/status\/2000546480147361982?ref_src=twsrc%5Etfw\">December 15, 2025<\/a><\/p><\/blockquote>\n<p><script src=\"https:\/\/platform.twitter.com\/widgets.js\" async=\"\" charset=\"utf-8\"><\/script><\/p>\n<p style=\"text-align: justify;\"><span style=\"font-family: arial, helvetica, sans-serif; font-size: 14pt;\">De m\u00eame, Marion Mar\u00e9chal, avec son discours sur une \u00ab\u00a0menace\u00a0\u00bb pour la France, perp\u00e9tue ce mythe en occultant le contexte colonial.<\/span><\/p>\n<blockquote class=\"twitter-tweet\">\n<p dir=\"ltr\" lang=\"fr\">La perspective d&rsquo;une cession au Vanuatu de nos \u00eelots du Pacifique Matthew et Hunter serait une rupture et une faute strat\u00e9gique majeure pour la France; mena\u00e7ant \u00e0 la fois son patrimoine, sa s\u00e9curit\u00e9 et sa cr\u00e9dibilit\u00e9.<\/p>\n<p>\ud83d\udc49 Une atteinte au patrimoine national d\u2019abord, car ces \u00eelots\u2026 <a href=\"https:\/\/t.co\/7lHC4z8ev0\">pic.twitter.com\/7lHC4z8ev0<\/a><\/p>\n<p>\u2014 Marion Mar\u00e9chal (@MarionMarechal) <a href=\"https:\/\/twitter.com\/MarionMarechal\/status\/2000561560637354322?ref_src=twsrc%5Etfw\">December 15, 2025<\/a><\/p><\/blockquote>\n<p><script src=\"https:\/\/platform.twitter.com\/widgets.js\" async=\"\" charset=\"utf-8\"><\/script><\/p>\n<p style=\"text-align: justify;\"><strong><span style=\"font-family: arial, helvetica, sans-serif; font-size: 14pt;\">Hypocrisie fran\u00e7aise<\/span><\/strong><\/p>\n<p style=\"text-align: justify;\"><span style=\"font-family: arial, helvetica, sans-serif; font-size: 14pt;\">Politiquement, l&rsquo;insistance de la droite hexagonale sur le maintien de la souverainet\u00e9 fran\u00e7aise sur Matthew et Hunter s&rsquo;inscrit dans une rh\u00e9torique plus large de refus de la d\u00e9colonisation dans le Pacifique. Pour Le Pen et ses pairs, ces \u00eeles repr\u00e9sentent un enjeu symbolique : le d\u00e9ni du d\u00e9clin irr\u00e9versible de la France comme empire colonial. La France, en tant que puissance europ\u00e9enne, n&rsquo;a plus la l\u00e9gitimit\u00e9 politique, ni les moyens pour imposer sa domination sur des territoires aux antipodes de Paris.<\/span><\/p>\n<p style=\"text-align: justify;\"><span style=\"font-family: arial, helvetica, sans-serif; font-size: 14pt;\">Le Vanuatu, nation ind\u00e9pendante depuis 1980, porte le droit des peuples \u00e0 l&rsquo;autod\u00e9termination, un principe consacr\u00e9 par les Nations Unies (r\u00e9solution 1514 de 1960). Les \u00eeles Matthew et Hunter, bien que inhabit\u00e9es, font partie du patrimoine culturel et territorial vanuatais, comme l&rsquo;affirment ses leaders nationaux. En 2023, un d\u00e9put\u00e9 vanuatais a m\u00eame appel\u00e9 Emmanuel Macron \u00e0 r\u00e9gler ce diff\u00e9rend, soulignant l&rsquo;incongruit\u00e9 d&rsquo;une France qui s&rsquo;accroche \u00e0 des rochers lointains tout en peinant \u00e0 faire face \u00e0 ses propres crises internes. Outre l&rsquo;ill\u00e9gitimit\u00e9 flagrante des pr\u00e9tentions de l&rsquo;Hexagone, comment faire croire que la France peut dominer des possessions pacifiques quand elle ne contr\u00f4le plus les rues de Paris ? Les \u00e9meutes ethniques r\u00e9currentes, l&rsquo;instabilit\u00e9 politique en m\u00e9tropole, les finances en faillite virtuelle d\u00e9montrent la r\u00e9alit\u00e9 d&rsquo;un pays en profond d\u00e9clin.\u00a0<\/span><\/p>\n<p style=\"text-align: justify;\"><strong><span style=\"font-family: arial, helvetica, sans-serif; font-size: 14pt;\">Les fondements juridiques<\/span><\/strong><\/p>\n<p style=\"text-align: justify;\"><span style=\"font-family: arial, helvetica, sans-serif; font-size: 14pt;\">Juridiquement, l&rsquo;argumentaire de l&rsquo;imp\u00e9rialisme fran\u00e7ais s&rsquo;effondre face au droit international. La France affirme exercer une \u00ab\u00a0souverainet\u00e9 pleine et enti\u00e8re\u00a0\u00bb sur les \u00eeles, les int\u00e9grant \u00e0 la Nouvelle-Cal\u00e9donie. Pourtant, le d\u00e9cret de 1976 est contestable, car il viole le principe d&rsquo;uti possidetis juris (maintien des fronti\u00e8res coloniales) et le droit \u00e0 l&rsquo;autod\u00e9termination. L&rsquo;avis consultatif de la Cour internationale de Justice (CIJ) sur les Chagos (2019) fournit un pr\u00e9c\u00e9dent accablant. La CIJ a jug\u00e9 que le d\u00e9tachement des Chagos de Maurice \u00e9tait ill\u00e9gal, car il entravait le processus de d\u00e9colonisation. De m\u00eame, pour Matthew et Hunter, le transfert de 1976 a priv\u00e9 les Nouvelles-H\u00e9brides de leur int\u00e9grit\u00e9 territoriale. Des analyses juridiques, comme celle publi\u00e9e dans le Leiden Journal (2024), soulignent que Vanuatu a un droit l\u00e9gitime \u00e0 ces \u00eeles, bas\u00e9 sur l&rsquo;h\u00e9ritage territorial de l&rsquo;\u00e8re coloniale et les r\u00e9solutions onusiennes contre la fragmentation des territoires des pays en voie de d\u00e9colonisation. La France a port\u00e9 l&rsquo;affaire devant la Convention des Nations Unies sur le droit de la mer (UNCLOS), mais cela ne change rien : les questions de souverainet\u00e9 rel\u00e8vent de la CIJ, non de l&rsquo;UNCLOS. Vanuatu pourrait saisir la Cour, et les chances de succ\u00e8s sont \u00e9lev\u00e9es, vu les pr\u00e9c\u00e9dents. Les imp\u00e9rialistes comme Le Pen ignorent ces aspects, pr\u00e9f\u00e9rant invoquer une \u00ab\u00a0possession historique\u00a0\u00bb qui n&rsquo;existe pas. Leur discours n&rsquo;est pas juridique, mais id\u00e9ologique, visant \u00e0 flatter le sentiment\u00a0<\/span><\/p>\n<p style=\"text-align: justify;\"><strong><span style=\"font-family: arial, helvetica, sans-serif; font-size: 14pt;\">Une d\u00e9colonisation in\u00e9vitable<\/span><\/strong><\/p>\n<p style=\"text-align: justify;\"><span style=\"font-family: arial, helvetica, sans-serif; font-size: 14pt;\">D\u00e9monter l&rsquo;argumentaire de Marine Le Pen, Marion Mar\u00e9chal et leurs alli\u00e9s, c&rsquo;est r\u00e9v\u00e9ler la faiblesse d&rsquo;une courant colonial d\u00e9pass\u00e9. Historiquement opportuniste, politiquement hypocrite et juridiquement faible, leur d\u00e9fense d&rsquo;une pr\u00e9tendue annexion des \u00eeles Matthew et Hunter n&rsquo;est qu&rsquo;un \u00e9cran de fum\u00e9e pour masquer les faiblesses internes de la France. Le temps est venu de rendre ces \u00eeles \u00e0 leur v\u00e9ritable \u00e9tat, le Vanuatu, dans un geste de justice et de respect du droit international. Les nostalgiques hexagonaux, avec leur agressivit\u00e9 verbale, feraient mieux de balayer devant leur porte : avant de conqu\u00e9rir le Pacifique, ils devraient tenter de reprendre le contr\u00f4le des banlieues parisiennes. <\/span><\/p>\n<p style=\"text-align: right;\"><strong><span style=\"font-family: arial, helvetica, sans-serif; font-size: 14pt;\">Budig Gourmaelon<\/span><\/strong><\/p>\n","protected":false},"excerpt":{"rendered":"<p>R\u00e9cemment, le d\u00e9bat sur les \u00eeles Matthew et Hunter, deux \u00eelots inhabit\u00e9s situ\u00e9s dans le Pacifique Sud, a resurgi, opposant la droite hexagonale \u00e0 la nation du Vanuatu. Marine Le Pen et ses alli\u00e9s nostalgiques de l&rsquo;\u00e8re coloniale, s&rsquo;opposent farouchement \u00e0 toute id\u00e9e de restitution de ces \u00eeles au Vanuatu, invoquant une pseudo \u00ab\u00a0souverainet\u00e9\u00a0\u00bb historique [&hellip;]<\/p>\n","protected":false},"author":1,"featured_media":5288,"comment_status":"open","ping_status":"open","sticky":false,"template":"","format":"standard","meta":{"sb_editor_width":"","footnotes":""},"categories":[48,67,65],"tags":[],"class_list":["post-5286","post","type-post","status-publish","format-standard","has-post-thumbnail","hentry","category-occupation-francaise","category-politique","category-principale"],"relative_dates":{"created":"5 mois ago","modified":"5 mois ago"},"yoast_head":"<!-- This site is optimized with the Yoast SEO plugin v26.3 - https:\/\/yoast.com\/wordpress\/plugins\/seo\/ -->\n<title>Les \u00celes Matthew et Hunter : le dernier d\u00e9lire des nostalgiques de la colonisation fran\u00e7aise - STOURM<\/title>\n<meta name=\"robots\" content=\"index, follow, max-snippet:-1, max-image-preview:large, max-video-preview:-1\" \/>\n<link rel=\"canonical\" href=\"https:\/\/stourm.news\/?p=5286\" \/>\n<meta property=\"og:locale\" content=\"fr_FR\" \/>\n<meta property=\"og:type\" content=\"article\" \/>\n<meta property=\"og:title\" content=\"Les \u00celes Matthew et Hunter : le dernier d\u00e9lire des nostalgiques de la colonisation fran\u00e7aise - STOURM\" \/>\n<meta property=\"og:description\" content=\"R\u00e9cemment, le d\u00e9bat sur les \u00eeles Matthew et Hunter, deux \u00eelots inhabit\u00e9s situ\u00e9s dans le Pacifique Sud, a resurgi, opposant la droite hexagonale \u00e0 la nation du Vanuatu. Marine Le Pen et ses alli\u00e9s nostalgiques de l&rsquo;\u00e8re coloniale, s&rsquo;opposent farouchement \u00e0 toute id\u00e9e de restitution de ces \u00eeles au Vanuatu, invoquant une pseudo \u00ab\u00a0souverainet\u00e9\u00a0\u00bb historique [&hellip;]\" \/>\n<meta property=\"og:url\" content=\"https:\/\/stourm.news\/?p=5286\" \/>\n<meta property=\"og:site_name\" content=\"STOURM\" \/>\n<meta property=\"article:publisher\" content=\"https:\/\/www.facebook.com\/stourmnews\/\" \/>\n<meta property=\"article:published_time\" content=\"2025-12-15T16:34:25+00:00\" \/>\n<meta property=\"og:image\" content=\"https:\/\/la1ere.franceinfo.fr\/image\/sapLfhSyBZyE2fhYzuwsdRsO17M\/0x0:1920x1080\/1200x675\/filters:quality(80)\/outremer%2F2019%2F10%2F03%2F5d9654e9dcfab_carte_matthew_hunter-1034444.jpg\" \/>\n<meta name=\"author\" content=\"La r\u00e9daction\" \/>\n<meta name=\"twitter:card\" content=\"summary_large_image\" \/>\n<meta name=\"twitter:label1\" content=\"\u00c9crit par\" \/>\n\t<meta name=\"twitter:data1\" content=\"La r\u00e9daction\" \/>\n\t<meta name=\"twitter:label2\" content=\"Dur\u00e9e de lecture estim\u00e9e\" \/>\n\t<meta name=\"twitter:data2\" content=\"5 minutes\" \/>\n<script type=\"application\/ld+json\" class=\"yoast-schema-graph\">{\"@context\":\"https:\/\/schema.org\",\"@graph\":[{\"@type\":\"Article\",\"@id\":\"https:\/\/stourm.news\/?p=5286#article\",\"isPartOf\":{\"@id\":\"https:\/\/stourm.news\/?p=5286\"},\"author\":{\"name\":\"La r\u00e9daction\",\"@id\":\"https:\/\/stourm.news\/#\/schema\/person\/c3e1dc65988632e190969234ef046cf9\"},\"headline\":\"Les \u00celes Matthew et Hunter : le dernier d\u00e9lire des nostalgiques de la colonisation fran\u00e7aise\",\"datePublished\":\"2025-12-15T16:34:25+00:00\",\"mainEntityOfPage\":{\"@id\":\"https:\/\/stourm.news\/?p=5286\"},\"wordCount\":1153,\"commentCount\":0,\"publisher\":{\"@id\":\"https:\/\/stourm.news\/#organization\"},\"image\":{\"@id\":\"https:\/\/stourm.news\/?p=5286#primaryimage\"},\"thumbnailUrl\":\"https:\/\/stourm.news\/wp-content\/uploads\/2025\/12\/Ile_hunter-scaled.jpg\",\"articleSection\":[\"Occupation fran\u00e7aise\",\"Politique\",\"Principale\"],\"inLanguage\":\"fr-FR\",\"potentialAction\":[{\"@type\":\"CommentAction\",\"name\":\"Comment\",\"target\":[\"https:\/\/stourm.news\/?p=5286#respond\"]}]},{\"@type\":\"WebPage\",\"@id\":\"https:\/\/stourm.news\/?p=5286\",\"url\":\"https:\/\/stourm.news\/?p=5286\",\"name\":\"Les \u00celes Matthew et Hunter : le dernier d\u00e9lire des nostalgiques de la colonisation fran\u00e7aise - STOURM\",\"isPartOf\":{\"@id\":\"https:\/\/stourm.news\/#website\"},\"primaryImageOfPage\":{\"@id\":\"https:\/\/stourm.news\/?p=5286#primaryimage\"},\"image\":{\"@id\":\"https:\/\/stourm.news\/?p=5286#primaryimage\"},\"thumbnailUrl\":\"https:\/\/stourm.news\/wp-content\/uploads\/2025\/12\/Ile_hunter-scaled.jpg\",\"datePublished\":\"2025-12-15T16:34:25+00:00\",\"breadcrumb\":{\"@id\":\"https:\/\/stourm.news\/?p=5286#breadcrumb\"},\"inLanguage\":\"fr-FR\",\"potentialAction\":[{\"@type\":\"ReadAction\",\"target\":[\"https:\/\/stourm.news\/?p=5286\"]}]},{\"@type\":\"ImageObject\",\"inLanguage\":\"fr-FR\",\"@id\":\"https:\/\/stourm.news\/?p=5286#primaryimage\",\"url\":\"https:\/\/stourm.news\/wp-content\/uploads\/2025\/12\/Ile_hunter-scaled.jpg\",\"contentUrl\":\"https:\/\/stourm.news\/wp-content\/uploads\/2025\/12\/Ile_hunter-scaled.jpg\",\"width\":2560,\"height\":1707},{\"@type\":\"BreadcrumbList\",\"@id\":\"https:\/\/stourm.news\/?p=5286#breadcrumb\",\"itemListElement\":[{\"@type\":\"ListItem\",\"position\":1,\"name\":\"Accueil\",\"item\":\"https:\/\/stourm.news\/\"},{\"@type\":\"ListItem\",\"position\":2,\"name\":\"Les \u00celes Matthew et Hunter : le dernier d\u00e9lire des nostalgiques de la colonisation fran\u00e7aise\"}]},{\"@type\":\"WebSite\",\"@id\":\"https:\/\/stourm.news\/#website\",\"url\":\"https:\/\/stourm.news\/\",\"name\":\"Stourm\",\"description\":\"Kazetenn Strollad Broadel Breizh\",\"publisher\":{\"@id\":\"https:\/\/stourm.news\/#organization\"},\"potentialAction\":[{\"@type\":\"SearchAction\",\"target\":{\"@type\":\"EntryPoint\",\"urlTemplate\":\"https:\/\/stourm.news\/?s={search_term_string}\"},\"query-input\":{\"@type\":\"PropertyValueSpecification\",\"valueRequired\":true,\"valueName\":\"search_term_string\"}}],\"inLanguage\":\"fr-FR\"},{\"@type\":\"Organization\",\"@id\":\"https:\/\/stourm.news\/#organization\",\"name\":\"Stourm\",\"url\":\"https:\/\/stourm.news\/\",\"logo\":{\"@type\":\"ImageObject\",\"inLanguage\":\"fr-FR\",\"@id\":\"https:\/\/stourm.news\/#\/schema\/logo\/image\/\",\"url\":\"https:\/\/stourm.news\/wp-content\/uploads\/2025\/11\/cropped-Capture-decran-2025-11-28-a-15.19.07.png\",\"contentUrl\":\"https:\/\/stourm.news\/wp-content\/uploads\/2025\/11\/cropped-Capture-decran-2025-11-28-a-15.19.07.png\",\"width\":1855,\"height\":383,\"caption\":\"Stourm\"},\"image\":{\"@id\":\"https:\/\/stourm.news\/#\/schema\/logo\/image\/\"},\"sameAs\":[\"https:\/\/www.facebook.com\/stourmnews\/\"]},{\"@type\":\"Person\",\"@id\":\"https:\/\/stourm.news\/#\/schema\/person\/c3e1dc65988632e190969234ef046cf9\",\"name\":\"La r\u00e9daction\",\"image\":{\"@type\":\"ImageObject\",\"inLanguage\":\"fr-FR\",\"@id\":\"https:\/\/stourm.news\/#\/schema\/person\/image\/\",\"url\":\"https:\/\/secure.gravatar.com\/avatar\/7463443f194b6b5fb706b074ca0ef59a0cfcfd720cb47764b0ec5a952ce422b3?s=96&d=mm&r=g\",\"contentUrl\":\"https:\/\/secure.gravatar.com\/avatar\/7463443f194b6b5fb706b074ca0ef59a0cfcfd720cb47764b0ec5a952ce422b3?s=96&d=mm&r=g\",\"caption\":\"La r\u00e9daction\"},\"sameAs\":[\"https:\/\/stourm.news\"],\"url\":\"https:\/\/stourm.news\/?author=1\"}]}<\/script>\n<!-- \/ Yoast SEO plugin. -->","yoast_head_json":{"title":"Les \u00celes Matthew et Hunter : le dernier d\u00e9lire des nostalgiques de la colonisation fran\u00e7aise - STOURM","robots":{"index":"index","follow":"follow","max-snippet":"max-snippet:-1","max-image-preview":"max-image-preview:large","max-video-preview":"max-video-preview:-1"},"canonical":"https:\/\/stourm.news\/?p=5286","og_locale":"fr_FR","og_type":"article","og_title":"Les \u00celes Matthew et Hunter : le dernier d\u00e9lire des nostalgiques de la colonisation fran\u00e7aise - STOURM","og_description":"R\u00e9cemment, le d\u00e9bat sur les \u00eeles Matthew et Hunter, deux \u00eelots inhabit\u00e9s situ\u00e9s dans le Pacifique Sud, a resurgi, opposant la droite hexagonale \u00e0 la nation du Vanuatu. Marine Le Pen et ses alli\u00e9s nostalgiques de l&rsquo;\u00e8re coloniale, s&rsquo;opposent farouchement \u00e0 toute id\u00e9e de restitution de ces \u00eeles au Vanuatu, invoquant une pseudo \u00ab\u00a0souverainet\u00e9\u00a0\u00bb historique [&hellip;]","og_url":"https:\/\/stourm.news\/?p=5286","og_site_name":"STOURM","article_publisher":"https:\/\/www.facebook.com\/stourmnews\/","article_published_time":"2025-12-15T16:34:25+00:00","og_image":[{"url":"https:\/\/la1ere.franceinfo.fr\/image\/sapLfhSyBZyE2fhYzuwsdRsO17M\/0x0:1920x1080\/1200x675\/filters:quality(80)\/outremer%2F2019%2F10%2F03%2F5d9654e9dcfab_carte_matthew_hunter-1034444.jpg","type":"","width":"","height":""}],"author":"La r\u00e9daction","twitter_card":"summary_large_image","twitter_misc":{"\u00c9crit par":"La r\u00e9daction","Dur\u00e9e de lecture estim\u00e9e":"5 minutes"},"schema":{"@context":"https:\/\/schema.org","@graph":[{"@type":"Article","@id":"https:\/\/stourm.news\/?p=5286#article","isPartOf":{"@id":"https:\/\/stourm.news\/?p=5286"},"author":{"name":"La r\u00e9daction","@id":"https:\/\/stourm.news\/#\/schema\/person\/c3e1dc65988632e190969234ef046cf9"},"headline":"Les \u00celes Matthew et Hunter : le dernier d\u00e9lire des nostalgiques de la colonisation fran\u00e7aise","datePublished":"2025-12-15T16:34:25+00:00","mainEntityOfPage":{"@id":"https:\/\/stourm.news\/?p=5286"},"wordCount":1153,"commentCount":0,"publisher":{"@id":"https:\/\/stourm.news\/#organization"},"image":{"@id":"https:\/\/stourm.news\/?p=5286#primaryimage"},"thumbnailUrl":"https:\/\/stourm.news\/wp-content\/uploads\/2025\/12\/Ile_hunter-scaled.jpg","articleSection":["Occupation fran\u00e7aise","Politique","Principale"],"inLanguage":"fr-FR","potentialAction":[{"@type":"CommentAction","name":"Comment","target":["https:\/\/stourm.news\/?p=5286#respond"]}]},{"@type":"WebPage","@id":"https:\/\/stourm.news\/?p=5286","url":"https:\/\/stourm.news\/?p=5286","name":"Les \u00celes Matthew et Hunter : le dernier d\u00e9lire des nostalgiques de la colonisation fran\u00e7aise - STOURM","isPartOf":{"@id":"https:\/\/stourm.news\/#website"},"primaryImageOfPage":{"@id":"https:\/\/stourm.news\/?p=5286#primaryimage"},"image":{"@id":"https:\/\/stourm.news\/?p=5286#primaryimage"},"thumbnailUrl":"https:\/\/stourm.news\/wp-content\/uploads\/2025\/12\/Ile_hunter-scaled.jpg","datePublished":"2025-12-15T16:34:25+00:00","breadcrumb":{"@id":"https:\/\/stourm.news\/?p=5286#breadcrumb"},"inLanguage":"fr-FR","potentialAction":[{"@type":"ReadAction","target":["https:\/\/stourm.news\/?p=5286"]}]},{"@type":"ImageObject","inLanguage":"fr-FR","@id":"https:\/\/stourm.news\/?p=5286#primaryimage","url":"https:\/\/stourm.news\/wp-content\/uploads\/2025\/12\/Ile_hunter-scaled.jpg","contentUrl":"https:\/\/stourm.news\/wp-content\/uploads\/2025\/12\/Ile_hunter-scaled.jpg","width":2560,"height":1707},{"@type":"BreadcrumbList","@id":"https:\/\/stourm.news\/?p=5286#breadcrumb","itemListElement":[{"@type":"ListItem","position":1,"name":"Accueil","item":"https:\/\/stourm.news\/"},{"@type":"ListItem","position":2,"name":"Les \u00celes Matthew et Hunter : le dernier d\u00e9lire des nostalgiques de la colonisation fran\u00e7aise"}]},{"@type":"WebSite","@id":"https:\/\/stourm.news\/#website","url":"https:\/\/stourm.news\/","name":"Stourm","description":"Kazetenn Strollad Broadel Breizh","publisher":{"@id":"https:\/\/stourm.news\/#organization"},"potentialAction":[{"@type":"SearchAction","target":{"@type":"EntryPoint","urlTemplate":"https:\/\/stourm.news\/?s={search_term_string}"},"query-input":{"@type":"PropertyValueSpecification","valueRequired":true,"valueName":"search_term_string"}}],"inLanguage":"fr-FR"},{"@type":"Organization","@id":"https:\/\/stourm.news\/#organization","name":"Stourm","url":"https:\/\/stourm.news\/","logo":{"@type":"ImageObject","inLanguage":"fr-FR","@id":"https:\/\/stourm.news\/#\/schema\/logo\/image\/","url":"https:\/\/stourm.news\/wp-content\/uploads\/2025\/11\/cropped-Capture-decran-2025-11-28-a-15.19.07.png","contentUrl":"https:\/\/stourm.news\/wp-content\/uploads\/2025\/11\/cropped-Capture-decran-2025-11-28-a-15.19.07.png","width":1855,"height":383,"caption":"Stourm"},"image":{"@id":"https:\/\/stourm.news\/#\/schema\/logo\/image\/"},"sameAs":["https:\/\/www.facebook.com\/stourmnews\/"]},{"@type":"Person","@id":"https:\/\/stourm.news\/#\/schema\/person\/c3e1dc65988632e190969234ef046cf9","name":"La r\u00e9daction","image":{"@type":"ImageObject","inLanguage":"fr-FR","@id":"https:\/\/stourm.news\/#\/schema\/person\/image\/","url":"https:\/\/secure.gravatar.com\/avatar\/7463443f194b6b5fb706b074ca0ef59a0cfcfd720cb47764b0ec5a952ce422b3?s=96&d=mm&r=g","contentUrl":"https:\/\/secure.gravatar.com\/avatar\/7463443f194b6b5fb706b074ca0ef59a0cfcfd720cb47764b0ec5a952ce422b3?s=96&d=mm&r=g","caption":"La r\u00e9daction"},"sameAs":["https:\/\/stourm.news"],"url":"https:\/\/stourm.news\/?author=1"}]}},"_links":{"self":[{"href":"https:\/\/stourm.news\/index.php?rest_route=\/wp\/v2\/posts\/5286","targetHints":{"allow":["GET"]}}],"collection":[{"href":"https:\/\/stourm.news\/index.php?rest_route=\/wp\/v2\/posts"}],"about":[{"href":"https:\/\/stourm.news\/index.php?rest_route=\/wp\/v2\/types\/post"}],"author":[{"embeddable":true,"href":"https:\/\/stourm.news\/index.php?rest_route=\/wp\/v2\/users\/1"}],"replies":[{"embeddable":true,"href":"https:\/\/stourm.news\/index.php?rest_route=%2Fwp%2Fv2%2Fcomments&post=5286"}],"version-history":[{"count":2,"href":"https:\/\/stourm.news\/index.php?rest_route=\/wp\/v2\/posts\/5286\/revisions"}],"predecessor-version":[{"id":5289,"href":"https:\/\/stourm.news\/index.php?rest_route=\/wp\/v2\/posts\/5286\/revisions\/5289"}],"wp:featuredmedia":[{"embeddable":true,"href":"https:\/\/stourm.news\/index.php?rest_route=\/wp\/v2\/media\/5288"}],"wp:attachment":[{"href":"https:\/\/stourm.news\/index.php?rest_route=%2Fwp%2Fv2%2Fmedia&parent=5286"}],"wp:term":[{"taxonomy":"category","embeddable":true,"href":"https:\/\/stourm.news\/index.php?rest_route=%2Fwp%2Fv2%2Fcategories&post=5286"},{"taxonomy":"post_tag","embeddable":true,"href":"https:\/\/stourm.news\/index.php?rest_route=%2Fwp%2Fv2%2Ftags&post=5286"}],"curies":[{"name":"wp","href":"https:\/\/api.w.org\/{rel}","templated":true}]}}