{"id":5290,"date":"2025-12-15T16:37:23","date_gmt":"2025-12-15T16:37:23","guid":{"rendered":"https:\/\/stourm.news\/?p=5290"},"modified":"2025-12-15T16:37:23","modified_gmt":"2025-12-15T16:37:23","slug":"editorial-contre-labattage-systemique-la-bretagne-ne-sacrifiera-pas-ses-paysans","status":"publish","type":"post","link":"https:\/\/stourm.news\/?p=5290","title":{"rendered":"\u00c9ditorial : Contre l\u2019abattage syst\u00e9mique, la Bretagne ne sacrifiera pas ses paysans !"},"content":{"rendered":"<p style=\"text-align: justify;\"><span style=\"font-family: arial, helvetica, sans-serif; font-size: 14pt;\">Une fois de plus, la logique froide de la technocratie sanitaire menace de s\u2019abattre sur le monde paysan. La dermatose nodulaire, maladie intransmissible \u00e0 l&rsquo;homme et ma\u00eetrisable, sert aujourd\u2019hui de pr\u00e9texte \u00e0 une r\u00e9ponse brutale, uniforme et d\u00e9shumanis\u00e9e : l\u2019abattage syst\u00e9mique des troupeaux. Une solution de facilit\u00e9 dict\u00e9e depuis des bureaux parisiens, loin des \u00e9tables, loin des terres, loin de la r\u00e9alit\u00e9 bretonne.<\/span><\/p>\n<p style=\"text-align: justify;\"><span style=\"font-family: arial, helvetica, sans-serif; font-size: 14pt;\">Cette politique n\u2019est pas seulement inefficace sur le long terme, elle est moralement inacceptable. Elle r\u00e9duit les b\u00eates \u00e0 des chiffres, les paysans \u00e0 des variables d\u2019ajustement, et les territoires \u00e0 de simples zones administratives. C\u2019est la marque d\u2019un centralisme jacobin qui persiste \u00e0 imposer des r\u00e9ponses uniques \u00e0 des r\u00e9alit\u00e9s multiples, sans concertation, sans respect, sans confiance envers ceux qui vivent et travaillent sur le terrain.<\/span><\/p>\n<p style=\"text-align: justify;\"><span style=\"font-family: arial, helvetica, sans-serif; font-size: 14pt;\">La Bretagne ne sera pas un laboratoire pour technocrates hors-sol. Ici, l\u2019\u00e9levage n\u2019est pas une industrie abstraite : c\u2019est une culture, une \u00e9conomie vivante, un lien ancestral entre l\u2019homme, l\u2019animal et la terre. Sacrifier des troupeaux entiers sans distinction, sans proportion, sans alternatives s\u00e9rieuses, c\u2019est porter atteinte \u00e0 l\u2019\u00e2me m\u00eame de nos campagnes.<\/span><\/p>\n<p style=\"text-align: justify;\"><span style=\"font-family: arial, helvetica, sans-serif; font-size: 14pt;\">Si demain la dermatose nodulaire devait toucher les \u00e9levages bretons, qu\u2019on le sache clairement : les nationalistes bretons se tiendront aux c\u00f4t\u00e9s des paysans. Pas derri\u00e8re les circulaires minist\u00e9rielles, pas sous les ordres d\u2019agences d\u00e9responsabilis\u00e9es, mais aux c\u00f4t\u00e9s de celles et ceux qui nourrissent le pays et entretiennent nos paysages. La solidarit\u00e9 bretonne ne se d\u00e9cr\u00e8te pas depuis Paris, elle se vit sur le terrain.<\/span><\/p>\n<p style=\"text-align: justify;\"><span style=\"font-family: arial, helvetica, sans-serif; font-size: 14pt;\">Nous refusons une gestion de crise qui nie l\u2019intelligence collective, qui m\u00e9prise les savoir-faire locaux et qui traite la Bretagne comme une p\u00e9riph\u00e9rie docile. Il est temps d\u2019exiger des politiques sanitaires adapt\u00e9es, proportionn\u00e9es, discut\u00e9es avec les premiers concern\u00e9s. Il est temps de rompre avec cette bureaucratie autoritaire qui confond pr\u00e9caution et destruction.<\/span><\/p>\n<p style=\"text-align: justify;\"><span style=\"font-family: arial, helvetica, sans-serif; font-size: 14pt;\">La Bretagne n\u2019acceptera pas d\u2019\u00eatre la victime collat\u00e9rale d\u2019un syst\u00e8me centralis\u00e9 incapable de nuance. D\u00e9fendre nos paysans, c\u2019est d\u00e9fendre notre peuple, notre territoire et notre droit \u00e0 d\u00e9cider pour nous-m\u00eames.<\/span><\/p>\n<p style=\"text-align: right;\"><strong><span style=\"font-family: arial, helvetica, sans-serif; font-size: 14pt;\">Ronan Morvan<\/span><\/strong><\/p>\n","protected":false},"excerpt":{"rendered":"<p>Une fois de plus, la logique froide de la technocratie sanitaire menace de s\u2019abattre sur le monde paysan. La dermatose nodulaire, maladie intransmissible \u00e0 l&rsquo;homme et ma\u00eetrisable, sert aujourd\u2019hui de pr\u00e9texte \u00e0 une r\u00e9ponse brutale, uniforme et d\u00e9shumanis\u00e9e : l\u2019abattage syst\u00e9mique des troupeaux. Une solution de facilit\u00e9 dict\u00e9e depuis des bureaux parisiens, loin des \u00e9tables, [&hellip;]<\/p>\n","protected":false},"author":1,"featured_media":5291,"comment_status":"open","ping_status":"open","sticky":false,"template":"","format":"standard","meta":{"sb_editor_width":"","footnotes":""},"categories":[81,55,63,65],"tags":[],"class_list":["post-5290","post","type-post","status-publish","format-standard","has-post-thumbnail","hentry","category-ecologie","category-economie","category-editorial","category-principale"],"relative_dates":{"created":"5 mois ago","modified":"5 mois ago"},"yoast_head":"<!-- This site is optimized with the Yoast SEO plugin v26.3 - https:\/\/yoast.com\/wordpress\/plugins\/seo\/ -->\n<title>\u00c9ditorial : Contre l\u2019abattage syst\u00e9mique, la Bretagne ne sacrifiera pas ses paysans ! - STOURM<\/title>\n<meta name=\"robots\" content=\"index, follow, max-snippet:-1, max-image-preview:large, max-video-preview:-1\" \/>\n<link rel=\"canonical\" href=\"https:\/\/stourm.news\/?p=5290\" \/>\n<meta property=\"og:locale\" content=\"fr_FR\" \/>\n<meta property=\"og:type\" content=\"article\" \/>\n<meta property=\"og:title\" content=\"\u00c9ditorial : Contre l\u2019abattage syst\u00e9mique, la Bretagne ne sacrifiera pas ses paysans ! - STOURM\" \/>\n<meta property=\"og:description\" content=\"Une fois de plus, la logique froide de la technocratie sanitaire menace de s\u2019abattre sur le monde paysan. La dermatose nodulaire, maladie intransmissible \u00e0 l&rsquo;homme et ma\u00eetrisable, sert aujourd\u2019hui de pr\u00e9texte \u00e0 une r\u00e9ponse brutale, uniforme et d\u00e9shumanis\u00e9e : l\u2019abattage syst\u00e9mique des troupeaux. Une solution de facilit\u00e9 dict\u00e9e depuis des bureaux parisiens, loin des \u00e9tables, [&hellip;]\" \/>\n<meta property=\"og:url\" content=\"https:\/\/stourm.news\/?p=5290\" \/>\n<meta property=\"og:site_name\" content=\"STOURM\" \/>\n<meta property=\"article:publisher\" content=\"https:\/\/www.facebook.com\/stourmnews\/\" \/>\n<meta property=\"article:published_time\" content=\"2025-12-15T16:37:23+00:00\" \/>\n<meta name=\"author\" content=\"La r\u00e9daction\" \/>\n<meta name=\"twitter:card\" content=\"summary_large_image\" \/>\n<meta name=\"twitter:label1\" content=\"\u00c9crit par\" \/>\n\t<meta name=\"twitter:data1\" content=\"La r\u00e9daction\" \/>\n\t<meta name=\"twitter:label2\" content=\"Dur\u00e9e de lecture estim\u00e9e\" \/>\n\t<meta name=\"twitter:data2\" content=\"2 minutes\" \/>\n<script type=\"application\/ld+json\" class=\"yoast-schema-graph\">{\"@context\":\"https:\/\/schema.org\",\"@graph\":[{\"@type\":\"Article\",\"@id\":\"https:\/\/stourm.news\/?p=5290#article\",\"isPartOf\":{\"@id\":\"https:\/\/stourm.news\/?p=5290\"},\"author\":{\"name\":\"La r\u00e9daction\",\"@id\":\"https:\/\/stourm.news\/#\/schema\/person\/c3e1dc65988632e190969234ef046cf9\"},\"headline\":\"\u00c9ditorial : Contre l\u2019abattage syst\u00e9mique, la Bretagne ne sacrifiera pas ses paysans !\",\"datePublished\":\"2025-12-15T16:37:23+00:00\",\"mainEntityOfPage\":{\"@id\":\"https:\/\/stourm.news\/?p=5290\"},\"wordCount\":395,\"commentCount\":0,\"publisher\":{\"@id\":\"https:\/\/stourm.news\/#organization\"},\"image\":{\"@id\":\"https:\/\/stourm.news\/?p=5290#primaryimage\"},\"thumbnailUrl\":\"https:\/\/stourm.news\/wp-content\/uploads\/2025\/12\/bb8124bf1e1fd46ce50b0060eaa031138a71d073.jpg\",\"articleSection\":[\"\u00c9cologie\",\"Economie\",\"Editorial\",\"Principale\"],\"inLanguage\":\"fr-FR\",\"potentialAction\":[{\"@type\":\"CommentAction\",\"name\":\"Comment\",\"target\":[\"https:\/\/stourm.news\/?p=5290#respond\"]}]},{\"@type\":\"WebPage\",\"@id\":\"https:\/\/stourm.news\/?p=5290\",\"url\":\"https:\/\/stourm.news\/?p=5290\",\"name\":\"\u00c9ditorial : Contre l\u2019abattage syst\u00e9mique, la Bretagne ne sacrifiera pas ses paysans ! - STOURM\",\"isPartOf\":{\"@id\":\"https:\/\/stourm.news\/#website\"},\"primaryImageOfPage\":{\"@id\":\"https:\/\/stourm.news\/?p=5290#primaryimage\"},\"image\":{\"@id\":\"https:\/\/stourm.news\/?p=5290#primaryimage\"},\"thumbnailUrl\":\"https:\/\/stourm.news\/wp-content\/uploads\/2025\/12\/bb8124bf1e1fd46ce50b0060eaa031138a71d073.jpg\",\"datePublished\":\"2025-12-15T16:37:23+00:00\",\"breadcrumb\":{\"@id\":\"https:\/\/stourm.news\/?p=5290#breadcrumb\"},\"inLanguage\":\"fr-FR\",\"potentialAction\":[{\"@type\":\"ReadAction\",\"target\":[\"https:\/\/stourm.news\/?p=5290\"]}]},{\"@type\":\"ImageObject\",\"inLanguage\":\"fr-FR\",\"@id\":\"https:\/\/stourm.news\/?p=5290#primaryimage\",\"url\":\"https:\/\/stourm.news\/wp-content\/uploads\/2025\/12\/bb8124bf1e1fd46ce50b0060eaa031138a71d073.jpg\",\"contentUrl\":\"https:\/\/stourm.news\/wp-content\/uploads\/2025\/12\/bb8124bf1e1fd46ce50b0060eaa031138a71d073.jpg\",\"width\":1280,\"height\":720},{\"@type\":\"BreadcrumbList\",\"@id\":\"https:\/\/stourm.news\/?p=5290#breadcrumb\",\"itemListElement\":[{\"@type\":\"ListItem\",\"position\":1,\"name\":\"Accueil\",\"item\":\"https:\/\/stourm.news\/\"},{\"@type\":\"ListItem\",\"position\":2,\"name\":\"\u00c9ditorial : Contre l\u2019abattage syst\u00e9mique, la Bretagne ne sacrifiera pas ses paysans !\"}]},{\"@type\":\"WebSite\",\"@id\":\"https:\/\/stourm.news\/#website\",\"url\":\"https:\/\/stourm.news\/\",\"name\":\"Stourm\",\"description\":\"Kazetenn Strollad Broadel Breizh\",\"publisher\":{\"@id\":\"https:\/\/stourm.news\/#organization\"},\"potentialAction\":[{\"@type\":\"SearchAction\",\"target\":{\"@type\":\"EntryPoint\",\"urlTemplate\":\"https:\/\/stourm.news\/?s={search_term_string}\"},\"query-input\":{\"@type\":\"PropertyValueSpecification\",\"valueRequired\":true,\"valueName\":\"search_term_string\"}}],\"inLanguage\":\"fr-FR\"},{\"@type\":\"Organization\",\"@id\":\"https:\/\/stourm.news\/#organization\",\"name\":\"Stourm\",\"url\":\"https:\/\/stourm.news\/\",\"logo\":{\"@type\":\"ImageObject\",\"inLanguage\":\"fr-FR\",\"@id\":\"https:\/\/stourm.news\/#\/schema\/logo\/image\/\",\"url\":\"https:\/\/stourm.news\/wp-content\/uploads\/2025\/11\/cropped-Capture-decran-2025-11-28-a-15.19.07.png\",\"contentUrl\":\"https:\/\/stourm.news\/wp-content\/uploads\/2025\/11\/cropped-Capture-decran-2025-11-28-a-15.19.07.png\",\"width\":1855,\"height\":383,\"caption\":\"Stourm\"},\"image\":{\"@id\":\"https:\/\/stourm.news\/#\/schema\/logo\/image\/\"},\"sameAs\":[\"https:\/\/www.facebook.com\/stourmnews\/\"]},{\"@type\":\"Person\",\"@id\":\"https:\/\/stourm.news\/#\/schema\/person\/c3e1dc65988632e190969234ef046cf9\",\"name\":\"La r\u00e9daction\",\"image\":{\"@type\":\"ImageObject\",\"inLanguage\":\"fr-FR\",\"@id\":\"https:\/\/stourm.news\/#\/schema\/person\/image\/\",\"url\":\"https:\/\/secure.gravatar.com\/avatar\/7463443f194b6b5fb706b074ca0ef59a0cfcfd720cb47764b0ec5a952ce422b3?s=96&d=mm&r=g\",\"contentUrl\":\"https:\/\/secure.gravatar.com\/avatar\/7463443f194b6b5fb706b074ca0ef59a0cfcfd720cb47764b0ec5a952ce422b3?s=96&d=mm&r=g\",\"caption\":\"La r\u00e9daction\"},\"sameAs\":[\"https:\/\/stourm.news\"],\"url\":\"https:\/\/stourm.news\/?author=1\"}]}<\/script>\n<!-- \/ Yoast SEO plugin. -->","yoast_head_json":{"title":"\u00c9ditorial : Contre l\u2019abattage syst\u00e9mique, la Bretagne ne sacrifiera pas ses paysans ! - STOURM","robots":{"index":"index","follow":"follow","max-snippet":"max-snippet:-1","max-image-preview":"max-image-preview:large","max-video-preview":"max-video-preview:-1"},"canonical":"https:\/\/stourm.news\/?p=5290","og_locale":"fr_FR","og_type":"article","og_title":"\u00c9ditorial : Contre l\u2019abattage syst\u00e9mique, la Bretagne ne sacrifiera pas ses paysans ! - STOURM","og_description":"Une fois de plus, la logique froide de la technocratie sanitaire menace de s\u2019abattre sur le monde paysan. La dermatose nodulaire, maladie intransmissible \u00e0 l&rsquo;homme et ma\u00eetrisable, sert aujourd\u2019hui de pr\u00e9texte \u00e0 une r\u00e9ponse brutale, uniforme et d\u00e9shumanis\u00e9e : l\u2019abattage syst\u00e9mique des troupeaux. Une solution de facilit\u00e9 dict\u00e9e depuis des bureaux parisiens, loin des \u00e9tables, [&hellip;]","og_url":"https:\/\/stourm.news\/?p=5290","og_site_name":"STOURM","article_publisher":"https:\/\/www.facebook.com\/stourmnews\/","article_published_time":"2025-12-15T16:37:23+00:00","author":"La r\u00e9daction","twitter_card":"summary_large_image","twitter_misc":{"\u00c9crit par":"La r\u00e9daction","Dur\u00e9e de lecture estim\u00e9e":"2 minutes"},"schema":{"@context":"https:\/\/schema.org","@graph":[{"@type":"Article","@id":"https:\/\/stourm.news\/?p=5290#article","isPartOf":{"@id":"https:\/\/stourm.news\/?p=5290"},"author":{"name":"La r\u00e9daction","@id":"https:\/\/stourm.news\/#\/schema\/person\/c3e1dc65988632e190969234ef046cf9"},"headline":"\u00c9ditorial : Contre l\u2019abattage syst\u00e9mique, la Bretagne ne sacrifiera pas ses paysans !","datePublished":"2025-12-15T16:37:23+00:00","mainEntityOfPage":{"@id":"https:\/\/stourm.news\/?p=5290"},"wordCount":395,"commentCount":0,"publisher":{"@id":"https:\/\/stourm.news\/#organization"},"image":{"@id":"https:\/\/stourm.news\/?p=5290#primaryimage"},"thumbnailUrl":"https:\/\/stourm.news\/wp-content\/uploads\/2025\/12\/bb8124bf1e1fd46ce50b0060eaa031138a71d073.jpg","articleSection":["\u00c9cologie","Economie","Editorial","Principale"],"inLanguage":"fr-FR","potentialAction":[{"@type":"CommentAction","name":"Comment","target":["https:\/\/stourm.news\/?p=5290#respond"]}]},{"@type":"WebPage","@id":"https:\/\/stourm.news\/?p=5290","url":"https:\/\/stourm.news\/?p=5290","name":"\u00c9ditorial : Contre l\u2019abattage syst\u00e9mique, la Bretagne ne sacrifiera pas ses paysans ! - STOURM","isPartOf":{"@id":"https:\/\/stourm.news\/#website"},"primaryImageOfPage":{"@id":"https:\/\/stourm.news\/?p=5290#primaryimage"},"image":{"@id":"https:\/\/stourm.news\/?p=5290#primaryimage"},"thumbnailUrl":"https:\/\/stourm.news\/wp-content\/uploads\/2025\/12\/bb8124bf1e1fd46ce50b0060eaa031138a71d073.jpg","datePublished":"2025-12-15T16:37:23+00:00","breadcrumb":{"@id":"https:\/\/stourm.news\/?p=5290#breadcrumb"},"inLanguage":"fr-FR","potentialAction":[{"@type":"ReadAction","target":["https:\/\/stourm.news\/?p=5290"]}]},{"@type":"ImageObject","inLanguage":"fr-FR","@id":"https:\/\/stourm.news\/?p=5290#primaryimage","url":"https:\/\/stourm.news\/wp-content\/uploads\/2025\/12\/bb8124bf1e1fd46ce50b0060eaa031138a71d073.jpg","contentUrl":"https:\/\/stourm.news\/wp-content\/uploads\/2025\/12\/bb8124bf1e1fd46ce50b0060eaa031138a71d073.jpg","width":1280,"height":720},{"@type":"BreadcrumbList","@id":"https:\/\/stourm.news\/?p=5290#breadcrumb","itemListElement":[{"@type":"ListItem","position":1,"name":"Accueil","item":"https:\/\/stourm.news\/"},{"@type":"ListItem","position":2,"name":"\u00c9ditorial : Contre l\u2019abattage syst\u00e9mique, la Bretagne ne sacrifiera pas ses paysans !"}]},{"@type":"WebSite","@id":"https:\/\/stourm.news\/#website","url":"https:\/\/stourm.news\/","name":"Stourm","description":"Kazetenn Strollad Broadel Breizh","publisher":{"@id":"https:\/\/stourm.news\/#organization"},"potentialAction":[{"@type":"SearchAction","target":{"@type":"EntryPoint","urlTemplate":"https:\/\/stourm.news\/?s={search_term_string}"},"query-input":{"@type":"PropertyValueSpecification","valueRequired":true,"valueName":"search_term_string"}}],"inLanguage":"fr-FR"},{"@type":"Organization","@id":"https:\/\/stourm.news\/#organization","name":"Stourm","url":"https:\/\/stourm.news\/","logo":{"@type":"ImageObject","inLanguage":"fr-FR","@id":"https:\/\/stourm.news\/#\/schema\/logo\/image\/","url":"https:\/\/stourm.news\/wp-content\/uploads\/2025\/11\/cropped-Capture-decran-2025-11-28-a-15.19.07.png","contentUrl":"https:\/\/stourm.news\/wp-content\/uploads\/2025\/11\/cropped-Capture-decran-2025-11-28-a-15.19.07.png","width":1855,"height":383,"caption":"Stourm"},"image":{"@id":"https:\/\/stourm.news\/#\/schema\/logo\/image\/"},"sameAs":["https:\/\/www.facebook.com\/stourmnews\/"]},{"@type":"Person","@id":"https:\/\/stourm.news\/#\/schema\/person\/c3e1dc65988632e190969234ef046cf9","name":"La r\u00e9daction","image":{"@type":"ImageObject","inLanguage":"fr-FR","@id":"https:\/\/stourm.news\/#\/schema\/person\/image\/","url":"https:\/\/secure.gravatar.com\/avatar\/7463443f194b6b5fb706b074ca0ef59a0cfcfd720cb47764b0ec5a952ce422b3?s=96&d=mm&r=g","contentUrl":"https:\/\/secure.gravatar.com\/avatar\/7463443f194b6b5fb706b074ca0ef59a0cfcfd720cb47764b0ec5a952ce422b3?s=96&d=mm&r=g","caption":"La r\u00e9daction"},"sameAs":["https:\/\/stourm.news"],"url":"https:\/\/stourm.news\/?author=1"}]}},"_links":{"self":[{"href":"https:\/\/stourm.news\/index.php?rest_route=\/wp\/v2\/posts\/5290","targetHints":{"allow":["GET"]}}],"collection":[{"href":"https:\/\/stourm.news\/index.php?rest_route=\/wp\/v2\/posts"}],"about":[{"href":"https:\/\/stourm.news\/index.php?rest_route=\/wp\/v2\/types\/post"}],"author":[{"embeddable":true,"href":"https:\/\/stourm.news\/index.php?rest_route=\/wp\/v2\/users\/1"}],"replies":[{"embeddable":true,"href":"https:\/\/stourm.news\/index.php?rest_route=%2Fwp%2Fv2%2Fcomments&post=5290"}],"version-history":[{"count":1,"href":"https:\/\/stourm.news\/index.php?rest_route=\/wp\/v2\/posts\/5290\/revisions"}],"predecessor-version":[{"id":5292,"href":"https:\/\/stourm.news\/index.php?rest_route=\/wp\/v2\/posts\/5290\/revisions\/5292"}],"wp:featuredmedia":[{"embeddable":true,"href":"https:\/\/stourm.news\/index.php?rest_route=\/wp\/v2\/media\/5291"}],"wp:attachment":[{"href":"https:\/\/stourm.news\/index.php?rest_route=%2Fwp%2Fv2%2Fmedia&parent=5290"}],"wp:term":[{"taxonomy":"category","embeddable":true,"href":"https:\/\/stourm.news\/index.php?rest_route=%2Fwp%2Fv2%2Fcategories&post=5290"},{"taxonomy":"post_tag","embeddable":true,"href":"https:\/\/stourm.news\/index.php?rest_route=%2Fwp%2Fv2%2Ftags&post=5290"}],"curies":[{"name":"wp","href":"https:\/\/api.w.org\/{rel}","templated":true}]}}