{"id":5296,"date":"2025-12-16T16:15:32","date_gmt":"2025-12-16T16:15:32","guid":{"rendered":"https:\/\/stourm.news\/?p=5296"},"modified":"2025-12-16T16:15:32","modified_gmt":"2025-12-16T16:15:32","slug":"terrorisme-prison-ferme-pour-deux-militants-antifascistes-apres-lincendie-du-local-du-parti-socialiste-francais","status":"publish","type":"post","link":"https:\/\/stourm.news\/?p=5296","title":{"rendered":"Terrorisme : prison ferme pour deux militants antifascistes apr\u00e8s l&rsquo;incendie du local du Parti Socialiste fran\u00e7ais"},"content":{"rendered":"<p style=\"text-align: justify;\"><span style=\"font-family: arial, helvetica, sans-serif; font-size: 14pt;\">Le 15 d\u00e9cembre 2025, le tribunal correctionnel de Brest a condamn\u00e9 deux personnes \u00e0 18 mois de prison, dont 9 mois ferme, pour l&rsquo;incendie volontaire du local du Parti socialiste \u00e0 Carhaix-Plouguer (Finist\u00e8re). Selon <strong><a href=\"https:\/\/www.letelegramme.fr\/finistere\/carhaix-29270\/deux-personnes-condamnees-a-de-la-prison-ferme-pour-avoir-incendie-le-local-du-parti-socialiste-a-carhaix-6948266.php\">Le T\u00e9l\u00e9gramme<\/a><\/strong>, les condamn\u00e9s sont des militants rattach\u00e9s \u00e0 un mouvement antifasciste. D&rsquo;apr\u00e8s Ouest-France, il s&rsquo;agit de militants d\u2019extr\u00eame gauche, \u00e9tiquet\u00e9s d\u2019extr\u00eame gauche et de la mouvance \u00ab\u00a0Kreizh Breizh Antifasciste\u00a0\u00bb. <\/span><\/p>\n<p style=\"text-align: justify;\"><span style=\"font-family: arial, helvetica, sans-serif; font-size: 14pt;\">Les faits remontent \u00e0 la nuit du 21 au 22 janvier 2025. Les pr\u00e9venus, un homme de 40 ans et une femme de 31 ans, ont asperg\u00e9 d&rsquo;essence des pneus et palettes devant la porte du local, situ\u00e9 route de Kallag (Callac), et y ont mis le feu. La fa\u00e7ade a \u00e9t\u00e9 tagu\u00e9e \u00ab PS social tra\u00eetre \u00bb, reprenant la phras\u00e9ologie de l&rsquo;ultra-gauche. Les accus\u00e9s ont reconnu les faits, expliquant agir par \u00ab coup de col\u00e8re \u00bb apr\u00e8s le refus des d\u00e9put\u00e9s PS de voter la motion de censure d\u00e9pos\u00e9e par La France insoumise contre le gouvernement Bayrou. <\/span><\/p>\n<p style=\"text-align: justify;\"><span style=\"font-family: arial, helvetica, sans-serif; font-size: 14pt;\">Le procureur avait requis 18 mois dont 9 ferme, d\u00e9non\u00e7ant un acte pouvant mener \u00e0 une \u00ab guerre civile \u00bb. La femme, employ\u00e9e publique, \u00e9cope en plus d&rsquo;une exclusion de la fonction publique pour 5 ans et de 31 900 \u20ac de dommages pour la d\u00e9gradation d&rsquo;un radar automatique. L&rsquo;homme re\u00e7oit 500 \u20ac d&rsquo;amende suppl\u00e9mentaire. Cet acte illustre les tensions au sein de la gauche loyaliste et la radicalisation de l&rsquo;extr\u00eame-gauche, palpable dans toute la Bretagne.<\/span><\/p>\n<p style=\"text-align: right;\"><span style=\"font-family: arial, helvetica, sans-serif; font-size: 14pt;\"><strong>Ewen Broc&rsquo;han<\/strong><\/span><\/p>\n","protected":false},"excerpt":{"rendered":"<p>Le 15 d\u00e9cembre 2025, le tribunal correctionnel de Brest a condamn\u00e9 deux personnes \u00e0 18 mois de prison, dont 9 mois ferme, pour l&rsquo;incendie volontaire du local du Parti socialiste \u00e0 Carhaix-Plouguer (Finist\u00e8re). Selon Le T\u00e9l\u00e9gramme, les condamn\u00e9s sont des militants rattach\u00e9s \u00e0 un mouvement antifasciste. D&rsquo;apr\u00e8s Ouest-France, il s&rsquo;agit de militants d\u2019extr\u00eame gauche, \u00e9tiquet\u00e9s [&hellip;]<\/p>\n","protected":false},"author":1,"featured_media":5297,"comment_status":"open","ping_status":"open","sticky":false,"template":"","format":"standard","meta":{"sb_editor_width":"","footnotes":""},"categories":[36,38,65,62,72],"tags":[],"class_list":["post-5296","post","type-post","status-publish","format-standard","has-post-thumbnail","hentry","category-extreme-gauche","category-finistere","category-principale","category-revue-de-presse","category-terrorisme"],"relative_dates":{"created":"5 mois ago","modified":"5 mois ago"},"yoast_head":"<!-- This site is optimized with the Yoast SEO plugin v26.3 - https:\/\/yoast.com\/wordpress\/plugins\/seo\/ -->\n<title>Terrorisme : prison ferme pour deux militants antifascistes apr\u00e8s l&#039;incendie du local du Parti Socialiste fran\u00e7ais - STOURM<\/title>\n<meta name=\"robots\" content=\"index, follow, max-snippet:-1, max-image-preview:large, max-video-preview:-1\" \/>\n<link rel=\"canonical\" href=\"https:\/\/stourm.news\/?p=5296\" \/>\n<meta property=\"og:locale\" content=\"fr_FR\" \/>\n<meta property=\"og:type\" content=\"article\" \/>\n<meta property=\"og:title\" content=\"Terrorisme : prison ferme pour deux militants antifascistes apr\u00e8s l&#039;incendie du local du Parti Socialiste fran\u00e7ais - STOURM\" \/>\n<meta property=\"og:description\" content=\"Le 15 d\u00e9cembre 2025, le tribunal correctionnel de Brest a condamn\u00e9 deux personnes \u00e0 18 mois de prison, dont 9 mois ferme, pour l&rsquo;incendie volontaire du local du Parti socialiste \u00e0 Carhaix-Plouguer (Finist\u00e8re). Selon Le T\u00e9l\u00e9gramme, les condamn\u00e9s sont des militants rattach\u00e9s \u00e0 un mouvement antifasciste. D&rsquo;apr\u00e8s Ouest-France, il s&rsquo;agit de militants d\u2019extr\u00eame gauche, \u00e9tiquet\u00e9s [&hellip;]\" \/>\n<meta property=\"og:url\" content=\"https:\/\/stourm.news\/?p=5296\" \/>\n<meta property=\"og:site_name\" content=\"STOURM\" \/>\n<meta property=\"article:publisher\" content=\"https:\/\/www.facebook.com\/stourmnews\/\" \/>\n<meta property=\"article:published_time\" content=\"2025-12-16T16:15:32+00:00\" \/>\n<meta name=\"author\" content=\"La r\u00e9daction\" \/>\n<meta name=\"twitter:card\" content=\"summary_large_image\" \/>\n<meta name=\"twitter:label1\" content=\"\u00c9crit par\" \/>\n\t<meta name=\"twitter:data1\" content=\"La r\u00e9daction\" \/>\n\t<meta name=\"twitter:label2\" content=\"Dur\u00e9e de lecture estim\u00e9e\" \/>\n\t<meta name=\"twitter:data2\" content=\"2 minutes\" \/>\n<script type=\"application\/ld+json\" class=\"yoast-schema-graph\">{\"@context\":\"https:\/\/schema.org\",\"@graph\":[{\"@type\":\"Article\",\"@id\":\"https:\/\/stourm.news\/?p=5296#article\",\"isPartOf\":{\"@id\":\"https:\/\/stourm.news\/?p=5296\"},\"author\":{\"name\":\"La r\u00e9daction\",\"@id\":\"https:\/\/stourm.news\/#\/schema\/person\/c3e1dc65988632e190969234ef046cf9\"},\"headline\":\"Terrorisme : prison ferme pour deux militants antifascistes apr\u00e8s l&rsquo;incendie du local du Parti Socialiste fran\u00e7ais\",\"datePublished\":\"2025-12-16T16:15:32+00:00\",\"mainEntityOfPage\":{\"@id\":\"https:\/\/stourm.news\/?p=5296\"},\"wordCount\":272,\"commentCount\":0,\"publisher\":{\"@id\":\"https:\/\/stourm.news\/#organization\"},\"image\":{\"@id\":\"https:\/\/stourm.news\/?p=5296#primaryimage\"},\"thumbnailUrl\":\"https:\/\/stourm.news\/wp-content\/uploads\/2025\/12\/Capture-decran-2025-12-17-a-01.06.33.png\",\"articleSection\":[\"Extr\u00eame-gauche\",\"Finist\u00e8re\",\"Principale\",\"Revue de presse\",\"Terrorisme\"],\"inLanguage\":\"fr-FR\",\"potentialAction\":[{\"@type\":\"CommentAction\",\"name\":\"Comment\",\"target\":[\"https:\/\/stourm.news\/?p=5296#respond\"]}]},{\"@type\":\"WebPage\",\"@id\":\"https:\/\/stourm.news\/?p=5296\",\"url\":\"https:\/\/stourm.news\/?p=5296\",\"name\":\"Terrorisme : prison ferme pour deux militants antifascistes apr\u00e8s l'incendie du local du Parti Socialiste fran\u00e7ais - STOURM\",\"isPartOf\":{\"@id\":\"https:\/\/stourm.news\/#website\"},\"primaryImageOfPage\":{\"@id\":\"https:\/\/stourm.news\/?p=5296#primaryimage\"},\"image\":{\"@id\":\"https:\/\/stourm.news\/?p=5296#primaryimage\"},\"thumbnailUrl\":\"https:\/\/stourm.news\/wp-content\/uploads\/2025\/12\/Capture-decran-2025-12-17-a-01.06.33.png\",\"datePublished\":\"2025-12-16T16:15:32+00:00\",\"breadcrumb\":{\"@id\":\"https:\/\/stourm.news\/?p=5296#breadcrumb\"},\"inLanguage\":\"fr-FR\",\"potentialAction\":[{\"@type\":\"ReadAction\",\"target\":[\"https:\/\/stourm.news\/?p=5296\"]}]},{\"@type\":\"ImageObject\",\"inLanguage\":\"fr-FR\",\"@id\":\"https:\/\/stourm.news\/?p=5296#primaryimage\",\"url\":\"https:\/\/stourm.news\/wp-content\/uploads\/2025\/12\/Capture-decran-2025-12-17-a-01.06.33.png\",\"contentUrl\":\"https:\/\/stourm.news\/wp-content\/uploads\/2025\/12\/Capture-decran-2025-12-17-a-01.06.33.png\",\"width\":1348,\"height\":744},{\"@type\":\"BreadcrumbList\",\"@id\":\"https:\/\/stourm.news\/?p=5296#breadcrumb\",\"itemListElement\":[{\"@type\":\"ListItem\",\"position\":1,\"name\":\"Accueil\",\"item\":\"https:\/\/stourm.news\/\"},{\"@type\":\"ListItem\",\"position\":2,\"name\":\"Terrorisme : prison ferme pour deux militants antifascistes apr\u00e8s l&rsquo;incendie du local du Parti Socialiste fran\u00e7ais\"}]},{\"@type\":\"WebSite\",\"@id\":\"https:\/\/stourm.news\/#website\",\"url\":\"https:\/\/stourm.news\/\",\"name\":\"Stourm\",\"description\":\"Kazetenn Strollad Broadel Breizh\",\"publisher\":{\"@id\":\"https:\/\/stourm.news\/#organization\"},\"potentialAction\":[{\"@type\":\"SearchAction\",\"target\":{\"@type\":\"EntryPoint\",\"urlTemplate\":\"https:\/\/stourm.news\/?s={search_term_string}\"},\"query-input\":{\"@type\":\"PropertyValueSpecification\",\"valueRequired\":true,\"valueName\":\"search_term_string\"}}],\"inLanguage\":\"fr-FR\"},{\"@type\":\"Organization\",\"@id\":\"https:\/\/stourm.news\/#organization\",\"name\":\"Stourm\",\"url\":\"https:\/\/stourm.news\/\",\"logo\":{\"@type\":\"ImageObject\",\"inLanguage\":\"fr-FR\",\"@id\":\"https:\/\/stourm.news\/#\/schema\/logo\/image\/\",\"url\":\"https:\/\/stourm.news\/wp-content\/uploads\/2025\/11\/cropped-Capture-decran-2025-11-28-a-15.19.07.png\",\"contentUrl\":\"https:\/\/stourm.news\/wp-content\/uploads\/2025\/11\/cropped-Capture-decran-2025-11-28-a-15.19.07.png\",\"width\":1855,\"height\":383,\"caption\":\"Stourm\"},\"image\":{\"@id\":\"https:\/\/stourm.news\/#\/schema\/logo\/image\/\"},\"sameAs\":[\"https:\/\/www.facebook.com\/stourmnews\/\"]},{\"@type\":\"Person\",\"@id\":\"https:\/\/stourm.news\/#\/schema\/person\/c3e1dc65988632e190969234ef046cf9\",\"name\":\"La r\u00e9daction\",\"image\":{\"@type\":\"ImageObject\",\"inLanguage\":\"fr-FR\",\"@id\":\"https:\/\/stourm.news\/#\/schema\/person\/image\/\",\"url\":\"https:\/\/secure.gravatar.com\/avatar\/7463443f194b6b5fb706b074ca0ef59a0cfcfd720cb47764b0ec5a952ce422b3?s=96&d=mm&r=g\",\"contentUrl\":\"https:\/\/secure.gravatar.com\/avatar\/7463443f194b6b5fb706b074ca0ef59a0cfcfd720cb47764b0ec5a952ce422b3?s=96&d=mm&r=g\",\"caption\":\"La r\u00e9daction\"},\"sameAs\":[\"https:\/\/stourm.news\"],\"url\":\"https:\/\/stourm.news\/?author=1\"}]}<\/script>\n<!-- \/ Yoast SEO plugin. -->","yoast_head_json":{"title":"Terrorisme : prison ferme pour deux militants antifascistes apr\u00e8s l'incendie du local du Parti Socialiste fran\u00e7ais - STOURM","robots":{"index":"index","follow":"follow","max-snippet":"max-snippet:-1","max-image-preview":"max-image-preview:large","max-video-preview":"max-video-preview:-1"},"canonical":"https:\/\/stourm.news\/?p=5296","og_locale":"fr_FR","og_type":"article","og_title":"Terrorisme : prison ferme pour deux militants antifascistes apr\u00e8s l'incendie du local du Parti Socialiste fran\u00e7ais - STOURM","og_description":"Le 15 d\u00e9cembre 2025, le tribunal correctionnel de Brest a condamn\u00e9 deux personnes \u00e0 18 mois de prison, dont 9 mois ferme, pour l&rsquo;incendie volontaire du local du Parti socialiste \u00e0 Carhaix-Plouguer (Finist\u00e8re). Selon Le T\u00e9l\u00e9gramme, les condamn\u00e9s sont des militants rattach\u00e9s \u00e0 un mouvement antifasciste. D&rsquo;apr\u00e8s Ouest-France, il s&rsquo;agit de militants d\u2019extr\u00eame gauche, \u00e9tiquet\u00e9s [&hellip;]","og_url":"https:\/\/stourm.news\/?p=5296","og_site_name":"STOURM","article_publisher":"https:\/\/www.facebook.com\/stourmnews\/","article_published_time":"2025-12-16T16:15:32+00:00","author":"La r\u00e9daction","twitter_card":"summary_large_image","twitter_misc":{"\u00c9crit par":"La r\u00e9daction","Dur\u00e9e de lecture estim\u00e9e":"2 minutes"},"schema":{"@context":"https:\/\/schema.org","@graph":[{"@type":"Article","@id":"https:\/\/stourm.news\/?p=5296#article","isPartOf":{"@id":"https:\/\/stourm.news\/?p=5296"},"author":{"name":"La r\u00e9daction","@id":"https:\/\/stourm.news\/#\/schema\/person\/c3e1dc65988632e190969234ef046cf9"},"headline":"Terrorisme : prison ferme pour deux militants antifascistes apr\u00e8s l&rsquo;incendie du local du Parti Socialiste fran\u00e7ais","datePublished":"2025-12-16T16:15:32+00:00","mainEntityOfPage":{"@id":"https:\/\/stourm.news\/?p=5296"},"wordCount":272,"commentCount":0,"publisher":{"@id":"https:\/\/stourm.news\/#organization"},"image":{"@id":"https:\/\/stourm.news\/?p=5296#primaryimage"},"thumbnailUrl":"https:\/\/stourm.news\/wp-content\/uploads\/2025\/12\/Capture-decran-2025-12-17-a-01.06.33.png","articleSection":["Extr\u00eame-gauche","Finist\u00e8re","Principale","Revue de presse","Terrorisme"],"inLanguage":"fr-FR","potentialAction":[{"@type":"CommentAction","name":"Comment","target":["https:\/\/stourm.news\/?p=5296#respond"]}]},{"@type":"WebPage","@id":"https:\/\/stourm.news\/?p=5296","url":"https:\/\/stourm.news\/?p=5296","name":"Terrorisme : prison ferme pour deux militants antifascistes apr\u00e8s l'incendie du local du Parti Socialiste fran\u00e7ais - STOURM","isPartOf":{"@id":"https:\/\/stourm.news\/#website"},"primaryImageOfPage":{"@id":"https:\/\/stourm.news\/?p=5296#primaryimage"},"image":{"@id":"https:\/\/stourm.news\/?p=5296#primaryimage"},"thumbnailUrl":"https:\/\/stourm.news\/wp-content\/uploads\/2025\/12\/Capture-decran-2025-12-17-a-01.06.33.png","datePublished":"2025-12-16T16:15:32+00:00","breadcrumb":{"@id":"https:\/\/stourm.news\/?p=5296#breadcrumb"},"inLanguage":"fr-FR","potentialAction":[{"@type":"ReadAction","target":["https:\/\/stourm.news\/?p=5296"]}]},{"@type":"ImageObject","inLanguage":"fr-FR","@id":"https:\/\/stourm.news\/?p=5296#primaryimage","url":"https:\/\/stourm.news\/wp-content\/uploads\/2025\/12\/Capture-decran-2025-12-17-a-01.06.33.png","contentUrl":"https:\/\/stourm.news\/wp-content\/uploads\/2025\/12\/Capture-decran-2025-12-17-a-01.06.33.png","width":1348,"height":744},{"@type":"BreadcrumbList","@id":"https:\/\/stourm.news\/?p=5296#breadcrumb","itemListElement":[{"@type":"ListItem","position":1,"name":"Accueil","item":"https:\/\/stourm.news\/"},{"@type":"ListItem","position":2,"name":"Terrorisme : prison ferme pour deux militants antifascistes apr\u00e8s l&rsquo;incendie du local du Parti Socialiste fran\u00e7ais"}]},{"@type":"WebSite","@id":"https:\/\/stourm.news\/#website","url":"https:\/\/stourm.news\/","name":"Stourm","description":"Kazetenn Strollad Broadel Breizh","publisher":{"@id":"https:\/\/stourm.news\/#organization"},"potentialAction":[{"@type":"SearchAction","target":{"@type":"EntryPoint","urlTemplate":"https:\/\/stourm.news\/?s={search_term_string}"},"query-input":{"@type":"PropertyValueSpecification","valueRequired":true,"valueName":"search_term_string"}}],"inLanguage":"fr-FR"},{"@type":"Organization","@id":"https:\/\/stourm.news\/#organization","name":"Stourm","url":"https:\/\/stourm.news\/","logo":{"@type":"ImageObject","inLanguage":"fr-FR","@id":"https:\/\/stourm.news\/#\/schema\/logo\/image\/","url":"https:\/\/stourm.news\/wp-content\/uploads\/2025\/11\/cropped-Capture-decran-2025-11-28-a-15.19.07.png","contentUrl":"https:\/\/stourm.news\/wp-content\/uploads\/2025\/11\/cropped-Capture-decran-2025-11-28-a-15.19.07.png","width":1855,"height":383,"caption":"Stourm"},"image":{"@id":"https:\/\/stourm.news\/#\/schema\/logo\/image\/"},"sameAs":["https:\/\/www.facebook.com\/stourmnews\/"]},{"@type":"Person","@id":"https:\/\/stourm.news\/#\/schema\/person\/c3e1dc65988632e190969234ef046cf9","name":"La r\u00e9daction","image":{"@type":"ImageObject","inLanguage":"fr-FR","@id":"https:\/\/stourm.news\/#\/schema\/person\/image\/","url":"https:\/\/secure.gravatar.com\/avatar\/7463443f194b6b5fb706b074ca0ef59a0cfcfd720cb47764b0ec5a952ce422b3?s=96&d=mm&r=g","contentUrl":"https:\/\/secure.gravatar.com\/avatar\/7463443f194b6b5fb706b074ca0ef59a0cfcfd720cb47764b0ec5a952ce422b3?s=96&d=mm&r=g","caption":"La r\u00e9daction"},"sameAs":["https:\/\/stourm.news"],"url":"https:\/\/stourm.news\/?author=1"}]}},"_links":{"self":[{"href":"https:\/\/stourm.news\/index.php?rest_route=\/wp\/v2\/posts\/5296","targetHints":{"allow":["GET"]}}],"collection":[{"href":"https:\/\/stourm.news\/index.php?rest_route=\/wp\/v2\/posts"}],"about":[{"href":"https:\/\/stourm.news\/index.php?rest_route=\/wp\/v2\/types\/post"}],"author":[{"embeddable":true,"href":"https:\/\/stourm.news\/index.php?rest_route=\/wp\/v2\/users\/1"}],"replies":[{"embeddable":true,"href":"https:\/\/stourm.news\/index.php?rest_route=%2Fwp%2Fv2%2Fcomments&post=5296"}],"version-history":[{"count":1,"href":"https:\/\/stourm.news\/index.php?rest_route=\/wp\/v2\/posts\/5296\/revisions"}],"predecessor-version":[{"id":5298,"href":"https:\/\/stourm.news\/index.php?rest_route=\/wp\/v2\/posts\/5296\/revisions\/5298"}],"wp:featuredmedia":[{"embeddable":true,"href":"https:\/\/stourm.news\/index.php?rest_route=\/wp\/v2\/media\/5297"}],"wp:attachment":[{"href":"https:\/\/stourm.news\/index.php?rest_route=%2Fwp%2Fv2%2Fmedia&parent=5296"}],"wp:term":[{"taxonomy":"category","embeddable":true,"href":"https:\/\/stourm.news\/index.php?rest_route=%2Fwp%2Fv2%2Fcategories&post=5296"},{"taxonomy":"post_tag","embeddable":true,"href":"https:\/\/stourm.news\/index.php?rest_route=%2Fwp%2Fv2%2Ftags&post=5296"}],"curies":[{"name":"wp","href":"https:\/\/api.w.org\/{rel}","templated":true}]}}