{"id":5317,"date":"2025-12-17T15:35:09","date_gmt":"2025-12-17T15:35:09","guid":{"rendered":"https:\/\/stourm.news\/?p=5317"},"modified":"2025-12-17T15:35:43","modified_gmt":"2025-12-17T15:35:43","slug":"disparition-tragique-de-tristan-lozach-ex-leader-des-gilets-jaunes-bretons","status":"publish","type":"post","link":"https:\/\/stourm.news\/?p=5317","title":{"rendered":"Disparition tragique de Tristan Lozach, ex-leader des Gilets jaunes bretons"},"content":{"rendered":"<p style=\"text-align: justify;\"><span style=\"font-family: arial, helvetica, sans-serif; font-size: 14pt;\">Tristan Lozach, figure embl\u00e9matique des Gilets jaunes dans le Pays de Saint-Brieuc depuis les d\u00e9buts du mouvement en novembre 2018, est d\u00e9c\u00e9d\u00e9 soudainement \u00e0 l&rsquo;\u00e2ge de 33 ans annonce <strong><a href=\"https:\/\/actu.fr\/bretagne\/saint-brieuc_22278\/deces-soudain-dun-ex-leader-des-gilets-jaunes-en-cotes-darmor-on-ne-toubliera-pas_63587784.html\">Actu.fr<\/a><\/strong>. Jeune p\u00e8re de famille, ce militant avait marqu\u00e9 les ronds-points bretons par son engagement intransigeant contre les injustices sociales impos\u00e9es par l&rsquo;\u00c9tat fran\u00e7ais. Son d\u00e9c\u00e8s, survenu dans des circonstances difficiles et annonc\u00e9 le 17 d\u00e9cembre 2025, laisse une communaut\u00e9 en deuil profond. <\/span><\/p>\n<p style=\"text-align: justify;\"><span style=\"font-family: arial, helvetica, sans-serif; font-size: 14pt;\">Sur les r\u00e9seaux sociaux, les messages ont afflu\u00e9 : \u00ab On ne t\u2019oubliera pas \u00bb, clame le groupe Gilets Jaunes Lamballe, qui organisera un hommage au rond-point de Br\u00e9zillet dans les prochains jours. Derri\u00e8re cette disparition brutale se profile l&rsquo;annonce d&rsquo;une incarc\u00e9ration prochaine que Tristan Lozach vivait comme un v\u00e9ritable \u00ab cauchemar \u00bb. Sa derni\u00e8re publication sur Facebook, dat\u00e9e du 11 d\u00e9cembre 2025 \u2013 soit quelques jours seulement avant l&rsquo;annonce de son d\u00e9c\u00e8s \u2013, \u00e9tait particuli\u00e8rement poignante : il y partageait une chanson intitul\u00e9e \u00ab Je retourne en cellule \u00bb, accompagn\u00e9e de mots exprimant des regrets profonds et une immense d\u00e9tresse. <\/span><\/p>\n<p style=\"text-align: justify;\"><span style=\"font-family: arial, helvetica, sans-serif; font-size: 14pt;\">Tristan Lozach, qui avait lutt\u00e9 pour les Bretons les plus pr\u00e9caires sur les ronds-points, a \u00e9t\u00e9 lui-m\u00eame broy\u00e9 par un syst\u00e8me judiciaire implacable. Leader des blocages \u00e0 Langueux et Saint-Brieuc d\u00e8s les premiers actes du mouvement, Tristan Lozach incarnait une r\u00e9volte bretonne authentique, loin des r\u00e9cup\u00e9rations politiques parisiennes. Il laisse derri\u00e8re lui un grand vide, mais aussi un symbole de la duret\u00e9 d&rsquo;un syst\u00e8me hexagonal qui \u00e9crase ceux qui osent le d\u00e9fier tandis que les puissants de l&rsquo;Hexagone en sont \u00e9pargn\u00e9s.<\/span><\/p>\n<p style=\"text-align: right;\"><strong><span style=\"font-family: arial, helvetica, sans-serif; font-size: 14pt;\">Ewen Broc&rsquo;han<\/span><\/strong><\/p>\n","protected":false},"excerpt":{"rendered":"<p>Tristan Lozach, figure embl\u00e9matique des Gilets jaunes dans le Pays de Saint-Brieuc depuis les d\u00e9buts du mouvement en novembre 2018, est d\u00e9c\u00e9d\u00e9 soudainement \u00e0 l&rsquo;\u00e2ge de 33 ans annonce Actu.fr. Jeune p\u00e8re de famille, ce militant avait marqu\u00e9 les ronds-points bretons par son engagement intransigeant contre les injustices sociales impos\u00e9es par l&rsquo;\u00c9tat fran\u00e7ais. Son d\u00e9c\u00e8s, [&hellip;]<\/p>\n","protected":false},"author":1,"featured_media":5318,"comment_status":"open","ping_status":"open","sticky":false,"template":"","format":"standard","meta":{"sb_editor_width":"","footnotes":""},"categories":[58,39,52,67,65],"tags":[],"class_list":["post-5317","post","type-post","status-publish","format-standard","has-post-thumbnail","hentry","category-breizh","category-cotes-darmor","category-faits-divers","category-politique","category-principale"],"relative_dates":{"created":"4 mois ago","modified":"4 mois ago"},"yoast_head":"<!-- This site is optimized with the Yoast SEO plugin v26.3 - https:\/\/yoast.com\/wordpress\/plugins\/seo\/ -->\n<title>Disparition tragique de Tristan Lozach, ex-leader des Gilets jaunes bretons - STOURM<\/title>\n<meta name=\"robots\" content=\"index, follow, max-snippet:-1, max-image-preview:large, max-video-preview:-1\" \/>\n<link rel=\"canonical\" href=\"https:\/\/stourm.news\/?p=5317\" \/>\n<meta property=\"og:locale\" content=\"fr_FR\" \/>\n<meta property=\"og:type\" content=\"article\" \/>\n<meta property=\"og:title\" content=\"Disparition tragique de Tristan Lozach, ex-leader des Gilets jaunes bretons - STOURM\" \/>\n<meta property=\"og:description\" content=\"Tristan Lozach, figure embl\u00e9matique des Gilets jaunes dans le Pays de Saint-Brieuc depuis les d\u00e9buts du mouvement en novembre 2018, est d\u00e9c\u00e9d\u00e9 soudainement \u00e0 l&rsquo;\u00e2ge de 33 ans annonce Actu.fr. Jeune p\u00e8re de famille, ce militant avait marqu\u00e9 les ronds-points bretons par son engagement intransigeant contre les injustices sociales impos\u00e9es par l&rsquo;\u00c9tat fran\u00e7ais. Son d\u00e9c\u00e8s, [&hellip;]\" \/>\n<meta property=\"og:url\" content=\"https:\/\/stourm.news\/?p=5317\" \/>\n<meta property=\"og:site_name\" content=\"STOURM\" \/>\n<meta property=\"article:publisher\" content=\"https:\/\/www.facebook.com\/stourmnews\/\" \/>\n<meta property=\"article:published_time\" content=\"2025-12-17T15:35:09+00:00\" \/>\n<meta property=\"article:modified_time\" content=\"2025-12-17T15:35:43+00:00\" \/>\n<meta name=\"author\" content=\"La r\u00e9daction\" \/>\n<meta name=\"twitter:card\" content=\"summary_large_image\" \/>\n<meta name=\"twitter:label1\" content=\"\u00c9crit par\" \/>\n\t<meta name=\"twitter:data1\" content=\"La r\u00e9daction\" \/>\n\t<meta name=\"twitter:label2\" content=\"Dur\u00e9e de lecture estim\u00e9e\" \/>\n\t<meta name=\"twitter:data2\" content=\"2 minutes\" \/>\n<script type=\"application\/ld+json\" class=\"yoast-schema-graph\">{\"@context\":\"https:\/\/schema.org\",\"@graph\":[{\"@type\":\"Article\",\"@id\":\"https:\/\/stourm.news\/?p=5317#article\",\"isPartOf\":{\"@id\":\"https:\/\/stourm.news\/?p=5317\"},\"author\":{\"name\":\"La r\u00e9daction\",\"@id\":\"https:\/\/stourm.news\/#\/schema\/person\/c3e1dc65988632e190969234ef046cf9\"},\"headline\":\"Disparition tragique de Tristan Lozach, ex-leader des Gilets jaunes bretons\",\"datePublished\":\"2025-12-17T15:35:09+00:00\",\"dateModified\":\"2025-12-17T15:35:43+00:00\",\"mainEntityOfPage\":{\"@id\":\"https:\/\/stourm.news\/?p=5317\"},\"wordCount\":293,\"commentCount\":0,\"publisher\":{\"@id\":\"https:\/\/stourm.news\/#organization\"},\"image\":{\"@id\":\"https:\/\/stourm.news\/?p=5317#primaryimage\"},\"thumbnailUrl\":\"https:\/\/stourm.news\/wp-content\/uploads\/2025\/12\/598273573_1653815472292034_7310190245609384273_n.jpg\",\"articleSection\":[\"Breizh\",\"C\u00f4tes d'Armor\",\"Faits divers\",\"Politique\",\"Principale\"],\"inLanguage\":\"fr-FR\",\"potentialAction\":[{\"@type\":\"CommentAction\",\"name\":\"Comment\",\"target\":[\"https:\/\/stourm.news\/?p=5317#respond\"]}]},{\"@type\":\"WebPage\",\"@id\":\"https:\/\/stourm.news\/?p=5317\",\"url\":\"https:\/\/stourm.news\/?p=5317\",\"name\":\"Disparition tragique de Tristan Lozach, ex-leader des Gilets jaunes bretons - STOURM\",\"isPartOf\":{\"@id\":\"https:\/\/stourm.news\/#website\"},\"primaryImageOfPage\":{\"@id\":\"https:\/\/stourm.news\/?p=5317#primaryimage\"},\"image\":{\"@id\":\"https:\/\/stourm.news\/?p=5317#primaryimage\"},\"thumbnailUrl\":\"https:\/\/stourm.news\/wp-content\/uploads\/2025\/12\/598273573_1653815472292034_7310190245609384273_n.jpg\",\"datePublished\":\"2025-12-17T15:35:09+00:00\",\"dateModified\":\"2025-12-17T15:35:43+00:00\",\"breadcrumb\":{\"@id\":\"https:\/\/stourm.news\/?p=5317#breadcrumb\"},\"inLanguage\":\"fr-FR\",\"potentialAction\":[{\"@type\":\"ReadAction\",\"target\":[\"https:\/\/stourm.news\/?p=5317\"]}]},{\"@type\":\"ImageObject\",\"inLanguage\":\"fr-FR\",\"@id\":\"https:\/\/stourm.news\/?p=5317#primaryimage\",\"url\":\"https:\/\/stourm.news\/wp-content\/uploads\/2025\/12\/598273573_1653815472292034_7310190245609384273_n.jpg\",\"contentUrl\":\"https:\/\/stourm.news\/wp-content\/uploads\/2025\/12\/598273573_1653815472292034_7310190245609384273_n.jpg\",\"width\":2048,\"height\":1536},{\"@type\":\"BreadcrumbList\",\"@id\":\"https:\/\/stourm.news\/?p=5317#breadcrumb\",\"itemListElement\":[{\"@type\":\"ListItem\",\"position\":1,\"name\":\"Accueil\",\"item\":\"https:\/\/stourm.news\/\"},{\"@type\":\"ListItem\",\"position\":2,\"name\":\"Disparition tragique de Tristan Lozach, ex-leader des Gilets jaunes bretons\"}]},{\"@type\":\"WebSite\",\"@id\":\"https:\/\/stourm.news\/#website\",\"url\":\"https:\/\/stourm.news\/\",\"name\":\"Stourm\",\"description\":\"Kazetenn Strollad Broadel Breizh\",\"publisher\":{\"@id\":\"https:\/\/stourm.news\/#organization\"},\"potentialAction\":[{\"@type\":\"SearchAction\",\"target\":{\"@type\":\"EntryPoint\",\"urlTemplate\":\"https:\/\/stourm.news\/?s={search_term_string}\"},\"query-input\":{\"@type\":\"PropertyValueSpecification\",\"valueRequired\":true,\"valueName\":\"search_term_string\"}}],\"inLanguage\":\"fr-FR\"},{\"@type\":\"Organization\",\"@id\":\"https:\/\/stourm.news\/#organization\",\"name\":\"Stourm\",\"url\":\"https:\/\/stourm.news\/\",\"logo\":{\"@type\":\"ImageObject\",\"inLanguage\":\"fr-FR\",\"@id\":\"https:\/\/stourm.news\/#\/schema\/logo\/image\/\",\"url\":\"https:\/\/stourm.news\/wp-content\/uploads\/2025\/11\/cropped-Capture-decran-2025-11-28-a-15.19.07.png\",\"contentUrl\":\"https:\/\/stourm.news\/wp-content\/uploads\/2025\/11\/cropped-Capture-decran-2025-11-28-a-15.19.07.png\",\"width\":1855,\"height\":383,\"caption\":\"Stourm\"},\"image\":{\"@id\":\"https:\/\/stourm.news\/#\/schema\/logo\/image\/\"},\"sameAs\":[\"https:\/\/www.facebook.com\/stourmnews\/\"]},{\"@type\":\"Person\",\"@id\":\"https:\/\/stourm.news\/#\/schema\/person\/c3e1dc65988632e190969234ef046cf9\",\"name\":\"La r\u00e9daction\",\"image\":{\"@type\":\"ImageObject\",\"inLanguage\":\"fr-FR\",\"@id\":\"https:\/\/stourm.news\/#\/schema\/person\/image\/\",\"url\":\"https:\/\/secure.gravatar.com\/avatar\/7463443f194b6b5fb706b074ca0ef59a0cfcfd720cb47764b0ec5a952ce422b3?s=96&d=mm&r=g\",\"contentUrl\":\"https:\/\/secure.gravatar.com\/avatar\/7463443f194b6b5fb706b074ca0ef59a0cfcfd720cb47764b0ec5a952ce422b3?s=96&d=mm&r=g\",\"caption\":\"La r\u00e9daction\"},\"sameAs\":[\"https:\/\/stourm.news\"],\"url\":\"https:\/\/stourm.news\/?author=1\"}]}<\/script>\n<!-- \/ Yoast SEO plugin. -->","yoast_head_json":{"title":"Disparition tragique de Tristan Lozach, ex-leader des Gilets jaunes bretons - STOURM","robots":{"index":"index","follow":"follow","max-snippet":"max-snippet:-1","max-image-preview":"max-image-preview:large","max-video-preview":"max-video-preview:-1"},"canonical":"https:\/\/stourm.news\/?p=5317","og_locale":"fr_FR","og_type":"article","og_title":"Disparition tragique de Tristan Lozach, ex-leader des Gilets jaunes bretons - STOURM","og_description":"Tristan Lozach, figure embl\u00e9matique des Gilets jaunes dans le Pays de Saint-Brieuc depuis les d\u00e9buts du mouvement en novembre 2018, est d\u00e9c\u00e9d\u00e9 soudainement \u00e0 l&rsquo;\u00e2ge de 33 ans annonce Actu.fr. Jeune p\u00e8re de famille, ce militant avait marqu\u00e9 les ronds-points bretons par son engagement intransigeant contre les injustices sociales impos\u00e9es par l&rsquo;\u00c9tat fran\u00e7ais. Son d\u00e9c\u00e8s, [&hellip;]","og_url":"https:\/\/stourm.news\/?p=5317","og_site_name":"STOURM","article_publisher":"https:\/\/www.facebook.com\/stourmnews\/","article_published_time":"2025-12-17T15:35:09+00:00","article_modified_time":"2025-12-17T15:35:43+00:00","author":"La r\u00e9daction","twitter_card":"summary_large_image","twitter_misc":{"\u00c9crit par":"La r\u00e9daction","Dur\u00e9e de lecture estim\u00e9e":"2 minutes"},"schema":{"@context":"https:\/\/schema.org","@graph":[{"@type":"Article","@id":"https:\/\/stourm.news\/?p=5317#article","isPartOf":{"@id":"https:\/\/stourm.news\/?p=5317"},"author":{"name":"La r\u00e9daction","@id":"https:\/\/stourm.news\/#\/schema\/person\/c3e1dc65988632e190969234ef046cf9"},"headline":"Disparition tragique de Tristan Lozach, ex-leader des Gilets jaunes bretons","datePublished":"2025-12-17T15:35:09+00:00","dateModified":"2025-12-17T15:35:43+00:00","mainEntityOfPage":{"@id":"https:\/\/stourm.news\/?p=5317"},"wordCount":293,"commentCount":0,"publisher":{"@id":"https:\/\/stourm.news\/#organization"},"image":{"@id":"https:\/\/stourm.news\/?p=5317#primaryimage"},"thumbnailUrl":"https:\/\/stourm.news\/wp-content\/uploads\/2025\/12\/598273573_1653815472292034_7310190245609384273_n.jpg","articleSection":["Breizh","C\u00f4tes d'Armor","Faits divers","Politique","Principale"],"inLanguage":"fr-FR","potentialAction":[{"@type":"CommentAction","name":"Comment","target":["https:\/\/stourm.news\/?p=5317#respond"]}]},{"@type":"WebPage","@id":"https:\/\/stourm.news\/?p=5317","url":"https:\/\/stourm.news\/?p=5317","name":"Disparition tragique de Tristan Lozach, ex-leader des Gilets jaunes bretons - STOURM","isPartOf":{"@id":"https:\/\/stourm.news\/#website"},"primaryImageOfPage":{"@id":"https:\/\/stourm.news\/?p=5317#primaryimage"},"image":{"@id":"https:\/\/stourm.news\/?p=5317#primaryimage"},"thumbnailUrl":"https:\/\/stourm.news\/wp-content\/uploads\/2025\/12\/598273573_1653815472292034_7310190245609384273_n.jpg","datePublished":"2025-12-17T15:35:09+00:00","dateModified":"2025-12-17T15:35:43+00:00","breadcrumb":{"@id":"https:\/\/stourm.news\/?p=5317#breadcrumb"},"inLanguage":"fr-FR","potentialAction":[{"@type":"ReadAction","target":["https:\/\/stourm.news\/?p=5317"]}]},{"@type":"ImageObject","inLanguage":"fr-FR","@id":"https:\/\/stourm.news\/?p=5317#primaryimage","url":"https:\/\/stourm.news\/wp-content\/uploads\/2025\/12\/598273573_1653815472292034_7310190245609384273_n.jpg","contentUrl":"https:\/\/stourm.news\/wp-content\/uploads\/2025\/12\/598273573_1653815472292034_7310190245609384273_n.jpg","width":2048,"height":1536},{"@type":"BreadcrumbList","@id":"https:\/\/stourm.news\/?p=5317#breadcrumb","itemListElement":[{"@type":"ListItem","position":1,"name":"Accueil","item":"https:\/\/stourm.news\/"},{"@type":"ListItem","position":2,"name":"Disparition tragique de Tristan Lozach, ex-leader des Gilets jaunes bretons"}]},{"@type":"WebSite","@id":"https:\/\/stourm.news\/#website","url":"https:\/\/stourm.news\/","name":"Stourm","description":"Kazetenn Strollad Broadel Breizh","publisher":{"@id":"https:\/\/stourm.news\/#organization"},"potentialAction":[{"@type":"SearchAction","target":{"@type":"EntryPoint","urlTemplate":"https:\/\/stourm.news\/?s={search_term_string}"},"query-input":{"@type":"PropertyValueSpecification","valueRequired":true,"valueName":"search_term_string"}}],"inLanguage":"fr-FR"},{"@type":"Organization","@id":"https:\/\/stourm.news\/#organization","name":"Stourm","url":"https:\/\/stourm.news\/","logo":{"@type":"ImageObject","inLanguage":"fr-FR","@id":"https:\/\/stourm.news\/#\/schema\/logo\/image\/","url":"https:\/\/stourm.news\/wp-content\/uploads\/2025\/11\/cropped-Capture-decran-2025-11-28-a-15.19.07.png","contentUrl":"https:\/\/stourm.news\/wp-content\/uploads\/2025\/11\/cropped-Capture-decran-2025-11-28-a-15.19.07.png","width":1855,"height":383,"caption":"Stourm"},"image":{"@id":"https:\/\/stourm.news\/#\/schema\/logo\/image\/"},"sameAs":["https:\/\/www.facebook.com\/stourmnews\/"]},{"@type":"Person","@id":"https:\/\/stourm.news\/#\/schema\/person\/c3e1dc65988632e190969234ef046cf9","name":"La r\u00e9daction","image":{"@type":"ImageObject","inLanguage":"fr-FR","@id":"https:\/\/stourm.news\/#\/schema\/person\/image\/","url":"https:\/\/secure.gravatar.com\/avatar\/7463443f194b6b5fb706b074ca0ef59a0cfcfd720cb47764b0ec5a952ce422b3?s=96&d=mm&r=g","contentUrl":"https:\/\/secure.gravatar.com\/avatar\/7463443f194b6b5fb706b074ca0ef59a0cfcfd720cb47764b0ec5a952ce422b3?s=96&d=mm&r=g","caption":"La r\u00e9daction"},"sameAs":["https:\/\/stourm.news"],"url":"https:\/\/stourm.news\/?author=1"}]}},"_links":{"self":[{"href":"https:\/\/stourm.news\/index.php?rest_route=\/wp\/v2\/posts\/5317","targetHints":{"allow":["GET"]}}],"collection":[{"href":"https:\/\/stourm.news\/index.php?rest_route=\/wp\/v2\/posts"}],"about":[{"href":"https:\/\/stourm.news\/index.php?rest_route=\/wp\/v2\/types\/post"}],"author":[{"embeddable":true,"href":"https:\/\/stourm.news\/index.php?rest_route=\/wp\/v2\/users\/1"}],"replies":[{"embeddable":true,"href":"https:\/\/stourm.news\/index.php?rest_route=%2Fwp%2Fv2%2Fcomments&post=5317"}],"version-history":[{"count":2,"href":"https:\/\/stourm.news\/index.php?rest_route=\/wp\/v2\/posts\/5317\/revisions"}],"predecessor-version":[{"id":5320,"href":"https:\/\/stourm.news\/index.php?rest_route=\/wp\/v2\/posts\/5317\/revisions\/5320"}],"wp:featuredmedia":[{"embeddable":true,"href":"https:\/\/stourm.news\/index.php?rest_route=\/wp\/v2\/media\/5318"}],"wp:attachment":[{"href":"https:\/\/stourm.news\/index.php?rest_route=%2Fwp%2Fv2%2Fmedia&parent=5317"}],"wp:term":[{"taxonomy":"category","embeddable":true,"href":"https:\/\/stourm.news\/index.php?rest_route=%2Fwp%2Fv2%2Fcategories&post=5317"},{"taxonomy":"post_tag","embeddable":true,"href":"https:\/\/stourm.news\/index.php?rest_route=%2Fwp%2Fv2%2Ftags&post=5317"}],"curies":[{"name":"wp","href":"https:\/\/api.w.org\/{rel}","templated":true}]}}