{"id":5322,"date":"2025-12-17T15:57:22","date_gmt":"2025-12-17T15:57:22","guid":{"rendered":"https:\/\/stourm.news\/?p=5322"},"modified":"2025-12-17T15:57:22","modified_gmt":"2025-12-17T15:57:22","slug":"ils-volaient-des-telephones-sous-la-menace-dun-couteau-a-des-collegiens-et-lyceens-a-rennes","status":"publish","type":"post","link":"https:\/\/stourm.news\/?p=5322","title":{"rendered":"Ils volaient des t\u00e9l\u00e9phones sous la menace d\u2019un couteau \u00e0 des coll\u00e9giens et lyc\u00e9ens \u00e0 Rennes"},"content":{"rendered":"<p style=\"text-align: justify;\"><span style=\"font-family: arial, helvetica, sans-serif; font-size: 14pt;\">\u00c0 Roazhon (Rennes), une s\u00e9rie d&rsquo;extorsions ciblant des adolescents a \u00e9t\u00e9 mise au jour par la police nationale. Deux fr\u00e8res \u00e2g\u00e9s de 15 et 16 ans ont \u00e9t\u00e9 interpell\u00e9s le mardi 16 d\u00e9cembre 2025 pour avoir vol\u00e9 des t\u00e9l\u00e9phones portables sous la menace d&rsquo;un couteau \u00e0 cinq jeunes victimes, toutes des gar\u00e7ons scolaris\u00e9s au coll\u00e8ge ou au lyc\u00e9e. <\/span><\/p>\n<p style=\"text-align: justify;\"><span style=\"font-family: arial, helvetica, sans-serif; font-size: 14pt;\">Les faits se sont d\u00e9roul\u00e9s entre le 24 et le 27 novembre 2025, toujours l&rsquo;apr\u00e8s-midi, dans des lieux publics fr\u00e9quent\u00e9s de la capitale administrative bretonne : \u00e0 la station de m\u00e9tro Sainte-Anne, dans une rame de la ligne B, et au parc du Thabor. Le mode op\u00e9ratoire \u00e9tait particuli\u00e8rement intimidant : les suspects mena\u00e7aient leurs victimes avec un couteau, les bousculaient et les saisissaient parfois par le col pour les forcer \u00e0 remettre leur smartphone. Aucun coup n&rsquo;a \u00e9t\u00e9 port\u00e9, mais la peur g\u00e9n\u00e9r\u00e9e par l&rsquo;arme blanche a suffi \u00e0 faire c\u00e9der les adolescents.<\/span><\/p>\n<p style=\"text-align: justify;\"><span style=\"font-family: arial, helvetica, sans-serif; font-size: 14pt;\">Gr\u00e2ce \u00e0 un travail d&rsquo;investigation rapide, les policiers ont identifi\u00e9 les deux fr\u00e8res sur des images de vid\u00e9osurveillance. Ils ont \u00e9t\u00e9 interpell\u00e9s \u00e0 leur domicile dans l&rsquo;agglom\u00e9ration rennaise d\u00e8s le mardi matin. Plac\u00e9s en garde \u00e0 vue, les deux mineurs sont poursuivis pour extorsion avec violence sous menace d&rsquo;une arme. Ils seront convoqu\u00e9s devant le tribunal pour enfants de Roazhon (Rennes) en f\u00e9vrier prochain pour r\u00e9pondre de ces actes. <\/span><\/p>\n<p style=\"text-align: right;\"><strong><span style=\"font-family: arial, helvetica, sans-serif; font-size: 14pt;\">Ewen Broc&rsquo;han<\/span><\/strong><\/p>\n","protected":false},"excerpt":{"rendered":"<p>\u00c0 Roazhon (Rennes), une s\u00e9rie d&rsquo;extorsions ciblant des adolescents a \u00e9t\u00e9 mise au jour par la police nationale. Deux fr\u00e8res \u00e2g\u00e9s de 15 et 16 ans ont \u00e9t\u00e9 interpell\u00e9s le mardi 16 d\u00e9cembre 2025 pour avoir vol\u00e9 des t\u00e9l\u00e9phones portables sous la menace d&rsquo;un couteau \u00e0 cinq jeunes victimes, toutes des gar\u00e7ons scolaris\u00e9s au coll\u00e8ge [&hellip;]<\/p>\n","protected":false},"author":1,"featured_media":5323,"comment_status":"open","ping_status":"open","sticky":false,"template":"","format":"standard","meta":{"sb_editor_width":"","footnotes":""},"categories":[52,41,65,62],"tags":[],"class_list":["post-5322","post","type-post","status-publish","format-standard","has-post-thumbnail","hentry","category-faits-divers","category-ille-et-vilaine","category-principale","category-revue-de-presse"],"relative_dates":{"created":"4 mois ago","modified":"4 mois ago"},"yoast_head":"<!-- This site is optimized with the Yoast SEO plugin v26.3 - https:\/\/yoast.com\/wordpress\/plugins\/seo\/ -->\n<title>Ils volaient des t\u00e9l\u00e9phones sous la menace d\u2019un couteau \u00e0 des coll\u00e9giens et lyc\u00e9ens \u00e0 Rennes - STOURM<\/title>\n<meta name=\"robots\" content=\"index, follow, max-snippet:-1, max-image-preview:large, max-video-preview:-1\" \/>\n<link rel=\"canonical\" href=\"https:\/\/stourm.news\/?p=5322\" \/>\n<meta property=\"og:locale\" content=\"fr_FR\" \/>\n<meta property=\"og:type\" content=\"article\" \/>\n<meta property=\"og:title\" content=\"Ils volaient des t\u00e9l\u00e9phones sous la menace d\u2019un couteau \u00e0 des coll\u00e9giens et lyc\u00e9ens \u00e0 Rennes - STOURM\" \/>\n<meta property=\"og:description\" content=\"\u00c0 Roazhon (Rennes), une s\u00e9rie d&rsquo;extorsions ciblant des adolescents a \u00e9t\u00e9 mise au jour par la police nationale. Deux fr\u00e8res \u00e2g\u00e9s de 15 et 16 ans ont \u00e9t\u00e9 interpell\u00e9s le mardi 16 d\u00e9cembre 2025 pour avoir vol\u00e9 des t\u00e9l\u00e9phones portables sous la menace d&rsquo;un couteau \u00e0 cinq jeunes victimes, toutes des gar\u00e7ons scolaris\u00e9s au coll\u00e8ge [&hellip;]\" \/>\n<meta property=\"og:url\" content=\"https:\/\/stourm.news\/?p=5322\" \/>\n<meta property=\"og:site_name\" content=\"STOURM\" \/>\n<meta property=\"article:publisher\" content=\"https:\/\/www.facebook.com\/stourmnews\/\" \/>\n<meta property=\"article:published_time\" content=\"2025-12-17T15:57:22+00:00\" \/>\n<meta name=\"author\" content=\"La r\u00e9daction\" \/>\n<meta name=\"twitter:card\" content=\"summary_large_image\" \/>\n<meta name=\"twitter:label1\" content=\"\u00c9crit par\" \/>\n\t<meta name=\"twitter:data1\" content=\"La r\u00e9daction\" \/>\n\t<meta name=\"twitter:label2\" content=\"Dur\u00e9e de lecture estim\u00e9e\" \/>\n\t<meta name=\"twitter:data2\" content=\"2 minutes\" \/>\n<script type=\"application\/ld+json\" class=\"yoast-schema-graph\">{\"@context\":\"https:\/\/schema.org\",\"@graph\":[{\"@type\":\"Article\",\"@id\":\"https:\/\/stourm.news\/?p=5322#article\",\"isPartOf\":{\"@id\":\"https:\/\/stourm.news\/?p=5322\"},\"author\":{\"name\":\"La r\u00e9daction\",\"@id\":\"https:\/\/stourm.news\/#\/schema\/person\/c3e1dc65988632e190969234ef046cf9\"},\"headline\":\"Ils volaient des t\u00e9l\u00e9phones sous la menace d\u2019un couteau \u00e0 des coll\u00e9giens et lyc\u00e9ens \u00e0 Rennes\",\"datePublished\":\"2025-12-17T15:57:22+00:00\",\"mainEntityOfPage\":{\"@id\":\"https:\/\/stourm.news\/?p=5322\"},\"wordCount\":268,\"commentCount\":0,\"publisher\":{\"@id\":\"https:\/\/stourm.news\/#organization\"},\"image\":{\"@id\":\"https:\/\/stourm.news\/?p=5322#primaryimage\"},\"thumbnailUrl\":\"https:\/\/stourm.news\/wp-content\/uploads\/2025\/12\/1200x680-2.webp\",\"articleSection\":[\"Faits divers\",\"Ille-et-Vilaine\",\"Principale\",\"Revue de presse\"],\"inLanguage\":\"fr-FR\",\"potentialAction\":[{\"@type\":\"CommentAction\",\"name\":\"Comment\",\"target\":[\"https:\/\/stourm.news\/?p=5322#respond\"]}]},{\"@type\":\"WebPage\",\"@id\":\"https:\/\/stourm.news\/?p=5322\",\"url\":\"https:\/\/stourm.news\/?p=5322\",\"name\":\"Ils volaient des t\u00e9l\u00e9phones sous la menace d\u2019un couteau \u00e0 des coll\u00e9giens et lyc\u00e9ens \u00e0 Rennes - STOURM\",\"isPartOf\":{\"@id\":\"https:\/\/stourm.news\/#website\"},\"primaryImageOfPage\":{\"@id\":\"https:\/\/stourm.news\/?p=5322#primaryimage\"},\"image\":{\"@id\":\"https:\/\/stourm.news\/?p=5322#primaryimage\"},\"thumbnailUrl\":\"https:\/\/stourm.news\/wp-content\/uploads\/2025\/12\/1200x680-2.webp\",\"datePublished\":\"2025-12-17T15:57:22+00:00\",\"breadcrumb\":{\"@id\":\"https:\/\/stourm.news\/?p=5322#breadcrumb\"},\"inLanguage\":\"fr-FR\",\"potentialAction\":[{\"@type\":\"ReadAction\",\"target\":[\"https:\/\/stourm.news\/?p=5322\"]}]},{\"@type\":\"ImageObject\",\"inLanguage\":\"fr-FR\",\"@id\":\"https:\/\/stourm.news\/?p=5322#primaryimage\",\"url\":\"https:\/\/stourm.news\/wp-content\/uploads\/2025\/12\/1200x680-2.webp\",\"contentUrl\":\"https:\/\/stourm.news\/wp-content\/uploads\/2025\/12\/1200x680-2.webp\",\"width\":1200,\"height\":680},{\"@type\":\"BreadcrumbList\",\"@id\":\"https:\/\/stourm.news\/?p=5322#breadcrumb\",\"itemListElement\":[{\"@type\":\"ListItem\",\"position\":1,\"name\":\"Accueil\",\"item\":\"https:\/\/stourm.news\/\"},{\"@type\":\"ListItem\",\"position\":2,\"name\":\"Ils volaient des t\u00e9l\u00e9phones sous la menace d\u2019un couteau \u00e0 des coll\u00e9giens et lyc\u00e9ens \u00e0 Rennes\"}]},{\"@type\":\"WebSite\",\"@id\":\"https:\/\/stourm.news\/#website\",\"url\":\"https:\/\/stourm.news\/\",\"name\":\"Stourm\",\"description\":\"Kazetenn Strollad Broadel Breizh\",\"publisher\":{\"@id\":\"https:\/\/stourm.news\/#organization\"},\"potentialAction\":[{\"@type\":\"SearchAction\",\"target\":{\"@type\":\"EntryPoint\",\"urlTemplate\":\"https:\/\/stourm.news\/?s={search_term_string}\"},\"query-input\":{\"@type\":\"PropertyValueSpecification\",\"valueRequired\":true,\"valueName\":\"search_term_string\"}}],\"inLanguage\":\"fr-FR\"},{\"@type\":\"Organization\",\"@id\":\"https:\/\/stourm.news\/#organization\",\"name\":\"Stourm\",\"url\":\"https:\/\/stourm.news\/\",\"logo\":{\"@type\":\"ImageObject\",\"inLanguage\":\"fr-FR\",\"@id\":\"https:\/\/stourm.news\/#\/schema\/logo\/image\/\",\"url\":\"https:\/\/stourm.news\/wp-content\/uploads\/2025\/11\/cropped-Capture-decran-2025-11-28-a-15.19.07.png\",\"contentUrl\":\"https:\/\/stourm.news\/wp-content\/uploads\/2025\/11\/cropped-Capture-decran-2025-11-28-a-15.19.07.png\",\"width\":1855,\"height\":383,\"caption\":\"Stourm\"},\"image\":{\"@id\":\"https:\/\/stourm.news\/#\/schema\/logo\/image\/\"},\"sameAs\":[\"https:\/\/www.facebook.com\/stourmnews\/\"]},{\"@type\":\"Person\",\"@id\":\"https:\/\/stourm.news\/#\/schema\/person\/c3e1dc65988632e190969234ef046cf9\",\"name\":\"La r\u00e9daction\",\"image\":{\"@type\":\"ImageObject\",\"inLanguage\":\"fr-FR\",\"@id\":\"https:\/\/stourm.news\/#\/schema\/person\/image\/\",\"url\":\"https:\/\/secure.gravatar.com\/avatar\/7463443f194b6b5fb706b074ca0ef59a0cfcfd720cb47764b0ec5a952ce422b3?s=96&d=mm&r=g\",\"contentUrl\":\"https:\/\/secure.gravatar.com\/avatar\/7463443f194b6b5fb706b074ca0ef59a0cfcfd720cb47764b0ec5a952ce422b3?s=96&d=mm&r=g\",\"caption\":\"La r\u00e9daction\"},\"sameAs\":[\"https:\/\/stourm.news\"],\"url\":\"https:\/\/stourm.news\/?author=1\"}]}<\/script>\n<!-- \/ Yoast SEO plugin. -->","yoast_head_json":{"title":"Ils volaient des t\u00e9l\u00e9phones sous la menace d\u2019un couteau \u00e0 des coll\u00e9giens et lyc\u00e9ens \u00e0 Rennes - STOURM","robots":{"index":"index","follow":"follow","max-snippet":"max-snippet:-1","max-image-preview":"max-image-preview:large","max-video-preview":"max-video-preview:-1"},"canonical":"https:\/\/stourm.news\/?p=5322","og_locale":"fr_FR","og_type":"article","og_title":"Ils volaient des t\u00e9l\u00e9phones sous la menace d\u2019un couteau \u00e0 des coll\u00e9giens et lyc\u00e9ens \u00e0 Rennes - STOURM","og_description":"\u00c0 Roazhon (Rennes), une s\u00e9rie d&rsquo;extorsions ciblant des adolescents a \u00e9t\u00e9 mise au jour par la police nationale. Deux fr\u00e8res \u00e2g\u00e9s de 15 et 16 ans ont \u00e9t\u00e9 interpell\u00e9s le mardi 16 d\u00e9cembre 2025 pour avoir vol\u00e9 des t\u00e9l\u00e9phones portables sous la menace d&rsquo;un couteau \u00e0 cinq jeunes victimes, toutes des gar\u00e7ons scolaris\u00e9s au coll\u00e8ge [&hellip;]","og_url":"https:\/\/stourm.news\/?p=5322","og_site_name":"STOURM","article_publisher":"https:\/\/www.facebook.com\/stourmnews\/","article_published_time":"2025-12-17T15:57:22+00:00","author":"La r\u00e9daction","twitter_card":"summary_large_image","twitter_misc":{"\u00c9crit par":"La r\u00e9daction","Dur\u00e9e de lecture estim\u00e9e":"2 minutes"},"schema":{"@context":"https:\/\/schema.org","@graph":[{"@type":"Article","@id":"https:\/\/stourm.news\/?p=5322#article","isPartOf":{"@id":"https:\/\/stourm.news\/?p=5322"},"author":{"name":"La r\u00e9daction","@id":"https:\/\/stourm.news\/#\/schema\/person\/c3e1dc65988632e190969234ef046cf9"},"headline":"Ils volaient des t\u00e9l\u00e9phones sous la menace d\u2019un couteau \u00e0 des coll\u00e9giens et lyc\u00e9ens \u00e0 Rennes","datePublished":"2025-12-17T15:57:22+00:00","mainEntityOfPage":{"@id":"https:\/\/stourm.news\/?p=5322"},"wordCount":268,"commentCount":0,"publisher":{"@id":"https:\/\/stourm.news\/#organization"},"image":{"@id":"https:\/\/stourm.news\/?p=5322#primaryimage"},"thumbnailUrl":"https:\/\/stourm.news\/wp-content\/uploads\/2025\/12\/1200x680-2.webp","articleSection":["Faits divers","Ille-et-Vilaine","Principale","Revue de presse"],"inLanguage":"fr-FR","potentialAction":[{"@type":"CommentAction","name":"Comment","target":["https:\/\/stourm.news\/?p=5322#respond"]}]},{"@type":"WebPage","@id":"https:\/\/stourm.news\/?p=5322","url":"https:\/\/stourm.news\/?p=5322","name":"Ils volaient des t\u00e9l\u00e9phones sous la menace d\u2019un couteau \u00e0 des coll\u00e9giens et lyc\u00e9ens \u00e0 Rennes - STOURM","isPartOf":{"@id":"https:\/\/stourm.news\/#website"},"primaryImageOfPage":{"@id":"https:\/\/stourm.news\/?p=5322#primaryimage"},"image":{"@id":"https:\/\/stourm.news\/?p=5322#primaryimage"},"thumbnailUrl":"https:\/\/stourm.news\/wp-content\/uploads\/2025\/12\/1200x680-2.webp","datePublished":"2025-12-17T15:57:22+00:00","breadcrumb":{"@id":"https:\/\/stourm.news\/?p=5322#breadcrumb"},"inLanguage":"fr-FR","potentialAction":[{"@type":"ReadAction","target":["https:\/\/stourm.news\/?p=5322"]}]},{"@type":"ImageObject","inLanguage":"fr-FR","@id":"https:\/\/stourm.news\/?p=5322#primaryimage","url":"https:\/\/stourm.news\/wp-content\/uploads\/2025\/12\/1200x680-2.webp","contentUrl":"https:\/\/stourm.news\/wp-content\/uploads\/2025\/12\/1200x680-2.webp","width":1200,"height":680},{"@type":"BreadcrumbList","@id":"https:\/\/stourm.news\/?p=5322#breadcrumb","itemListElement":[{"@type":"ListItem","position":1,"name":"Accueil","item":"https:\/\/stourm.news\/"},{"@type":"ListItem","position":2,"name":"Ils volaient des t\u00e9l\u00e9phones sous la menace d\u2019un couteau \u00e0 des coll\u00e9giens et lyc\u00e9ens \u00e0 Rennes"}]},{"@type":"WebSite","@id":"https:\/\/stourm.news\/#website","url":"https:\/\/stourm.news\/","name":"Stourm","description":"Kazetenn Strollad Broadel Breizh","publisher":{"@id":"https:\/\/stourm.news\/#organization"},"potentialAction":[{"@type":"SearchAction","target":{"@type":"EntryPoint","urlTemplate":"https:\/\/stourm.news\/?s={search_term_string}"},"query-input":{"@type":"PropertyValueSpecification","valueRequired":true,"valueName":"search_term_string"}}],"inLanguage":"fr-FR"},{"@type":"Organization","@id":"https:\/\/stourm.news\/#organization","name":"Stourm","url":"https:\/\/stourm.news\/","logo":{"@type":"ImageObject","inLanguage":"fr-FR","@id":"https:\/\/stourm.news\/#\/schema\/logo\/image\/","url":"https:\/\/stourm.news\/wp-content\/uploads\/2025\/11\/cropped-Capture-decran-2025-11-28-a-15.19.07.png","contentUrl":"https:\/\/stourm.news\/wp-content\/uploads\/2025\/11\/cropped-Capture-decran-2025-11-28-a-15.19.07.png","width":1855,"height":383,"caption":"Stourm"},"image":{"@id":"https:\/\/stourm.news\/#\/schema\/logo\/image\/"},"sameAs":["https:\/\/www.facebook.com\/stourmnews\/"]},{"@type":"Person","@id":"https:\/\/stourm.news\/#\/schema\/person\/c3e1dc65988632e190969234ef046cf9","name":"La r\u00e9daction","image":{"@type":"ImageObject","inLanguage":"fr-FR","@id":"https:\/\/stourm.news\/#\/schema\/person\/image\/","url":"https:\/\/secure.gravatar.com\/avatar\/7463443f194b6b5fb706b074ca0ef59a0cfcfd720cb47764b0ec5a952ce422b3?s=96&d=mm&r=g","contentUrl":"https:\/\/secure.gravatar.com\/avatar\/7463443f194b6b5fb706b074ca0ef59a0cfcfd720cb47764b0ec5a952ce422b3?s=96&d=mm&r=g","caption":"La r\u00e9daction"},"sameAs":["https:\/\/stourm.news"],"url":"https:\/\/stourm.news\/?author=1"}]}},"_links":{"self":[{"href":"https:\/\/stourm.news\/index.php?rest_route=\/wp\/v2\/posts\/5322","targetHints":{"allow":["GET"]}}],"collection":[{"href":"https:\/\/stourm.news\/index.php?rest_route=\/wp\/v2\/posts"}],"about":[{"href":"https:\/\/stourm.news\/index.php?rest_route=\/wp\/v2\/types\/post"}],"author":[{"embeddable":true,"href":"https:\/\/stourm.news\/index.php?rest_route=\/wp\/v2\/users\/1"}],"replies":[{"embeddable":true,"href":"https:\/\/stourm.news\/index.php?rest_route=%2Fwp%2Fv2%2Fcomments&post=5322"}],"version-history":[{"count":1,"href":"https:\/\/stourm.news\/index.php?rest_route=\/wp\/v2\/posts\/5322\/revisions"}],"predecessor-version":[{"id":5324,"href":"https:\/\/stourm.news\/index.php?rest_route=\/wp\/v2\/posts\/5322\/revisions\/5324"}],"wp:featuredmedia":[{"embeddable":true,"href":"https:\/\/stourm.news\/index.php?rest_route=\/wp\/v2\/media\/5323"}],"wp:attachment":[{"href":"https:\/\/stourm.news\/index.php?rest_route=%2Fwp%2Fv2%2Fmedia&parent=5322"}],"wp:term":[{"taxonomy":"category","embeddable":true,"href":"https:\/\/stourm.news\/index.php?rest_route=%2Fwp%2Fv2%2Fcategories&post=5322"},{"taxonomy":"post_tag","embeddable":true,"href":"https:\/\/stourm.news\/index.php?rest_route=%2Fwp%2Fv2%2Ftags&post=5322"}],"curies":[{"name":"wp","href":"https:\/\/api.w.org\/{rel}","templated":true}]}}